{"id":128852,"date":"2026-04-27T17:24:42","date_gmt":"2026-04-27T21:24:42","guid":{"rendered":"https:\/\/lasprimeras.com.do\/?p=128852"},"modified":"2026-04-27T17:24:44","modified_gmt":"2026-04-27T21:24:44","slug":"aei-valora-aprobacion-ley-que-regula-la-intermediacion-inmobiliaria","status":"publish","type":"post","link":"https:\/\/lasprimeras.com.do\/index.php\/2026\/04\/27\/aei-valora-aprobacion-ley-que-regula-la-intermediacion-inmobiliaria\/","title":{"rendered":"AEI valora aprobaci\u00f3n ley que regula la intermediaci\u00f3n inmobiliaria"},"content":{"rendered":"\n<p>La Asociaci\u00f3n de Agentes y Empresas Inmobiliarias de la Rep\u00fablica Dominicana (AEI) valora como un paso trascendental la aprobaci\u00f3n en primera lectura del proyecto de ley que regula la intermediaci\u00f3n inmobiliaria, una iniciativa impulsada por el sector para fortalecer la transparencia, la seguridad jur\u00eddica y la confianza en el mercado inmobiliario nacional.<\/p>\n\n\n\n<p>El presidente de la AEI, Alberto Bogaert, expres\u00f3 su agradecimiento al Senado de la Rep\u00fablica Dominicana por haber respaldado esta propuesta, destacando el compromiso demostrado con una normativa que busca proteger tanto a inversionistas como a las familias dominicanas que adquieren su vivienda.<\/p>\n\n\n\n<p>\u201cEste avance representa un logro significativo para todo el sector inmobiliario organizado, fruto de a\u00f1os de trabajo, di\u00e1logo y consenso. Confiamos en que el proceso legislativo continuar\u00e1 avanzando en su segunda lectura y etapas subsiguientes hasta lograr su aprobaci\u00f3n definitiva\u201d, se\u00f1al\u00f3 Bogaert.<\/p>\n\n\n\n<p>La aprobaci\u00f3n en primera lectura marca el inicio de una etapa clave en el proceso legislativo, reiterando la importancia de continuar impulsando este proyecto, que contribuir\u00e1 al desarrollo ordenado del mercado, la protecci\u00f3n del consumidor y el fortalecimiento institucional del pa\u00eds.<\/p>\n\n\n\n<p>Asimismo, la AEI reafirma su disposici\u00f3n de seguir colaborando con las autoridades y actores involucrados, aportando su experiencia y conocimiento t\u00e9cnico para lograr una ley robusta, equilibrada y efectiva.<\/p>\n\n\n\n<p>Este avance constituye un hito para el sector inmobiliario dominicano y refuerza el compromiso de la AEI con la profesionalizaci\u00f3n, la \u00e9tica y la transparencia en la intermediaci\u00f3n inmobiliaria.<\/p>\n","protected":false},"excerpt":{"rendered":"<p>La Asociaci\u00f3n de Agentes y Empresas Inmobiliarias de la Rep\u00fablica Dominicana (AEI) valora como un paso trascendental la aprobaci\u00f3n en primera lectura del proyecto de ley que regula la intermediaci\u00f3n&hellip;<\/p>\n","protected":false},"author":10,"featured_media":128853,"comment_status":"open","ping_status":"open","sticky":false,"template":"","format":"standard","meta":{"content-type":"","jetpack_post_was_ever_published":false,"_jetpack_newsletter_access":"","_jetpack_dont_email_post_to_subs":false,"_jetpack_newsletter_tier_id":0,"_jetpack_memberships_contains_paywalled_content":false,"_jetpack_memberships_contains_paid_content":false,"footnotes":""},"categories":[39],"tags":[27047,32710,6367,12256,17457,411,9096],"class_list":["post-128852","post","type-post","status-publish","format-standard","has-post-thumbnail","hentry","category-economia","tag-aei","tag-alberto-bogaert","tag-aprobacion","tag-inmobiliaria","tag-intermediacion","tag-ley","tag-regula"],"jetpack_featured_media_url":"https:\/\/lasprimeras.com.do\/wp-content\/uploads\/2026\/04\/Alberto-Bogaert.jpg","jetpack-related-posts":[{"id":114255,"url":"https:\/\/lasprimeras.com.do\/index.php\/2025\/11\/12\/aei-valora-logros-en-inversion-extranjera-en-el-sector-inmobiliario\/","url_meta":{"origin":128852,"position":0},"title":"AEI valora logros en inversi\u00f3n extranjera en el sector inmobiliario","author":"Nelson Feliz","date":"12 de noviembre de 2025","format":false,"excerpt":"Llama a fortalecer regulaci\u00f3n del sector inmobiliario. La Asociaci\u00f3n de Agentes y Empresas Inmobiliarias de Rep\u00fablica Dominicana (AEI), valor\u00f3 las declaraciones del presidente Luis Abinader sobre el crecimiento sostenido de la inversi\u00f3n extranjera directa (IED) y la confianza depositada en el desarrollo tur\u00edstico e inmobiliario del pa\u00eds, expresadas durante su\u2026","rel":"","context":"En \u00abECONOM\u00cdA\u00bb","block_context":{"text":"ECONOM\u00cdA","link":"https:\/\/lasprimeras.com.do\/index.php\/category\/economia\/"},"img":{"alt_text":"Alberto Bogaert","src":"https:\/\/i0.wp.com\/lasprimeras.com.do\/wp-content\/uploads\/2025\/11\/Alberto-Bogaert.jpg?resize=350%2C200&ssl=1","width":350,"height":200,"srcset":"https:\/\/i0.wp.com\/lasprimeras.com.do\/wp-content\/uploads\/2025\/11\/Alberto-Bogaert.jpg?resize=350%2C200&ssl=1 1x, https:\/\/i0.wp.com\/lasprimeras.com.do\/wp-content\/uploads\/2025\/11\/Alberto-Bogaert.jpg?resize=525%2C300&ssl=1 1.5x, https:\/\/i0.wp.com\/lasprimeras.com.do\/wp-content\/uploads\/2025\/11\/Alberto-Bogaert.jpg?resize=700%2C400&ssl=1 2x"},"classes":[]},{"id":108393,"url":"https:\/\/lasprimeras.com.do\/index.php\/2025\/09\/05\/punta-cana-consolida-liderazgo-con-el-congreso-inmobiliario-latinoamericano\/","url_meta":{"origin":128852,"position":1},"title":"Punta Cana consolida liderazgo con el Congreso Inmobiliario Latinoamericano","author":"Nelson Feliz","date":"5 de septiembre de 2025","format":false,"excerpt":"Con una asistencia r\u00e9cord y una agenda acad\u00e9mica de alto nivel, el X Congreso Inmobiliario Latinoamericano de CILA y el VI Congreso Internacional de AEI, marcaronun antes y un despu\u00e9s en la historia de estas instituciones. Con la participaci\u00f3n de 430 profesionales inmobiliarios de 21 pa\u00edses, incluyendo 192 delegados internacionales,\u2026","rel":"","context":"En \u00abNACIONALES\u00bb","block_context":{"text":"NACIONALES","link":"https:\/\/lasprimeras.com.do\/index.php\/category\/nacionales\/"},"img":{"alt_text":"Cesar Latrilla, Alberto V\u00e1squez, Juan Francisco Rojas, Yermys Pe\u00f1a, Carlos Rentalo, Joan Trilla y Alberto Bogaert","src":"https:\/\/i0.wp.com\/lasprimeras.com.do\/wp-content\/uploads\/2025\/09\/cila.jpg?resize=350%2C200&ssl=1","width":350,"height":200,"srcset":"https:\/\/i0.wp.com\/lasprimeras.com.do\/wp-content\/uploads\/2025\/09\/cila.jpg?resize=350%2C200&ssl=1 1x, https:\/\/i0.wp.com\/lasprimeras.com.do\/wp-content\/uploads\/2025\/09\/cila.jpg?resize=525%2C300&ssl=1 1.5x, https:\/\/i0.wp.com\/lasprimeras.com.do\/wp-content\/uploads\/2025\/09\/cila.jpg?resize=700%2C400&ssl=1 2x"},"classes":[]},{"id":98160,"url":"https:\/\/lasprimeras.com.do\/index.php\/2025\/05\/02\/defensor-del-pueblo-rd-trae-a-nyc-foro-sobre-estafas-inmobiliarias\/","url_meta":{"origin":128852,"position":2},"title":"Defensor del Pueblo RD trae a NYC foro sobre estafas inmobiliarias","author":"Nelson Feliz","date":"2 de mayo de 2025","format":false,"excerpt":"https:\/\/www.youtube.com\/watch?v=hq0I6RP_8Vc Por Ram\u00f3n Mercedes NUEVA YORK.- Con la asistencia de cientos de dominicanos se efectu\u00f3 la noche de este mi\u00e9rcoles el foro \u00abPrevenci\u00f3n de Estafas Inmobiliarias\u00bb, por iniciativa del Defensor del Pueblo de la Rep\u00fablica Dominicana, Pablo Ulloa. El Defensor del Pueblo denunci\u00f3 que entre un 5% y un 8%\u2026","rel":"","context":"En \u00abINTERNACIONALES\u00bb","block_context":{"text":"INTERNACIONALES","link":"https:\/\/lasprimeras.com.do\/index.php\/category\/sin-categoria\/internacionales\/"},"img":{"alt_text":"Defensor del Pueblo RD trae a NYC foro sobre estafas inmobiliarias","src":"https:\/\/i0.wp.com\/lasprimeras.com.do\/wp-content\/uploads\/2025\/05\/WhatsApp-Image-2025-05-02-at-6.11.53-AM-2.jpeg?resize=350%2C200&ssl=1","width":350,"height":200,"srcset":"https:\/\/i0.wp.com\/lasprimeras.com.do\/wp-content\/uploads\/2025\/05\/WhatsApp-Image-2025-05-02-at-6.11.53-AM-2.jpeg?resize=350%2C200&ssl=1 1x, https:\/\/i0.wp.com\/lasprimeras.com.do\/wp-content\/uploads\/2025\/05\/WhatsApp-Image-2025-05-02-at-6.11.53-AM-2.jpeg?resize=525%2C300&ssl=1 1.5x, https:\/\/i0.wp.com\/lasprimeras.com.do\/wp-content\/uploads\/2025\/05\/WhatsApp-Image-2025-05-02-at-6.11.53-AM-2.jpeg?resize=700%2C400&ssl=1 2x"},"classes":[]},{"id":124142,"url":"https:\/\/lasprimeras.com.do\/index.php\/2026\/03\/08\/banreservas-realizara-su-tercera-feria-inmobiliaria-en-estados-unidos\/","url_meta":{"origin":128852,"position":3},"title":"Banreservas realizar\u00e1 su tercera feria inmobiliaria en Estados Unidos","author":"Nelson Feliz","date":"8 de marzo de 2026","format":false,"excerpt":"La instituci\u00f3n bancaria ofrecer\u00e1 atractivas tasas con financiamiento de hasta el 90 % del valor del inmueble y plazos de hasta 20 a\u00f1os El Banco de Reservas realizar\u00e1 su tercera feria inmobiliaria del 18 al 20 de marzo en Nueva York, y del 21 al 22 en Lawrence, Massachusetts, dirigida\u2026","rel":"","context":"En \u00abECONOM\u00cdA\u00bb","block_context":{"text":"ECONOM\u00cdA","link":"https:\/\/lasprimeras.com.do\/index.php\/category\/economia\/"},"img":{"alt_text":"Leonardo Aguilera","src":"https:\/\/i0.wp.com\/lasprimeras.com.do\/wp-content\/uploads\/2026\/03\/Leonardo-Aguilera.jpg?resize=350%2C200&ssl=1","width":350,"height":200,"srcset":"https:\/\/i0.wp.com\/lasprimeras.com.do\/wp-content\/uploads\/2026\/03\/Leonardo-Aguilera.jpg?resize=350%2C200&ssl=1 1x, https:\/\/i0.wp.com\/lasprimeras.com.do\/wp-content\/uploads\/2026\/03\/Leonardo-Aguilera.jpg?resize=525%2C300&ssl=1 1.5x, https:\/\/i0.wp.com\/lasprimeras.com.do\/wp-content\/uploads\/2026\/03\/Leonardo-Aguilera.jpg?resize=700%2C400&ssl=1 2x"},"classes":[]},{"id":125548,"url":"https:\/\/lasprimeras.com.do\/index.php\/2026\/03\/24\/valora-inversion-de-dominicanos-en-el-exterior-durante-3ra-feria-inmobiliaria-banreservas-en-ee-uu\/","url_meta":{"origin":128852,"position":4},"title":"Valora inversi\u00f3n de dominicanos en el exterior durante 3ra Feria Inmobiliaria Banreservas en EE. UU.","author":"Nelson Feliz","date":"24 de marzo de 2026","format":false,"excerpt":"Por Ram\u00f3n Mercedes NUEVA YORK.- El gerente general de la prestigiosa \u201cInmobiliaria KW Dominicana\u201d, subsidiaria de \u201cKW Inmobiliaria de los Estados Unidos\u201d, con oficinas en m\u00faltiples estados del territorio estadounidense y en 56 pa\u00edses, valora la inversi\u00f3n que hicieron cientos de dominicanos para adquirir propiedades durante la 3ra Feria Inmobiliaria\u2026","rel":"","context":"En \u00abECONOM\u00cdA\u00bb","block_context":{"text":"ECONOM\u00cdA","link":"https:\/\/lasprimeras.com.do\/index.php\/category\/economia\/"},"img":{"alt_text":"","src":"https:\/\/i0.wp.com\/lasprimeras.com.do\/wp-content\/uploads\/2026\/03\/IMG-20260324-WA0061.jpg?resize=350%2C200&ssl=1","width":350,"height":200,"srcset":"https:\/\/i0.wp.com\/lasprimeras.com.do\/wp-content\/uploads\/2026\/03\/IMG-20260324-WA0061.jpg?resize=350%2C200&ssl=1 1x, https:\/\/i0.wp.com\/lasprimeras.com.do\/wp-content\/uploads\/2026\/03\/IMG-20260324-WA0061.jpg?resize=525%2C300&ssl=1 1.5x"},"classes":[]},{"id":128580,"url":"https:\/\/lasprimeras.com.do\/index.php\/2026\/04\/24\/inauguran-3ra-feria-nacional-inmobiliaria-plusval-en-todo-rd-en-santiago\/","url_meta":{"origin":128852,"position":5},"title":"Inauguran 3ra Feria Nacional Inmobiliaria \u201cPLUSVAL EN TODO RD\u201d en Santiago","author":"Nelson Feliz","date":"24 de abril de 2026","format":false,"excerpt":"El evento se desarrolla los d\u00edas 24, 25 y 26 de abril, de manera simult\u00e1nea en Santiago, Punta Cana y Santo Domingo. Fue inaugurada la tercera edici\u00f3n de la Feria Nacional Inmobiliaria PLUSVALENTODORD, en un acto celebrado en el Hampton Inn by Hilton, Santiago, consolid\u00e1ndose como uno de los eventos\u2026","rel":"","context":"En \u00abECONOM\u00cdA\u00bb","block_context":{"text":"ECONOM\u00cdA","link":"https:\/\/lasprimeras.com.do\/index.php\/category\/economia\/"},"img":{"alt_text":"","src":"https:\/\/i0.wp.com\/lasprimeras.com.do\/wp-content\/uploads\/2026\/04\/feria-1.jpg?resize=350%2C200&ssl=1","width":350,"height":200,"srcset":"https:\/\/i0.wp.com\/lasprimeras.com.do\/wp-content\/uploads\/2026\/04\/feria-1.jpg?resize=350%2C200&ssl=1 1x, https:\/\/i0.wp.com\/lasprimeras.com.do\/wp-content\/uploads\/2026\/04\/feria-1.jpg?resize=525%2C300&ssl=1 1.5x, https:\/\/i0.wp.com\/lasprimeras.com.do\/wp-content\/uploads\/2026\/04\/feria-1.jpg?resize=700%2C400&ssl=1 2x"},"classes":[]}],"jetpack_sharing_enabled":true,"_links":{"self":[{"href":"https:\/\/lasprimeras.com.do\/index.php\/wp-json\/wp\/v2\/posts\/128852","targetHints":{"allow":["GET"]}}],"collection":[{"href":"https:\/\/lasprimeras.com.do\/index.php\/wp-json\/wp\/v2\/posts"}],"about":[{"href":"https:\/\/lasprimeras.com.do\/index.php\/wp-json\/wp\/v2\/types\/post"}],"author":[{"embeddable":true,"href":"https:\/\/lasprimeras.com.do\/index.php\/wp-json\/wp\/v2\/users\/10"}],"replies":[{"embeddable":true,"href":"https:\/\/lasprimeras.com.do\/index.php\/wp-json\/wp\/v2\/comments?post=128852"}],"version-history":[{"count":1,"href":"https:\/\/lasprimeras.com.do\/index.php\/wp-json\/wp\/v2\/posts\/128852\/revisions"}],"predecessor-version":[{"id":128854,"href":"https:\/\/lasprimeras.com.do\/index.php\/wp-json\/wp\/v2\/posts\/128852\/revisions\/128854"}],"wp:featuredmedia":[{"embeddable":true,"href":"https:\/\/lasprimeras.com.do\/index.php\/wp-json\/wp\/v2\/media\/128853"}],"wp:attachment":[{"href":"https:\/\/lasprimeras.com.do\/index.php\/wp-json\/wp\/v2\/media?parent=128852"}],"wp:term":[{"taxonomy":"category","embeddable":true,"href":"https:\/\/lasprimeras.com.do\/index.php\/wp-json\/wp\/v2\/categories?post=128852"},{"taxonomy":"post_tag","embeddable":true,"href":"https:\/\/lasprimeras.com.do\/index.php\/wp-json\/wp\/v2\/tags?post=128852"}],"curies":[{"name":"wp","href":"https:\/\/api.w.org\/{rel}","templated":true}]}}