{"id":128855,"date":"2026-04-27T17:32:09","date_gmt":"2026-04-27T21:32:09","guid":{"rendered":"https:\/\/lasprimeras.com.do\/?p=128855"},"modified":"2026-04-27T17:32:11","modified_gmt":"2026-04-27T21:32:11","slug":"edeeste-concluye-con-exito-mantenimiento-preventivo-en-subestacion-cnp","status":"publish","type":"post","link":"https:\/\/lasprimeras.com.do\/index.php\/2026\/04\/27\/edeeste-concluye-con-exito-mantenimiento-preventivo-en-subestacion-cnp\/","title":{"rendered":"Edeeste concluye con \u00e9xito mantenimiento preventivo en Subestaci\u00f3n CNP"},"content":{"rendered":"\n<p><strong>Fortalece calidad del servicio el\u00e9ctrico en el Distrito Nacional.<\/strong><\/p>\n\n\n\n<p>La Empresa Distribuidora de Electricidad del Este (Edeeste) inform\u00f3 que concluyeron satisfactoriamente los trabajos de mantenimiento preventivo y de readecuaci\u00f3n ejecutados este s\u00e1bado 25 de abril en los circuitos asociados a la subestaci\u00f3n C\u00e9sar Nicol\u00e1s Penson (CNP).<\/p>\n\n\n\n<p>Edeeste asegur\u00f3 que estas acciones forman parte un plan estrat\u00e9gico orientado en fortalecer la calidad, estabilidad y continuidad del servicio el\u00e9ctrico en importantes sectores del Distrito Nacional.<\/p>\n\n\n\n<p>La empresa destac\u00f3 adem\u00e1s que, las labores desarrolladas en los circuitos CNP802, CNP803, CNP804, CNP805, CNP806, CNP807, CNP808 y CNP809 fueron completadas conforme a lo programado, impactando de manera positiva sectores como Gascue, Don Bosco, Miraflores, Villa Juana, Villa Consuelo, Ciudad Colonial, Ciudad Nueva, San L\u00e1zaro, San Miguel, Santa B\u00e1rbara y Villa Francisca.<\/p>\n\n\n\n<p>Entre los trabajos realizados figuran la puesta en servicio de nuevas celdas, redistribuci\u00f3n de cargas entre los transformadores T01 y T02, as\u00ed como readecuaciones en redes de la calle C\u00e9sar Nicol\u00e1s Penson, intervenciones que permitir\u00e1n optimizar el desempe\u00f1o del sistema el\u00e9ctrico en la zona intervenida.<\/p>\n\n\n\n<p>De igual manera, brigadas t\u00e9cnicas ejecutaron labores de poda preventiva en puntos cr\u00edticos de las calles Mois\u00e9s Garc\u00eda, Manuel R. Objio, Paseo de los Periodistas y las avenidas M\u00e9xico, Francia, C\u00e9sar Nicol\u00e1s Penson y Pedro Henr\u00edquez Ure\u00f1a, contribuyendo as\u00ed a elevar la confiabilidad y seguridad operacional de las redes.<\/p>\n\n\n\n<p>Edeeste puntualiz\u00f3 que estos trabajos fueron desarrollados por las gerencias de Mantenimiento de Subestaciones, Mantenimiento de Redes, Proyectos de Inversi\u00f3n y Medici\u00f3n de Grandes Clientes, como parte del plan integral de modernizaci\u00f3n y fortalecimiento de la infraestructura el\u00e9ctrica que ejecuta la distribuidora.<\/p>\n\n\n\n<p>La compa\u00f1\u00eda el\u00e9ctrica del este agradeci\u00f3 la comprensi\u00f3n mostrada por los clientes durante la jornada de mantenimiento y reafirm\u00f3 su compromiso de continuar impulsando acciones que permitan seguir mejorando la calidad del servicio, en beneficio de todos los usuarios dentro de su zona de concesi\u00f3n.<\/p>\n","protected":false},"excerpt":{"rendered":"<p>Fortalece calidad del servicio el\u00e9ctrico en el Distrito Nacional. La Empresa Distribuidora de Electricidad del Este (Edeeste) inform\u00f3 que concluyeron satisfactoriamente los trabajos de mantenimiento preventivo y de readecuaci\u00f3n ejecutados&hellip;<\/p>\n","protected":false},"author":10,"featured_media":128856,"comment_status":"open","ping_status":"open","sticky":false,"template":"","format":"standard","meta":{"content-type":"","jetpack_post_was_ever_published":false,"_jetpack_newsletter_access":"","_jetpack_dont_email_post_to_subs":false,"_jetpack_newsletter_tier_id":0,"_jetpack_memberships_contains_paywalled_content":false,"_jetpack_memberships_contains_paid_content":false,"footnotes":""},"categories":[35],"tags":[657,5135,5180,32711],"class_list":["post-128855","post","type-post","status-publish","format-standard","has-post-thumbnail","hentry","category-nacionales","tag-edeeste","tag-mantenimiento","tag-preventivo","tag-subestacion-cnp"],"jetpack_featured_media_url":"https:\/\/lasprimeras.com.do\/wp-content\/uploads\/2026\/04\/Edeeste.jpg","jetpack-related-posts":[{"id":120821,"url":"https:\/\/lasprimeras.com.do\/index.php\/2026\/01\/23\/edeeste-realizara-este-sabado-un-mantenimiento-preventivo-en-subestacion-cesar-nicolas-penson\/","url_meta":{"origin":128855,"position":0},"title":"Edeeste realizar\u00e1 este s\u00e1bado un mantenimiento preventivo en Subestaci\u00f3n C\u00e9sar Nicol\u00e1s Penson","author":"Nelson Feliz","date":"23 de enero de 2026","format":false,"excerpt":"Los trabajos tienen una proyecci\u00f3n de duraci\u00f3n de cuatro horas entre las 8:20 de la ma\u00f1ana a las 12:20 del mediod\u00eda. La Empresa Distribuidora de Electricidad del Este (Edeeste) informa sobre la salida programada para este s\u00e1bado 24 de enero de la Subestaci\u00f3n C\u00e9sar Nicol\u00e1s Penson ubicada en el Distrito\u2026","rel":"","context":"En \u00abNACIONALES\u00bb","block_context":{"text":"NACIONALES","link":"https:\/\/lasprimeras.com.do\/index.php\/category\/nacionales\/"},"img":{"alt_text":"","src":"https:\/\/i0.wp.com\/lasprimeras.com.do\/wp-content\/uploads\/2026\/01\/WhatsApp-Image-2026-01-23-at-10.21.47-AM-1.jpeg?resize=350%2C200&ssl=1","width":350,"height":200,"srcset":"https:\/\/i0.wp.com\/lasprimeras.com.do\/wp-content\/uploads\/2026\/01\/WhatsApp-Image-2026-01-23-at-10.21.47-AM-1.jpeg?resize=350%2C200&ssl=1 1x, https:\/\/i0.wp.com\/lasprimeras.com.do\/wp-content\/uploads\/2026\/01\/WhatsApp-Image-2026-01-23-at-10.21.47-AM-1.jpeg?resize=525%2C300&ssl=1 1.5x, https:\/\/i0.wp.com\/lasprimeras.com.do\/wp-content\/uploads\/2026\/01\/WhatsApp-Image-2026-01-23-at-10.21.47-AM-1.jpeg?resize=700%2C400&ssl=1 2x, https:\/\/i0.wp.com\/lasprimeras.com.do\/wp-content\/uploads\/2026\/01\/WhatsApp-Image-2026-01-23-at-10.21.47-AM-1.jpeg?resize=1050%2C600&ssl=1 3x, https:\/\/i0.wp.com\/lasprimeras.com.do\/wp-content\/uploads\/2026\/01\/WhatsApp-Image-2026-01-23-at-10.21.47-AM-1.jpeg?resize=1400%2C800&ssl=1 4x"},"classes":[]},{"id":115882,"url":"https:\/\/lasprimeras.com.do\/index.php\/2025\/11\/25\/edeeste-traslada-transformador-de-potencia-hacia-miches\/","url_meta":{"origin":128855,"position":1},"title":"Edeeste traslada transformador de potencia hacia Miches","author":"Nelson Feliz","date":"25 de noviembre de 2025","format":false,"excerpt":"Aclara incidente que involucr\u00f3 al s\u00edndico de Nisib\u00f3n durante operativo t\u00e9cnico La Empresa Distribuidora de Electricidad del Este (Edeeste) traslad\u00f3 un transformador de potencia desde la subestaci\u00f3n del distrito municipal Las Lagunas de Nisib\u00f3n hacia la subestaci\u00f3n de Miches, donde ser\u00e1 instalado para fortalecer la capacidad operativa del sistema el\u00e9ctrico\u2026","rel":"","context":"En \u00abNACIONALES\u00bb","block_context":{"text":"NACIONALES","link":"https:\/\/lasprimeras.com.do\/index.php\/category\/nacionales\/"},"img":{"alt_text":"","src":"https:\/\/i0.wp.com\/lasprimeras.com.do\/wp-content\/uploads\/2025\/11\/Edeeste-1-1.jpg?resize=350%2C200&ssl=1","width":350,"height":200,"srcset":"https:\/\/i0.wp.com\/lasprimeras.com.do\/wp-content\/uploads\/2025\/11\/Edeeste-1-1.jpg?resize=350%2C200&ssl=1 1x, https:\/\/i0.wp.com\/lasprimeras.com.do\/wp-content\/uploads\/2025\/11\/Edeeste-1-1.jpg?resize=525%2C300&ssl=1 1.5x, https:\/\/i0.wp.com\/lasprimeras.com.do\/wp-content\/uploads\/2025\/11\/Edeeste-1-1.jpg?resize=700%2C400&ssl=1 2x"},"classes":[]},{"id":49015,"url":"https:\/\/lasprimeras.com.do\/index.php\/2023\/05\/06\/edeeste-trabaja-para-solucionar-interrupciones-por-averia-en-villa-mella\/","url_meta":{"origin":128855,"position":2},"title":"Edeeste trabaja para solucionar interrupciones por aver\u00eda en Villa Mella","author":"prenxa100","date":"6 de mayo de 2023","format":false,"excerpt":"Ingeniero Andr\u00e9s Portes explica crecimiento poblacional en la zona y altas temperaturas anticipadas generaron sobredemanda que provoc\u00f3 sobrecarga en el equipo. Santo Domingo. \u2013 La Empresa Distribuidora de Electricidad del Este (Edeeste) realiza las labores de rigor para resolver, lo antes posible, la situaci\u00f3n generada por la salida del circuito\u2026","rel":"","context":"En \u00abNACIONALES\u00bb","block_context":{"text":"NACIONALES","link":"https:\/\/lasprimeras.com.do\/index.php\/category\/nacionales\/"},"img":{"alt_text":"","src":"","width":0,"height":0},"classes":[]},{"id":102450,"url":"https:\/\/lasprimeras.com.do\/index.php\/2025\/07\/04\/edeeste-descargara-circuito-ebri05-que-impactara-a-mas-de-12-mil-clientes-en-sde\/","url_meta":{"origin":128855,"position":3},"title":"Edeeste descargar\u00e1 Circuito EBRI05 que impactar\u00e1 a m\u00e1s de 12 mil clientes en SDE","author":"Nelson Feliz","date":"4 de julio de 2025","format":false,"excerpt":"La Empresa Distribuidora de Electricidad del Este (Edeeste) inform\u00f3 este viernes que se encuentra en la etapa de ejecuci\u00f3n de un proyecto de descarga del Circuito EBRI05, con lo que impactar\u00e1 de forma positiva a m\u00e1s 12 mil clientes de diversos sectores del municipio Santo Domingo Este. En procura de\u2026","rel":"","context":"En \u00abNACIONALES\u00bb","block_context":{"text":"NACIONALES","link":"https:\/\/lasprimeras.com.do\/index.php\/category\/nacionales\/"},"img":{"alt_text":"","src":"https:\/\/i0.wp.com\/lasprimeras.com.do\/wp-content\/uploads\/2025\/07\/Edeeste-1.jpg?resize=350%2C200&ssl=1","width":350,"height":200,"srcset":"https:\/\/i0.wp.com\/lasprimeras.com.do\/wp-content\/uploads\/2025\/07\/Edeeste-1.jpg?resize=350%2C200&ssl=1 1x, https:\/\/i0.wp.com\/lasprimeras.com.do\/wp-content\/uploads\/2025\/07\/Edeeste-1.jpg?resize=525%2C300&ssl=1 1.5x, https:\/\/i0.wp.com\/lasprimeras.com.do\/wp-content\/uploads\/2025\/07\/Edeeste-1.jpg?resize=700%2C400&ssl=1 2x"},"classes":[]},{"id":113825,"url":"https:\/\/lasprimeras.com.do\/index.php\/2025\/11\/06\/edeeste-mejora-calidad-del-servicio-electrico-en-chirino-monte-plata\/","url_meta":{"origin":128855,"position":4},"title":"Edeeste mejora calidad del servicio el\u00e9ctrico en Chirino, Monte Plata","author":"Nelson Feliz","date":"6 de noviembre de 2025","format":false,"excerpt":"La Empresa Distribuidora de Electricidad del Este (Edeeste) informa sobre la instalaci\u00f3n de tres nuevos reguladores de 114 KVA en la red monof\u00e1sica del circuito MP6901, en el Distrito Municipal de Chirino, provincia Monte Plata. La distribuidora se\u00f1ala que, para la ejecuci\u00f3n de este proyecto se contempl\u00f3 la instalaci\u00f3n de\u2026","rel":"","context":"En \u00abNACIONALES\u00bb","block_context":{"text":"NACIONALES","link":"https:\/\/lasprimeras.com.do\/index.php\/category\/nacionales\/"},"img":{"alt_text":"","src":"https:\/\/i0.wp.com\/lasprimeras.com.do\/wp-content\/uploads\/2025\/11\/1B6A6497.jpg?resize=350%2C200&ssl=1","width":350,"height":200,"srcset":"https:\/\/i0.wp.com\/lasprimeras.com.do\/wp-content\/uploads\/2025\/11\/1B6A6497.jpg?resize=350%2C200&ssl=1 1x, https:\/\/i0.wp.com\/lasprimeras.com.do\/wp-content\/uploads\/2025\/11\/1B6A6497.jpg?resize=525%2C300&ssl=1 1.5x"},"classes":[]},{"id":112671,"url":"https:\/\/lasprimeras.com.do\/index.php\/2025\/10\/22\/edeeste-atiende-reportes-de-averia-por-efectos-de-tormenta-melissa\/","url_meta":{"origin":128855,"position":5},"title":"Edeeste atiende reportes de aver\u00eda por efectos de tormenta Melissa","author":"Nelson Feliz","date":"22 de octubre de 2025","format":false,"excerpt":"Mantiene abastecimiento por encima del 96% La Empresa Distribuidora de Electricidad del Este (Edeeste) informa que ha brindado atenci\u00f3n r\u00e1pida a los reportes de aver\u00edas generados desde el pasado martes hasta la fecha por los efectos indirectos de la tormenta tropical Melissa. Edeeste se\u00f1ala que de un total de 3,295\u2026","rel":"","context":"En \u00abNACIONALES\u00bb","block_context":{"text":"NACIONALES","link":"https:\/\/lasprimeras.com.do\/index.php\/category\/nacionales\/"},"img":{"alt_text":"","src":"https:\/\/i0.wp.com\/lasprimeras.com.do\/wp-content\/uploads\/2025\/10\/Trabajos_02.jpg?resize=350%2C200&ssl=1","width":350,"height":200,"srcset":"https:\/\/i0.wp.com\/lasprimeras.com.do\/wp-content\/uploads\/2025\/10\/Trabajos_02.jpg?resize=350%2C200&ssl=1 1x, https:\/\/i0.wp.com\/lasprimeras.com.do\/wp-content\/uploads\/2025\/10\/Trabajos_02.jpg?resize=525%2C300&ssl=1 1.5x, https:\/\/i0.wp.com\/lasprimeras.com.do\/wp-content\/uploads\/2025\/10\/Trabajos_02.jpg?resize=700%2C400&ssl=1 2x"},"classes":[]}],"jetpack_sharing_enabled":true,"_links":{"self":[{"href":"https:\/\/lasprimeras.com.do\/index.php\/wp-json\/wp\/v2\/posts\/128855","targetHints":{"allow":["GET"]}}],"collection":[{"href":"https:\/\/lasprimeras.com.do\/index.php\/wp-json\/wp\/v2\/posts"}],"about":[{"href":"https:\/\/lasprimeras.com.do\/index.php\/wp-json\/wp\/v2\/types\/post"}],"author":[{"embeddable":true,"href":"https:\/\/lasprimeras.com.do\/index.php\/wp-json\/wp\/v2\/users\/10"}],"replies":[{"embeddable":true,"href":"https:\/\/lasprimeras.com.do\/index.php\/wp-json\/wp\/v2\/comments?post=128855"}],"version-history":[{"count":1,"href":"https:\/\/lasprimeras.com.do\/index.php\/wp-json\/wp\/v2\/posts\/128855\/revisions"}],"predecessor-version":[{"id":128857,"href":"https:\/\/lasprimeras.com.do\/index.php\/wp-json\/wp\/v2\/posts\/128855\/revisions\/128857"}],"wp:featuredmedia":[{"embeddable":true,"href":"https:\/\/lasprimeras.com.do\/index.php\/wp-json\/wp\/v2\/media\/128856"}],"wp:attachment":[{"href":"https:\/\/lasprimeras.com.do\/index.php\/wp-json\/wp\/v2\/media?parent=128855"}],"wp:term":[{"taxonomy":"category","embeddable":true,"href":"https:\/\/lasprimeras.com.do\/index.php\/wp-json\/wp\/v2\/categories?post=128855"},{"taxonomy":"post_tag","embeddable":true,"href":"https:\/\/lasprimeras.com.do\/index.php\/wp-json\/wp\/v2\/tags?post=128855"}],"curies":[{"name":"wp","href":"https:\/\/api.w.org\/{rel}","templated":true}]}}