{"id":128858,"date":"2026-04-27T17:42:50","date_gmt":"2026-04-27T21:42:50","guid":{"rendered":"https:\/\/lasprimeras.com.do\/?p=128858"},"modified":"2026-04-27T17:42:52","modified_gmt":"2026-04-27T21:42:52","slug":"esperanza-para-ninas-con-bavaro-adventure-park-y-royal-holiday","status":"publish","type":"post","link":"https:\/\/lasprimeras.com.do\/index.php\/2026\/04\/27\/esperanza-para-ninas-con-bavaro-adventure-park-y-royal-holiday\/","title":{"rendered":"Esperanza para ni\u00f1as con B\u00e1varo Adventure Park y Royal Holiday"},"content":{"rendered":"\n<p>En Punta Cana, un solo d\u00eda puede transformarse en un recuerdo que atesorar de por vida. As\u00ed lo vivieron las 23 ni\u00f1as y adolescentes del hogar Casa de Esperanza, quienes, gracias a B\u00e1varo Adventure Park y al Movimiento Vacaciones para Todos de la Fundaci\u00f3n Royal Holiday, disfrutaron un emocionante Day Tour en el B\u00e1varo Adventure Park.<\/p>\n\n\n\n<p>Para estas ni\u00f1as y j\u00f3venes que han enfrentado violencia y abandono, el viaje no fue \u00fanicamente diversi\u00f3n, se trat\u00f3 de una oportunidad para sentirse seguras, acompa\u00f1adas y libres. Entre tirolesas y puentes colgantes, descubrieron nuevas formas de jugar, atreverse y compartir.<\/p>\n\n\n\n<p>El recorrido por el Sacred River, rodeado de naturaleza, se convirti\u00f3 en un momento de calma y asombro.<\/p>\n\n\n\n<p>\u201cAm\u00e9 todo de esta experiencia, me siento m\u00e1s feliz\u201d. Beneficiaria de Casa Esperanza<\/p>\n\n\n\n<p>Con cada risa, cada chapuz\u00f3n y cada paso dentro del parque a\u00f1adi\u00f3 una chispa de alegr\u00eda a su historia. Al final del d\u00eda, todas regresaron con algo m\u00e1s que cansancio y emoci\u00f3n: el recuerdo de una aventura que dej\u00f3 huella en su coraz\u00f3n.<\/p>\n\n\n\n<p>\u201cel objetivo de esta actividad es promover un mensaje de inclusi\u00f3n y resiliencia en las ni\u00f1as para que en el futuro puedan ser mujeres de \u00e9xito\u201d expres\u00f3 H\u00e9ctor Ure\u00f1a director comercial del parque.<\/p>\n\n\n\n<figure class=\"wp-block-image size-full\"><img decoding=\"async\" width=\"1000\" height=\"750\" src=\"https:\/\/lasprimeras.com.do\/wp-content\/uploads\/2026\/04\/aventure-2.jpg\" alt=\"\" class=\"wp-image-128860\" srcset=\"https:\/\/lasprimeras.com.do\/wp-content\/uploads\/2026\/04\/aventure-2.jpg 1000w, https:\/\/lasprimeras.com.do\/wp-content\/uploads\/2026\/04\/aventure-2-300x225.jpg 300w, https:\/\/lasprimeras.com.do\/wp-content\/uploads\/2026\/04\/aventure-2-768x576.jpg 768w\" sizes=\"(max-width: 1000px) 100vw, 1000px\" \/><\/figure>\n\n\n\n<p><strong>Acerca de B\u00e1varo Adventure Park<\/strong><\/p>\n\n\n\n<p>Es un parque tem\u00e1tico y de aventuras al aire libre que se desarrolla en un entorno natural, es un lugar que te invita a entrar en contacto con la naturaleza, los animales y la cultura dominicana, en un entorno natural y ecol\u00f3gicamente sostenible.<\/p>\n\n\n\n<p>En estos espacios se pueden encontrar diferentes especies de flora y fauna, as\u00ed como paisajes naturales impresionantes, en un ambiente caracterizado por bosques, arbustales, pastizales naturales y tropicales.<\/p>\n\n\n\n<p><strong>Acerca de la fundaci\u00f3n Casa de Esperanza<\/strong><\/p>\n\n\n\n<p>Es Organizaci\u00f3n sin fines de lucro, que brinda refugio a ni\u00f1as en situaciones de riesgo, producto de orfandad y abandono. Fue creada en el a\u00f1o 2014, como iniciativa de los Pastores Pascual Borrell y Sugey Minaya de Borrell y con el apoyo de misioneros y la Iglesia Ciudad De Dios B\u00e1varo es de Cristo.<\/p>\n","protected":false},"excerpt":{"rendered":"<p>En Punta Cana, un solo d\u00eda puede transformarse en un recuerdo que atesorar de por vida. As\u00ed lo vivieron las 23 ni\u00f1as y adolescentes del hogar Casa de Esperanza, quienes,&hellip;<\/p>\n","protected":false},"author":10,"featured_media":128859,"comment_status":"open","ping_status":"open","sticky":false,"template":"","format":"standard","meta":{"content-type":"","jetpack_post_was_ever_published":false,"_jetpack_newsletter_access":"","_jetpack_dont_email_post_to_subs":false,"_jetpack_newsletter_tier_id":0,"_jetpack_memberships_contains_paywalled_content":false,"_jetpack_memberships_contains_paid_content":false,"footnotes":""},"categories":[376],"tags":[32713,32712,3899,6723,32714],"class_list":["post-128858","post","type-post","status-publish","format-standard","has-post-thumbnail","hentry","category-turismo","tag-bavaro-adventure-park","tag-dia-de-esperanza","tag-jovenes","tag-ninas","tag-royal-holiday"],"jetpack_featured_media_url":"https:\/\/lasprimeras.com.do\/wp-content\/uploads\/2026\/04\/aventure1.jpg","jetpack-related-posts":[{"id":102762,"url":"https:\/\/lasprimeras.com.do\/index.php\/2025\/07\/08\/fundacion-autismo-sin-fronteras-realizo-actividad-de-verano\/","url_meta":{"origin":128858,"position":0},"title":"Fundaci\u00f3n Autismo sin Fronteras realizo actividad de verano","author":"Nelson Feliz","date":"8 de julio de 2025","format":false,"excerpt":"La Fundaci\u00f3n Autismo sin Fronteras realiz\u00f3 actividad recreativa de verano dirigida a las familias de ni\u00f1os con trastornos del neurodesarrollo de la Fundaci\u00f3n y el Centro Educativo Integral Autismo sin Fronteras. Est\u00e1 actividad se llev\u00f3 a cabo en las instalaciones de Caribbean lake park, B\u00e1varo- Punta Cana en donde la\u2026","rel":"","context":"En \u00abNACIONALES\u00bb","block_context":{"text":"NACIONALES","link":"https:\/\/lasprimeras.com.do\/index.php\/category\/nacionales\/"},"img":{"alt_text":"","src":"https:\/\/i0.wp.com\/lasprimeras.com.do\/wp-content\/uploads\/2025\/07\/Fundacion-Autismo-sin-Fronteras.jpg?resize=350%2C200&ssl=1","width":350,"height":200,"srcset":"https:\/\/i0.wp.com\/lasprimeras.com.do\/wp-content\/uploads\/2025\/07\/Fundacion-Autismo-sin-Fronteras.jpg?resize=350%2C200&ssl=1 1x, https:\/\/i0.wp.com\/lasprimeras.com.do\/wp-content\/uploads\/2025\/07\/Fundacion-Autismo-sin-Fronteras.jpg?resize=525%2C300&ssl=1 1.5x, https:\/\/i0.wp.com\/lasprimeras.com.do\/wp-content\/uploads\/2025\/07\/Fundacion-Autismo-sin-Fronteras.jpg?resize=700%2C400&ssl=1 2x"},"classes":[]},{"id":89176,"url":"https:\/\/lasprimeras.com.do\/index.php\/2024\/09\/19\/inauguran-el-primer-parque-canino-publico-en-la-zona-de-bavaro-punta-cana\/","url_meta":{"origin":128858,"position":1},"title":"Inauguran el primer parque canino p\u00fablico en la zona de B\u00e1varo-Punta Cana","author":"Paola Castillo","date":"19 de septiembre de 2024","format":false,"excerpt":"Evergo, Grupo Mall\u00e9n y Royal Canin inauguraron el primer parque canino p\u00fablico de la zona de B\u00e1varo-Punta Cana. Este nuevo espacio, ubicado en Evergo Connect, la primera electrolinera de la regi\u00f3n, redefine la experiencia de movilidad sostenible y bienestar integral, con un entorno acogedor y funcional para clientes y, ahora\u2026","rel":"","context":"En \u00abNACIONALES\u00bb","block_context":{"text":"NACIONALES","link":"https:\/\/lasprimeras.com.do\/index.php\/category\/nacionales\/"},"img":{"alt_text":"","src":"https:\/\/i0.wp.com\/lasprimeras.com.do\/wp-content\/uploads\/2024\/09\/parque.webp?resize=350%2C200&ssl=1","width":350,"height":200,"srcset":"https:\/\/i0.wp.com\/lasprimeras.com.do\/wp-content\/uploads\/2024\/09\/parque.webp?resize=350%2C200&ssl=1 1x, https:\/\/i0.wp.com\/lasprimeras.com.do\/wp-content\/uploads\/2024\/09\/parque.webp?resize=525%2C300&ssl=1 1.5x, https:\/\/i0.wp.com\/lasprimeras.com.do\/wp-content\/uploads\/2024\/09\/parque.webp?resize=700%2C400&ssl=1 2x, https:\/\/i0.wp.com\/lasprimeras.com.do\/wp-content\/uploads\/2024\/09\/parque.webp?resize=1050%2C600&ssl=1 3x, https:\/\/i0.wp.com\/lasprimeras.com.do\/wp-content\/uploads\/2024\/09\/parque.webp?resize=1400%2C800&ssl=1 4x"},"classes":[]},{"id":107164,"url":"https:\/\/lasprimeras.com.do\/index.php\/2025\/08\/24\/agentes-de-la-digesett-sufren-accidentes-en-bavaro-institucion-aclara-circulacion-video\/","url_meta":{"origin":128858,"position":2},"title":"Agentes de la Digesett sufren accidentes en B\u00e1varo, instituci\u00f3n aclara circulaci\u00f3n video","author":"Nelson Feliz","date":"24 de agosto de 2025","format":false,"excerpt":"-Informa ambos sufrieron accidente mientras se desplazaban en motocicleta y se encuentran fuera de peligro. La Polic\u00eda Nacional inform\u00f3 que es totalmente falso el audio que circula en redes sociales donde se afirma que dos agentes de la Direcci\u00f3n General de Seguridad de Tr\u00e1nsito y Transporte Terrestre (Digesett) fueron ultimados\u2026","rel":"","context":"En \u00abMILITARES\u00bb","block_context":{"text":"MILITARES","link":"https:\/\/lasprimeras.com.do\/index.php\/category\/militares\/"},"img":{"alt_text":"","src":"https:\/\/i0.wp.com\/lasprimeras.com.do\/wp-content\/uploads\/2025\/08\/agentes.jpg?resize=350%2C200&ssl=1","width":350,"height":200,"srcset":"https:\/\/i0.wp.com\/lasprimeras.com.do\/wp-content\/uploads\/2025\/08\/agentes.jpg?resize=350%2C200&ssl=1 1x, https:\/\/i0.wp.com\/lasprimeras.com.do\/wp-content\/uploads\/2025\/08\/agentes.jpg?resize=525%2C300&ssl=1 1.5x, https:\/\/i0.wp.com\/lasprimeras.com.do\/wp-content\/uploads\/2025\/08\/agentes.jpg?resize=700%2C400&ssl=1 2x"},"classes":[]},{"id":96470,"url":"https:\/\/lasprimeras.com.do\/index.php\/2025\/04\/01\/senasa-anuncia-importantes-descuentos-para-los-afiliados-al-club-de-beneficios\/","url_meta":{"origin":128858,"position":3},"title":"SeNaSa anuncia importantes descuentos para los afiliados al club de beneficios","author":"Nelson Feliz","date":"1 de abril de 2025","format":false,"excerpt":"El Seguro Nacional de Salud (SeNaSa) anunci\u00f3 una serie de descuentos para los afiliados a su Club de Beneficios, quienes podr\u00e1n acceder a una amplia variedad de servicios y establecimientos aliados. Esta iniciativa forma parte de la campa\u00f1a \u201cSeguros con SeNaSa en Semana Santa\u201d, cuyo objetivo es concienciar a la\u2026","rel":"","context":"En \u00abSALUD\u00bb","block_context":{"text":"SALUD","link":"https:\/\/lasprimeras.com.do\/index.php\/category\/salud\/"},"img":{"alt_text":"","src":"https:\/\/i0.wp.com\/lasprimeras.com.do\/wp-content\/uploads\/2025\/04\/senasa.jpg?resize=350%2C200&ssl=1","width":350,"height":200,"srcset":"https:\/\/i0.wp.com\/lasprimeras.com.do\/wp-content\/uploads\/2025\/04\/senasa.jpg?resize=350%2C200&ssl=1 1x, https:\/\/i0.wp.com\/lasprimeras.com.do\/wp-content\/uploads\/2025\/04\/senasa.jpg?resize=525%2C300&ssl=1 1.5x, https:\/\/i0.wp.com\/lasprimeras.com.do\/wp-content\/uploads\/2025\/04\/senasa.jpg?resize=700%2C400&ssl=1 2x"},"classes":[]},{"id":57646,"url":"https:\/\/lasprimeras.com.do\/index.php\/2023\/08\/14\/coopasa-oferta-a-sus-socios-un-fabuloso-fin-de-semana-en-el-hotel-palladium-bavaro\/","url_meta":{"origin":128858,"position":4},"title":"Coopasa oferta a sus socios un fabuloso fin de semana en el Hotel Palladium B\u00e1varo","author":"Nelson Feliz","date":"14 de agosto de 2023","format":false,"excerpt":"La Cooperativa de Ahorros, Cr\u00e9ditos y Servicios M\u00faltiples de Auxiliares de Salud (Coopasa), que preside Mar\u00eda Yanira Duval Puello, oferta a todos sus socios, socias, colaboradores y amigos a disfrutar de un divertido fin de semana en el Gran Hotel Palladium B\u00e1varo Suites Resort & Spa, del 29 de septiembre\u2026","rel":"","context":"En \u00abTURISMO\u00bb","block_context":{"text":"TURISMO","link":"https:\/\/lasprimeras.com.do\/index.php\/category\/turismo\/"},"img":{"alt_text":"Gran Hotel Palladium B\u00e1varo","src":"https:\/\/i0.wp.com\/lasprimeras.com.do\/wp-content\/uploads\/2023\/08\/Playa.jpg?resize=350%2C200&ssl=1","width":350,"height":200,"srcset":"https:\/\/i0.wp.com\/lasprimeras.com.do\/wp-content\/uploads\/2023\/08\/Playa.jpg?resize=350%2C200&ssl=1 1x, https:\/\/i0.wp.com\/lasprimeras.com.do\/wp-content\/uploads\/2023\/08\/Playa.jpg?resize=525%2C300&ssl=1 1.5x"},"classes":[]},{"id":110943,"url":"https:\/\/lasprimeras.com.do\/index.php\/2025\/10\/02\/mujer-muere-tras-caer-de-un-cuarto-piso-mientras-pintaba-en-bavaro\/","url_meta":{"origin":128858,"position":5},"title":"Mujer muere tras caer de un cuarto piso mientras pintaba en B\u00e1varo","author":"Nelson Feliz","date":"2 de octubre de 2025","format":false,"excerpt":"Una mujer perdi\u00f3 la vida ayer, mi\u00e9rcoles, tras caer desde un cuarto piso mientras pintaba las \u00e1reas acabadas de una obra en construcci\u00f3n, en el sector Los Corales, B\u00e1varo, provincia La Altagracia. La fallecida fue identificada como Ermita Simeon, de 34 a\u00f1os, quien resid\u00eda en la misma zona. Seg\u00fan el\u2026","rel":"","context":"En \u00abNACIONALES\u00bb","block_context":{"text":"NACIONALES","link":"https:\/\/lasprimeras.com.do\/index.php\/category\/nacionales\/"},"img":{"alt_text":"","src":"https:\/\/i0.wp.com\/lasprimeras.com.do\/wp-content\/uploads\/2025\/10\/inacif.jpg?resize=350%2C200&ssl=1","width":350,"height":200,"srcset":"https:\/\/i0.wp.com\/lasprimeras.com.do\/wp-content\/uploads\/2025\/10\/inacif.jpg?resize=350%2C200&ssl=1 1x, https:\/\/i0.wp.com\/lasprimeras.com.do\/wp-content\/uploads\/2025\/10\/inacif.jpg?resize=525%2C300&ssl=1 1.5x, https:\/\/i0.wp.com\/lasprimeras.com.do\/wp-content\/uploads\/2025\/10\/inacif.jpg?resize=700%2C400&ssl=1 2x"},"classes":[]}],"jetpack_sharing_enabled":true,"_links":{"self":[{"href":"https:\/\/lasprimeras.com.do\/index.php\/wp-json\/wp\/v2\/posts\/128858","targetHints":{"allow":["GET"]}}],"collection":[{"href":"https:\/\/lasprimeras.com.do\/index.php\/wp-json\/wp\/v2\/posts"}],"about":[{"href":"https:\/\/lasprimeras.com.do\/index.php\/wp-json\/wp\/v2\/types\/post"}],"author":[{"embeddable":true,"href":"https:\/\/lasprimeras.com.do\/index.php\/wp-json\/wp\/v2\/users\/10"}],"replies":[{"embeddable":true,"href":"https:\/\/lasprimeras.com.do\/index.php\/wp-json\/wp\/v2\/comments?post=128858"}],"version-history":[{"count":1,"href":"https:\/\/lasprimeras.com.do\/index.php\/wp-json\/wp\/v2\/posts\/128858\/revisions"}],"predecessor-version":[{"id":128861,"href":"https:\/\/lasprimeras.com.do\/index.php\/wp-json\/wp\/v2\/posts\/128858\/revisions\/128861"}],"wp:featuredmedia":[{"embeddable":true,"href":"https:\/\/lasprimeras.com.do\/index.php\/wp-json\/wp\/v2\/media\/128859"}],"wp:attachment":[{"href":"https:\/\/lasprimeras.com.do\/index.php\/wp-json\/wp\/v2\/media?parent=128858"}],"wp:term":[{"taxonomy":"category","embeddable":true,"href":"https:\/\/lasprimeras.com.do\/index.php\/wp-json\/wp\/v2\/categories?post=128858"},{"taxonomy":"post_tag","embeddable":true,"href":"https:\/\/lasprimeras.com.do\/index.php\/wp-json\/wp\/v2\/tags?post=128858"}],"curies":[{"name":"wp","href":"https:\/\/api.w.org\/{rel}","templated":true}]}}