{"id":128865,"date":"2026-04-27T18:12:03","date_gmt":"2026-04-27T22:12:03","guid":{"rendered":"https:\/\/lasprimeras.com.do\/?p=128865"},"modified":"2026-04-27T18:12:04","modified_gmt":"2026-04-27T22:12:04","slug":"presidente-abinader-entrega-obras-de-renovacion-de-la-playa-sosua-y-su-plaza-de-vendedores","status":"publish","type":"post","link":"https:\/\/lasprimeras.com.do\/index.php\/2026\/04\/27\/presidente-abinader-entrega-obras-de-renovacion-de-la-playa-sosua-y-su-plaza-de-vendedores\/","title":{"rendered":"Presidente Abinader entrega obras de renovaci\u00f3n de la playa Sos\u00faa y su plaza de vendedores"},"content":{"rendered":"\n<p>El presidente Luis Abinader entreg\u00f3 este lunes las obras renovadas y la nueva plaza de vendedores en Playa Sos\u00faa en Puerto Plata, marcando el inicio de una transformaci\u00f3n integral orientada a posicionar este destino como referente del turismo en la Rep\u00fablica Dominicana, mediante un plan estatal que combina inversi\u00f3n, ordenamiento y desarrollo sostenible.<\/p>\n\n\n\n<p>Durante el acto, el mandatario resalt\u00f3 el valor hist\u00f3rico, social y tur\u00edstico de Sos\u00faa, al tiempo que evoc\u00f3 su v\u00ednculo personal con la zona desde la infancia, describi\u00e9ndola como una de las playas m\u00e1s emblem\u00e1ticas del pa\u00eds.<\/p>\n\n\n<div class=\"wp-block-image\">\n<figure class=\"alignleft size-full is-resized\"><img decoding=\"async\" width=\"1000\" height=\"750\" src=\"https:\/\/lasprimeras.com.do\/wp-content\/uploads\/2026\/04\/Playa-Sosua.jpg\" alt=\"\" class=\"wp-image-128867\" style=\"width:449px;height:auto\" srcset=\"https:\/\/lasprimeras.com.do\/wp-content\/uploads\/2026\/04\/Playa-Sosua.jpg 1000w, https:\/\/lasprimeras.com.do\/wp-content\/uploads\/2026\/04\/Playa-Sosua-300x225.jpg 300w, https:\/\/lasprimeras.com.do\/wp-content\/uploads\/2026\/04\/Playa-Sosua-768x576.jpg 768w\" sizes=\"(max-width: 1000px) 100vw, 1000px\" \/><\/figure>\n<\/div>\n\n\n<p>Abinader subray\u00f3 que este proyecto representa \u201cun renacer\u201d para el destino, tras a\u00f1os de desorden urban\u00edstico y deterioro en su imagen.<\/p>\n\n\n\n<p>Explic\u00f3 que la intervenci\u00f3n no solo contempla la reorganizaci\u00f3n del frente costero y la dignificaci\u00f3n de los espacios de venta, sino tambi\u00e9n un enfoque integral que incluye saneamiento ambiental, recuperaci\u00f3n de \u00e1reas p\u00fablicas y fortalecimiento de la oferta tur\u00edstica.<\/p>\n\n\n\n<p>En ese sentido, asegur\u00f3 que el objetivo es convertir a Sos\u00faa en un destino familiar, seguro y sostenible.<\/p>\n\n\n\n<p>El jefe de Estado enfatiz\u00f3 que el desarrollo tur\u00edstico debe impactar directamente a todos los sectores, desde vendedores y turoperadores hasta inversionistas y trabajadores locales.<\/p>\n\n\n\n<p>\u201cEste es un modelo donde ganamos todos\u201d, afirm\u00f3, al destacar que la transformaci\u00f3n permitir\u00e1 aumentar la llegada de visitantes y dinamizar la econom\u00eda de la zona.<\/p>\n\n\n<div class=\"wp-block-image\">\n<figure class=\"alignright size-full is-resized\"><img decoding=\"async\" width=\"1000\" height=\"667\" src=\"https:\/\/lasprimeras.com.do\/wp-content\/uploads\/2026\/04\/Plaza-Vendedores.jpg\" alt=\"\" class=\"wp-image-128868\" style=\"aspect-ratio:1.4992905660377358;width:436px;height:auto\" srcset=\"https:\/\/lasprimeras.com.do\/wp-content\/uploads\/2026\/04\/Plaza-Vendedores.jpg 1000w, https:\/\/lasprimeras.com.do\/wp-content\/uploads\/2026\/04\/Plaza-Vendedores-300x200.jpg 300w, https:\/\/lasprimeras.com.do\/wp-content\/uploads\/2026\/04\/Plaza-Vendedores-768x512.jpg 768w\" sizes=\"(max-width: 1000px) 100vw, 1000px\" \/><\/figure>\n<\/div>\n\n\n<p>Como parte de la estrategia de relanzamiento, mencion\u00f3 proyectos complementarios como el desarrollo de Punta Bergant\u00edn, orientado a atraer marcas hoteleras internacionales y fortalecer la promoci\u00f3n del destino en mercados globales.<\/p>\n\n\n\n<p>Asimismo, el mandatario valor\u00f3 la renovaci\u00f3n de infraestructuras hoteleras existentes, lo que contribuir\u00e1 a elevar los est\u00e1ndares de calidad en la oferta tur\u00edstica.<\/p>\n\n\n\n<p>En el \u00e1mbito de la salud, anunci\u00f3 la construcci\u00f3n de un hospital traumatol\u00f3gico en Sos\u00faa, cuya entrega est\u00e1 prevista para noviembre de este a\u00f1o. Este centro brindar\u00e1 atenci\u00f3n especializada en emergencias y accidentes, beneficiando a toda la regi\u00f3n norte.<\/p>\n\n\n\n<p>Tambi\u00e9n adelant\u00f3 nuevas iniciativas en infraestructura, incluyendo proyectos en proceso de adjudicaci\u00f3n de la Carretera del \u00c1mbar y la modernizaci\u00f3n del telef\u00e9rico. Adem\u00e1s, inform\u00f3 sobre el pr\u00f3ximo lanzamiento de un plan integral para el relanzamiento de Boca Chica.<\/p>\n\n\n\n<figure class=\"wp-block-image size-full\"><img decoding=\"async\" width=\"1000\" height=\"667\" src=\"https:\/\/lasprimeras.com.do\/wp-content\/uploads\/2026\/04\/Playa-Sosua-1.jpg\" alt=\"\" class=\"wp-image-128869\" srcset=\"https:\/\/lasprimeras.com.do\/wp-content\/uploads\/2026\/04\/Playa-Sosua-1.jpg 1000w, https:\/\/lasprimeras.com.do\/wp-content\/uploads\/2026\/04\/Playa-Sosua-1-300x200.jpg 300w, https:\/\/lasprimeras.com.do\/wp-content\/uploads\/2026\/04\/Playa-Sosua-1-768x512.jpg 768w\" sizes=\"(max-width: 1000px) 100vw, 1000px\" \/><\/figure>\n\n\n\n<p>El presidente Abinader destac\u00f3 la importancia de la articulaci\u00f3n entre el Gobierno, el sector privado y las comunidades para lograr resultados sostenibles. Enfatiz\u00f3 que el progreso del pa\u00eds depende de la capacidad de alcanzar consensos y ejecutar pol\u00edticas p\u00fablicas que combinen orden con justicia social.<\/p>\n\n\n\n<p>Al concluir, agradeci\u00f3 el respaldo de autoridades locales, empresarios, trabajadores del sector tur\u00edstico y residentes, y expres\u00f3 su confianza en que Sos\u00faa se consolide como un referente del turismo dominicano renovado.<\/p>\n\n\n\n<p>Estuvieron presentes en el acto la gobernadora Claritza Rochtte Peralta; la senadora Ginette Bournigal; el alcalde Wilfredo Olivences; el presidente de la Direcci\u00f3n Nacional de Control de Drogas (DNCD), vicealmirante Jos\u00e9 Manuel Cabrera Ulloa; el director de la Polic\u00eda Tur\u00edstica (Politur), general Minoru Matsunaga; la fiscal Hilda Patricia Lagombra Polanco; el alcalde de Puerto Plata, Diomedes Roque, y los diputados Fiordaliza Estevez, Lidia P\u00e9rez, Jhonny Medina y Emil Dur\u00e1n y el pastor Hip\u00f3lito Chalas, entre otras personalidades.<\/p>\n","protected":false},"excerpt":{"rendered":"<p>El presidente Luis Abinader entreg\u00f3 este lunes las obras renovadas y la nueva plaza de vendedores en Playa Sos\u00faa en Puerto Plata, marcando el inicio de una transformaci\u00f3n integral orientada&hellip;<\/p>\n","protected":false},"author":10,"featured_media":128866,"comment_status":"open","ping_status":"open","sticky":false,"template":"","format":"standard","meta":{"content-type":"","jetpack_post_was_ever_published":false,"_jetpack_newsletter_access":"","_jetpack_dont_email_post_to_subs":false,"_jetpack_newsletter_tier_id":0,"_jetpack_memberships_contains_paywalled_content":false,"_jetpack_memberships_contains_paid_content":false,"footnotes":""},"categories":[25,376],"tags":[67,32717,32716,32718],"class_list":["post-128865","post","type-post","status-publish","format-standard","has-post-thumbnail","hentry","category-portada","category-turismo","tag-luis-abinader","tag-obras-de-renovacion","tag-playa-sosua","tag-plaza-de-vendedores"],"jetpack_featured_media_url":"https:\/\/lasprimeras.com.do\/wp-content\/uploads\/2026\/04\/Luis-Abinader-Sosua-1.jpg","jetpack-related-posts":[{"id":103895,"url":"https:\/\/lasprimeras.com.do\/index.php\/2025\/07\/19\/paliza-mario-lama-y-robert-polanco-refuerzan-con-presencia-jornada-primero-tu-en-sosua\/","url_meta":{"origin":128865,"position":0},"title":"Paliza, Mario Lama y Robert Polanco refuerzan con presencia jornada \u201cPrimero T\u00fa\u201d en Sos\u00faa","author":"Nelson Feliz","date":"19 de julio de 2025","format":false,"excerpt":"La preocupaci\u00f3n del pueblo con relaci\u00f3n al tema de la pobreza ha disminuido pr\u00e1cticamente a un 1 % en el pa\u00eds; seg\u00fan estudios realizados recientemente. El ministro de la Presidencia, Jos\u00e9 Ignacio Paliza; el director del SNS, doctor Mario Lama, y el director general de los Proyectos Estrat\u00e9gicos y Programas\u2026","rel":"","context":"En \u00abNACIONALES\u00bb","block_context":{"text":"NACIONALES","link":"https:\/\/lasprimeras.com.do\/index.php\/category\/nacionales\/"},"img":{"alt_text":"","src":"https:\/\/i0.wp.com\/lasprimeras.com.do\/wp-content\/uploads\/2025\/07\/gobierno.jpg?resize=350%2C200&ssl=1","width":350,"height":200,"srcset":"https:\/\/i0.wp.com\/lasprimeras.com.do\/wp-content\/uploads\/2025\/07\/gobierno.jpg?resize=350%2C200&ssl=1 1x, https:\/\/i0.wp.com\/lasprimeras.com.do\/wp-content\/uploads\/2025\/07\/gobierno.jpg?resize=525%2C300&ssl=1 1.5x, https:\/\/i0.wp.com\/lasprimeras.com.do\/wp-content\/uploads\/2025\/07\/gobierno.jpg?resize=700%2C400&ssl=1 2x"},"classes":[]},{"id":104984,"url":"https:\/\/lasprimeras.com.do\/index.php\/2025\/07\/29\/embajada-de-ee-uu-felicita-al-presidente-abinader-por-fortalecer-la-nueva-ley-de-compras-y-contrataciones-47-25\/","url_meta":{"origin":128865,"position":1},"title":"Embajada de EE. UU. felicita al presidente Abinader por fortalecer la nueva Ley de Compras y Contrataciones 47-25","author":"Nelson Feliz","date":"29 de julio de 2025","format":false,"excerpt":"Ademas, le reconoce por combatir la trata de personas con la apertura de una oficina especializada en Sos\u00faa. La Encargada de Negocios de la Embajada de los Estados Unidos en Santo Domingo, Patricia Aguilera, felicit\u00f3 al Gobierno dominicano, encabezado por el presidente Luis Abinader, por la implementaci\u00f3n de medidas clave\u2026","rel":"","context":"En \u00abNACIONALES\u00bb","block_context":{"text":"NACIONALES","link":"https:\/\/lasprimeras.com.do\/index.php\/category\/nacionales\/"},"img":{"alt_text":"Embajada EU","src":"https:\/\/i0.wp.com\/lasprimeras.com.do\/wp-content\/uploads\/2023\/10\/Embajada-EU.jpg?resize=350%2C200&ssl=1","width":350,"height":200,"srcset":"https:\/\/i0.wp.com\/lasprimeras.com.do\/wp-content\/uploads\/2023\/10\/Embajada-EU.jpg?resize=350%2C200&ssl=1 1x, https:\/\/i0.wp.com\/lasprimeras.com.do\/wp-content\/uploads\/2023\/10\/Embajada-EU.jpg?resize=525%2C300&ssl=1 1.5x, https:\/\/i0.wp.com\/lasprimeras.com.do\/wp-content\/uploads\/2023\/10\/Embajada-EU.jpg?resize=700%2C400&ssl=1 2x, https:\/\/i0.wp.com\/lasprimeras.com.do\/wp-content\/uploads\/2023\/10\/Embajada-EU.jpg?resize=1050%2C600&ssl=1 3x"},"classes":[]},{"id":121689,"url":"https:\/\/lasprimeras.com.do\/index.php\/2026\/02\/08\/abinader-deja-inaugurado-el-hotel-holiday-inn-en-puerto-plata\/","url_meta":{"origin":128865,"position":2},"title":"Abinader deja inaugurado el Hotel Holiday Inn en Puerto Plata","author":"Nelson Feliz","date":"8 de febrero de 2026","format":false,"excerpt":"El presidente Luis Abinader dej\u00f3 inaugurado este domingo el Hotel Holiday Inn Puerto Plata \u2013 Cofres\u00ed Bay Area by IHG, un proyecto desarrollado con una inversi\u00f3n de US$26 millones de d\u00f3lares que reafirma la confianza del sector privado y contribuye al desarrollo sostenido de la provincia de Puerto Plata. El\u2026","rel":"","context":"En \u00abECONOM\u00cdA\u00bb","block_context":{"text":"ECONOM\u00cdA","link":"https:\/\/lasprimeras.com.do\/index.php\/category\/economia\/"},"img":{"alt_text":"","src":"https:\/\/i0.wp.com\/lasprimeras.com.do\/wp-content\/uploads\/2026\/02\/Luis-Abinader-1.jpg?resize=350%2C200&ssl=1","width":350,"height":200,"srcset":"https:\/\/i0.wp.com\/lasprimeras.com.do\/wp-content\/uploads\/2026\/02\/Luis-Abinader-1.jpg?resize=350%2C200&ssl=1 1x, https:\/\/i0.wp.com\/lasprimeras.com.do\/wp-content\/uploads\/2026\/02\/Luis-Abinader-1.jpg?resize=525%2C300&ssl=1 1.5x, https:\/\/i0.wp.com\/lasprimeras.com.do\/wp-content\/uploads\/2026\/02\/Luis-Abinader-1.jpg?resize=700%2C400&ssl=1 2x"},"classes":[]},{"id":71748,"url":"https:\/\/lasprimeras.com.do\/index.php\/2023\/12\/22\/gobierno-entrega-obras-en-las-galeras-samana-por-un-monto-de-206-millones\/","url_meta":{"origin":128865,"position":3},"title":"Gobierno entrega obras en Las Galeras, Saman\u00e1, por un monto de 206 millones","author":"BIMARY DE JES\u00daS Matos","date":"22 de diciembre de 2023","format":false,"excerpt":"Las Galeras, Saman\u00e1 \u2013 El presidente Luis Abinader y el ministro de Turismo, David Collado, inauguraron este viernes varias obras en Las Galeras, Saman\u00e1, construidas por un monto de 206 millones de pesos, las cuales contribuyen a que m\u00e1s turistas nacionales y extranjeros visiten la zona, garantizando, tambi\u00e9n, una mejor\u2026","rel":"","context":"En \u00abPORTADA\u00bb","block_context":{"text":"PORTADA","link":"https:\/\/lasprimeras.com.do\/index.php\/category\/portada\/"},"img":{"alt_text":"","src":"https:\/\/i0.wp.com\/lasprimeras.com.do\/wp-content\/uploads\/2023\/12\/Noticias-de-energia-52.jpg?resize=350%2C200&ssl=1","width":350,"height":200,"srcset":"https:\/\/i0.wp.com\/lasprimeras.com.do\/wp-content\/uploads\/2023\/12\/Noticias-de-energia-52.jpg?resize=350%2C200&ssl=1 1x, https:\/\/i0.wp.com\/lasprimeras.com.do\/wp-content\/uploads\/2023\/12\/Noticias-de-energia-52.jpg?resize=525%2C300&ssl=1 1.5x"},"classes":[]},{"id":104778,"url":"https:\/\/lasprimeras.com.do\/index.php\/2025\/07\/27\/el-ministerio-publico-abre-fiscalia-en-sosua-contra-trata-proxenetismo-y-explotacion-sexual\/","url_meta":{"origin":128865,"position":4},"title":"El Ministerio P\u00fablico abre fiscal\u00eda en Sos\u00faa contra trata, proxenetismo y explotaci\u00f3n sexual","author":"Nelson Feliz","date":"27 de julio de 2025","format":false,"excerpt":"El Ministerio P\u00fablico dej\u00f3 inaugurada ayer la primera Fiscal\u00eda Especial del municipio de Sos\u00faa, en la provincia Puerto Plata, como parte de la segunda fase de una operaci\u00f3n, una estrategia nacional contra la trata de personas, el proxenetismo y otros delitos conexos. La nueva fiscal\u00eda tendr\u00e1 competencia para investigar y\u2026","rel":"","context":"En \u00abJUSTICIA\u00bb","block_context":{"text":"JUSTICIA","link":"https:\/\/lasprimeras.com.do\/index.php\/category\/justicia\/"},"img":{"alt_text":"","src":"https:\/\/i0.wp.com\/lasprimeras.com.do\/wp-content\/uploads\/2025\/07\/yeni-berenice.jpg?resize=350%2C200&ssl=1","width":350,"height":200,"srcset":"https:\/\/i0.wp.com\/lasprimeras.com.do\/wp-content\/uploads\/2025\/07\/yeni-berenice.jpg?resize=350%2C200&ssl=1 1x, https:\/\/i0.wp.com\/lasprimeras.com.do\/wp-content\/uploads\/2025\/07\/yeni-berenice.jpg?resize=525%2C300&ssl=1 1.5x, https:\/\/i0.wp.com\/lasprimeras.com.do\/wp-content\/uploads\/2025\/07\/yeni-berenice.jpg?resize=700%2C400&ssl=1 2x"},"classes":[]},{"id":51679,"url":"https:\/\/lasprimeras.com.do\/index.php\/2023\/06\/02\/distinguen-a-casa-linda-por-sus-aportes-al-turismo-inmobiliario-en-sosua\/","url_meta":{"origin":128865,"position":5},"title":"Distinguen a Casa Linda por sus aportes al turismo inmobiliario en Sos\u00faa","author":"prenxa100","date":"2 de junio de 2023","format":false,"excerpt":"Sos\u00faa, Puerto Plata.-.El presidente de la feria, Aneury Pilar, acompa\u00f1ado por el presidente de la Regional Nort-Atl\u00e1ntica del Colegio Dominicano de Ingenieros, Arquitectos y Agrimensores (CODIA), ingeniero, Guillermo de los Santos, junto al ingeniero Carlos C\u00e9spedes y la comunicadora Anny Mariel G\u00f3mez, hicieron oficial la entrega, con la que se\u2026","rel":"","context":"En \u00abTURISMO\u00bb","block_context":{"text":"TURISMO","link":"https:\/\/lasprimeras.com.do\/index.php\/category\/turismo\/"},"img":{"alt_text":"","src":"","width":0,"height":0},"classes":[]}],"jetpack_sharing_enabled":true,"_links":{"self":[{"href":"https:\/\/lasprimeras.com.do\/index.php\/wp-json\/wp\/v2\/posts\/128865","targetHints":{"allow":["GET"]}}],"collection":[{"href":"https:\/\/lasprimeras.com.do\/index.php\/wp-json\/wp\/v2\/posts"}],"about":[{"href":"https:\/\/lasprimeras.com.do\/index.php\/wp-json\/wp\/v2\/types\/post"}],"author":[{"embeddable":true,"href":"https:\/\/lasprimeras.com.do\/index.php\/wp-json\/wp\/v2\/users\/10"}],"replies":[{"embeddable":true,"href":"https:\/\/lasprimeras.com.do\/index.php\/wp-json\/wp\/v2\/comments?post=128865"}],"version-history":[{"count":1,"href":"https:\/\/lasprimeras.com.do\/index.php\/wp-json\/wp\/v2\/posts\/128865\/revisions"}],"predecessor-version":[{"id":128870,"href":"https:\/\/lasprimeras.com.do\/index.php\/wp-json\/wp\/v2\/posts\/128865\/revisions\/128870"}],"wp:featuredmedia":[{"embeddable":true,"href":"https:\/\/lasprimeras.com.do\/index.php\/wp-json\/wp\/v2\/media\/128866"}],"wp:attachment":[{"href":"https:\/\/lasprimeras.com.do\/index.php\/wp-json\/wp\/v2\/media?parent=128865"}],"wp:term":[{"taxonomy":"category","embeddable":true,"href":"https:\/\/lasprimeras.com.do\/index.php\/wp-json\/wp\/v2\/categories?post=128865"},{"taxonomy":"post_tag","embeddable":true,"href":"https:\/\/lasprimeras.com.do\/index.php\/wp-json\/wp\/v2\/tags?post=128865"}],"curies":[{"name":"wp","href":"https:\/\/api.w.org\/{rel}","templated":true}]}}