{"id":128871,"date":"2026-04-27T18:19:45","date_gmt":"2026-04-27T22:19:45","guid":{"rendered":"https:\/\/lasprimeras.com.do\/?p=128871"},"modified":"2026-04-27T18:19:47","modified_gmt":"2026-04-27T22:19:47","slug":"paliza-destaca-el-renacer-y-desarrollo-de-sosua","status":"publish","type":"post","link":"https:\/\/lasprimeras.com.do\/index.php\/2026\/04\/27\/paliza-destaca-el-renacer-y-desarrollo-de-sosua\/","title":{"rendered":"Paliza destaca el renacer y desarrollo de Sos\u00faa"},"content":{"rendered":"\n<p>El ministro de la Presidencia, Jos\u00e9 Ignacio Paliza, destac\u00f3 el valor hist\u00f3rico y emocional de Playa Sos\u00faa, resaltando que este destino ha sido parte esencial de la vida y los recuerdos de generaciones de dominicanos.<\/p>\n\n\n\n<p>Asimismo, reconoci\u00f3 la dedicaci\u00f3n de los hombres y mujeres que han mantenido viva su actividad y esencia a lo largo del tiempo.<\/p>\n\n\n\n<p>Paliza, afirm\u00f3 que el relanzamiento representa el cumplimiento de un proyecto anhelado por d\u00e9cadas, logrado gracias al impulso del Gobierno del presidente Luis Abinader y al trabajo coordinado con el ministro de Turismo, David Collado, quienes apostaron por devolverle a Sos\u00faa su esplendor mediante una intervenci\u00f3n planificada y sostenible.<\/p>\n\n\n\n<figure class=\"wp-block-image size-full\"><img decoding=\"async\" width=\"1000\" height=\"750\" src=\"https:\/\/lasprimeras.com.do\/wp-content\/uploads\/2026\/04\/Playa-Sosua.jpg\" alt=\"\" class=\"wp-image-128867\" srcset=\"https:\/\/lasprimeras.com.do\/wp-content\/uploads\/2026\/04\/Playa-Sosua.jpg 1000w, https:\/\/lasprimeras.com.do\/wp-content\/uploads\/2026\/04\/Playa-Sosua-300x225.jpg 300w, https:\/\/lasprimeras.com.do\/wp-content\/uploads\/2026\/04\/Playa-Sosua-768x576.jpg 768w\" sizes=\"(max-width: 1000px) 100vw, 1000px\" \/><\/figure>\n\n\n\n<p>El funcionario, defini\u00f3 esta transformaci\u00f3n como un renacer y un reencuentro para el pa\u00eds, subrayando que Sos\u00faa reafirma su identidad como punto de encuentro de culturas y destino emblem\u00e1tico, celebrando este momento como el regreso al Sos\u00faa so\u00f1ado por toda la comunidad y por quienes visitan este importante polo tur\u00edstico.<\/p>\n\n\n\n<p>Estuvieron presentes en el acto la gobernadora Claritza Rochtte Peralta; la senadora Ginette Bournigal; el alcalde Wilfredo Olivences; el presidente de la Direcci\u00f3n Nacional de Control de Drogas (DNCD), vicealmirante Jos\u00e9 Manuel Cabrera Ulloa; el director de la Polic\u00eda Tur\u00edstica (Politur), general Minoru Matsunaga; la fiscal Hilda Patricia Lagombra Polanco; el alcalde de Puerto Plata, Diomedes Roque, y los diputados Fiordaliza Estevez, Lidia P\u00e9rez, Johnny Medina y Emil Dur\u00e1n y el pastor Hip\u00f3lito Chalas, entre otras personalidades.<\/p>\n","protected":false},"excerpt":{"rendered":"<p>El ministro de la Presidencia, Jos\u00e9 Ignacio Paliza, destac\u00f3 el valor hist\u00f3rico y emocional de Playa Sos\u00faa, resaltando que este destino ha sido parte esencial de la vida y los&hellip;<\/p>\n","protected":false},"author":10,"featured_media":128872,"comment_status":"open","ping_status":"open","sticky":false,"template":"","format":"standard","meta":{"content-type":"","jetpack_post_was_ever_published":false,"_jetpack_newsletter_access":"","_jetpack_dont_email_post_to_subs":false,"_jetpack_newsletter_tier_id":0,"_jetpack_memberships_contains_paywalled_content":false,"_jetpack_memberships_contains_paid_content":false,"footnotes":""},"categories":[376],"tags":[363,1420,14939,32719,32720,565],"class_list":["post-128871","post","type-post","status-publish","format-standard","has-post-thumbnail","hentry","category-turismo","tag-desarrollo","tag-jose-ignacio-paliza","tag-orgullo-nacional","tag-renacer","tag-simbolo-de-identidad","tag-sosua"],"jetpack_featured_media_url":"https:\/\/lasprimeras.com.do\/wp-content\/uploads\/2026\/04\/Jose-Ignacio-Paliza.jpg","jetpack-related-posts":[{"id":103895,"url":"https:\/\/lasprimeras.com.do\/index.php\/2025\/07\/19\/paliza-mario-lama-y-robert-polanco-refuerzan-con-presencia-jornada-primero-tu-en-sosua\/","url_meta":{"origin":128871,"position":0},"title":"Paliza, Mario Lama y Robert Polanco refuerzan con presencia jornada \u201cPrimero T\u00fa\u201d en Sos\u00faa","author":"Nelson Feliz","date":"19 de julio de 2025","format":false,"excerpt":"La preocupaci\u00f3n del pueblo con relaci\u00f3n al tema de la pobreza ha disminuido pr\u00e1cticamente a un 1 % en el pa\u00eds; seg\u00fan estudios realizados recientemente. El ministro de la Presidencia, Jos\u00e9 Ignacio Paliza; el director del SNS, doctor Mario Lama, y el director general de los Proyectos Estrat\u00e9gicos y Programas\u2026","rel":"","context":"En \u00abNACIONALES\u00bb","block_context":{"text":"NACIONALES","link":"https:\/\/lasprimeras.com.do\/index.php\/category\/nacionales\/"},"img":{"alt_text":"","src":"https:\/\/i0.wp.com\/lasprimeras.com.do\/wp-content\/uploads\/2025\/07\/gobierno.jpg?resize=350%2C200&ssl=1","width":350,"height":200,"srcset":"https:\/\/i0.wp.com\/lasprimeras.com.do\/wp-content\/uploads\/2025\/07\/gobierno.jpg?resize=350%2C200&ssl=1 1x, https:\/\/i0.wp.com\/lasprimeras.com.do\/wp-content\/uploads\/2025\/07\/gobierno.jpg?resize=525%2C300&ssl=1 1.5x, https:\/\/i0.wp.com\/lasprimeras.com.do\/wp-content\/uploads\/2025\/07\/gobierno.jpg?resize=700%2C400&ssl=1 2x"},"classes":[]},{"id":74029,"url":"https:\/\/lasprimeras.com.do\/index.php\/2024\/01\/18\/prm-juramenta-a-ilana-neumann-exalcaldesa-y-diputada-por-el-prd\/","url_meta":{"origin":128871,"position":1},"title":"PRM juramenta a Ilana Neumann, exalcaldesa y diputada por el PRD","author":"BIMARY DE JES\u00daS Matos","date":"18 de enero de 2024","format":false,"excerpt":"Santo Domingo.-El Partido Revolucionario Moderno (PRM) jurament\u00f3 a la dos veces diputada y exalcaldesa del municipio Sos\u00faa provincia Puerto Plata, Ilana Neumann, junto a todo su equipo pol\u00edtico, quienes abandonan el Partido Revolucionario Dominicano (PRD) para sumarse al partido del cambio y de las oportunidades. Neumann adem\u00e1s, ocupaba hasta hoy\u2026","rel":"","context":"En \u00abSin categor\u00eda\u00bb","block_context":{"text":"Sin categor\u00eda","link":"https:\/\/lasprimeras.com.do\/index.php\/category\/sin-categoria\/"},"img":{"alt_text":"","src":"https:\/\/i0.wp.com\/lasprimeras.com.do\/wp-content\/uploads\/2024\/01\/WhatsApp-Image-2024-01-17-at-6.23.17-PM-1-1.jpeg?resize=350%2C200&ssl=1","width":350,"height":200,"srcset":"https:\/\/i0.wp.com\/lasprimeras.com.do\/wp-content\/uploads\/2024\/01\/WhatsApp-Image-2024-01-17-at-6.23.17-PM-1-1.jpeg?resize=350%2C200&ssl=1 1x, https:\/\/i0.wp.com\/lasprimeras.com.do\/wp-content\/uploads\/2024\/01\/WhatsApp-Image-2024-01-17-at-6.23.17-PM-1-1.jpeg?resize=525%2C300&ssl=1 1.5x"},"classes":[]},{"id":128865,"url":"https:\/\/lasprimeras.com.do\/index.php\/2026\/04\/27\/presidente-abinader-entrega-obras-de-renovacion-de-la-playa-sosua-y-su-plaza-de-vendedores\/","url_meta":{"origin":128871,"position":2},"title":"Presidente Abinader entrega obras de renovaci\u00f3n de la playa Sos\u00faa y su plaza de vendedores","author":"Nelson Feliz","date":"27 de abril de 2026","format":false,"excerpt":"El presidente Luis Abinader entreg\u00f3 este lunes las obras renovadas y la nueva plaza de vendedores en Playa Sos\u00faa en Puerto Plata, marcando el inicio de una transformaci\u00f3n integral orientada a posicionar este destino como referente del turismo en la Rep\u00fablica Dominicana, mediante un plan estatal que combina inversi\u00f3n, ordenamiento\u2026","rel":"","context":"En \u00abPORTADA\u00bb","block_context":{"text":"PORTADA","link":"https:\/\/lasprimeras.com.do\/index.php\/category\/portada\/"},"img":{"alt_text":"","src":"https:\/\/i0.wp.com\/lasprimeras.com.do\/wp-content\/uploads\/2026\/04\/Luis-Abinader-Sosua-1.jpg?resize=350%2C200&ssl=1","width":350,"height":200,"srcset":"https:\/\/i0.wp.com\/lasprimeras.com.do\/wp-content\/uploads\/2026\/04\/Luis-Abinader-Sosua-1.jpg?resize=350%2C200&ssl=1 1x, https:\/\/i0.wp.com\/lasprimeras.com.do\/wp-content\/uploads\/2026\/04\/Luis-Abinader-Sosua-1.jpg?resize=525%2C300&ssl=1 1.5x, https:\/\/i0.wp.com\/lasprimeras.com.do\/wp-content\/uploads\/2026\/04\/Luis-Abinader-Sosua-1.jpg?resize=700%2C400&ssl=1 2x"},"classes":[]},{"id":65656,"url":"https:\/\/lasprimeras.com.do\/index.php\/2023\/10\/30\/realizan-actividades-en-apoyo-a-candidatos-del-prm-en-puerto-plata\/","url_meta":{"origin":128871,"position":3},"title":"Realizan actividades en apoyo a candidatos del PRM en Puerto Plata","author":"BIMARY DE JES\u00daS Matos","date":"30 de octubre de 2023","format":false,"excerpt":"Puerto Plata.- Amaurys Ventura, vicepresidente provincial del PRM junto a un grupo de dirigentes del PRM, realiz\u00f3 varias actividades en favor de los candidatos congresuales y municipales en Puerto Plata. Ventura anunci\u00f3 que seguir\u00e1n movilizando toda la provincia para asegurar el triunfo de Luis Abinader y seguir los caminos de\u2026","rel":"","context":"En \u00abSin categor\u00eda\u00bb","block_context":{"text":"Sin categor\u00eda","link":"https:\/\/lasprimeras.com.do\/index.php\/category\/sin-categoria\/"},"img":{"alt_text":"","src":"https:\/\/i0.wp.com\/lasprimeras.com.do\/wp-content\/uploads\/2023\/10\/WhatsApp-Image-2023-10-29-at-4.17.21-PM-1-8.jpeg?resize=350%2C200&ssl=1","width":350,"height":200,"srcset":"https:\/\/i0.wp.com\/lasprimeras.com.do\/wp-content\/uploads\/2023\/10\/WhatsApp-Image-2023-10-29-at-4.17.21-PM-1-8.jpeg?resize=350%2C200&ssl=1 1x, https:\/\/i0.wp.com\/lasprimeras.com.do\/wp-content\/uploads\/2023\/10\/WhatsApp-Image-2023-10-29-at-4.17.21-PM-1-8.jpeg?resize=525%2C300&ssl=1 1.5x, https:\/\/i0.wp.com\/lasprimeras.com.do\/wp-content\/uploads\/2023\/10\/WhatsApp-Image-2023-10-29-at-4.17.21-PM-1-8.jpeg?resize=700%2C400&ssl=1 2x, https:\/\/i0.wp.com\/lasprimeras.com.do\/wp-content\/uploads\/2023\/10\/WhatsApp-Image-2023-10-29-at-4.17.21-PM-1-8.jpeg?resize=1050%2C600&ssl=1 3x"},"classes":[]},{"id":104778,"url":"https:\/\/lasprimeras.com.do\/index.php\/2025\/07\/27\/el-ministerio-publico-abre-fiscalia-en-sosua-contra-trata-proxenetismo-y-explotacion-sexual\/","url_meta":{"origin":128871,"position":4},"title":"El Ministerio P\u00fablico abre fiscal\u00eda en Sos\u00faa contra trata, proxenetismo y explotaci\u00f3n sexual","author":"Nelson Feliz","date":"27 de julio de 2025","format":false,"excerpt":"El Ministerio P\u00fablico dej\u00f3 inaugurada ayer la primera Fiscal\u00eda Especial del municipio de Sos\u00faa, en la provincia Puerto Plata, como parte de la segunda fase de una operaci\u00f3n, una estrategia nacional contra la trata de personas, el proxenetismo y otros delitos conexos. La nueva fiscal\u00eda tendr\u00e1 competencia para investigar y\u2026","rel":"","context":"En \u00abJUSTICIA\u00bb","block_context":{"text":"JUSTICIA","link":"https:\/\/lasprimeras.com.do\/index.php\/category\/justicia\/"},"img":{"alt_text":"","src":"https:\/\/i0.wp.com\/lasprimeras.com.do\/wp-content\/uploads\/2025\/07\/yeni-berenice.jpg?resize=350%2C200&ssl=1","width":350,"height":200,"srcset":"https:\/\/i0.wp.com\/lasprimeras.com.do\/wp-content\/uploads\/2025\/07\/yeni-berenice.jpg?resize=350%2C200&ssl=1 1x, https:\/\/i0.wp.com\/lasprimeras.com.do\/wp-content\/uploads\/2025\/07\/yeni-berenice.jpg?resize=525%2C300&ssl=1 1.5x, https:\/\/i0.wp.com\/lasprimeras.com.do\/wp-content\/uploads\/2025\/07\/yeni-berenice.jpg?resize=700%2C400&ssl=1 2x"},"classes":[]},{"id":51679,"url":"https:\/\/lasprimeras.com.do\/index.php\/2023\/06\/02\/distinguen-a-casa-linda-por-sus-aportes-al-turismo-inmobiliario-en-sosua\/","url_meta":{"origin":128871,"position":5},"title":"Distinguen a Casa Linda por sus aportes al turismo inmobiliario en Sos\u00faa","author":"prenxa100","date":"2 de junio de 2023","format":false,"excerpt":"Sos\u00faa, Puerto Plata.-.El presidente de la feria, Aneury Pilar, acompa\u00f1ado por el presidente de la Regional Nort-Atl\u00e1ntica del Colegio Dominicano de Ingenieros, Arquitectos y Agrimensores (CODIA), ingeniero, Guillermo de los Santos, junto al ingeniero Carlos C\u00e9spedes y la comunicadora Anny Mariel G\u00f3mez, hicieron oficial la entrega, con la que se\u2026","rel":"","context":"En \u00abTURISMO\u00bb","block_context":{"text":"TURISMO","link":"https:\/\/lasprimeras.com.do\/index.php\/category\/turismo\/"},"img":{"alt_text":"","src":"","width":0,"height":0},"classes":[]}],"jetpack_sharing_enabled":true,"_links":{"self":[{"href":"https:\/\/lasprimeras.com.do\/index.php\/wp-json\/wp\/v2\/posts\/128871","targetHints":{"allow":["GET"]}}],"collection":[{"href":"https:\/\/lasprimeras.com.do\/index.php\/wp-json\/wp\/v2\/posts"}],"about":[{"href":"https:\/\/lasprimeras.com.do\/index.php\/wp-json\/wp\/v2\/types\/post"}],"author":[{"embeddable":true,"href":"https:\/\/lasprimeras.com.do\/index.php\/wp-json\/wp\/v2\/users\/10"}],"replies":[{"embeddable":true,"href":"https:\/\/lasprimeras.com.do\/index.php\/wp-json\/wp\/v2\/comments?post=128871"}],"version-history":[{"count":1,"href":"https:\/\/lasprimeras.com.do\/index.php\/wp-json\/wp\/v2\/posts\/128871\/revisions"}],"predecessor-version":[{"id":128873,"href":"https:\/\/lasprimeras.com.do\/index.php\/wp-json\/wp\/v2\/posts\/128871\/revisions\/128873"}],"wp:featuredmedia":[{"embeddable":true,"href":"https:\/\/lasprimeras.com.do\/index.php\/wp-json\/wp\/v2\/media\/128872"}],"wp:attachment":[{"href":"https:\/\/lasprimeras.com.do\/index.php\/wp-json\/wp\/v2\/media?parent=128871"}],"wp:term":[{"taxonomy":"category","embeddable":true,"href":"https:\/\/lasprimeras.com.do\/index.php\/wp-json\/wp\/v2\/categories?post=128871"},{"taxonomy":"post_tag","embeddable":true,"href":"https:\/\/lasprimeras.com.do\/index.php\/wp-json\/wp\/v2\/tags?post=128871"}],"curies":[{"name":"wp","href":"https:\/\/api.w.org\/{rel}","templated":true}]}}