{"id":128874,"date":"2026-04-27T18:25:19","date_gmt":"2026-04-27T22:25:19","guid":{"rendered":"https:\/\/lasprimeras.com.do\/?p=128874"},"modified":"2026-04-27T18:25:22","modified_gmt":"2026-04-27T22:25:22","slug":"david-collado-promueve-un-turismo-mas-inclusivo-y-ordenado-en-puerto-plata","status":"publish","type":"post","link":"https:\/\/lasprimeras.com.do\/index.php\/2026\/04\/27\/david-collado-promueve-un-turismo-mas-inclusivo-y-ordenado-en-puerto-plata\/","title":{"rendered":"David Collado promueve un turismo m\u00e1s inclusivo y ordenado en Puerto Plata"},"content":{"rendered":"\n<p>El ministro de Turismo, David Collado, afirm\u00f3 que el relanzamiento de Sos\u00faa responde a una visi\u00f3n de rescatar espacios p\u00fablicos y ponerlos al servicio de la gente, promoviendo un turismo m\u00e1s inclusivo y ordenado.<\/p>\n\n\n\n<p>Destac\u00f3 que el proyecto, con una inversi\u00f3n cercana a los 10 millones de d\u00f3lares, equivalentes a unos RD$568 millones de pesos, permiti\u00f3 recuperar el entorno, dignificar a los vendedores y fortalecer la oferta tur\u00edstica, garantizando mejores condiciones y oportunidades para quienes dependen de esta actividad.<\/p>\n\n\n\n<p>El funcionario, indic\u00f3 que estas acciones forman parte de un plan nacional que ha impactado playas y malecones en todo el pa\u00eds, con m\u00e1s de RD$2,000 millones invertidos en Puerto Plata, como parte del compromiso con el desarrollo del destino.<\/p>\n\n\n\n<p>Asimismo, asegur\u00f3 que la Rep\u00fablica Dominicana vive un momento hist\u00f3rico en turismo, con cifras r\u00e9cord de visitantes y nuevas rutas a\u00e9reas, respaldadas por la estabilidad y la alianza p\u00fablico-privada.<\/p>\n\n\n\n<p>El proyecto incorpora 79 locales comerciales: 57 destinados a la preparaci\u00f3n y venta de alimentos, 16 a la comercializaci\u00f3n de artesan\u00eda y regalos, adem\u00e1s de 2 bares y 4 quioscos, buscando diversificar la experiencia del visitante y fortalecer la econom\u00eda local.<\/p>\n\n\n\n<p>Adem\u00e1s de la oferta comercial, incluye un parque comunitario, gimnasio al aire libre, ba\u00f1os p\u00fablicos y \u00e1reas de esparcimiento, promoviendo su uso tanto por residentes como por visitantes.<\/p>\n\n\n\n<p>Los locales fueron entregados equipados con estufas, refrigeradores, extractores y fregaderos, mientras que las \u00e1reas comunes cuentan con mobiliario urbano, sistemas de seguridad y manejo de desechos, garantizando condiciones \u00f3ptimas de operaci\u00f3n y sostenibilidad.<\/p>\n\n\n\n<p>Representantes de la asociaci\u00f3n de vendedores valoraron la ejecuci\u00f3n de la obra, destacando su impacto positivo en la organizaci\u00f3n del comercio y el desarrollo tur\u00edstico, as\u00ed como la transparencia del proceso.<\/p>\n","protected":false},"excerpt":{"rendered":"<p>El ministro de Turismo, David Collado, afirm\u00f3 que el relanzamiento de Sos\u00faa responde a una visi\u00f3n de rescatar espacios p\u00fablicos y ponerlos al servicio de la gente, promoviendo un turismo&hellip;<\/p>\n","protected":false},"author":10,"featured_media":128875,"comment_status":"open","ping_status":"open","sticky":false,"template":"","format":"standard","meta":{"content-type":"","jetpack_post_was_ever_published":false,"_jetpack_newsletter_access":"","_jetpack_dont_email_post_to_subs":false,"_jetpack_newsletter_tier_id":0,"_jetpack_memberships_contains_paywalled_content":false,"_jetpack_memberships_contains_paid_content":false,"footnotes":""},"categories":[376],"tags":[1498,32721,32491,687,375],"class_list":["post-128874","post","type-post","status-publish","format-standard","has-post-thumbnail","hentry","category-turismo","tag-david-collado","tag-mas-inclusivo","tag-ordenado","tag-puerto-plata","tag-turismo"],"jetpack_featured_media_url":"https:\/\/lasprimeras.com.do\/wp-content\/uploads\/2026\/04\/David-Collado.jpg","jetpack-related-posts":[{"id":52150,"url":"https:\/\/lasprimeras.com.do\/index.php\/2023\/06\/07\/rd-recibe-en-los-primeros-cinco-meses-del-ano-a-mas-de-4-5-millones-de-visitantes\/","url_meta":{"origin":128874,"position":0},"title":"RD recibe en los primeros cinco meses del a\u00f1o a m\u00e1s de 4.5 millones de visitantes","author":"prenxa100","date":"7 de junio de 2023","format":false,"excerpt":"El ministro de Turismo, David Collado, inform\u00f3 que solo en los primeros cinco meses del a\u00f1o 4,503,431 visitantes llegaron al pa\u00eds. \u201cAlgo verdaderamente extraordinario, algo nunca visto en la historia del turismo dominicano. Lo volvimos a hacer\u201d, expres\u00f3. V\u00eda a\u00e9rea llegaron 621,575 personas a Rep\u00fablica Dominicana en el mes de\u2026","rel":"","context":"En \u00abTURISMO\u00bb","block_context":{"text":"TURISMO","link":"https:\/\/lasprimeras.com.do\/index.php\/category\/turismo\/"},"img":{"alt_text":"","src":"","width":0,"height":0},"classes":[]},{"id":112430,"url":"https:\/\/lasprimeras.com.do\/index.php\/2025\/10\/21\/leonardo-aguilera-destaca-cartera-turistica-de-banreservas-aumenta-de-rd22000-a-mas-de-rd50000-millones\/","url_meta":{"origin":128874,"position":1},"title":"Leonardo Aguilera destaca cartera tur\u00edstica de Banreservas aumenta de RD$22,000 a m\u00e1s de RD$50,000 millones","author":"Nelson Feliz","date":"21 de octubre de 2025","format":false,"excerpt":"Revela que en la actualidad el Banco financia m\u00e1s de 7,000 habitaciones hoteleras y eval\u00faa inversiones por RD$115,000 millones El presidente ejecutivo del Banco de Reservas, doctor Leonardo Aguilera, afirm\u00f3 que la instituci\u00f3n financiera mantiene un compromiso firme con el proyecto Punta Bergant\u00edn y el turismo nacional, con m\u00e1s de\u2026","rel":"","context":"En \u00abECONOM\u00cdA\u00bb","block_context":{"text":"ECONOM\u00cdA","link":"https:\/\/lasprimeras.com.do\/index.php\/category\/economia\/"},"img":{"alt_text":"El presidente Luis Abinader junto al ministro de Turismo, David Collado; el presidente de ejecutivo de Banreservas, doctor Leonardo Aguilera; el CEO de la cadena hotelera Meli\u00e1, Gabriel Escarrer; y dem\u00e1s empresarios tur\u00edsticos, as\u00ed como autoridades civiles y gubernamentales durante el primer palazo del hotel Meli\u00e1 Bergant\u00edn Beach, en Punta Bergant\u00edn, Puerto Plata.","src":"https:\/\/i0.wp.com\/lasprimeras.com.do\/wp-content\/uploads\/2025\/10\/Leonardo-Aguilera-1-1.jpg?resize=350%2C200&ssl=1","width":350,"height":200,"srcset":"https:\/\/i0.wp.com\/lasprimeras.com.do\/wp-content\/uploads\/2025\/10\/Leonardo-Aguilera-1-1.jpg?resize=350%2C200&ssl=1 1x, https:\/\/i0.wp.com\/lasprimeras.com.do\/wp-content\/uploads\/2025\/10\/Leonardo-Aguilera-1-1.jpg?resize=525%2C300&ssl=1 1.5x, https:\/\/i0.wp.com\/lasprimeras.com.do\/wp-content\/uploads\/2025\/10\/Leonardo-Aguilera-1-1.jpg?resize=700%2C400&ssl=1 2x"},"classes":[]},{"id":49075,"url":"https:\/\/lasprimeras.com.do\/index.php\/2023\/05\/07\/turismo-inaugura-centro-comunal-en-maimon-puerto-plata\/","url_meta":{"origin":128874,"position":2},"title":"Turismo inaugura centro comunal en Maim\u00f3n, Puerto Plata","author":"prenxa100","date":"7 de mayo de 2023","format":false,"excerpt":"Dice que la bonanza del turismo debe impactar de manera directa y positiva las comunidades. Maim\u00f3n, Puerto Plata. - El ministro de Turismo, David Collado, inaugur\u00f3 este s\u00e1bado un centro comunal en Maim\u00f3n, construido a un costo superior a los 42 millones de pesos, como parte de su esfuerzo por\u2026","rel":"","context":"En \u00abTURISMO\u00bb","block_context":{"text":"TURISMO","link":"https:\/\/lasprimeras.com.do\/index.php\/category\/turismo\/"},"img":{"alt_text":"","src":"","width":0,"height":0},"classes":[]},{"id":72094,"url":"https:\/\/lasprimeras.com.do\/index.php\/2023\/12\/26\/rd-rompe-record-con-mas-de-10-millones-de-visitantes-en-2023\/","url_meta":{"origin":128874,"position":3},"title":"RD rompe r\u00e9cord con m\u00e1s de 10 millones de visitantes en 2023","author":"Nelson Feliz","date":"26 de diciembre de 2023","format":false,"excerpt":"El ministro de Turismo, David Collado, inform\u00f3 que este 26 de diciembre, Rep\u00fablica Dominicana recibi\u00f3 su visitante n\u00famero 10 millones del 2023, lo que marc\u00f3 un hito sin precedentes en el turismo del pa\u00eds y de toda la regi\u00f3n. Collado indic\u00f3 que la tan anhelada cifra se alcanz\u00f3 por primera\u2026","rel":"","context":"En \u00abPORTADA\u00bb","block_context":{"text":"PORTADA","link":"https:\/\/lasprimeras.com.do\/index.php\/category\/portada\/"},"img":{"alt_text":"Visitante 10 millones","src":"https:\/\/i0.wp.com\/lasprimeras.com.do\/wp-content\/uploads\/2023\/12\/Visitante-10-millones.jpg?resize=350%2C200&ssl=1","width":350,"height":200,"srcset":"https:\/\/i0.wp.com\/lasprimeras.com.do\/wp-content\/uploads\/2023\/12\/Visitante-10-millones.jpg?resize=350%2C200&ssl=1 1x, https:\/\/i0.wp.com\/lasprimeras.com.do\/wp-content\/uploads\/2023\/12\/Visitante-10-millones.jpg?resize=525%2C300&ssl=1 1.5x, https:\/\/i0.wp.com\/lasprimeras.com.do\/wp-content\/uploads\/2023\/12\/Visitante-10-millones.jpg?resize=700%2C400&ssl=1 2x"},"classes":[]},{"id":54423,"url":"https:\/\/lasprimeras.com.do\/index.php\/2023\/07\/10\/mas-de-5-3-millones-de-turistas-visita-rd-en-el-2023\/","url_meta":{"origin":128874,"position":4},"title":"M\u00e1s de 5.3 millones de turistas visita RD en el 2023","author":"Nelson Feliz","date":"10 de julio de 2023","format":false,"excerpt":"El ministro de Turismo David Collado, revel\u00f3 que por primera vez en la historia, Rep\u00fablica Dominicana recibe m\u00e1s de 5.3 millones de visitantes en los primeros seis meses del a\u00f1o, lo que, seg\u00fan su proyecci\u00f3n, garantiza que se alcance la meta de los 10 millones\u00a0 de turistas. Al presentar los\u2026","rel":"","context":"En \u00abTURISMO\u00bb","block_context":{"text":"TURISMO","link":"https:\/\/lasprimeras.com.do\/index.php\/category\/turismo\/"},"img":{"alt_text":"TURISMO","src":"https:\/\/i0.wp.com\/lasprimeras.com.do\/wp-content\/uploads\/2023\/07\/TURISMO.jpg?resize=350%2C200&ssl=1","width":350,"height":200,"srcset":"https:\/\/i0.wp.com\/lasprimeras.com.do\/wp-content\/uploads\/2023\/07\/TURISMO.jpg?resize=350%2C200&ssl=1 1x, https:\/\/i0.wp.com\/lasprimeras.com.do\/wp-content\/uploads\/2023\/07\/TURISMO.jpg?resize=525%2C300&ssl=1 1.5x, https:\/\/i0.wp.com\/lasprimeras.com.do\/wp-content\/uploads\/2023\/07\/TURISMO.jpg?resize=700%2C400&ssl=1 2x"},"classes":[]},{"id":112416,"url":"https:\/\/lasprimeras.com.do\/index.php\/2025\/10\/22\/abinader-inicia-trabajos-de-construccion-de-hotel-melia-bergantin-beach\/","url_meta":{"origin":128874,"position":5},"title":"Abinader inicia trabajos de construcci\u00f3n de Hotel Meli\u00e1 Bergant\u00edn Beach","author":"Nelson Feliz","date":"22 de octubre de 2025","format":false,"excerpt":"-. Mandatario destaca relanzamiento tur\u00edstico de Puerto Plata con desarrollo inmobiliario pujante y turismo de cruceros l\u00edder en el pa\u00eds. -. Tambi\u00e9n, anuncia la construcci\u00f3n de dos nuevos hoteles de las cadenas internacionales hoteleras Westin y Hyatt y la licitaci\u00f3n en los pr\u00f3ximos d\u00edas de la carretera \u00c1mbar. El presidente\u2026","rel":"","context":"En \u00abPORTADA\u00bb","block_context":{"text":"PORTADA","link":"https:\/\/lasprimeras.com.do\/index.php\/category\/portada\/"},"img":{"alt_text":"","src":"https:\/\/i0.wp.com\/lasprimeras.com.do\/wp-content\/uploads\/2025\/10\/Luis-Abinader-1-3.jpg?resize=350%2C200&ssl=1","width":350,"height":200,"srcset":"https:\/\/i0.wp.com\/lasprimeras.com.do\/wp-content\/uploads\/2025\/10\/Luis-Abinader-1-3.jpg?resize=350%2C200&ssl=1 1x, https:\/\/i0.wp.com\/lasprimeras.com.do\/wp-content\/uploads\/2025\/10\/Luis-Abinader-1-3.jpg?resize=525%2C300&ssl=1 1.5x, https:\/\/i0.wp.com\/lasprimeras.com.do\/wp-content\/uploads\/2025\/10\/Luis-Abinader-1-3.jpg?resize=700%2C400&ssl=1 2x, https:\/\/i0.wp.com\/lasprimeras.com.do\/wp-content\/uploads\/2025\/10\/Luis-Abinader-1-3.jpg?resize=1050%2C600&ssl=1 3x"},"classes":[]}],"jetpack_sharing_enabled":true,"_links":{"self":[{"href":"https:\/\/lasprimeras.com.do\/index.php\/wp-json\/wp\/v2\/posts\/128874","targetHints":{"allow":["GET"]}}],"collection":[{"href":"https:\/\/lasprimeras.com.do\/index.php\/wp-json\/wp\/v2\/posts"}],"about":[{"href":"https:\/\/lasprimeras.com.do\/index.php\/wp-json\/wp\/v2\/types\/post"}],"author":[{"embeddable":true,"href":"https:\/\/lasprimeras.com.do\/index.php\/wp-json\/wp\/v2\/users\/10"}],"replies":[{"embeddable":true,"href":"https:\/\/lasprimeras.com.do\/index.php\/wp-json\/wp\/v2\/comments?post=128874"}],"version-history":[{"count":1,"href":"https:\/\/lasprimeras.com.do\/index.php\/wp-json\/wp\/v2\/posts\/128874\/revisions"}],"predecessor-version":[{"id":128876,"href":"https:\/\/lasprimeras.com.do\/index.php\/wp-json\/wp\/v2\/posts\/128874\/revisions\/128876"}],"wp:featuredmedia":[{"embeddable":true,"href":"https:\/\/lasprimeras.com.do\/index.php\/wp-json\/wp\/v2\/media\/128875"}],"wp:attachment":[{"href":"https:\/\/lasprimeras.com.do\/index.php\/wp-json\/wp\/v2\/media?parent=128874"}],"wp:term":[{"taxonomy":"category","embeddable":true,"href":"https:\/\/lasprimeras.com.do\/index.php\/wp-json\/wp\/v2\/categories?post=128874"},{"taxonomy":"post_tag","embeddable":true,"href":"https:\/\/lasprimeras.com.do\/index.php\/wp-json\/wp\/v2\/tags?post=128874"}],"curies":[{"name":"wp","href":"https:\/\/api.w.org\/{rel}","templated":true}]}}