{"id":128877,"date":"2026-04-27T18:31:30","date_gmt":"2026-04-27T22:31:30","guid":{"rendered":"https:\/\/lasprimeras.com.do\/?p=128877"},"modified":"2026-04-27T18:31:32","modified_gmt":"2026-04-27T22:31:32","slug":"la-asociacion-de-playa-sosua-entrega-reconocimiento-al-presidente-abinader","status":"publish","type":"post","link":"https:\/\/lasprimeras.com.do\/index.php\/2026\/04\/27\/la-asociacion-de-playa-sosua-entrega-reconocimiento-al-presidente-abinader\/","title":{"rendered":"La Asociaci\u00f3n de Playa Sos\u00faa entrega reconocimiento al presidente Abinader"},"content":{"rendered":"\n<p>La Asociaci\u00f3n de Playa Sos\u00faa otorg\u00f3 un reconocimiento al presidente Luis Abinader, destacando su compromiso y visi\u00f3n para el desarrollo del destino tur\u00edstico.<\/p>\n\n\n\n<p>Seg\u00fan el texto de la placa, la distinci\u00f3n resalta el impulso a la construcci\u00f3n de una nueva plaza destinada a los trabajadores playeros, as\u00ed como las acciones orientadas a fortalecer el turismo, la econom\u00eda local y el bienestar de las familias de Sos\u00faa.<\/p>\n\n\n\n<p>El reconocimiento tambi\u00e9n expresa que estas iniciativas dejan una huella significativa en el progreso y la dignidad de la comunidad, valorando el impacto social de las obras ejecutadas en la zona.<\/p>\n\n\n\n<p>La entrega fue realizada como muestra de gratitud y respeto por los aportes realizados en favor del desarrollo integral del destino.<\/p>\n\n\n\n<figure class=\"wp-block-image size-full\"><img decoding=\"async\" width=\"1000\" height=\"667\" src=\"https:\/\/lasprimeras.com.do\/wp-content\/uploads\/2026\/04\/abinader-camina.jpg\" alt=\"\" class=\"wp-image-128879\" srcset=\"https:\/\/lasprimeras.com.do\/wp-content\/uploads\/2026\/04\/abinader-camina.jpg 1000w, https:\/\/lasprimeras.com.do\/wp-content\/uploads\/2026\/04\/abinader-camina-300x200.jpg 300w, https:\/\/lasprimeras.com.do\/wp-content\/uploads\/2026\/04\/abinader-camina-768x512.jpg 768w\" sizes=\"(max-width: 1000px) 100vw, 1000px\" \/><\/figure>\n\n\n\n<p>Estuvieron presentes en el acto la gobernadora Claritza Rochtte Peralta; la senadora Ginette Bournigal; el alcalde Wilfredo Olivences; el presidente de la Direcci\u00f3n Nacional de Control de Drogas (DNCD), vicealmirante Jos\u00e9 Manuel Cabrera Ulloa; el director de la Polic\u00eda Tur\u00edstica (Politur), general Minoru Matsunaga; la fiscal Hilda Patricia Lagombra Polanco; el alcalde de Puerto Plata, Diomedes Roque, y los diputados Fiordaliza Estevez, Lidia P\u00e9rez, Jhonny Medina y Emil Dur\u00e1n y el pastor Hip\u00f3lito Chalas, entre otras personalidades.<\/p>\n","protected":false},"excerpt":{"rendered":"<p>La Asociaci\u00f3n de Playa Sos\u00faa otorg\u00f3 un reconocimiento al presidente Luis Abinader, destacando su compromiso y visi\u00f3n para el desarrollo del destino tur\u00edstico. Seg\u00fan el texto de la placa, la&hellip;<\/p>\n","protected":false},"author":10,"featured_media":128878,"comment_status":"open","ping_status":"open","sticky":false,"template":"","format":"standard","meta":{"content-type":"","jetpack_post_was_ever_published":false,"_jetpack_newsletter_access":"","_jetpack_dont_email_post_to_subs":false,"_jetpack_newsletter_tier_id":0,"_jetpack_memberships_contains_paywalled_content":false,"_jetpack_memberships_contains_paid_content":false,"footnotes":""},"categories":[376],"tags":[32722,67,1563],"class_list":["post-128877","post","type-post","status-publish","format-standard","has-post-thumbnail","hentry","category-turismo","tag-asociacion-de-playa-sosua","tag-luis-abinader","tag-reconocimiento"],"jetpack_featured_media_url":"https:\/\/lasprimeras.com.do\/wp-content\/uploads\/2026\/04\/asocia.jpg","jetpack-related-posts":[{"id":128865,"url":"https:\/\/lasprimeras.com.do\/index.php\/2026\/04\/27\/presidente-abinader-entrega-obras-de-renovacion-de-la-playa-sosua-y-su-plaza-de-vendedores\/","url_meta":{"origin":128877,"position":0},"title":"Presidente Abinader entrega obras de renovaci\u00f3n de la playa Sos\u00faa y su plaza de vendedores","author":"Nelson Feliz","date":"27 de abril de 2026","format":false,"excerpt":"El presidente Luis Abinader entreg\u00f3 este lunes las obras renovadas y la nueva plaza de vendedores en Playa Sos\u00faa en Puerto Plata, marcando el inicio de una transformaci\u00f3n integral orientada a posicionar este destino como referente del turismo en la Rep\u00fablica Dominicana, mediante un plan estatal que combina inversi\u00f3n, ordenamiento\u2026","rel":"","context":"En \u00abPORTADA\u00bb","block_context":{"text":"PORTADA","link":"https:\/\/lasprimeras.com.do\/index.php\/category\/portada\/"},"img":{"alt_text":"","src":"https:\/\/i0.wp.com\/lasprimeras.com.do\/wp-content\/uploads\/2026\/04\/Luis-Abinader-Sosua-1.jpg?resize=350%2C200&ssl=1","width":350,"height":200,"srcset":"https:\/\/i0.wp.com\/lasprimeras.com.do\/wp-content\/uploads\/2026\/04\/Luis-Abinader-Sosua-1.jpg?resize=350%2C200&ssl=1 1x, https:\/\/i0.wp.com\/lasprimeras.com.do\/wp-content\/uploads\/2026\/04\/Luis-Abinader-Sosua-1.jpg?resize=525%2C300&ssl=1 1.5x, https:\/\/i0.wp.com\/lasprimeras.com.do\/wp-content\/uploads\/2026\/04\/Luis-Abinader-Sosua-1.jpg?resize=700%2C400&ssl=1 2x"},"classes":[]},{"id":128871,"url":"https:\/\/lasprimeras.com.do\/index.php\/2026\/04\/27\/paliza-destaca-el-renacer-y-desarrollo-de-sosua\/","url_meta":{"origin":128877,"position":1},"title":"Paliza destaca el renacer y desarrollo de Sos\u00faa","author":"Nelson Feliz","date":"27 de abril de 2026","format":false,"excerpt":"El ministro de la Presidencia, Jos\u00e9 Ignacio Paliza, destac\u00f3 el valor hist\u00f3rico y emocional de Playa Sos\u00faa, resaltando que este destino ha sido parte esencial de la vida y los recuerdos de generaciones de dominicanos. Asimismo, reconoci\u00f3 la dedicaci\u00f3n de los hombres y mujeres que han mantenido viva su actividad\u2026","rel":"","context":"En \u00abTURISMO\u00bb","block_context":{"text":"TURISMO","link":"https:\/\/lasprimeras.com.do\/index.php\/category\/turismo\/"},"img":{"alt_text":"","src":"https:\/\/i0.wp.com\/lasprimeras.com.do\/wp-content\/uploads\/2026\/04\/Jose-Ignacio-Paliza.jpg?resize=350%2C200&ssl=1","width":350,"height":200,"srcset":"https:\/\/i0.wp.com\/lasprimeras.com.do\/wp-content\/uploads\/2026\/04\/Jose-Ignacio-Paliza.jpg?resize=350%2C200&ssl=1 1x, https:\/\/i0.wp.com\/lasprimeras.com.do\/wp-content\/uploads\/2026\/04\/Jose-Ignacio-Paliza.jpg?resize=525%2C300&ssl=1 1.5x, https:\/\/i0.wp.com\/lasprimeras.com.do\/wp-content\/uploads\/2026\/04\/Jose-Ignacio-Paliza.jpg?resize=700%2C400&ssl=1 2x"},"classes":[]},{"id":103895,"url":"https:\/\/lasprimeras.com.do\/index.php\/2025\/07\/19\/paliza-mario-lama-y-robert-polanco-refuerzan-con-presencia-jornada-primero-tu-en-sosua\/","url_meta":{"origin":128877,"position":2},"title":"Paliza, Mario Lama y Robert Polanco refuerzan con presencia jornada \u201cPrimero T\u00fa\u201d en Sos\u00faa","author":"Nelson Feliz","date":"19 de julio de 2025","format":false,"excerpt":"La preocupaci\u00f3n del pueblo con relaci\u00f3n al tema de la pobreza ha disminuido pr\u00e1cticamente a un 1 % en el pa\u00eds; seg\u00fan estudios realizados recientemente. El ministro de la Presidencia, Jos\u00e9 Ignacio Paliza; el director del SNS, doctor Mario Lama, y el director general de los Proyectos Estrat\u00e9gicos y Programas\u2026","rel":"","context":"En \u00abNACIONALES\u00bb","block_context":{"text":"NACIONALES","link":"https:\/\/lasprimeras.com.do\/index.php\/category\/nacionales\/"},"img":{"alt_text":"","src":"https:\/\/i0.wp.com\/lasprimeras.com.do\/wp-content\/uploads\/2025\/07\/gobierno.jpg?resize=350%2C200&ssl=1","width":350,"height":200,"srcset":"https:\/\/i0.wp.com\/lasprimeras.com.do\/wp-content\/uploads\/2025\/07\/gobierno.jpg?resize=350%2C200&ssl=1 1x, https:\/\/i0.wp.com\/lasprimeras.com.do\/wp-content\/uploads\/2025\/07\/gobierno.jpg?resize=525%2C300&ssl=1 1.5x, https:\/\/i0.wp.com\/lasprimeras.com.do\/wp-content\/uploads\/2025\/07\/gobierno.jpg?resize=700%2C400&ssl=1 2x"},"classes":[]},{"id":121689,"url":"https:\/\/lasprimeras.com.do\/index.php\/2026\/02\/08\/abinader-deja-inaugurado-el-hotel-holiday-inn-en-puerto-plata\/","url_meta":{"origin":128877,"position":3},"title":"Abinader deja inaugurado el Hotel Holiday Inn en Puerto Plata","author":"Nelson Feliz","date":"8 de febrero de 2026","format":false,"excerpt":"El presidente Luis Abinader dej\u00f3 inaugurado este domingo el Hotel Holiday Inn Puerto Plata \u2013 Cofres\u00ed Bay Area by IHG, un proyecto desarrollado con una inversi\u00f3n de US$26 millones de d\u00f3lares que reafirma la confianza del sector privado y contribuye al desarrollo sostenido de la provincia de Puerto Plata. El\u2026","rel":"","context":"En \u00abECONOM\u00cdA\u00bb","block_context":{"text":"ECONOM\u00cdA","link":"https:\/\/lasprimeras.com.do\/index.php\/category\/economia\/"},"img":{"alt_text":"","src":"https:\/\/i0.wp.com\/lasprimeras.com.do\/wp-content\/uploads\/2026\/02\/Luis-Abinader-1.jpg?resize=350%2C200&ssl=1","width":350,"height":200,"srcset":"https:\/\/i0.wp.com\/lasprimeras.com.do\/wp-content\/uploads\/2026\/02\/Luis-Abinader-1.jpg?resize=350%2C200&ssl=1 1x, https:\/\/i0.wp.com\/lasprimeras.com.do\/wp-content\/uploads\/2026\/02\/Luis-Abinader-1.jpg?resize=525%2C300&ssl=1 1.5x, https:\/\/i0.wp.com\/lasprimeras.com.do\/wp-content\/uploads\/2026\/02\/Luis-Abinader-1.jpg?resize=700%2C400&ssl=1 2x"},"classes":[]},{"id":51679,"url":"https:\/\/lasprimeras.com.do\/index.php\/2023\/06\/02\/distinguen-a-casa-linda-por-sus-aportes-al-turismo-inmobiliario-en-sosua\/","url_meta":{"origin":128877,"position":4},"title":"Distinguen a Casa Linda por sus aportes al turismo inmobiliario en Sos\u00faa","author":"prenxa100","date":"2 de junio de 2023","format":false,"excerpt":"Sos\u00faa, Puerto Plata.-.El presidente de la feria, Aneury Pilar, acompa\u00f1ado por el presidente de la Regional Nort-Atl\u00e1ntica del Colegio Dominicano de Ingenieros, Arquitectos y Agrimensores (CODIA), ingeniero, Guillermo de los Santos, junto al ingeniero Carlos C\u00e9spedes y la comunicadora Anny Mariel G\u00f3mez, hicieron oficial la entrega, con la que se\u2026","rel":"","context":"En \u00abTURISMO\u00bb","block_context":{"text":"TURISMO","link":"https:\/\/lasprimeras.com.do\/index.php\/category\/turismo\/"},"img":{"alt_text":"","src":"","width":0,"height":0},"classes":[]},{"id":104984,"url":"https:\/\/lasprimeras.com.do\/index.php\/2025\/07\/29\/embajada-de-ee-uu-felicita-al-presidente-abinader-por-fortalecer-la-nueva-ley-de-compras-y-contrataciones-47-25\/","url_meta":{"origin":128877,"position":5},"title":"Embajada de EE. UU. felicita al presidente Abinader por fortalecer la nueva Ley de Compras y Contrataciones 47-25","author":"Nelson Feliz","date":"29 de julio de 2025","format":false,"excerpt":"Ademas, le reconoce por combatir la trata de personas con la apertura de una oficina especializada en Sos\u00faa. La Encargada de Negocios de la Embajada de los Estados Unidos en Santo Domingo, Patricia Aguilera, felicit\u00f3 al Gobierno dominicano, encabezado por el presidente Luis Abinader, por la implementaci\u00f3n de medidas clave\u2026","rel":"","context":"En \u00abNACIONALES\u00bb","block_context":{"text":"NACIONALES","link":"https:\/\/lasprimeras.com.do\/index.php\/category\/nacionales\/"},"img":{"alt_text":"Embajada EU","src":"https:\/\/i0.wp.com\/lasprimeras.com.do\/wp-content\/uploads\/2023\/10\/Embajada-EU.jpg?resize=350%2C200&ssl=1","width":350,"height":200,"srcset":"https:\/\/i0.wp.com\/lasprimeras.com.do\/wp-content\/uploads\/2023\/10\/Embajada-EU.jpg?resize=350%2C200&ssl=1 1x, https:\/\/i0.wp.com\/lasprimeras.com.do\/wp-content\/uploads\/2023\/10\/Embajada-EU.jpg?resize=525%2C300&ssl=1 1.5x, https:\/\/i0.wp.com\/lasprimeras.com.do\/wp-content\/uploads\/2023\/10\/Embajada-EU.jpg?resize=700%2C400&ssl=1 2x, https:\/\/i0.wp.com\/lasprimeras.com.do\/wp-content\/uploads\/2023\/10\/Embajada-EU.jpg?resize=1050%2C600&ssl=1 3x"},"classes":[]}],"jetpack_sharing_enabled":true,"_links":{"self":[{"href":"https:\/\/lasprimeras.com.do\/index.php\/wp-json\/wp\/v2\/posts\/128877","targetHints":{"allow":["GET"]}}],"collection":[{"href":"https:\/\/lasprimeras.com.do\/index.php\/wp-json\/wp\/v2\/posts"}],"about":[{"href":"https:\/\/lasprimeras.com.do\/index.php\/wp-json\/wp\/v2\/types\/post"}],"author":[{"embeddable":true,"href":"https:\/\/lasprimeras.com.do\/index.php\/wp-json\/wp\/v2\/users\/10"}],"replies":[{"embeddable":true,"href":"https:\/\/lasprimeras.com.do\/index.php\/wp-json\/wp\/v2\/comments?post=128877"}],"version-history":[{"count":1,"href":"https:\/\/lasprimeras.com.do\/index.php\/wp-json\/wp\/v2\/posts\/128877\/revisions"}],"predecessor-version":[{"id":128880,"href":"https:\/\/lasprimeras.com.do\/index.php\/wp-json\/wp\/v2\/posts\/128877\/revisions\/128880"}],"wp:featuredmedia":[{"embeddable":true,"href":"https:\/\/lasprimeras.com.do\/index.php\/wp-json\/wp\/v2\/media\/128878"}],"wp:attachment":[{"href":"https:\/\/lasprimeras.com.do\/index.php\/wp-json\/wp\/v2\/media?parent=128877"}],"wp:term":[{"taxonomy":"category","embeddable":true,"href":"https:\/\/lasprimeras.com.do\/index.php\/wp-json\/wp\/v2\/categories?post=128877"},{"taxonomy":"post_tag","embeddable":true,"href":"https:\/\/lasprimeras.com.do\/index.php\/wp-json\/wp\/v2\/tags?post=128877"}],"curies":[{"name":"wp","href":"https:\/\/api.w.org\/{rel}","templated":true}]}}