{"id":128881,"date":"2026-04-27T21:06:48","date_gmt":"2026-04-28T01:06:48","guid":{"rendered":"https:\/\/lasprimeras.com.do\/?p=128881"},"modified":"2026-04-27T21:06:49","modified_gmt":"2026-04-28T01:06:49","slug":"tejada-califica-ley-83-24-como-burda-violacion-al-principio-de-igualdad-constitucional","status":"publish","type":"post","link":"https:\/\/lasprimeras.com.do\/index.php\/2026\/04\/27\/tejada-califica-ley-83-24-como-burda-violacion-al-principio-de-igualdad-constitucional\/","title":{"rendered":"Tejada califica Ley 83-24 como &#8220;burda violaci\u00f3n&#8221; al principio de igualdad constitucional"},"content":{"rendered":"\n<p>El ex presidente del Colegio de Ingenieros Arquitectos y Agrimensores \u2013CODIA- ingeniero Teodoro Tejada arremeti\u00f3 contra la Ley n\u00fam. 83-24, calific\u00e1ndola como una \u201cburda violaci\u00f3n\u201d a los preceptos constitucionales y un retroceso en materia de equidad jur\u00eddica en el pa\u00eds.<\/p>\n\n\n\n<p>Tejada explic\u00f3 que la pieza legislativa contraviene de manera directa el Art\u00edculo 39 de la Constituci\u00f3n Dominicana, el cual consagra el Derecho a la Igualdad.<\/p>\n\n\n\n<p>Agreg\u00f3 que la normativa ignora espec\u00edficamente los numerales uno y tres de dicho art\u00edculo, que proh\u00edben cualquier tipo de discriminaci\u00f3n y obligan al Estado a garantizar condiciones de igualdad real y efectiva.<\/p>\n\n\n\n<p><strong>Inobservancia del Principio de Favorabilidad<\/strong><\/p>\n\n\n\n<p>Ampli\u00f3 que la Ley 83-24 ignora la jurisprudencia del Tribunal Constitucional relativa al principio de favorabilidad.<\/p>\n\n\n\n<p>\u201cEse principio establece que, ante diversas interpretaciones legales, siempre debe prevalecer aquella que sea m\u00e1s protectora de los derechos individuales\u201d.<\/p>\n\n\n\n<p>Tejada expres\u00f3 que la exclusividad que pretende otorgar este dispositivo, tanto a instituciones p\u00fablicas como a obras espec\u00edficas, es improcedente, porque la Carta Magna no permite privilegios que fragmenten el acceso equitativo a la ejecuci\u00f3n de obras p\u00fablicas.<\/p>\n\n\n\n<p><strong>Violaci\u00f3n constitucional<\/strong>: Transgresi\u00f3n del Art\u00edculo 39 (Derecho a la Igualdad).<\/p>\n\n\n\n<p>Observ\u00f3 como \u201cun desacato\u201d a las sentencias del Tribunal Constitucional sobre favorabilidad.<\/p>\n\n\n\n<p>Precis\u00f3 que las obras que se benefician con dicha ley presentan el agravante de no beneficiar a las dem\u00e1s con el mismo problema del \u201cnudo legal\u201d en las entidades impactadas por esta ley.<\/p>\n\n\n\n<p>El ex Subsecretario de Obras P\u00fablicas rechazo que ciertas instituciones u obras reciban un trato preferencial fuera del marco de la libre competencia y la equidad.<\/p>\n\n\n\n<p>Con estas declaraciones, Tejada se suma a las voces que piden una revisi\u00f3n profunda de la legalidad de la norma, bajo el argumento de que ninguna ley adjetiva puede estar por encima de los derechos fundamentales establecidos en la Carta Magna.<\/p>\n","protected":false},"excerpt":{"rendered":"<p>El ex presidente del Colegio de Ingenieros Arquitectos y Agrimensores \u2013CODIA- ingeniero Teodoro Tejada arremeti\u00f3 contra la Ley n\u00fam. 83-24, calific\u00e1ndola como una \u201cburda violaci\u00f3n\u201d a los preceptos constitucionales y&hellip;<\/p>\n","protected":false},"author":10,"featured_media":119158,"comment_status":"open","ping_status":"open","sticky":false,"template":"","format":"standard","meta":{"content-type":"","jetpack_post_was_ever_published":false,"_jetpack_newsletter_access":"","_jetpack_dont_email_post_to_subs":false,"_jetpack_newsletter_tier_id":0,"_jetpack_memberships_contains_paywalled_content":false,"_jetpack_memberships_contains_paid_content":false,"footnotes":""},"categories":[35,25],"tags":[32724,7345,325,28096,32723,4059],"class_list":["post-128881","post","type-post","status-publish","format-standard","has-post-thumbnail","hentry","category-nacionales","category-portada","tag-burda-violacion","tag-constitucional","tag-igualdad","tag-ley-83-24","tag-principio","tag-teodoro-tejada"],"jetpack_featured_media_url":"https:\/\/lasprimeras.com.do\/wp-content\/uploads\/2026\/01\/Teodoro-Tejada.jpg","jetpack-related-posts":[{"id":116599,"url":"https:\/\/lasprimeras.com.do\/index.php\/2025\/12\/02\/tejada-defiende-constitucionalidad-de-aplicar-ley-83-24-a-obras-estatales\/","url_meta":{"origin":128881,"position":0},"title":"Tejada defiende constitucionalidad de aplicar Ley 83-24 a obras estatales","author":"Nelson Feliz","date":"2 de diciembre de 2025","format":false,"excerpt":"El ex presidente del Colegio de Ingenieros, Arquitectos y Agrimensores (CODIA) ingeniero Teodoro Tejada consider\u00f3 que es constitucional aplicar la Ley 83-24 a todas las obras estatales, cuyos presupuestos est\u00e1n afectados por el \"nudo legal\" heredado de administraciones anteriores, a los fines de que se puedan modificar los contratos de\u2026","rel":"","context":"En \u00abNACIONALES\u00bb","block_context":{"text":"NACIONALES","link":"https:\/\/lasprimeras.com.do\/index.php\/category\/nacionales\/"},"img":{"alt_text":"","src":"https:\/\/i0.wp.com\/lasprimeras.com.do\/wp-content\/uploads\/2024\/11\/Teodoro-Tejada.jpg?resize=350%2C200&ssl=1","width":350,"height":200,"srcset":"https:\/\/i0.wp.com\/lasprimeras.com.do\/wp-content\/uploads\/2024\/11\/Teodoro-Tejada.jpg?resize=350%2C200&ssl=1 1x, https:\/\/i0.wp.com\/lasprimeras.com.do\/wp-content\/uploads\/2024\/11\/Teodoro-Tejada.jpg?resize=525%2C300&ssl=1 1.5x"},"classes":[]},{"id":100077,"url":"https:\/\/lasprimeras.com.do\/index.php\/2025\/06\/01\/teodoro-tejada-denuncia-cientos-de-escuelas-quedaran-abandonadas-por-falta-de-codigo-snip\/","url_meta":{"origin":128881,"position":1},"title":"Teodoro Tejada denuncia cientos de escuelas quedar\u00e1n abandonadas por falta de C\u00f3digo SNIP","author":"Nelson Feliz","date":"1 de junio de 2025","format":false,"excerpt":"El expresidente del Colegio Dominicano de Ingenieros, Arquitectos y Agrimensores (Codia), ingeniero contratista, Teodoro Tejada critic\u00f3 que el Ministerio de Econom\u00eda, Planificaci\u00f3n y Desarrollo -MEPYD- haya dejado fuera del presupuesto para este a\u00f1o 2025 m\u00e1s de 240 escuelas en distintos puntos del pa\u00eds, que ya tienen una ejecuci\u00f3n de m\u00e1s\u2026","rel":"","context":"En \u00abNACIONALES\u00bb","block_context":{"text":"NACIONALES","link":"https:\/\/lasprimeras.com.do\/index.php\/category\/nacionales\/"},"img":{"alt_text":"","src":"https:\/\/i0.wp.com\/lasprimeras.com.do\/wp-content\/uploads\/2025\/01\/Teodoro-Tejada.jpg?resize=350%2C200&ssl=1","width":350,"height":200,"srcset":"https:\/\/i0.wp.com\/lasprimeras.com.do\/wp-content\/uploads\/2025\/01\/Teodoro-Tejada.jpg?resize=350%2C200&ssl=1 1x, https:\/\/i0.wp.com\/lasprimeras.com.do\/wp-content\/uploads\/2025\/01\/Teodoro-Tejada.jpg?resize=525%2C300&ssl=1 1.5x, https:\/\/i0.wp.com\/lasprimeras.com.do\/wp-content\/uploads\/2025\/01\/Teodoro-Tejada.jpg?resize=700%2C400&ssl=1 2x"},"classes":[]},{"id":111637,"url":"https:\/\/lasprimeras.com.do\/index.php\/2025\/10\/12\/depositan-accion-de-inconstitucionalidad-contra-articulos-del-nuevo-codigo-penal-dominicano\/","url_meta":{"origin":128881,"position":2},"title":"Depositan acci\u00f3n de inconstitucionalidad contra art\u00edculos del nuevo C\u00f3digo Penal dominicano","author":"Nelson Feliz","date":"12 de octubre de 2025","format":false,"excerpt":"La Asociaci\u00f3n Internacional de Derecho Penal, Grupo Dominicano (AIDP-GD), y la Asociaci\u00f3n de Abogados de la Provincia Espaillat (AAPE) interpusieron ante el Tribunal Constitucional una acci\u00f3n directa de inconstitucionalidad contra m\u00e1s de cincuenta art\u00edculos del nuevo C\u00f3digo Penal dominicano, promulgado mediante la Ley Org\u00e1nica74-25 el pasado 3 de agosto de\u2026","rel":"","context":"En \u00abJUSTICIA\u00bb","block_context":{"text":"JUSTICIA","link":"https:\/\/lasprimeras.com.do\/index.php\/category\/justicia\/"},"img":{"alt_text":"Lic. Pedro V. Balbuena, coordinador de la comisi\u00f3n de litigios de la AIDP-GD.","src":"https:\/\/i0.wp.com\/lasprimeras.com.do\/wp-content\/uploads\/2025\/10\/Pedro-V.-Balbuena.jpg?resize=350%2C200&ssl=1","width":350,"height":200,"srcset":"https:\/\/i0.wp.com\/lasprimeras.com.do\/wp-content\/uploads\/2025\/10\/Pedro-V.-Balbuena.jpg?resize=350%2C200&ssl=1 1x, https:\/\/i0.wp.com\/lasprimeras.com.do\/wp-content\/uploads\/2025\/10\/Pedro-V.-Balbuena.jpg?resize=525%2C300&ssl=1 1.5x, https:\/\/i0.wp.com\/lasprimeras.com.do\/wp-content\/uploads\/2025\/10\/Pedro-V.-Balbuena.jpg?resize=700%2C400&ssl=1 2x"},"classes":[]},{"id":101383,"url":"https:\/\/lasprimeras.com.do\/index.php\/2025\/06\/20\/tejada-estima-positivo-programa-24-7-para-terminar-1100-aulas-y-contrarrestar-deficit-en-proximo-ano-escolar\/","url_meta":{"origin":128881,"position":3},"title":"Tejada estima \u201cpositivo\u201d Programa 24\/7 para terminar 1,100 aulas y contrarrestar d\u00e9ficit en pr\u00f3ximo a\u00f1o escolar","author":"Nelson Feliz","date":"20 de junio de 2025","format":false,"excerpt":"El expresidente del Colegio Dominicano de Ingenieros, Arquitectos y Agrimensores (Codia) ingeniero Teodoro Tejada calific\u00f3 de \u201cpositivo\u201d el Programa 24\/7 que desarrolla la Direcci\u00f3n de Infraestructura Escolar (DIE) a los fines de concluir mil 100 aulas para contrarrestar el d\u00e9ficit en los planteles p\u00fablicos ante el inicio del a\u00f1o escolar\u2026","rel":"","context":"En \u00abECONOM\u00cdA\u00bb","block_context":{"text":"ECONOM\u00cdA","link":"https:\/\/lasprimeras.com.do\/index.php\/category\/economia\/"},"img":{"alt_text":"Teodoro Tejada","src":"https:\/\/i0.wp.com\/lasprimeras.com.do\/wp-content\/uploads\/2024\/01\/Teodoro-Tejada.jpg?resize=350%2C200&ssl=1","width":350,"height":200,"srcset":"https:\/\/i0.wp.com\/lasprimeras.com.do\/wp-content\/uploads\/2024\/01\/Teodoro-Tejada.jpg?resize=350%2C200&ssl=1 1x, https:\/\/i0.wp.com\/lasprimeras.com.do\/wp-content\/uploads\/2024\/01\/Teodoro-Tejada.jpg?resize=525%2C300&ssl=1 1.5x, https:\/\/i0.wp.com\/lasprimeras.com.do\/wp-content\/uploads\/2024\/01\/Teodoro-Tejada.jpg?resize=700%2C400&ssl=1 2x"},"classes":[]},{"id":105212,"url":"https:\/\/lasprimeras.com.do\/index.php\/2025\/07\/31\/isaias-ramos-critica-silencio-de-cupulas-religiosas\/","url_meta":{"origin":128881,"position":4},"title":"Isa\u00edas Ramos critica silencio de c\u00fapulas religiosas","author":"Nelson Feliz","date":"31 de julio de 2025","format":false,"excerpt":"Emplaza a la JCE a reglamentar participaci\u00f3n de candidatos independientes en 2028 El m\u00e9dico y dirigente del Frente C\u00edvico y Social, Dr. Isa\u00edas Ramos, arremeti\u00f3 contra las c\u00fapulas religiosas del pa\u00eds por su silencio ante lo que defini\u00f3 como una \u201cflagrante violaci\u00f3n a la Constituci\u00f3n\u201d, al tiempo que emplaz\u00f3 a\u2026","rel":"","context":"En \u00abPOLITICA\u00bb","block_context":{"text":"POLITICA","link":"https:\/\/lasprimeras.com.do\/index.php\/category\/politica\/"},"img":{"alt_text":"Isa\u00edas Ramos","src":"https:\/\/i0.wp.com\/lasprimeras.com.do\/wp-content\/uploads\/2025\/03\/Isaias-Ramos.jpg?resize=350%2C200&ssl=1","width":350,"height":200,"srcset":"https:\/\/i0.wp.com\/lasprimeras.com.do\/wp-content\/uploads\/2025\/03\/Isaias-Ramos.jpg?resize=350%2C200&ssl=1 1x, https:\/\/i0.wp.com\/lasprimeras.com.do\/wp-content\/uploads\/2025\/03\/Isaias-Ramos.jpg?resize=525%2C300&ssl=1 1.5x, https:\/\/i0.wp.com\/lasprimeras.com.do\/wp-content\/uploads\/2025\/03\/Isaias-Ramos.jpg?resize=700%2C400&ssl=1 2x"},"classes":[]},{"id":109916,"url":"https:\/\/lasprimeras.com.do\/index.php\/2025\/09\/23\/tejada-denuncia-practicas-excluyentes-en-licitaciones-del-mivhed\/","url_meta":{"origin":128881,"position":5},"title":"Tejada denuncia pr\u00e1cticas excluyentes en licitaciones del MIVHED","author":"Nelson Feliz","date":"23 de septiembre de 2025","format":false,"excerpt":"El ex presidente del Colegio de Ingenieros, Arquitectos y Agrimensores (CODIA), ingeniero Teodoro Tejada, denunci\u00f3 que el ministro de la Vivienda, H\u00e1bitat y Edificaciones (MIVHED), Carlos Bonilla, contin\u00faa con pr\u00e1cticas nocivas en los procesos de licitaci\u00f3n p\u00fablica para la construcci\u00f3n de obras. El ex presidente del CODIA advirti\u00f3 que esas\u2026","rel":"","context":"En \u00abECONOM\u00cdA\u00bb","block_context":{"text":"ECONOM\u00cdA","link":"https:\/\/lasprimeras.com.do\/index.php\/category\/economia\/"},"img":{"alt_text":"Teodoro Tejada","src":"https:\/\/i0.wp.com\/lasprimeras.com.do\/wp-content\/uploads\/2025\/09\/Teodoro-Tejada.jpg?resize=350%2C200&ssl=1","width":350,"height":200,"srcset":"https:\/\/i0.wp.com\/lasprimeras.com.do\/wp-content\/uploads\/2025\/09\/Teodoro-Tejada.jpg?resize=350%2C200&ssl=1 1x, https:\/\/i0.wp.com\/lasprimeras.com.do\/wp-content\/uploads\/2025\/09\/Teodoro-Tejada.jpg?resize=525%2C300&ssl=1 1.5x, https:\/\/i0.wp.com\/lasprimeras.com.do\/wp-content\/uploads\/2025\/09\/Teodoro-Tejada.jpg?resize=700%2C400&ssl=1 2x"},"classes":[]}],"jetpack_sharing_enabled":true,"_links":{"self":[{"href":"https:\/\/lasprimeras.com.do\/index.php\/wp-json\/wp\/v2\/posts\/128881","targetHints":{"allow":["GET"]}}],"collection":[{"href":"https:\/\/lasprimeras.com.do\/index.php\/wp-json\/wp\/v2\/posts"}],"about":[{"href":"https:\/\/lasprimeras.com.do\/index.php\/wp-json\/wp\/v2\/types\/post"}],"author":[{"embeddable":true,"href":"https:\/\/lasprimeras.com.do\/index.php\/wp-json\/wp\/v2\/users\/10"}],"replies":[{"embeddable":true,"href":"https:\/\/lasprimeras.com.do\/index.php\/wp-json\/wp\/v2\/comments?post=128881"}],"version-history":[{"count":1,"href":"https:\/\/lasprimeras.com.do\/index.php\/wp-json\/wp\/v2\/posts\/128881\/revisions"}],"predecessor-version":[{"id":128882,"href":"https:\/\/lasprimeras.com.do\/index.php\/wp-json\/wp\/v2\/posts\/128881\/revisions\/128882"}],"wp:featuredmedia":[{"embeddable":true,"href":"https:\/\/lasprimeras.com.do\/index.php\/wp-json\/wp\/v2\/media\/119158"}],"wp:attachment":[{"href":"https:\/\/lasprimeras.com.do\/index.php\/wp-json\/wp\/v2\/media?parent=128881"}],"wp:term":[{"taxonomy":"category","embeddable":true,"href":"https:\/\/lasprimeras.com.do\/index.php\/wp-json\/wp\/v2\/categories?post=128881"},{"taxonomy":"post_tag","embeddable":true,"href":"https:\/\/lasprimeras.com.do\/index.php\/wp-json\/wp\/v2\/tags?post=128881"}],"curies":[{"name":"wp","href":"https:\/\/api.w.org\/{rel}","templated":true}]}}