{"id":128883,"date":"2026-04-27T22:03:14","date_gmt":"2026-04-28T02:03:14","guid":{"rendered":"https:\/\/lasprimeras.com.do\/?p=128883"},"modified":"2026-04-27T22:03:15","modified_gmt":"2026-04-28T02:03:15","slug":"dirigentes-de-la-fp-cuestionan-gestion-del-prm-en-el-ayuntamiento-de-la-vega","status":"publish","type":"post","link":"https:\/\/lasprimeras.com.do\/index.php\/2026\/04\/27\/dirigentes-de-la-fp-cuestionan-gestion-del-prm-en-el-ayuntamiento-de-la-vega\/","title":{"rendered":"Dirigentes de la FP cuestionan gesti\u00f3n del PRM en el Ayuntamiento de La Vega"},"content":{"rendered":"\n<p>La rendici\u00f3n de cuentas presentada por la gesti\u00f3n municipal del Partido Revolucionario Moderno -PRM- en el Ayuntamiento de La Vega ha desatado fuertes cr\u00edticas por parte de dirigentes de la Fuerza del Pueblo, quienes consideran que existe una profunda desconexi\u00f3n entre los discursos oficiales y la realidad que viven diariamente las comunidades.<\/p>\n\n\n\n<p>El regidor Jeayson Perez, vocero del bloque de regidores de la Fuerza del Pueblo; el ingeniero Miguel Villar, presidente de la direcci\u00f3n municipal de la Fuerza del Pueblo; el regidor Fernando S\u00e1nchez; y el doctor Denny Marte, exregidor a la Sala Capitular, fijaron posici\u00f3n asegurando que una rendici\u00f3n de cuentas no puede verse como un acto social o pol\u00edtico, sino como una verdadera auditor\u00eda ciudadana donde la gesti\u00f3n p\u00fablica debe explicar con claridad qu\u00e9 hizo con los recursos del pueblo, cu\u00e1les resultados logr\u00f3 y por qu\u00e9 la realidad de la gente no coincide con el discurso oficial.<\/p>\n\n\n\n<p>Los dirigentes opositores afirmaron que desde la Fuerza del Pueblo asumen una posici\u00f3n de oposici\u00f3n firme, no para generar ruido pol\u00edtico, sino para defender a los veganos frente a lo que calificaron como improvisaci\u00f3n e incapacidad administrativa.<\/p>\n\n\n\n<p>Indicaron que durante el a\u00f1o 2025 la gesti\u00f3n municipal present\u00f3 una narrativa basada en grandes inversiones, eficiencia administrativa y desarrollo urbano.<\/p>\n\n\n\n<p>Recordaron que la Alcald\u00eda del PRM anunci\u00f3 recientemente m\u00e1s de RD$265 millones en obras y m\u00faltiples proyectos comunitarios; sin embargo, sostienen que al comparar esos anuncios con los datos reales se evidencia una marcada diferencia entre lo prometido y lo ejecutado.<\/p>\n\n\n\n<p>De acuerdo con los datos presentados por los dirigentes pol\u00edticos, los ingresos totales del Ayuntamiento de La Vega durante el 2025 ascendieron a RD$836.3 millones, equivalentes a m\u00e1s de RD$70 millones mensuales. A pesar de esto, denunciaron que casi el 50% del presupuesto destinado a infraestructura qued\u00f3 sin ejecutar, representando aproximadamente RD$146.9 millones paralizados.<\/p>\n\n\n\n<p>El regidor Jeayson Perez manifest\u00f3 que \u201cno es falta de recursos, es falta de gesti\u00f3n\u201d, al cuestionar la baja ejecuci\u00f3n de obras pese a los altos ingresos recibidos por el cabildo vegano.<\/p>\n\n\n\n<p>Otro de los puntos se\u00f1alados fue el manejo del Presupuesto Participativo 2025, el cual calificaron como una muestra preocupante de incumplimiento hacia las comunidades.<\/p>\n\n\n\n<p>Explicaron que fueron asignados m\u00e1s de RD$29 millones para obras comunitarias, pero durante todo el a\u00f1o no se concluy\u00f3 una sola obra. Apenas dos proyectos permanecen en proceso y otros ni siquiera han iniciado.<\/p>\n\n\n\n<p>Adem\u00e1s, denunciaron que mientras el Presupuesto Participativo del 2025 contin\u00faa pr\u00e1cticamente paralizado, el Ayuntamiento todav\u00eda mantiene obras pendientes correspondientes al Presupuesto Participativo del a\u00f1o 2024, situaci\u00f3n que, seg\u00fan dijeron, evidencia que los compromisos asumidos con las comunidades no se est\u00e1n cumpliendo en el tiempo establecido.<\/p>\n\n\n\n<p>Los dirigentes pol\u00edticos aseguraron que el pueblo de La Vega no est\u00e1 pidiendo \u201cpan y circo\u201d, sino soluciones reales a problemas hist\u00f3ricos relacionados con drenajes pluviales, calles deterioradas, puentes, badenes, recogida de basura y espacios dignos para vivir.<\/p>\n\n\n\n<p>Como ejemplo de las deficiencias se\u00f1aladas, mencionaron el caso de la comunidad de Los Pomos, donde fueron asignados RD$19 millones para trabajos de drenaje.<\/p>\n\n\n\n<p>Sin embargo, afirmaron que menos del 20% de la obra ha sido ejecutada, mientras familias completas contin\u00faan enfrentando inundaciones, deterioro vial y abandono institucional.<\/p>\n\n\n\n<p>A esto se suma, seg\u00fan denunciaron, la asignaci\u00f3n de m\u00e1s de RD$31 millones para festividades y actividades, situaci\u00f3n que consideran evidencia una mala priorizaci\u00f3n del gasto p\u00fablico y una desconexi\u00f3n financiera que, a su juicio, ha provocado frustraci\u00f3n, desesperanza y sentimientos de abandono entre los veganos.<\/p>\n\n\n\n<p>Los cuestionamientos tambi\u00e9n estuvieron acompa\u00f1ados de referencias al mensaje pronunciado por el padre Porfirio durante la misa celebrada en la Catedral de La Vega con motivo del D\u00eda de los Ayuntamientos.<\/p>\n\n\n\n<p>Seg\u00fan explicaron, el sacerdote percibi\u00f3 preocupaci\u00f3n entre funcionarios del gobierno local y los exhort\u00f3 a celebrar, recordando que incluso Jes\u00fas lo hizo durante la \u00faltima cena antes de ser crucificado.<\/p>\n\n\n\n<p>Finalmente, los representantes de la Fuerza del Pueblo reiteraron que la ciudadan\u00eda vegana contin\u00faa esperando respuestas concretas y soluciones visibles, mientras persiste el malestar social por las obras detenidas y la falta de ejecuci\u00f3n municipal.<\/p>\n\n\n\n<p>Por Winston Hern\u00e1ndez<\/p>\n","protected":false},"excerpt":{"rendered":"<p>La rendici\u00f3n de cuentas presentada por la gesti\u00f3n municipal del Partido Revolucionario Moderno -PRM- en el Ayuntamiento de La Vega ha desatado fuertes cr\u00edticas por parte de dirigentes de la&hellip;<\/p>\n","protected":false},"author":10,"featured_media":128884,"comment_status":"open","ping_status":"open","sticky":false,"template":"","format":"standard","meta":{"content-type":"","jetpack_post_was_ever_published":false,"_jetpack_newsletter_access":"","_jetpack_dont_email_post_to_subs":false,"_jetpack_newsletter_tier_id":0,"_jetpack_memberships_contains_paywalled_content":false,"_jetpack_memberships_contains_paid_content":false,"footnotes":""},"categories":[16559],"tags":[3709,32725,7766,189,983,158,212,585,31],"class_list":["post-128883","post","type-post","status-publish","format-standard","has-post-thumbnail","hentry","category-politica","tag-abandono","tag-ayuntamiento-de-la-vega","tag-cuestionan","tag-desesperanza","tag-dirigentes","tag-fuerza-del-pueblo","tag-gestion","tag-incapacidad","tag-prm"],"jetpack_featured_media_url":"https:\/\/lasprimeras.com.do\/wp-content\/uploads\/2026\/04\/regidor.jpg","jetpack-related-posts":[{"id":103989,"url":"https:\/\/lasprimeras.com.do\/index.php\/2025\/07\/21\/leonel-juramenta-2-regidores-y-mas-dirigentes-del-pld-prm-y-otras-organizaciones-en-san-cristobal\/","url_meta":{"origin":128883,"position":0},"title":"Leonel juramenta 2 regidores y m\u00e1s dirigentes del PLD, PRM y otras organizaciones en San Crist\u00f3bal","author":"Nelson Feliz","date":"21 de julio de 2025","format":false,"excerpt":"En un acto multitudinario celebrado este domingo 20 de julio en el Club Deportivo Ciro P\u00e9rez, el presidente de la Fuerza del Pueblo (FP), Leonel Fern\u00e1ndez, jurament\u00f3 a dos regidores y decenas de dirigentes provenientes del Partido de la Liberaci\u00f3n Dominicana (PLD), del Partido Revolucionario Moderno (PRM) y de otras\u2026","rel":"","context":"En \u00abPOLITICA\u00bb","block_context":{"text":"POLITICA","link":"https:\/\/lasprimeras.com.do\/index.php\/category\/politica\/"},"img":{"alt_text":"Leonel Fern\u00e1ndez","src":"https:\/\/i0.wp.com\/lasprimeras.com.do\/wp-content\/uploads\/2025\/07\/Leonel-Fernandez-4.jpg?resize=350%2C200&ssl=1","width":350,"height":200,"srcset":"https:\/\/i0.wp.com\/lasprimeras.com.do\/wp-content\/uploads\/2025\/07\/Leonel-Fernandez-4.jpg?resize=350%2C200&ssl=1 1x, https:\/\/i0.wp.com\/lasprimeras.com.do\/wp-content\/uploads\/2025\/07\/Leonel-Fernandez-4.jpg?resize=525%2C300&ssl=1 1.5x, https:\/\/i0.wp.com\/lasprimeras.com.do\/wp-content\/uploads\/2025\/07\/Leonel-Fernandez-4.jpg?resize=700%2C400&ssl=1 2x"},"classes":[]},{"id":115603,"url":"https:\/\/lasprimeras.com.do\/index.php\/2025\/11\/24\/regidor-del-pld-y-dirigentes-del-prm-se-juramentan-en-la-fuerza-del-pueblo\/","url_meta":{"origin":128883,"position":1},"title":"Regidor del PLD y dirigentes del PRM se juramentan en la Fuerza del Pueblo","author":"Nelson Feliz","date":"24 de noviembre de 2025","format":false,"excerpt":"En un acto encabezado por Radham\u00e9s Jim\u00e9nez Pe\u00f1a, l\u00edderes comunitarios, pastores y exdirigentes de varios partidos pol\u00edticos oficializaron su paso a las filas de la Fuerza del Pueblo. En una muestra de reconfiguraci\u00f3n pol\u00edtica en Santo Domingo Norte, un importante grupo de dirigentes y l\u00edderes comunitarios de distintas fuerzas pol\u00edticas\u2026","rel":"","context":"En \u00abPOLITICA\u00bb","block_context":{"text":"POLITICA","link":"https:\/\/lasprimeras.com.do\/index.php\/category\/politica\/"},"img":{"alt_text":"Radham\u00e9s Jim\u00e9nez Pe\u00f1a","src":"https:\/\/i0.wp.com\/lasprimeras.com.do\/wp-content\/uploads\/2025\/11\/Radhames-Jimenez-Pena-1.jpg?resize=350%2C200&ssl=1","width":350,"height":200,"srcset":"https:\/\/i0.wp.com\/lasprimeras.com.do\/wp-content\/uploads\/2025\/11\/Radhames-Jimenez-Pena-1.jpg?resize=350%2C200&ssl=1 1x, https:\/\/i0.wp.com\/lasprimeras.com.do\/wp-content\/uploads\/2025\/11\/Radhames-Jimenez-Pena-1.jpg?resize=525%2C300&ssl=1 1.5x, https:\/\/i0.wp.com\/lasprimeras.com.do\/wp-content\/uploads\/2025\/11\/Radhames-Jimenez-Pena-1.jpg?resize=700%2C400&ssl=1 2x"},"classes":[]},{"id":106464,"url":"https:\/\/lasprimeras.com.do\/index.php\/2025\/08\/15\/regidor-del-prm-se-une-a-la-fuerza-del-pueblo-y-es-juramentado-por-leonel-fernandez\/","url_meta":{"origin":128883,"position":2},"title":"Regidor del PRM se une a la Fuerza del Pueblo y es juramentado por Leonel Fern\u00e1ndez","author":"Nelson Feliz","date":"15 de agosto de 2025","format":false,"excerpt":"En el marco de su visita a la Ciudad Coraz\u00f3n, el presidente del partido Fuerza del Pueblo (FP), Leonel Fern\u00e1ndez, jurament\u00f3 al regidor del Partido Revolucionario Moderno (PRM) de Hatillo Palma, provincia Montecristi, Dany Torres, quien formaliz\u00f3 su ingreso a las filas de la organizaci\u00f3n pol\u00edtica liderada por el exmandatario.\u2026","rel":"","context":"En \u00abPOLITICA\u00bb","block_context":{"text":"POLITICA","link":"https:\/\/lasprimeras.com.do\/index.php\/category\/politica\/"},"img":{"alt_text":"","src":"https:\/\/i0.wp.com\/lasprimeras.com.do\/wp-content\/uploads\/2025\/08\/Dany-Torres.jpg?resize=350%2C200&ssl=1","width":350,"height":200,"srcset":"https:\/\/i0.wp.com\/lasprimeras.com.do\/wp-content\/uploads\/2025\/08\/Dany-Torres.jpg?resize=350%2C200&ssl=1 1x, https:\/\/i0.wp.com\/lasprimeras.com.do\/wp-content\/uploads\/2025\/08\/Dany-Torres.jpg?resize=525%2C300&ssl=1 1.5x, https:\/\/i0.wp.com\/lasprimeras.com.do\/wp-content\/uploads\/2025\/08\/Dany-Torres.jpg?resize=700%2C400&ssl=1 2x"},"classes":[]},{"id":128590,"url":"https:\/\/lasprimeras.com.do\/index.php\/2026\/04\/24\/giancarlos-vega-asume-presidencia-concejo-de-regidores-adn\/","url_meta":{"origin":128883,"position":3},"title":"Giancarlos Vega asume presidencia Concejo de Regidores ADN","author":"Nelson Feliz","date":"24 de abril de 2026","format":false,"excerpt":"Llama a trabajar por una ciudad m\u00e1s ordenada, justa y planificada El regidor Giancarlos Vega fue electo como nuevo presidente del Concejo de Regidores del Distrito Nacional para el per\u00edodo 2026-2027, durante una sesi\u00f3n extraordinaria en la que exhort\u00f3 a sus colegas a trabajar de manera conjunta por una ciudad\u2026","rel":"","context":"En \u00abPOLITICA\u00bb","block_context":{"text":"POLITICA","link":"https:\/\/lasprimeras.com.do\/index.php\/category\/politica\/"},"img":{"alt_text":"Giancarlos Vega","src":"https:\/\/i0.wp.com\/lasprimeras.com.do\/wp-content\/uploads\/2026\/04\/Giancarlos-Vega.jpg?resize=350%2C200&ssl=1","width":350,"height":200,"srcset":"https:\/\/i0.wp.com\/lasprimeras.com.do\/wp-content\/uploads\/2026\/04\/Giancarlos-Vega.jpg?resize=350%2C200&ssl=1 1x, https:\/\/i0.wp.com\/lasprimeras.com.do\/wp-content\/uploads\/2026\/04\/Giancarlos-Vega.jpg?resize=525%2C300&ssl=1 1.5x, https:\/\/i0.wp.com\/lasprimeras.com.do\/wp-content\/uploads\/2026\/04\/Giancarlos-Vega.jpg?resize=700%2C400&ssl=1 2x"},"classes":[]},{"id":103952,"url":"https:\/\/lasprimeras.com.do\/index.php\/2025\/07\/20\/leonel-fernandez-acusa-al-gobierno-del-prm-de-hacer-retroceder-al-pais-al-siglo-xix\/","url_meta":{"origin":128883,"position":4},"title":"Leonel Fern\u00e1ndez acusa al gobierno del PRM de hacer retroceder al pa\u00eds al siglo XIX","author":"Nelson Feliz","date":"20 de julio de 2025","format":false,"excerpt":"El expresidente dominicano y l\u00edder del partido Fuerza del Pueblo (FP), Leonel Fern\u00e1ndez, arremeti\u00f3 este domingo contra la gesti\u00f3n del Partido Revolucionario Moderno (PRM), asegurando que el pa\u00eds \u201cha retrocedido al siglo XIX\u201d bajo la actual administraci\u00f3n. Las declaraciones fueron ofrecidas durante un acto de juramentaci\u00f3n de nuevos dirigentes que\u2026","rel":"","context":"En \u00abPOLITICA\u00bb","block_context":{"text":"POLITICA","link":"https:\/\/lasprimeras.com.do\/index.php\/category\/politica\/"},"img":{"alt_text":"","src":"https:\/\/i0.wp.com\/lasprimeras.com.do\/wp-content\/uploads\/2025\/07\/leonel-4.jpg?resize=350%2C200&ssl=1","width":350,"height":200,"srcset":"https:\/\/i0.wp.com\/lasprimeras.com.do\/wp-content\/uploads\/2025\/07\/leonel-4.jpg?resize=350%2C200&ssl=1 1x, https:\/\/i0.wp.com\/lasprimeras.com.do\/wp-content\/uploads\/2025\/07\/leonel-4.jpg?resize=525%2C300&ssl=1 1.5x, https:\/\/i0.wp.com\/lasprimeras.com.do\/wp-content\/uploads\/2025\/07\/leonel-4.jpg?resize=700%2C400&ssl=1 2x"},"classes":[]},{"id":104714,"url":"https:\/\/lasprimeras.com.do\/index.php\/2025\/07\/26\/leonel-juramenta-un-regidor-un-vocal-varios-presidentes-de-intermedio-y-mas-dirigentes-del-pld\/","url_meta":{"origin":128883,"position":5},"title":"Leonel juramenta un regidor, un vocal, varios presidentes de intermedio y m\u00e1s dirigentes del PLD","author":"Nelson Feliz","date":"26 de julio de 2025","format":false,"excerpt":"El partido Fuerza del Pueblo (FP) continu\u00f3 el proceso de incorporaci\u00f3n de nuevos militantes a sus filas. Cientos de personas de los diferentes municipios de la provincia Peravia, pertenecientes al PLD y a otras organizaciones, fueron juramentadas por el presidente y l\u00edder de esta organizaci\u00f3n opositora, Leonel Fern\u00e1ndez. Entre los\u2026","rel":"","context":"En \u00abPOLITICA\u00bb","block_context":{"text":"POLITICA","link":"https:\/\/lasprimeras.com.do\/index.php\/category\/politica\/"},"img":{"alt_text":"","src":"https:\/\/i0.wp.com\/lasprimeras.com.do\/wp-content\/uploads\/2025\/07\/Leonel.jpg?resize=350%2C200&ssl=1","width":350,"height":200,"srcset":"https:\/\/i0.wp.com\/lasprimeras.com.do\/wp-content\/uploads\/2025\/07\/Leonel.jpg?resize=350%2C200&ssl=1 1x, https:\/\/i0.wp.com\/lasprimeras.com.do\/wp-content\/uploads\/2025\/07\/Leonel.jpg?resize=525%2C300&ssl=1 1.5x, https:\/\/i0.wp.com\/lasprimeras.com.do\/wp-content\/uploads\/2025\/07\/Leonel.jpg?resize=700%2C400&ssl=1 2x"},"classes":[]}],"jetpack_sharing_enabled":true,"_links":{"self":[{"href":"https:\/\/lasprimeras.com.do\/index.php\/wp-json\/wp\/v2\/posts\/128883","targetHints":{"allow":["GET"]}}],"collection":[{"href":"https:\/\/lasprimeras.com.do\/index.php\/wp-json\/wp\/v2\/posts"}],"about":[{"href":"https:\/\/lasprimeras.com.do\/index.php\/wp-json\/wp\/v2\/types\/post"}],"author":[{"embeddable":true,"href":"https:\/\/lasprimeras.com.do\/index.php\/wp-json\/wp\/v2\/users\/10"}],"replies":[{"embeddable":true,"href":"https:\/\/lasprimeras.com.do\/index.php\/wp-json\/wp\/v2\/comments?post=128883"}],"version-history":[{"count":1,"href":"https:\/\/lasprimeras.com.do\/index.php\/wp-json\/wp\/v2\/posts\/128883\/revisions"}],"predecessor-version":[{"id":128885,"href":"https:\/\/lasprimeras.com.do\/index.php\/wp-json\/wp\/v2\/posts\/128883\/revisions\/128885"}],"wp:featuredmedia":[{"embeddable":true,"href":"https:\/\/lasprimeras.com.do\/index.php\/wp-json\/wp\/v2\/media\/128884"}],"wp:attachment":[{"href":"https:\/\/lasprimeras.com.do\/index.php\/wp-json\/wp\/v2\/media?parent=128883"}],"wp:term":[{"taxonomy":"category","embeddable":true,"href":"https:\/\/lasprimeras.com.do\/index.php\/wp-json\/wp\/v2\/categories?post=128883"},{"taxonomy":"post_tag","embeddable":true,"href":"https:\/\/lasprimeras.com.do\/index.php\/wp-json\/wp\/v2\/tags?post=128883"}],"curies":[{"name":"wp","href":"https:\/\/api.w.org\/{rel}","templated":true}]}}