{"id":128886,"date":"2026-04-27T22:11:27","date_gmt":"2026-04-28T02:11:27","guid":{"rendered":"https:\/\/lasprimeras.com.do\/?p=128886"},"modified":"2026-04-27T22:11:29","modified_gmt":"2026-04-28T02:11:29","slug":"pn-participa-en-caminata-por-inclusion-social-en-san-cristobal","status":"publish","type":"post","link":"https:\/\/lasprimeras.com.do\/index.php\/2026\/04\/27\/pn-participa-en-caminata-por-inclusion-social-en-san-cristobal\/","title":{"rendered":"PN participa en caminata por inclusi\u00f3n social en San Crist\u00f3bal"},"content":{"rendered":"\n<p>El Director Regional San Crist\u00f3bal de la Polic\u00eda Nacional, General Eduardo Ant. Escalante Alc\u00e1ntara, particip\u00f3 en el d\u00eda de hoy en la Cuarta Caminata por el Autismo y la Inclusi\u00f3n Social, desarrollada en el Parque Radhames.<\/p>\n\n\n\n<p>Esta significativa actividad fue organizada por la Fundaci\u00f3n Integral Autismo e Inclusi\u00f3n Social (FAIAS), con el objetivo de fomentar la conciencia ciudadana, el respeto y la integraci\u00f3n de las personas dentro del espectro autista, promoviendo valores fundamentales para la convivencia armoniosa.<\/p>\n\n\n\n<p>La presencia del alto oficial reafirma el inter\u00e9s de la instituci\u00f3n del orden en fortalecer los v\u00ednculos con la comunidad, participando activamente en iniciativas que impactan de manera positiva en la sociedad y contribuyen a la construcci\u00f3n de entornos m\u00e1s inclusivos.<\/p>\n\n\n\n<p>En el evento tambi\u00e9n estuvieron presentes la gobernadora provincial, Lic. Pura Casilla, y el alcalde Nelson de la Rosa, junto a comerciantes, empresarios y representantes de diversos sectores, quienes respaldaron esta importante causa social.<\/p>\n\n\n\n<p>La Polic\u00eda Nacional contin\u00faa demostrando su compromiso con la ciudadan\u00eda, impulsando acciones que promueven la inclusi\u00f3n, el respeto y la solidaridad, reafirmando que el trabajo conjunto es clave para el desarrollo de una provincia m\u00e1s justa y humana.<\/p>\n","protected":false},"excerpt":{"rendered":"<p>El Director Regional San Crist\u00f3bal de la Polic\u00eda Nacional, General Eduardo Ant. Escalante Alc\u00e1ntara, particip\u00f3 en el d\u00eda de hoy en la Cuarta Caminata por el Autismo y la Inclusi\u00f3n&hellip;<\/p>\n","protected":false},"author":10,"featured_media":128887,"comment_status":"open","ping_status":"open","sticky":false,"template":"","format":"standard","meta":{"content-type":"","jetpack_post_was_ever_published":false,"_jetpack_newsletter_access":"","_jetpack_dont_email_post_to_subs":false,"_jetpack_newsletter_tier_id":0,"_jetpack_memberships_contains_paywalled_content":false,"_jetpack_memberships_contains_paid_content":false,"footnotes":""},"categories":[3057],"tags":[15977,10912,477,651],"class_list":["post-128886","post","type-post","status-publish","format-standard","has-post-thumbnail","hentry","category-militares","tag-caminata","tag-inclusion-social","tag-pn","tag-san-cristobal"],"jetpack_featured_media_url":"https:\/\/lasprimeras.com.do\/wp-content\/uploads\/2026\/04\/Policia-Nacional.jpg","jetpack-related-posts":[{"id":127360,"url":"https:\/\/lasprimeras.com.do\/index.php\/2026\/04\/10\/fard-promueven-inclusion-y-sensibilizacion-sobre-el-autismo-con-la-caminata-un-paseo-azul\/","url_meta":{"origin":128886,"position":0},"title":"FARD promueven inclusi\u00f3n y sensibilizaci\u00f3n sobre el autismo con la caminata \u201cUn Paseo Azul\u201d","author":"Nelson Feliz","date":"10 de abril de 2026","format":false,"excerpt":"En el marco de la conmemoraci\u00f3n del D\u00eda Mundial del Trastorno del Espectro Autista (TEA), la Asociaci\u00f3n Dominicana de Esposas de Oficiales de las Fuerzas Armadas (ADEOFA), en coordinaci\u00f3n con los Centros de Atenci\u00f3n Integral de las Fuerzas Armadas, el Ej\u00e9rcito y la Armada de Rep\u00fablica Dominicana, desarroll\u00f3 una jornada\u2026","rel":"","context":"En \u00abNACIONALES\u00bb","block_context":{"text":"NACIONALES","link":"https:\/\/lasprimeras.com.do\/index.php\/category\/nacionales\/"},"img":{"alt_text":"Un Paseo Azul","src":"https:\/\/i0.wp.com\/lasprimeras.com.do\/wp-content\/uploads\/2026\/04\/Un-Paseo-Azul-1.jpg?resize=350%2C200&ssl=1","width":350,"height":200,"srcset":"https:\/\/i0.wp.com\/lasprimeras.com.do\/wp-content\/uploads\/2026\/04\/Un-Paseo-Azul-1.jpg?resize=350%2C200&ssl=1 1x, https:\/\/i0.wp.com\/lasprimeras.com.do\/wp-content\/uploads\/2026\/04\/Un-Paseo-Azul-1.jpg?resize=525%2C300&ssl=1 1.5x, https:\/\/i0.wp.com\/lasprimeras.com.do\/wp-content\/uploads\/2026\/04\/Un-Paseo-Azul-1.jpg?resize=700%2C400&ssl=1 2x"},"classes":[]},{"id":53381,"url":"https:\/\/lasprimeras.com.do\/index.php\/2022\/06\/25\/cientos-de-personas-marchan-en-favor-del-autismo-piden-autoridades-hacer-suyos-reclamos\/","url_meta":{"origin":128886,"position":1},"title":"Cientos de personas marchan en favor del autismo; piden autoridades hacer suyos reclamos","author":"Nelson Feliz","date":"25 de junio de 2022","format":false,"excerpt":"Ciento de personas y entidades se unieron ayer a la marcha de la Fundaci\u00f3n Damas de Negro, la cual reclama la aplicaci\u00f3n de la Ley 05-13, que ampara y garantiza la igualdad de derechos y la equiparaci\u00f3n de oportunidades a todas las personas con discapacidad. El defensor del Pueblo, Pablo\u2026","rel":"","context":"En \u00abNACIONALES\u00bb","block_context":{"text":"NACIONALES","link":"https:\/\/lasprimeras.com.do\/index.php\/category\/nacionales\/"},"img":{"alt_text":"Ciento de personas y entidades se unieron ayer a la marcha de la Fundaci\u00f3n Damas de Negro","src":"https:\/\/i0.wp.com\/lasprimeras.com.do\/wp-content\/uploads\/2023\/06\/ENTIDADES.jpg?resize=350%2C200&ssl=1","width":350,"height":200,"srcset":"https:\/\/i0.wp.com\/lasprimeras.com.do\/wp-content\/uploads\/2023\/06\/ENTIDADES.jpg?resize=350%2C200&ssl=1 1x, https:\/\/i0.wp.com\/lasprimeras.com.do\/wp-content\/uploads\/2023\/06\/ENTIDADES.jpg?resize=525%2C300&ssl=1 1.5x, https:\/\/i0.wp.com\/lasprimeras.com.do\/wp-content\/uploads\/2023\/06\/ENTIDADES.jpg?resize=700%2C400&ssl=1 2x"},"classes":[]},{"id":120840,"url":"https:\/\/lasprimeras.com.do\/index.php\/2026\/01\/28\/miss-universo-rd-uasd-y-azul-podcast-se-unen-en-foro-educativo-por-el-autismo\/","url_meta":{"origin":128886,"position":2},"title":"Miss Universo RD, UASD y Azul Podcast se unen en foro educativo por el autismo","author":"Nelson Feliz","date":"28 de enero de 2026","format":false,"excerpt":"La organizaci\u00f3n Miss Rep\u00fablica Dominicana Universo, la Universidad Aut\u00f3noma de Santo Domingo (UASD) y Azul Podcast anuncian la visita al pa\u00eds de Miss Universe 2025, F\u00e1tima Bosch quien es una mujer Neuro divergente, es parte de una agenda enfocada en la concienciaci\u00f3n sobre el autismo y otros trastornos del neurodesarrollo.\u2026","rel":"","context":"En \u00abSALUD\u00bb","block_context":{"text":"SALUD","link":"https:\/\/lasprimeras.com.do\/index.php\/category\/salud\/"},"img":{"alt_text":"F\u00e1tima Bosch","src":"https:\/\/i0.wp.com\/lasprimeras.com.do\/wp-content\/uploads\/2026\/01\/Fatima-Bosch.jpg?resize=350%2C200&ssl=1","width":350,"height":200,"srcset":"https:\/\/i0.wp.com\/lasprimeras.com.do\/wp-content\/uploads\/2026\/01\/Fatima-Bosch.jpg?resize=350%2C200&ssl=1 1x, https:\/\/i0.wp.com\/lasprimeras.com.do\/wp-content\/uploads\/2026\/01\/Fatima-Bosch.jpg?resize=525%2C300&ssl=1 1.5x, https:\/\/i0.wp.com\/lasprimeras.com.do\/wp-content\/uploads\/2026\/01\/Fatima-Bosch.jpg?resize=700%2C400&ssl=1 2x"},"classes":[]},{"id":101083,"url":"https:\/\/lasprimeras.com.do\/index.php\/2025\/06\/15\/iniciativas-ejecutadas-por-senasa-beneficiado-a-mas-de-medio-millon-de-personas\/","url_meta":{"origin":128886,"position":3},"title":"Iniciativas ejecutadas por SeNaSa beneficiado a m\u00e1s de medio mill\u00f3n de personas","author":"Nelson Feliz","date":"15 de junio de 2025","format":false,"excerpt":"El Seguro Nacional de Salud (SeNaSa) ha desarrollado m\u00e1s de 70 acciones, las cuales abarcan desde las \u00e1reas sociales, ambientales, educativas y de salud en todo el pa\u00eds desde 2020, impactando de forma directa a m\u00e1s de medio mill\u00f3n de personas como parte de la responsabilidad institucional que se viene\u2026","rel":"","context":"En \u00abNACIONALES\u00bb","block_context":{"text":"NACIONALES","link":"https:\/\/lasprimeras.com.do\/index.php\/category\/nacionales\/"},"img":{"alt_text":"","src":"https:\/\/i0.wp.com\/lasprimeras.com.do\/wp-content\/uploads\/2025\/06\/senasa.jpg?resize=350%2C200&ssl=1","width":350,"height":200,"srcset":"https:\/\/i0.wp.com\/lasprimeras.com.do\/wp-content\/uploads\/2025\/06\/senasa.jpg?resize=350%2C200&ssl=1 1x, https:\/\/i0.wp.com\/lasprimeras.com.do\/wp-content\/uploads\/2025\/06\/senasa.jpg?resize=525%2C300&ssl=1 1.5x, https:\/\/i0.wp.com\/lasprimeras.com.do\/wp-content\/uploads\/2025\/06\/senasa.jpg?resize=700%2C400&ssl=1 2x"},"classes":[]},{"id":122648,"url":"https:\/\/lasprimeras.com.do\/index.php\/2026\/02\/20\/correr-5k-y-10k-por-la-vida-y-la-inclusion-en-favor-de-los-ninos-con-sindrome-de-down\/","url_meta":{"origin":128886,"position":4},"title":"Correr 5K y 10K por la vida y la inclusi\u00f3n en favor de los ni\u00f1os con s\u00edndrome de Down","author":"Nelson Feliz","date":"20 de febrero de 2026","format":false,"excerpt":"M\u00e1s que una competencia deportiva, la Carrera Nutrihealth 5K y 10K regresa en su segunda edici\u00f3n como un espacio de esperanza, solidaridad y compromiso social, promoviendo la actividad f\u00edsica, el bienestar integral y el apoyo a ni\u00f1os con s\u00edndrome de Down. El evento se realizar\u00e1 el 23 de mayo, a\u2026","rel":"","context":"En \u00abDEPORTES\u00bb","block_context":{"text":"DEPORTES","link":"https:\/\/lasprimeras.com.do\/index.php\/category\/deportes\/"},"img":{"alt_text":"","src":"https:\/\/i0.wp.com\/lasprimeras.com.do\/wp-content\/uploads\/2026\/02\/corre.jpg?resize=350%2C200&ssl=1","width":350,"height":200,"srcset":"https:\/\/i0.wp.com\/lasprimeras.com.do\/wp-content\/uploads\/2026\/02\/corre.jpg?resize=350%2C200&ssl=1 1x, https:\/\/i0.wp.com\/lasprimeras.com.do\/wp-content\/uploads\/2026\/02\/corre.jpg?resize=525%2C300&ssl=1 1.5x, https:\/\/i0.wp.com\/lasprimeras.com.do\/wp-content\/uploads\/2026\/02\/corre.jpg?resize=700%2C400&ssl=1 2x"},"classes":[]},{"id":49336,"url":"https:\/\/lasprimeras.com.do\/index.php\/2023\/05\/10\/precandidata-a-la-alcaldia-de-sde-apoya-congreso-sobre-autismo\/","url_meta":{"origin":128886,"position":5},"title":"Precandidata a la alcald\u00eda de SDE apoya Congreso sobre Autismo","author":"prenxa100","date":"10 de mayo de 2023","format":false,"excerpt":"Santo Domingo Este.-. La precandidata a la Alcald\u00eda de Santo Domingo Este por la Fuerza del Pueblo, Leandra Acosta, anunci\u00f3 su respaldo al Primer Congreso sobre el Trastorno del Espectro del Autismo que fue celebrado recientemente en la biblioteca Pedro Mir de la Universidad Aut\u00f3noma de Santo Domingo, con el\u2026","rel":"","context":"En \u00abPORTADA\u00bb","block_context":{"text":"PORTADA","link":"https:\/\/lasprimeras.com.do\/index.php\/category\/portada\/"},"img":{"alt_text":"","src":"","width":0,"height":0},"classes":[]}],"jetpack_sharing_enabled":true,"_links":{"self":[{"href":"https:\/\/lasprimeras.com.do\/index.php\/wp-json\/wp\/v2\/posts\/128886","targetHints":{"allow":["GET"]}}],"collection":[{"href":"https:\/\/lasprimeras.com.do\/index.php\/wp-json\/wp\/v2\/posts"}],"about":[{"href":"https:\/\/lasprimeras.com.do\/index.php\/wp-json\/wp\/v2\/types\/post"}],"author":[{"embeddable":true,"href":"https:\/\/lasprimeras.com.do\/index.php\/wp-json\/wp\/v2\/users\/10"}],"replies":[{"embeddable":true,"href":"https:\/\/lasprimeras.com.do\/index.php\/wp-json\/wp\/v2\/comments?post=128886"}],"version-history":[{"count":1,"href":"https:\/\/lasprimeras.com.do\/index.php\/wp-json\/wp\/v2\/posts\/128886\/revisions"}],"predecessor-version":[{"id":128888,"href":"https:\/\/lasprimeras.com.do\/index.php\/wp-json\/wp\/v2\/posts\/128886\/revisions\/128888"}],"wp:featuredmedia":[{"embeddable":true,"href":"https:\/\/lasprimeras.com.do\/index.php\/wp-json\/wp\/v2\/media\/128887"}],"wp:attachment":[{"href":"https:\/\/lasprimeras.com.do\/index.php\/wp-json\/wp\/v2\/media?parent=128886"}],"wp:term":[{"taxonomy":"category","embeddable":true,"href":"https:\/\/lasprimeras.com.do\/index.php\/wp-json\/wp\/v2\/categories?post=128886"},{"taxonomy":"post_tag","embeddable":true,"href":"https:\/\/lasprimeras.com.do\/index.php\/wp-json\/wp\/v2\/tags?post=128886"}],"curies":[{"name":"wp","href":"https:\/\/api.w.org\/{rel}","templated":true}]}}