{"id":128892,"date":"2026-04-27T23:41:46","date_gmt":"2026-04-28T03:41:46","guid":{"rendered":"https:\/\/lasprimeras.com.do\/?p=128892"},"modified":"2026-04-27T23:41:48","modified_gmt":"2026-04-28T03:41:48","slug":"abogado-de-la-familia-espaillat-agrede-a-padre-de-victima-y-acusa-a-familiares-de-querer-vender-a-sus-muertos","status":"publish","type":"post","link":"https:\/\/lasprimeras.com.do\/index.php\/2026\/04\/27\/abogado-de-la-familia-espaillat-agrede-a-padre-de-victima-y-acusa-a-familiares-de-querer-vender-a-sus-muertos\/","title":{"rendered":"Abogado de la familia Espaillat agrede a padre de v\u00edctima y acusa a familiares de &#8220;querer vender a sus muertos&#8221;"},"content":{"rendered":"\n<p>En un incidente que calde\u00f3 los \u00e1nimos en el Palacio de Justicia del Distrito Nacional, el abogado y comunicador Jhossan Capell agredi\u00f3 f\u00edsicamente a Jos\u00e9 Luis Custodio, padre de una de las v\u00edctimas de la tragedia ocurrida en la discoteca Jet Set. El altercado se produjo durante la audiencia preliminar que conoce el juez Raymundo Mej\u00eda contra los empresarios Antonio y Maribel Espaillat.<\/p>\n\n\n\n<p>La agresi\u00f3n, consistente en una bofetada, ocurri\u00f3 luego de que Custodio llamara &#8220;asesinos&#8221; a los imputados. Capell, quien defiende y respalda p\u00fablicamente a los Espaillat, reaccion\u00f3 de forma violenta ante el reclamo del afectado.<\/p>\n\n\n\n<p><strong>Duras acusaciones contra familiares<\/strong><\/p>\n\n\n\n<p>Tras el incidente, el profesional del derecho denunci\u00f3 que algunos familiares de los fallecidos asisten a las audiencias con el supuesto prop\u00f3sito de &#8220;vender a sus muertos&#8221;.<\/p>\n\n\n\n<p>Capell defendi\u00f3 la honorabilidad de figuras como Eduardo Estrella y Melba Segura de Grull\u00f3n, se\u00f1alando que su ausencia en los tribunales se debe a su integridad, a diferencia de otros querellantes.<\/p>\n\n\n\n<p>&#8220;Este pa\u00eds debe ser cuidado por el Dios de los Espaillat&#8221;, afirm\u00f3 el jurista, sugiriendo que la ausencia de Antonio Espaillat la noche del evento fue un hecho providencial.<\/p>\n\n\n\n<p>Sostuvo que los acusados son inocentes y que lo que se vive en la fiscal\u00eda es una &#8220;presi\u00f3n social&#8221; injustificada contra la pareja, asegurando que Maribel Espaillat se encontraba dentro del establecimiento al momento del colapso.<\/p>\n\n\n\n<p><strong>Contexto de la tragedia<\/strong><\/p>\n\n\n\n<p>Antonio y Maribel Espaillat enfrentan cargos por asociaci\u00f3n de malhechores y homicidio involuntario.<\/p>\n\n\n\n<p>El proceso judicial surge tras el desplome del techo de la discoteca Jet Set el pasado 8 de abril de 2025, siniestro que cobr\u00f3 la vida de 236 personas y dej\u00f3 a m\u00e1s de cien heridos. Seg\u00fan la defensa, si Antonio Espaillat hubiese estado en la mesa que cedi\u00f3 al hijo de Eduardo Estrella, &#8220;el destino tambi\u00e9n se lo habr\u00eda llevado&#8221;.<\/p>\n\n\n\n<p><a href=\"https:\/\/www.facebook.com\/reel\/1691897708493643\">https:\/\/www.facebook.com\/reel\/1691897708493643<\/a><\/p>\n","protected":false},"excerpt":{"rendered":"<p>En un incidente que calde\u00f3 los \u00e1nimos en el Palacio de Justicia del Distrito Nacional, el abogado y comunicador Jhossan Capell agredi\u00f3 f\u00edsicamente a Jos\u00e9 Luis Custodio, padre de una&hellip;<\/p>\n","protected":false},"author":10,"featured_media":128894,"comment_status":"open","ping_status":"open","sticky":false,"template":"","format":"standard","meta":{"content-type":"","jetpack_post_was_ever_published":false,"_jetpack_newsletter_access":"","_jetpack_dont_email_post_to_subs":false,"_jetpack_newsletter_tier_id":0,"_jetpack_memberships_contains_paywalled_content":false,"_jetpack_memberships_contains_paid_content":false,"footnotes":""},"categories":[35],"tags":[32748,30938,6446,2034],"class_list":["post-128892","post","type-post","status-publish","format-standard","has-post-thumbnail","hentry","category-nacionales","tag-bofetada","tag-jhossan-capell","tag-padre","tag-victimas"],"jetpack_featured_media_url":"https:\/\/lasprimeras.com.do\/wp-content\/uploads\/2026\/04\/capell.jpg","jetpack-related-posts":[{"id":95424,"url":"https:\/\/lasprimeras.com.do\/index.php\/2025\/03\/13\/padre-e-hija-son-envenenados-en-hato-viejo-jarabacoa\/","url_meta":{"origin":128892,"position":0},"title":"Padre e hija son envenenados en Hato Viejo, Jarabacoa","author":"Nelson Feliz","date":"13 de marzo de 2025","format":false,"excerpt":"Padre fallece y joven sigue en estado delicado. POR-JAIRO CAPELLAN Un tr\u00e1gico suceso ha sacudido en la comunidad de Hato Viejo, urbanizaci\u00f3n Jaquelin, en Jarabacoa, donde un padre y su hija fueron envenenados, seg\u00fan informaciones preliminares. Juli\u00e1n Capell\u00e1n falleci\u00f3 mientras recib\u00eda atenciones m\u00e9dicas tras haber ingerido alimentos presuntamente contaminados con\u2026","rel":"","context":"En \u00abNACIONALES\u00bb","block_context":{"text":"NACIONALES","link":"https:\/\/lasprimeras.com.do\/index.php\/category\/nacionales\/"},"img":{"alt_text":"","src":"https:\/\/i0.wp.com\/lasprimeras.com.do\/wp-content\/uploads\/2025\/03\/Veneno-6.jpg?resize=350%2C200&ssl=1","width":350,"height":200,"srcset":"https:\/\/i0.wp.com\/lasprimeras.com.do\/wp-content\/uploads\/2025\/03\/Veneno-6.jpg?resize=350%2C200&ssl=1 1x, https:\/\/i0.wp.com\/lasprimeras.com.do\/wp-content\/uploads\/2025\/03\/Veneno-6.jpg?resize=525%2C300&ssl=1 1.5x, https:\/\/i0.wp.com\/lasprimeras.com.do\/wp-content\/uploads\/2025\/03\/Veneno-6.jpg?resize=700%2C400&ssl=1 2x, https:\/\/i0.wp.com\/lasprimeras.com.do\/wp-content\/uploads\/2025\/03\/Veneno-6.jpg?resize=1050%2C600&ssl=1 3x, https:\/\/i0.wp.com\/lasprimeras.com.do\/wp-content\/uploads\/2025\/03\/Veneno-6.jpg?resize=1400%2C800&ssl=1 4x"},"classes":[]},{"id":101377,"url":"https:\/\/lasprimeras.com.do\/index.php\/2025\/06\/20\/el-2-de-mayo-la-familia-espaillat-firmo-el-primer-acuerdo-economico-con-victimas-del-jet-set\/","url_meta":{"origin":128892,"position":1},"title":"El 2 de mayo la familia Espaillat firm\u00f3 el primer acuerdo econ\u00f3mico con v\u00edctimas del Jet Set","author":"Nelson Feliz","date":"20 de junio de 2025","format":false,"excerpt":"Se trata de una ayuda econ\u00f3mica orientada a \"cubrir gastos m\u00e9dicos, personales y cualquier otro tipo de da\u00f1o derivado del incidente\". Mediante un comunicado, los abogados de la familia Espaillat informaron el jueves que se han firmado 40 \"acuerdos de compensaci\u00f3n econ\u00f3mica y apoyo humano\" con las personas heridas y\u2026","rel":"","context":"En \u00abJUSTICIA\u00bb","block_context":{"text":"JUSTICIA","link":"https:\/\/lasprimeras.com.do\/index.php\/category\/justicia\/"},"img":{"alt_text":"","src":"https:\/\/i0.wp.com\/lasprimeras.com.do\/wp-content\/uploads\/2025\/06\/Antonio-Espaillat.jpeg?resize=350%2C200&ssl=1","width":350,"height":200,"srcset":"https:\/\/i0.wp.com\/lasprimeras.com.do\/wp-content\/uploads\/2025\/06\/Antonio-Espaillat.jpeg?resize=350%2C200&ssl=1 1x, https:\/\/i0.wp.com\/lasprimeras.com.do\/wp-content\/uploads\/2025\/06\/Antonio-Espaillat.jpeg?resize=525%2C300&ssl=1 1.5x, https:\/\/i0.wp.com\/lasprimeras.com.do\/wp-content\/uploads\/2025\/06\/Antonio-Espaillat.jpeg?resize=700%2C400&ssl=1 2x"},"classes":[]},{"id":101340,"url":"https:\/\/lasprimeras.com.do\/index.php\/2025\/06\/20\/espaillat-asegura-no-temer-tras-asesinato-de-legisladora-en-minnesota-y-ataques-a-funcionarios-en-ee-uu\/","url_meta":{"origin":128892,"position":2},"title":"Espaillat asegura no temer tras asesinato de legisladora en Minnesota y ataques a funcionarios en EE.UU.","author":"Nelson Feliz","date":"20 de junio de 2025","format":false,"excerpt":"https:\/\/www.youtube.com\/watch?v=WvBgyilbevM Por Ram\u00f3n Mercedes NUEVA YORK.- Ante el hallazgo de una lista con nombres de legisladores y funcionarios en poder de Vance Boelter, de 57 a\u00f1os -sospechoso de asesinar a tiros a la representante estatal dem\u00f3crata de Minnesota Melissa Hortman y a su esposo, as\u00ed como de herir al senador\u2026","rel":"","context":"En \u00abINTERNACIONALES\u00bb","block_context":{"text":"INTERNACIONALES","link":"https:\/\/lasprimeras.com.do\/index.php\/category\/sin-categoria\/internacionales\/"},"img":{"alt_text":"Congresista Espaillat asegura no temer tras asesinato de legisladora en Minnesota y ataques a funcionarios en EE. UU.","src":"https:\/\/i0.wp.com\/lasprimeras.com.do\/wp-content\/uploads\/2025\/06\/WhatsApp-Image-2025-06-20-at-4.53.50-AM-2.jpeg?resize=350%2C200&ssl=1","width":350,"height":200,"srcset":"https:\/\/i0.wp.com\/lasprimeras.com.do\/wp-content\/uploads\/2025\/06\/WhatsApp-Image-2025-06-20-at-4.53.50-AM-2.jpeg?resize=350%2C200&ssl=1 1x, https:\/\/i0.wp.com\/lasprimeras.com.do\/wp-content\/uploads\/2025\/06\/WhatsApp-Image-2025-06-20-at-4.53.50-AM-2.jpeg?resize=525%2C300&ssl=1 1.5x, https:\/\/i0.wp.com\/lasprimeras.com.do\/wp-content\/uploads\/2025\/06\/WhatsApp-Image-2025-06-20-at-4.53.50-AM-2.jpeg?resize=700%2C400&ssl=1 2x"},"classes":[]},{"id":119355,"url":"https:\/\/lasprimeras.com.do\/index.php\/2026\/01\/11\/juicio-preliminar-contra-los-hermanos-espaillat-por-tragedia-en-jet-set-inicia-este-lunes\/","url_meta":{"origin":128892,"position":3},"title":"Juicio preliminar contra los hermanos Espaillat por tragedia en Jet Set inicia este lunes","author":"Nelson Feliz","date":"11 de enero de 2026","format":false,"excerpt":"Se busca con este juicio la posibilidad de iniciar un juicio a fondo. Este lunes 12 de enero comenzar\u00e1 formalmente el juicio preliminar contra Antonio y Maribel Espaillat, acusados por el tr\u00e1gico colapso del techo de la discoteca Jet Set Club, que dej\u00f3 236 muertos y m\u00e1s de 100 heridos\u2026","rel":"","context":"En \u00abJUSTICIA\u00bb","block_context":{"text":"JUSTICIA","link":"https:\/\/lasprimeras.com.do\/index.php\/category\/justicia\/"},"img":{"alt_text":"Antonio y Maribel Espaillat","src":"https:\/\/i0.wp.com\/lasprimeras.com.do\/wp-content\/uploads\/2026\/01\/Antonio-y-Maribel-Espaillat.jpeg?resize=350%2C200&ssl=1","width":350,"height":200,"srcset":"https:\/\/i0.wp.com\/lasprimeras.com.do\/wp-content\/uploads\/2026\/01\/Antonio-y-Maribel-Espaillat.jpeg?resize=350%2C200&ssl=1 1x, https:\/\/i0.wp.com\/lasprimeras.com.do\/wp-content\/uploads\/2026\/01\/Antonio-y-Maribel-Espaillat.jpeg?resize=525%2C300&ssl=1 1.5x, https:\/\/i0.wp.com\/lasprimeras.com.do\/wp-content\/uploads\/2026\/01\/Antonio-y-Maribel-Espaillat.jpeg?resize=700%2C400&ssl=1 2x"},"classes":[]},{"id":91964,"url":"https:\/\/lasprimeras.com.do\/index.php\/2024\/12\/08\/joven-se-entrega-tras-incidente-con-arma-de-fuego-que-herir-a-su-padre-en-moca\/","url_meta":{"origin":128892,"position":4},"title":"Joven se entrega tras incidente con arma de fuego que herir a su padre en Moca","author":"Nelson Feliz","date":"8 de diciembre de 2024","format":false,"excerpt":"El joven Luis Antonio, acusado de herir de un disparo a su padre, Walter, se entreg\u00f3 a la Polic\u00eda Nacional en la subregional de Espaillat, seg\u00fan confirmaron las autoridades. El incidente ocurri\u00f3 en medio de una acalorada discusi\u00f3n familiar. Sin embargo, Luis Antonio niega que haya actuado intencionalmente y asegur\u00f3\u2026","rel":"","context":"En \u00abMILITARES\u00bb","block_context":{"text":"MILITARES","link":"https:\/\/lasprimeras.com.do\/index.php\/category\/militares\/"},"img":{"alt_text":"","src":"https:\/\/i0.wp.com\/lasprimeras.com.do\/wp-content\/uploads\/2024\/12\/Luis-Antonio.jpg?resize=350%2C200&ssl=1","width":350,"height":200,"srcset":"https:\/\/i0.wp.com\/lasprimeras.com.do\/wp-content\/uploads\/2024\/12\/Luis-Antonio.jpg?resize=350%2C200&ssl=1 1x, https:\/\/i0.wp.com\/lasprimeras.com.do\/wp-content\/uploads\/2024\/12\/Luis-Antonio.jpg?resize=525%2C300&ssl=1 1.5x, https:\/\/i0.wp.com\/lasprimeras.com.do\/wp-content\/uploads\/2024\/12\/Luis-Antonio.jpg?resize=700%2C400&ssl=1 2x"},"classes":[]},{"id":110561,"url":"https:\/\/lasprimeras.com.do\/index.php\/2025\/09\/29\/los-hermanos-espaillat-piden-al-juez-aprobar-su-propio-peritaje-para-evaluar-derrumbe-del-jet-set\/","url_meta":{"origin":128892,"position":5},"title":"Los hermanos Espaillat piden al juez aprobar su propio peritaje para evaluar derrumbe del Jet Set","author":"Nelson Feliz","date":"29 de septiembre de 2025","format":false,"excerpt":"El colapso del techo de la discoteca, ocurrido el 8 de abril de este a\u00f1o durante un concierto, provoc\u00f3 la muerte de 235 personas y dej\u00f3 m\u00e1s de 180 heridos. Los hermanos Antonio y Maribel Espaillat L\u00f3pez, propietarios de la colapsada discoteca Jet Set, solicitaron al juez de control de\u2026","rel":"","context":"En \u00abJUSTICIA\u00bb","block_context":{"text":"JUSTICIA","link":"https:\/\/lasprimeras.com.do\/index.php\/category\/justicia\/"},"img":{"alt_text":"","src":"https:\/\/i0.wp.com\/lasprimeras.com.do\/wp-content\/uploads\/2025\/04\/Techo-Jet-Set.jpg?resize=350%2C200&ssl=1","width":350,"height":200,"srcset":"https:\/\/i0.wp.com\/lasprimeras.com.do\/wp-content\/uploads\/2025\/04\/Techo-Jet-Set.jpg?resize=350%2C200&ssl=1 1x, https:\/\/i0.wp.com\/lasprimeras.com.do\/wp-content\/uploads\/2025\/04\/Techo-Jet-Set.jpg?resize=525%2C300&ssl=1 1.5x, https:\/\/i0.wp.com\/lasprimeras.com.do\/wp-content\/uploads\/2025\/04\/Techo-Jet-Set.jpg?resize=700%2C400&ssl=1 2x"},"classes":[]}],"jetpack_sharing_enabled":true,"_links":{"self":[{"href":"https:\/\/lasprimeras.com.do\/index.php\/wp-json\/wp\/v2\/posts\/128892","targetHints":{"allow":["GET"]}}],"collection":[{"href":"https:\/\/lasprimeras.com.do\/index.php\/wp-json\/wp\/v2\/posts"}],"about":[{"href":"https:\/\/lasprimeras.com.do\/index.php\/wp-json\/wp\/v2\/types\/post"}],"author":[{"embeddable":true,"href":"https:\/\/lasprimeras.com.do\/index.php\/wp-json\/wp\/v2\/users\/10"}],"replies":[{"embeddable":true,"href":"https:\/\/lasprimeras.com.do\/index.php\/wp-json\/wp\/v2\/comments?post=128892"}],"version-history":[{"count":1,"href":"https:\/\/lasprimeras.com.do\/index.php\/wp-json\/wp\/v2\/posts\/128892\/revisions"}],"predecessor-version":[{"id":128895,"href":"https:\/\/lasprimeras.com.do\/index.php\/wp-json\/wp\/v2\/posts\/128892\/revisions\/128895"}],"wp:featuredmedia":[{"embeddable":true,"href":"https:\/\/lasprimeras.com.do\/index.php\/wp-json\/wp\/v2\/media\/128894"}],"wp:attachment":[{"href":"https:\/\/lasprimeras.com.do\/index.php\/wp-json\/wp\/v2\/media?parent=128892"}],"wp:term":[{"taxonomy":"category","embeddable":true,"href":"https:\/\/lasprimeras.com.do\/index.php\/wp-json\/wp\/v2\/categories?post=128892"},{"taxonomy":"post_tag","embeddable":true,"href":"https:\/\/lasprimeras.com.do\/index.php\/wp-json\/wp\/v2\/tags?post=128892"}],"curies":[{"name":"wp","href":"https:\/\/api.w.org\/{rel}","templated":true}]}}