{"id":128906,"date":"2026-04-28T04:54:00","date_gmt":"2026-04-28T08:54:00","guid":{"rendered":"https:\/\/lasprimeras.com.do\/?p=128906"},"modified":"2026-04-27T23:56:27","modified_gmt":"2026-04-28T03:56:27","slug":"dominicanos-figuran-entre-63-de-latinos-ee-uu-que-califican-su-situacion-financiera-como-regular-o-mala","status":"publish","type":"post","link":"https:\/\/lasprimeras.com.do\/index.php\/2026\/04\/28\/dominicanos-figuran-entre-63-de-latinos-ee-uu-que-califican-su-situacion-financiera-como-regular-o-mala\/","title":{"rendered":"Dominicanos figuran entre 63 % de latinos EE. UU. que califican su situaci\u00f3n financiera como regular o mala"},"content":{"rendered":"\n<p><strong>Por Ram\u00f3n Mercedes<\/strong><\/p>\n\n\n\n<p><strong>NUEVA YORK.-<\/strong>&nbsp;M\u00e1s de dos millones 398 mil dominicanos se encuentran actualmente distribuidos por los 50 estados de Estados Unidos, seg\u00fan el INDEX, y muchos de ellos participaron en una encuesta reciente del Pew Research Center, que determin\u00f3 que el 63 % de los latinos califica su situaci\u00f3n financiera como regular o mala.<\/p>\n\n\n\n<p>Los latinos califican su situaci\u00f3n como regular o mala, aun cuando el ingreso familiar promedio creci\u00f3 un 5,5 % entre 2023 y 2024, y la tasa de pobreza baj\u00f3 del 16,6 % al 15 %.<\/p>\n\n\n\n<p>El problema no es solo una percepci\u00f3n: el costo de vida aumenta m\u00e1s r\u00e1pido que los salarios, y para millones de hogares esa brecha se siente cada mes en los bolsillos.<\/p>\n\n\n\n<p>El sondeo revel\u00f3 que el 35 % tuvo dificultades para pagar alimentos o comestibles en 2025; el 30 % enfrent\u00f3 problemas para cubrir gastos de atenci\u00f3n m\u00e9dica; el 30 % report\u00f3 dificultades para pagar alquiler o hipoteca; y el 48 % tuvo problemas con al menos una de esas tres necesidades b\u00e1sicas.<\/p>\n\n\n\n<p>Entre los latinos de ingresos bajos, solo el 21 % afirm\u00f3 que sus finanzas estaban en buen estado, frente al 91 % de quienes reportaron ingresos altos.<\/p>\n\n\n\n<p>El costo mensual para mantener el mismo nivel de vida que en 2020 aument\u00f3 de $5,100 a $6,400 al cierre de 2025. Es decir, hay una diferencia de $1,300 extra cada mes, seg\u00fan estimaciones del Departamento de Trabajo, recopiladas por el Centro para el Progreso Americano. Esto no se debe a un gasto mayor, sino a seguir cubriendo lo esencial (alquiler, comida, salud, transporte).<\/p>\n\n\n\n<p>Para complicar a\u00fan m\u00e1s la situaci\u00f3n de los latinos, una encuesta de Consolidated Credit, realizada en 2025, indic\u00f3 que el 66,7 % se\u00f1al\u00f3 que su principal objetivo financiero del a\u00f1o era liquidar su deuda de tarjeta de cr\u00e9dito.<\/p>\n\n\n\n<p>En 2024, ese \u00edndice fue del 50,8 %. Es decir, la deuda de tarjeta de cr\u00e9dito ha crecido y est\u00e1 complicando la capacidad de pago de las personas.<\/p>\n\n\n\n<p>El 29,4 % de los latinos tiene deudas entre $6,000 y $10,000 en tarjetas. El 19,1 % debe entre $11,000 y $15,000. Asimismo, el 42,6 % identifica la p\u00e9rdida de empleo como su mayor temor financiero, incluso por encima de la inflaci\u00f3n, en un contexto marcado por despidos recientes en grandes empresas como Nike, Microsoft y Meta.<\/p>\n","protected":false},"excerpt":{"rendered":"<p>Por Ram\u00f3n Mercedes NUEVA YORK.-&nbsp;M\u00e1s de dos millones 398 mil dominicanos se encuentran actualmente distribuidos por los 50 estados de Estados Unidos, seg\u00fan el INDEX, y muchos de ellos participaron&hellip;<\/p>\n","protected":false},"author":10,"featured_media":128897,"comment_status":"open","ping_status":"open","sticky":false,"template":"","format":"standard","meta":{"content-type":"","jetpack_post_was_ever_published":false,"_jetpack_newsletter_access":"","_jetpack_dont_email_post_to_subs":false,"_jetpack_newsletter_tier_id":0,"_jetpack_memberships_contains_paywalled_content":false,"_jetpack_memberships_contains_paid_content":false,"footnotes":""},"categories":[25580],"tags":[487,2831,103,32754,32753],"class_list":["post-128906","post","type-post","status-publish","format-standard","has-post-thumbnail","hentry","category-la-voz-de-la-diaspora","tag-dominicanos","tag-ee-uu-2","tag-latinos","tag-regular-o-mala","tag-situacion-financiera"],"jetpack_featured_media_url":"https:\/\/lasprimeras.com.do\/wp-content\/uploads\/2026\/04\/Dominicanos-figuran-entre-63-de-latinos-EE.-UU.-que-califican-su-situacion-financiera-como-regular-o-mala.jpg","jetpack-related-posts":[{"id":111336,"url":"https:\/\/lasprimeras.com.do\/index.php\/2025\/10\/07\/63-3-de-encuestados-dice-es-mala-la-situacion-economica-rd\/","url_meta":{"origin":128906,"position":0},"title":"63.3% de encuestados dice es mala la situaci\u00f3n econ\u00f3mica RD","author":"Nelson Feliz","date":"7 de octubre de 2025","format":false,"excerpt":"Una mayor\u00eda de la poblaci\u00f3n de la Rep\u00fablica Dominicana (63.3%) considera que la situaci\u00f3n econ\u00f3mica del pa\u00eds es mala, seg\u00fan los resultados de una encuesta de la firma Imagen P\u00fablica Consulting realizada del 15 al 30 de septiembre del a\u00f1o en curso. Asimismo, 30.0% opina que es regular, 4.11% que\u2026","rel":"","context":"En \u00abECONOM\u00cdA\u00bb","block_context":{"text":"ECONOM\u00cdA","link":"https:\/\/lasprimeras.com.do\/index.php\/category\/economia\/"},"img":{"alt_text":"","src":"https:\/\/i0.wp.com\/lasprimeras.com.do\/wp-content\/uploads\/2025\/10\/Encuesta-4.jpg?resize=350%2C200&ssl=1","width":350,"height":200,"srcset":"https:\/\/i0.wp.com\/lasprimeras.com.do\/wp-content\/uploads\/2025\/10\/Encuesta-4.jpg?resize=350%2C200&ssl=1 1x, https:\/\/i0.wp.com\/lasprimeras.com.do\/wp-content\/uploads\/2025\/10\/Encuesta-4.jpg?resize=525%2C300&ssl=1 1.5x, https:\/\/i0.wp.com\/lasprimeras.com.do\/wp-content\/uploads\/2025\/10\/Encuesta-4.jpg?resize=700%2C400&ssl=1 2x"},"classes":[]},{"id":51410,"url":"https:\/\/lasprimeras.com.do\/index.php\/2023\/05\/30\/el-bid-organiza-cuarta-reunion-de-la-red-fintechlac\/","url_meta":{"origin":128906,"position":1},"title":"El BID organiza cuarta reuni\u00f3n de la Red FintechLAC","author":"prenxa100","date":"30 de mayo de 2023","format":false,"excerpt":"Santo Domingo.-. Reguladores financieros, asociaciones y c\u00e1maras fintech y el ecosistema fintech de Am\u00e9rica Latina y el Caribe se reunir\u00e1n el 7 y 8 de junio de 2023 en Washington D.C. para discutir las \u00faltimas tendencias e innovaciones en la industria durante la cuarta reuni\u00f3n de la Red FintechLAC. El\u2026","rel":"","context":"En \u00abECONOM\u00cdA\u00bb","block_context":{"text":"ECONOM\u00cdA","link":"https:\/\/lasprimeras.com.do\/index.php\/category\/economia\/"},"img":{"alt_text":"","src":"","width":0,"height":0},"classes":[]},{"id":90474,"url":"https:\/\/lasprimeras.com.do\/index.php\/2024\/10\/22\/perezosa-como-el-infierno-loca-y-lo-peor-crecen-insultos-de-donald-trump-contra-kamala-harris\/","url_meta":{"origin":128906,"position":2},"title":"\u201cPerezosa como el infierno\u201d, \u201cloca\u201d y \u201clo peor\u201d: crecen insultos de Donald Trump contra Kamala Harris","author":"Nelson Feliz","date":"22 de octubre de 2024","format":false,"excerpt":"Historia de Lenys Moreno El candidato presidencial republicano en Estados Unidos, Donald Trump, contin\u00faa en su descarga con insultos en contra de su rival dem\u00f3crata Kamala Harris. Durante un evento de campa\u00f1a de divulgaci\u00f3n latina en Miami, este martes el expresidente se afinc\u00f3 con calificativos negativos en contra de la\u2026","rel":"","context":"En \u00abSin categor\u00eda\u00bb","block_context":{"text":"Sin categor\u00eda","link":"https:\/\/lasprimeras.com.do\/index.php\/category\/sin-categoria\/"},"img":{"alt_text":"","src":"https:\/\/i0.wp.com\/lasprimeras.com.do\/wp-content\/uploads\/2024\/10\/Donald-Trump.jpg?resize=350%2C200&ssl=1","width":350,"height":200,"srcset":"https:\/\/i0.wp.com\/lasprimeras.com.do\/wp-content\/uploads\/2024\/10\/Donald-Trump.jpg?resize=350%2C200&ssl=1 1x, https:\/\/i0.wp.com\/lasprimeras.com.do\/wp-content\/uploads\/2024\/10\/Donald-Trump.jpg?resize=525%2C300&ssl=1 1.5x"},"classes":[]},{"id":86073,"url":"https:\/\/lasprimeras.com.do\/index.php\/2024\/07\/16\/transportistas-califican-como-revolucionario-el-transporte-escolar\/","url_meta":{"origin":128906,"position":3},"title":"Transportistas califican como \u201crevolucionario\u201d el transporte escolar","author":"Nelson Feliz","date":"16 de julio de 2024","format":false,"excerpt":"Para la UNET, el COEMTRAIN y decenas de entidades ligadas al transporte, el Ministerio de Educaci\u00f3n viola preceptos legales al comprar cientos de autobuses, cuando lo justo es contratar a los actores de ese sector. La Uni\u00f3n Nacional de Empresas de Transporte (UNET), el Consorcio Empresarial de Transportistas Innovadores (COEMTRAIN)\u2026","rel":"","context":"En \u00abNACIONALES\u00bb","block_context":{"text":"NACIONALES","link":"https:\/\/lasprimeras.com.do\/index.php\/category\/nacionales\/"},"img":{"alt_text":"","src":"https:\/\/i0.wp.com\/lasprimeras.com.do\/wp-content\/uploads\/2024\/07\/moreno.jpg?resize=350%2C200&ssl=1","width":350,"height":200,"srcset":"https:\/\/i0.wp.com\/lasprimeras.com.do\/wp-content\/uploads\/2024\/07\/moreno.jpg?resize=350%2C200&ssl=1 1x, https:\/\/i0.wp.com\/lasprimeras.com.do\/wp-content\/uploads\/2024\/07\/moreno.jpg?resize=525%2C300&ssl=1 1.5x"},"classes":[]},{"id":101799,"url":"https:\/\/lasprimeras.com.do\/index.php\/2025\/06\/26\/fp-alerta-sobre-crisis-financiera-en-senasa-la-salud-de-millones-esta-en-riesgo\/","url_meta":{"origin":128906,"position":4},"title":"FP alerta sobre crisis financiera en SeNaSa: \u201cLa salud de millones est\u00e1 en riesgo\u201d","author":"Nelson Feliz","date":"26 de junio de 2025","format":false,"excerpt":"Los secretarios de Salud y Seguridad Social del partido Fuerza del Pueblo (FP) advirtieron este mi\u00e9rcoles sobre una profunda crisis financiera y de gobernanza que afecta al Seguro Nacional de Salud (SeNaSa), poniendo en riesgo a millones de afiliados de la entidad estatal. En una rueda de prensa conjunta celebrada\u2026","rel":"","context":"En \u00abPORTADA\u00bb","block_context":{"text":"PORTADA","link":"https:\/\/lasprimeras.com.do\/index.php\/category\/portada\/"},"img":{"alt_text":"Fuerza del Pueblo","src":"https:\/\/i0.wp.com\/lasprimeras.com.do\/wp-content\/uploads\/2023\/08\/Fuerza-del-Pueblo-2.jpg?resize=350%2C200&ssl=1","width":350,"height":200,"srcset":"https:\/\/i0.wp.com\/lasprimeras.com.do\/wp-content\/uploads\/2023\/08\/Fuerza-del-Pueblo-2.jpg?resize=350%2C200&ssl=1 1x, https:\/\/i0.wp.com\/lasprimeras.com.do\/wp-content\/uploads\/2023\/08\/Fuerza-del-Pueblo-2.jpg?resize=525%2C300&ssl=1 1.5x, https:\/\/i0.wp.com\/lasprimeras.com.do\/wp-content\/uploads\/2023\/08\/Fuerza-del-Pueblo-2.jpg?resize=700%2C400&ssl=1 2x"},"classes":[]},{"id":57204,"url":"https:\/\/lasprimeras.com.do\/index.php\/2023\/08\/10\/sanz-lovaton-pone-en-marcha-operaciones-de-emergent-cold-latin-america-en-el-puerto-de-caucedo\/","url_meta":{"origin":128906,"position":5},"title":"Sanz Lovat\u00f3n pone en marcha operaciones de Emergent Cold Latin America en el Puerto de Caucedo","author":"Nelson Feliz","date":"10 de agosto de 2023","format":false,"excerpt":"El titular de la DGA destac\u00f3 que este centro de distribuci\u00f3n ayuda a que Rep\u00fablica Dominicana alcance su meta de ser el hub log\u00edstico m\u00e1s importante de la regi\u00f3n. El proveedor de servicios log\u00edsticos y de almacenamiento de alimentos refrigerados de m\u00e1s r\u00e1pido crecimiento en Am\u00e9rica Latina, Emergent Cold Latin\u2026","rel":"","context":"En \u00abECONOM\u00cdA\u00bb","block_context":{"text":"ECONOM\u00cdA","link":"https:\/\/lasprimeras.com.do\/index.php\/category\/economia\/"},"img":{"alt_text":"DGA","src":"https:\/\/i0.wp.com\/lasprimeras.com.do\/wp-content\/uploads\/2023\/08\/Aduanas.jpg?resize=350%2C200&ssl=1","width":350,"height":200,"srcset":"https:\/\/i0.wp.com\/lasprimeras.com.do\/wp-content\/uploads\/2023\/08\/Aduanas.jpg?resize=350%2C200&ssl=1 1x, https:\/\/i0.wp.com\/lasprimeras.com.do\/wp-content\/uploads\/2023\/08\/Aduanas.jpg?resize=525%2C300&ssl=1 1.5x, https:\/\/i0.wp.com\/lasprimeras.com.do\/wp-content\/uploads\/2023\/08\/Aduanas.jpg?resize=700%2C400&ssl=1 2x"},"classes":[]}],"jetpack_sharing_enabled":true,"_links":{"self":[{"href":"https:\/\/lasprimeras.com.do\/index.php\/wp-json\/wp\/v2\/posts\/128906","targetHints":{"allow":["GET"]}}],"collection":[{"href":"https:\/\/lasprimeras.com.do\/index.php\/wp-json\/wp\/v2\/posts"}],"about":[{"href":"https:\/\/lasprimeras.com.do\/index.php\/wp-json\/wp\/v2\/types\/post"}],"author":[{"embeddable":true,"href":"https:\/\/lasprimeras.com.do\/index.php\/wp-json\/wp\/v2\/users\/10"}],"replies":[{"embeddable":true,"href":"https:\/\/lasprimeras.com.do\/index.php\/wp-json\/wp\/v2\/comments?post=128906"}],"version-history":[{"count":1,"href":"https:\/\/lasprimeras.com.do\/index.php\/wp-json\/wp\/v2\/posts\/128906\/revisions"}],"predecessor-version":[{"id":128907,"href":"https:\/\/lasprimeras.com.do\/index.php\/wp-json\/wp\/v2\/posts\/128906\/revisions\/128907"}],"wp:featuredmedia":[{"embeddable":true,"href":"https:\/\/lasprimeras.com.do\/index.php\/wp-json\/wp\/v2\/media\/128897"}],"wp:attachment":[{"href":"https:\/\/lasprimeras.com.do\/index.php\/wp-json\/wp\/v2\/media?parent=128906"}],"wp:term":[{"taxonomy":"category","embeddable":true,"href":"https:\/\/lasprimeras.com.do\/index.php\/wp-json\/wp\/v2\/categories?post=128906"},{"taxonomy":"post_tag","embeddable":true,"href":"https:\/\/lasprimeras.com.do\/index.php\/wp-json\/wp\/v2\/tags?post=128906"}],"curies":[{"name":"wp","href":"https:\/\/api.w.org\/{rel}","templated":true}]}}