{"id":128908,"date":"2026-04-27T23:59:33","date_gmt":"2026-04-28T03:59:33","guid":{"rendered":"https:\/\/lasprimeras.com.do\/?p=128908"},"modified":"2026-04-27T23:59:35","modified_gmt":"2026-04-28T03:59:35","slug":"gobierno-cubrira-gastos-medicos-de-persona-herida-en-accidente-con-avanzada-presidencial","status":"publish","type":"post","link":"https:\/\/lasprimeras.com.do\/index.php\/2026\/04\/27\/gobierno-cubrira-gastos-medicos-de-persona-herida-en-accidente-con-avanzada-presidencial\/","title":{"rendered":"Gobierno cubrir\u00e1 gastos m\u00e9dicos de persona herida en accidente con avanzada presidencial"},"content":{"rendered":"\n<p>El jefe Cuerpo de Seguridad Presidencial (CUSEP), mayor general Jimy Arias, inform\u00f3 que la persona herida producto de un accidente con un veh\u00edculo de la avanzada presidencial esta ma\u00f1ana se encuentra recibiendo atenciones m\u00e9dicas en la cl\u00ednica Bournigal de Puerto Plata, y el gobierno asumir\u00e1 todos los gastos m\u00e9dicos, por disposici\u00f3n del presidente Luis Abinader.<\/p>\n\n\n\n<p>Arias se\u00f1al\u00f3 que los dos militares heridos fueron trasladados en helic\u00f3ptero a Cedimat en el Distrito Nacional y que el civil herido se prefiri\u00f3 no movizarlo y atenderlo en Puerto Plata.<\/p>\n\n\n\n<p>El accidente de tr\u00e1nsito ocurri\u00f3 la ma\u00f1ana de este lunes 27 de abril en el tramo carretero Maim\u00f3n\u2013Puerto Plata, mientras personal de la avanzada presidencial se trasladaba hacia una actividad oficial en la provincia de Puerto Plata.<\/p>\n\n\n\n<p>Se recuerda que el hecho estuvieron involucrados dos veh\u00edculos: una unidad oficial asignada a la escolta presidencial y un veh\u00edculo civil, como resultado del accidente, dos miembros de la escolta presidencial y un ciudadano civil presentaron traumas diversos.<\/p>\n\n\n\n<p>Se precisa que el se\u00f1or presidente de la Rep\u00fablica no se desplazaba en dicha caravana al momento del incidente.<\/p>\n","protected":false},"excerpt":{"rendered":"<p>El jefe Cuerpo de Seguridad Presidencial (CUSEP), mayor general Jimy Arias, inform\u00f3 que la persona herida producto de un accidente con un veh\u00edculo de la avanzada presidencial esta ma\u00f1ana se&hellip;<\/p>\n","protected":false},"author":10,"featured_media":121084,"comment_status":"open","ping_status":"open","sticky":false,"template":"","format":"standard","meta":{"content-type":"","jetpack_post_was_ever_published":false,"_jetpack_newsletter_access":"","_jetpack_dont_email_post_to_subs":false,"_jetpack_newsletter_tier_id":0,"_jetpack_memberships_contains_paywalled_content":false,"_jetpack_memberships_contains_paid_content":false,"footnotes":""},"categories":[16558],"tags":[2211,32757,19201,32755,171,32756],"class_list":["post-128908","post","type-post","status-publish","format-standard","has-post-thumbnail","hentry","category-salud","tag-accidente","tag-avanzada-presidencial","tag-cubrira","tag-gastos-medicos","tag-gobierno","tag-persona-herida"],"jetpack_featured_media_url":"https:\/\/lasprimeras.com.do\/wp-content\/uploads\/2026\/01\/presidencia.jpg","jetpack-related-posts":[{"id":84277,"url":"https:\/\/lasprimeras.com.do\/index.php\/2024\/06\/04\/tres-muertos-y-siete-heridos-en-accidente-multiple-en-sosua-puerto-plata\/","url_meta":{"origin":128908,"position":0},"title":"Tres muertos y siete heridos en accidente m\u00faltiple en Sos\u00faa, Puerto Plata","author":"Nelson Feliz","date":"4 de junio de 2024","format":false,"excerpt":"EDGAR LANTIGUA PUERTO PLATA, RD.-. Tres personas perdieron la vida y siete resultaron heridas en un accidente ocurrido la noche del lunes en la carretera Sos\u00faa-Cabarete, en Puerto Plata, que involucra a tres veh\u00edculos. Los fallecidos son Fredy Garc\u00eda Francisco, de 48 a\u00f1os, quien conduc\u00eda el carro Hyundai N20, de\u2026","rel":"","context":"En \u00abSin categor\u00eda\u00bb","block_context":{"text":"Sin categor\u00eda","link":"https:\/\/lasprimeras.com.do\/index.php\/category\/sin-categoria\/"},"img":{"alt_text":"","src":"https:\/\/i0.wp.com\/lasprimeras.com.do\/wp-content\/uploads\/2024\/06\/accidente.jpeg?resize=350%2C200&ssl=1","width":350,"height":200,"srcset":"https:\/\/i0.wp.com\/lasprimeras.com.do\/wp-content\/uploads\/2024\/06\/accidente.jpeg?resize=350%2C200&ssl=1 1x, https:\/\/i0.wp.com\/lasprimeras.com.do\/wp-content\/uploads\/2024\/06\/accidente.jpeg?resize=525%2C300&ssl=1 1.5x, https:\/\/i0.wp.com\/lasprimeras.com.do\/wp-content\/uploads\/2024\/06\/accidente.jpeg?resize=700%2C400&ssl=1 2x"},"classes":[]},{"id":128828,"url":"https:\/\/lasprimeras.com.do\/index.php\/2026\/04\/27\/cusep-reporta-accidente-de-transito-en-tramo-carretero-maimon-puerto-plata\/","url_meta":{"origin":128908,"position":1},"title":"CUSEP reporta accidente de tr\u00e1nsito en tramo carretero Maim\u00f3n\u2013Puerto Plata","author":"Nelson Feliz","date":"27 de abril de 2026","format":false,"excerpt":"El Cuerpo de Seguridad Presidencial (CUSEP) informa que, a las 8:56 de la ma\u00f1ana de hoy, se produjo un accidente de tr\u00e1nsito en el tramo carretero Maim\u00f3n\u2013Puerto Plata, mientras personal de la avanzada presidencial se trasladaba hacia una actividad oficial en la provincia de Puerto Plata. En el hecho estuvieron\u2026","rel":"","context":"En \u00abNACIONALES\u00bb","block_context":{"text":"NACIONALES","link":"https:\/\/lasprimeras.com.do\/index.php\/category\/nacionales\/"},"img":{"alt_text":"911 coordina asistencia a afectados de accidente de tr\u00e1nsito en Guayacan...","src":"https:\/\/i0.wp.com\/lasprimeras.com.do\/wp-content\/uploads\/2024\/02\/911-coordina-asistencia-a-afectados-de-accidente-de-transito-en-Guayacan.-1.jpeg?resize=350%2C200&ssl=1","width":350,"height":200,"srcset":"https:\/\/i0.wp.com\/lasprimeras.com.do\/wp-content\/uploads\/2024\/02\/911-coordina-asistencia-a-afectados-de-accidente-de-transito-en-Guayacan.-1.jpeg?resize=350%2C200&ssl=1 1x, https:\/\/i0.wp.com\/lasprimeras.com.do\/wp-content\/uploads\/2024\/02\/911-coordina-asistencia-a-afectados-de-accidente-de-transito-en-Guayacan.-1.jpeg?resize=525%2C300&ssl=1 1.5x, https:\/\/i0.wp.com\/lasprimeras.com.do\/wp-content\/uploads\/2024\/02\/911-coordina-asistencia-a-afectados-de-accidente-de-transito-en-Guayacan.-1.jpeg?resize=700%2C400&ssl=1 2x"},"classes":[]},{"id":92363,"url":"https:\/\/lasprimeras.com.do\/index.php\/2025\/01\/03\/accidente-de-una-patana-deja-dos-fallecidos-en-autopista-navarrete-puerto-plata\/","url_meta":{"origin":128908,"position":2},"title":"Accidente de una patana deja dos fallecidos en autopista Navarrete-Puerto Plata","author":"Nelson Feliz","date":"3 de enero de 2025","format":false,"excerpt":"En el hecho fallecieron el chofer que conduc\u00eda el cami\u00f3n y un menor de edad que lo acompa\u00f1aba Dos personas perdieron la vida en un tr\u00e1gico accidente ocurrido la madrugada de este viernes en la autopista Navarrete-Puerto Plata, espec\u00edficamente en el tramo que comprende las comunidades Quebrada Honda y Altamira.\u2026","rel":"","context":"En \u00abNACIONALES\u00bb","block_context":{"text":"NACIONALES","link":"https:\/\/lasprimeras.com.do\/index.php\/category\/nacionales\/"},"img":{"alt_text":"","src":"https:\/\/i0.wp.com\/lasprimeras.com.do\/wp-content\/uploads\/2025\/01\/accide.jpeg?resize=350%2C200&ssl=1","width":350,"height":200,"srcset":"https:\/\/i0.wp.com\/lasprimeras.com.do\/wp-content\/uploads\/2025\/01\/accide.jpeg?resize=350%2C200&ssl=1 1x, https:\/\/i0.wp.com\/lasprimeras.com.do\/wp-content\/uploads\/2025\/01\/accide.jpeg?resize=525%2C300&ssl=1 1.5x, https:\/\/i0.wp.com\/lasprimeras.com.do\/wp-content\/uploads\/2025\/01\/accide.jpeg?resize=700%2C400&ssl=1 2x"},"classes":[]},{"id":92310,"url":"https:\/\/lasprimeras.com.do\/index.php\/2025\/01\/01\/ocurren-primeras-muertes-de-2025-en-yamasa\/","url_meta":{"origin":128908,"position":3},"title":"Ocurren primeras muertes de 2025 en Yamasa","author":"Nelson Feliz","date":"1 de enero de 2025","format":false,"excerpt":"Por Genara S\u00e1nchez Este mi\u00e9rcoles 1ro de enero 2025 se han reportado las dos primeras muertes del a\u00f1o a causa de un tr\u00e1gico accidente de tr\u00e1nsito ocurrido esta ma\u00f1ana en la comunidad La Felicita, perteneciente a esta demarcaci\u00f3n de Yamasa, de la provincia Monte Plata. Informes preliminares indican que, el\u2026","rel":"","context":"En \u00abNACIONALES\u00bb","block_context":{"text":"NACIONALES","link":"https:\/\/lasprimeras.com.do\/index.php\/category\/nacionales\/"},"img":{"alt_text":"","src":"https:\/\/i0.wp.com\/lasprimeras.com.do\/wp-content\/uploads\/2025\/01\/accidente.jpeg?resize=350%2C200&ssl=1","width":350,"height":200,"srcset":"https:\/\/i0.wp.com\/lasprimeras.com.do\/wp-content\/uploads\/2025\/01\/accidente.jpeg?resize=350%2C200&ssl=1 1x, https:\/\/i0.wp.com\/lasprimeras.com.do\/wp-content\/uploads\/2025\/01\/accidente.jpeg?resize=525%2C300&ssl=1 1.5x, https:\/\/i0.wp.com\/lasprimeras.com.do\/wp-content\/uploads\/2025\/01\/accidente.jpeg?resize=700%2C400&ssl=1 2x"},"classes":[]},{"id":97088,"url":"https:\/\/lasprimeras.com.do\/index.php\/2025\/04\/14\/guagua-platanera-choca-con-muro-cerca-de-la-puerta-2-del-mirador-norte\/","url_meta":{"origin":128908,"position":4},"title":"Guagua platanera choca con muro cerca de la puerta 2 del Mirador Norte","author":"Nelson Feliz","date":"14 de abril de 2025","format":false,"excerpt":"En la ma\u00f1ana de hoy lunes, una guagua platanera sufri\u00f3 un accidente al impactar contra un muro en las inmediaciones de la puerta 2 del parque Mirador Norte. Seg\u00fan testigos en el lugar, el veh\u00edculo perdi\u00f3 el control por razones a\u00fan no determinadas, terminando su trayecto contra una pared de\u2026","rel":"","context":"En \u00abNACIONALES\u00bb","block_context":{"text":"NACIONALES","link":"https:\/\/lasprimeras.com.do\/index.php\/category\/nacionales\/"},"img":{"alt_text":"","src":"https:\/\/i0.wp.com\/lasprimeras.com.do\/wp-content\/uploads\/2025\/04\/guagua-platanera-choca-con-muro-cerca-de-la-puerta-2-del-mirador-norte.jpg?resize=350%2C200&ssl=1","width":350,"height":200,"srcset":"https:\/\/i0.wp.com\/lasprimeras.com.do\/wp-content\/uploads\/2025\/04\/guagua-platanera-choca-con-muro-cerca-de-la-puerta-2-del-mirador-norte.jpg?resize=350%2C200&ssl=1 1x, https:\/\/i0.wp.com\/lasprimeras.com.do\/wp-content\/uploads\/2025\/04\/guagua-platanera-choca-con-muro-cerca-de-la-puerta-2-del-mirador-norte.jpg?resize=525%2C300&ssl=1 1.5x, https:\/\/i0.wp.com\/lasprimeras.com.do\/wp-content\/uploads\/2025\/04\/guagua-platanera-choca-con-muro-cerca-de-la-puerta-2-del-mirador-norte.jpg?resize=700%2C400&ssl=1 2x, https:\/\/i0.wp.com\/lasprimeras.com.do\/wp-content\/uploads\/2025\/04\/guagua-platanera-choca-con-muro-cerca-de-la-puerta-2-del-mirador-norte.jpg?resize=1050%2C600&ssl=1 3x, https:\/\/i0.wp.com\/lasprimeras.com.do\/wp-content\/uploads\/2025\/04\/guagua-platanera-choca-con-muro-cerca-de-la-puerta-2-del-mirador-norte.jpg?resize=1400%2C800&ssl=1 4x"},"classes":[]},{"id":64535,"url":"https:\/\/lasprimeras.com.do\/index.php\/2023\/10\/20\/hombre-hiere-su-pareja-sentimental-en-villa-isabela-puerto-plata\/","url_meta":{"origin":128908,"position":5},"title":"Hombre hiere su pareja sentimental en Villa Isabela &#8211; Puerto\u00a0 Plata","author":"Nelson Feliz","date":"20 de octubre de 2023","format":false,"excerpt":"Por Aneudy Peralta Una ciudadana de nombre Yamilka Cabrera fue llevada de emergencia al hospital p\u00fablico de Villa Isabela - Puerto\u00a0 Plata, luego de recibir heridas cortas punzantes de parte de su pareja sentimental. Se trata de Jos\u00e9 An\u00edbal Clase G\u00f3mez quien el minuto m\u00e1s tarde tambi\u00e9n fue llevado al\u2026","rel":"","context":"En \u00abNACIONALES\u00bb","block_context":{"text":"NACIONALES","link":"https:\/\/lasprimeras.com.do\/index.php\/category\/nacionales\/"},"img":{"alt_text":"mujer herida","src":"https:\/\/i0.wp.com\/lasprimeras.com.do\/wp-content\/uploads\/2023\/10\/mujer-herida.jpg?resize=350%2C200&ssl=1","width":350,"height":200,"srcset":"https:\/\/i0.wp.com\/lasprimeras.com.do\/wp-content\/uploads\/2023\/10\/mujer-herida.jpg?resize=350%2C200&ssl=1 1x, https:\/\/i0.wp.com\/lasprimeras.com.do\/wp-content\/uploads\/2023\/10\/mujer-herida.jpg?resize=525%2C300&ssl=1 1.5x, https:\/\/i0.wp.com\/lasprimeras.com.do\/wp-content\/uploads\/2023\/10\/mujer-herida.jpg?resize=700%2C400&ssl=1 2x"},"classes":[]}],"jetpack_sharing_enabled":true,"_links":{"self":[{"href":"https:\/\/lasprimeras.com.do\/index.php\/wp-json\/wp\/v2\/posts\/128908","targetHints":{"allow":["GET"]}}],"collection":[{"href":"https:\/\/lasprimeras.com.do\/index.php\/wp-json\/wp\/v2\/posts"}],"about":[{"href":"https:\/\/lasprimeras.com.do\/index.php\/wp-json\/wp\/v2\/types\/post"}],"author":[{"embeddable":true,"href":"https:\/\/lasprimeras.com.do\/index.php\/wp-json\/wp\/v2\/users\/10"}],"replies":[{"embeddable":true,"href":"https:\/\/lasprimeras.com.do\/index.php\/wp-json\/wp\/v2\/comments?post=128908"}],"version-history":[{"count":1,"href":"https:\/\/lasprimeras.com.do\/index.php\/wp-json\/wp\/v2\/posts\/128908\/revisions"}],"predecessor-version":[{"id":128909,"href":"https:\/\/lasprimeras.com.do\/index.php\/wp-json\/wp\/v2\/posts\/128908\/revisions\/128909"}],"wp:featuredmedia":[{"embeddable":true,"href":"https:\/\/lasprimeras.com.do\/index.php\/wp-json\/wp\/v2\/media\/121084"}],"wp:attachment":[{"href":"https:\/\/lasprimeras.com.do\/index.php\/wp-json\/wp\/v2\/media?parent=128908"}],"wp:term":[{"taxonomy":"category","embeddable":true,"href":"https:\/\/lasprimeras.com.do\/index.php\/wp-json\/wp\/v2\/categories?post=128908"},{"taxonomy":"post_tag","embeddable":true,"href":"https:\/\/lasprimeras.com.do\/index.php\/wp-json\/wp\/v2\/tags?post=128908"}],"curies":[{"name":"wp","href":"https:\/\/api.w.org\/{rel}","templated":true}]}}