{"id":128910,"date":"2026-04-28T00:05:27","date_gmt":"2026-04-28T04:05:27","guid":{"rendered":"https:\/\/lasprimeras.com.do\/?p=128910"},"modified":"2026-04-28T00:05:30","modified_gmt":"2026-04-28T04:05:30","slug":"abinader-crea-comision-para-el-plan-san-juan-y-designa-director","status":"publish","type":"post","link":"https:\/\/lasprimeras.com.do\/index.php\/2026\/04\/28\/abinader-crea-comision-para-el-plan-san-juan-y-designa-director\/","title":{"rendered":"Abinader crea Comisi\u00f3n para el Plan San Juan y designa director"},"content":{"rendered":"\n<p>El presidente Luis Abinader emiti\u00f3 los decretos 236-26 y 285-26 que tienen el prop\u00f3sito de dar continuidad a las acciones para el desarrollo integral en los \u00e1mbitos econ\u00f3mico y social de los residentes y comunidades de la provincia San Juan.<\/p>\n\n\n\n<p>Tras haberse creado el Plan para el Desarrollo Econ\u00f3mico de la provincia San Juan (Plan San Juan) en 2022, en los nuevos decretos se dispone la creaci\u00f3n de una Comisi\u00f3n para la Coordinaci\u00f3n y Direcci\u00f3n del mismo, y se designa a su director ejecutivo, cargo que ser\u00e1 desempe\u00f1ado por el se\u00f1or Carlos Alessandry Roa Howley.<\/p>\n\n\n\n<p>Se recuerda que el Plan San Juan tiene como prop\u00f3sito fundamental transformar la econom\u00eda de la regi\u00f3n, promoviendo su desarrollo sostenible y maximizando el uso de sus recursos.<\/p>\n\n\n\n<p>La Comisi\u00f3n para la Coordinaci\u00f3n y Direcci\u00f3n del Plan San Juan queda integrada por el Obispo de la Di\u00f3cesis de San Juan, quien lo presidir\u00e1; el Ministerio Administrativo de la Presidencia; el Ministerio de Agricultura; el Banco Agr\u00edcola de la Rep\u00fablica Dominicana; el Ministerio de Medio Ambiente y Recursos Naturales; el Instituto Nacional de Recursos Hidr\u00e1ulicos; el Instituto del Tabaco y la Junta Agroempresarial Dominicana.<\/p>\n\n\n\n<p>Asimismo, por la Gobernaci\u00f3n Provincial; un representante de la Asociaci\u00f3n de Desarrollo de la Provincia de San Juan; un representante de la Asociaci\u00f3n de Productores Agr\u00edcolas de la provincia de San Juan; un representante de la Asociaci\u00f3n de Ganaderos; un represente de la Asociaci\u00f3n de Productores de Tabaco; el alcalde del Municipio Cabecera, m\u00e1s un representante elegido entre los dem\u00e1s municipios; la Confederaci\u00f3n Nacional de Productores Agropecuarios (CONFENAGRO) y el director ejecutivo del Plan San Juan, quien fungir\u00e1 como secretario, con voz; pero sin voto.<\/p>\n\n\n\n<p>Funciones del Plan San Juan<\/p>\n\n\n\n<p>La Comisi\u00f3n del Plan San Juan asume la responsabilidad de liderar la transformaci\u00f3n econ\u00f3mica regional mediante la aprobaci\u00f3n estrat\u00e9gica de proyectos de infraestructura y acuerdos interinstitucionales, asegurando siempre el cumplimiento de las normativas de contrataciones p\u00fablicas.<\/p>\n\n\n\n<p>Su labor se centra en diversificar la matriz productiva y coordinar la ejecuci\u00f3n de obras cr\u00edticas, tales como sistemas de riego, centros de acopio y naves en zonas francas, fundamentales para el sost\u00e9n de la actividad econ\u00f3mica local.<\/p>\n\n\n\n<p>Asimismo, este \u00f3rgano act\u00faa como un articulador entre los sectores p\u00fablico y privado para facilitar encadenamientos que generen empleo y fortalezcan el capital humano regional.<\/p>\n\n\n\n<p>A trav\u00e9s de la canalizaci\u00f3n de capital semilla y asistencia t\u00e9cnica, la Comisi\u00f3n apoya directamente a emprendimientos y peque\u00f1os productores, fomentando su integraci\u00f3n en cooperativas y cl\u00fasteres.<\/p>\n\n\n\n<p>Finalmente, su gesti\u00f3n se consolida mediante la promoci\u00f3n de alianzas comerciales estrat\u00e9gicas y la rendici\u00f3n peri\u00f3dica de informes de avance ante la Presidencia de la Rep\u00fablica.<\/p>\n\n\n\n<p>Direcci\u00f3n Ejecutiva<\/p>\n\n\n\n<p>Mientras, la Direcci\u00f3n Ejecutiva de la comisi\u00f3n del Plan San Juan tendr\u00e1 como responsabilidad realizar las coordinaciones t\u00e9cnicas de lugar a fin de que los proyectos aprobados por la comisi\u00f3n del Plan San Juan se ejecuten dentro del cronograma acordado; administrar los fondos asignados a la ejecuci\u00f3n de las acciones y actividades aprobadas por la comisi\u00f3n del Plan San Juan; coordinar la formulaci\u00f3n de pol\u00edticas derivadas de la comisi\u00f3n del Plan San Juan, as\u00ed como la definici\u00f3n y ejecuci\u00f3n de las iniciativas, programas y proyectos que se consideren necesarios para alcanzar los resultados esperados.<\/p>\n\n\n\n<p>De igual forma, deber\u00e1 coordinar la asistencia t\u00e9cnica, financiamiento, manejo post cosecha y comercializaci\u00f3n que se ejecutar\u00e1n en cada una de las fincas intervenidas; realizar y mantener un registro georreferenciado de cada una de las unidades productivas intervenidas; supervisar la ejecuci\u00f3n y cumplimiento de las tareas planificadas en el marco del Plan y mantener registros contables de los gastos realizados en el marco del Plan.<\/p>\n\n\n\n<p>Finalmente, debe adem\u00e1s contratar las personas f\u00edsicas y jur\u00eddicas que se requieran para el cumplimiento de sus funciones y las tareas que les sean encomendadas, conforme a lo estipulado por las leyes correspondientes; supervisar el buen uso de los equipos de transporte y maquinarias de trabajo asignadas a la ejecuci\u00f3n del Plan y rendir informes trimestrales a la comisi\u00f3n del Plan San Juan sobre el avance en su implementaci\u00f3n.<\/p>\n\n\n\n<div data-wp-interactive=\"core\/file\" class=\"wp-block-file\"><object data-wp-bind--hidden=\"!state.hasPdfPreview\" hidden class=\"wp-block-file__embed\" data=\"https:\/\/lasprimeras.com.do\/wp-content\/uploads\/2026\/04\/Decreto-236-26.pdf\" type=\"application\/pdf\" style=\"width:100%;height:600px\" aria-label=\"Incrustado de Decreto 236-26.\"><\/object><a id=\"wp-block-file--media-8a6972ef-4f34-4442-8c70-f13165b5145d\" href=\"https:\/\/lasprimeras.com.do\/wp-content\/uploads\/2026\/04\/Decreto-236-26.pdf\">Decreto 236-26<\/a><a href=\"https:\/\/lasprimeras.com.do\/wp-content\/uploads\/2026\/04\/Decreto-236-26.pdf\" class=\"wp-block-file__button wp-element-button\" download aria-describedby=\"wp-block-file--media-8a6972ef-4f34-4442-8c70-f13165b5145d\">Descarga<\/a><\/div>\n\n\n\n<div data-wp-interactive=\"core\/file\" class=\"wp-block-file\"><object data-wp-bind--hidden=\"!state.hasPdfPreview\" hidden class=\"wp-block-file__embed\" data=\"https:\/\/lasprimeras.com.do\/wp-content\/uploads\/2026\/04\/Decreto-285-26.pdf\" type=\"application\/pdf\" style=\"width:100%;height:600px\" aria-label=\"Incrustado de Decreto 285-26.\"><\/object><a id=\"wp-block-file--media-2f44d23d-c155-4098-b361-1189b3058bf3\" href=\"https:\/\/lasprimeras.com.do\/wp-content\/uploads\/2026\/04\/Decreto-285-26.pdf\">Decreto 285-26<\/a><a href=\"https:\/\/lasprimeras.com.do\/wp-content\/uploads\/2026\/04\/Decreto-285-26.pdf\" class=\"wp-block-file__button wp-element-button\" download aria-describedby=\"wp-block-file--media-2f44d23d-c155-4098-b361-1189b3058bf3\">Descarga<\/a><\/div>\n","protected":false},"excerpt":{"rendered":"<p>El presidente Luis Abinader emiti\u00f3 los decretos 236-26 y 285-26 que tienen el prop\u00f3sito de dar continuidad a las acciones para el desarrollo integral en los \u00e1mbitos econ\u00f3mico y social&hellip;<\/p>\n","protected":false},"author":10,"featured_media":124288,"comment_status":"open","ping_status":"open","sticky":false,"template":"","format":"standard","meta":{"content-type":"","jetpack_post_was_ever_published":false,"_jetpack_newsletter_access":"","_jetpack_dont_email_post_to_subs":false,"_jetpack_newsletter_tier_id":0,"_jetpack_memberships_contains_paywalled_content":false,"_jetpack_memberships_contains_paid_content":false,"footnotes":""},"categories":[35,25],"tags":[950,2587,14936,3344,1443,32759,67,32758],"class_list":["post-128910","post","type-post","status-publish","format-standard","has-post-thumbnail","hentry","category-nacionales","category-portada","tag-comision","tag-coordinacion","tag-crea","tag-designa","tag-direccion","tag-director-ejecutivo","tag-luis-abinader","tag-plan-san-juan"],"jetpack_featured_media_url":"https:\/\/lasprimeras.com.do\/wp-content\/uploads\/2026\/03\/Luis-Abinader-7.jpg","jetpack-related-posts":[{"id":120445,"url":"https:\/\/lasprimeras.com.do\/index.php\/2026\/01\/23\/abinader-declara-de-alto-interes-publico-la-creacion-del-jardin-botanico-de-san-juan-de-la-maguana\/","url_meta":{"origin":128910,"position":0},"title":"Abinader declara de alto inter\u00e9s p\u00fablico la creaci\u00f3n del Jard\u00edn Bot\u00e1nico de San Juan de la Maguana","author":"Nelson Feliz","date":"23 de enero de 2026","format":false,"excerpt":"El presidente Luis Abinader, declar\u00f3 de alto inter\u00e9s p\u00fablico la creaci\u00f3n del Jard\u00edn Bot\u00e1nico de San Juan de la Maguana, mediante el Decreto n\u00fam. 38-26, de fecha 23 de enero de 2026, como parte de las acciones orientadas a fortalecer la conservaci\u00f3n ambiental, la educaci\u00f3n ecol\u00f3gica, la investigaci\u00f3n cient\u00edfica y\u2026","rel":"","context":"En \u00abMEDIO AMBIENTE\u00bb","block_context":{"text":"MEDIO AMBIENTE","link":"https:\/\/lasprimeras.com.do\/index.php\/category\/medio-ambiente\/"},"img":{"alt_text":"","src":"https:\/\/i0.wp.com\/lasprimeras.com.do\/wp-content\/uploads\/2026\/01\/Luis-Abinader-2.jpg?resize=350%2C200&ssl=1","width":350,"height":200,"srcset":"https:\/\/i0.wp.com\/lasprimeras.com.do\/wp-content\/uploads\/2026\/01\/Luis-Abinader-2.jpg?resize=350%2C200&ssl=1 1x, https:\/\/i0.wp.com\/lasprimeras.com.do\/wp-content\/uploads\/2026\/01\/Luis-Abinader-2.jpg?resize=525%2C300&ssl=1 1.5x, https:\/\/i0.wp.com\/lasprimeras.com.do\/wp-content\/uploads\/2026\/01\/Luis-Abinader-2.jpg?resize=700%2C400&ssl=1 2x"},"classes":[]},{"id":128784,"url":"https:\/\/lasprimeras.com.do\/index.php\/2026\/04\/26\/abinader-inaugura-nuevo-liceo-en-copeyito-rio-san-juan-tras-14-anos-de-espera\/","url_meta":{"origin":128910,"position":1},"title":"Abinader inaugura Nuevo liceo en Copeyito, R\u00edo San Juan, tras 14 a\u00f1os de espera","author":"Nelson Feliz","date":"26 de abril de 2026","format":false,"excerpt":"De manera simult\u00e1nea, ministro de Educaci\u00f3n Luis Miguel De Camps, inaugura Escuela Primaria Raquel de la Rosa Fa\u00f1a; ambos centros fueron concluidos en menos de un a\u00f1o por la Direcci\u00f3n de Infraestructura Escolar a trav\u00e9s del Plan \u201cAulas 24\/7-365\" En beneficio de m\u00e1s de 280 estudiantes de Copeyito, el presidente\u2026","rel":"","context":"En \u00abNACIONALES\u00bb","block_context":{"text":"NACIONALES","link":"https:\/\/lasprimeras.com.do\/index.php\/category\/nacionales\/"},"img":{"alt_text":"","src":"https:\/\/i0.wp.com\/lasprimeras.com.do\/wp-content\/uploads\/2026\/04\/lluis.jpg?resize=350%2C200&ssl=1","width":350,"height":200,"srcset":"https:\/\/i0.wp.com\/lasprimeras.com.do\/wp-content\/uploads\/2026\/04\/lluis.jpg?resize=350%2C200&ssl=1 1x, https:\/\/i0.wp.com\/lasprimeras.com.do\/wp-content\/uploads\/2026\/04\/lluis.jpg?resize=525%2C300&ssl=1 1.5x, https:\/\/i0.wp.com\/lasprimeras.com.do\/wp-content\/uploads\/2026\/04\/lluis.jpg?resize=700%2C400&ssl=1 2x"},"classes":[]},{"id":124331,"url":"https:\/\/lasprimeras.com.do\/index.php\/2026\/03\/11\/julito-fulcar-llevara-exito-del-plan-estrategico-de-peravia-a-san-juan\/","url_meta":{"origin":128910,"position":2},"title":"Julito Fulcar llevar\u00e1 \u00e9xito del Plan Estrat\u00e9gico de Peravia a San Juan","author":"Nelson Feliz","date":"11 de marzo de 2026","format":false,"excerpt":"El Senador por Peravia, Julito Fulcar Encarnaci\u00f3n, encabezar\u00e1 este jueves un encuentro especial en San Juan de la Maguana, para exponer los logros y metodolog\u00edas del Plan de Desarrollo Estrat\u00e9gico y Sostenible de la provincia Peravia 2025-2050. El legislador estar\u00e1 acompa\u00f1ado por una comitiva t\u00e9cnica integrada por Juan Carlos Guzm\u00e1n,\u2026","rel":"","context":"En \u00abPOLITICA\u00bb","block_context":{"text":"POLITICA","link":"https:\/\/lasprimeras.com.do\/index.php\/category\/politica\/"},"img":{"alt_text":"Julito Fulcar","src":"https:\/\/i0.wp.com\/lasprimeras.com.do\/wp-content\/uploads\/2026\/03\/Julito-Fulcar.jpg?resize=350%2C200&ssl=1","width":350,"height":200,"srcset":"https:\/\/i0.wp.com\/lasprimeras.com.do\/wp-content\/uploads\/2026\/03\/Julito-Fulcar.jpg?resize=350%2C200&ssl=1 1x, https:\/\/i0.wp.com\/lasprimeras.com.do\/wp-content\/uploads\/2026\/03\/Julito-Fulcar.jpg?resize=525%2C300&ssl=1 1.5x, https:\/\/i0.wp.com\/lasprimeras.com.do\/wp-content\/uploads\/2026\/03\/Julito-Fulcar.jpg?resize=700%2C400&ssl=1 2x"},"classes":[]},{"id":126987,"url":"https:\/\/lasprimeras.com.do\/index.php\/2026\/04\/07\/abinader-encabeza-reunion-de-seguimiento-al-plan-de-seguridad-ciudadana-5\/","url_meta":{"origin":128910,"position":3},"title":"Abinader encabeza reuni\u00f3n de seguimiento al Plan de Seguridad Ciudadana","author":"Nelson Feliz","date":"7 de abril de 2026","format":false,"excerpt":"El presidente Luis Abinader se encuentra presidiendo en estos momentos la reuni\u00f3n de seguimiento al Plan de Seguridad Ciudadana, con el prop\u00f3sito de fortalecer las estrategias que se implementan en todo el pa\u00eds para garantizar mayor protecci\u00f3n y tranquilidad a la poblaci\u00f3n. La sesi\u00f3n de trabajo se est\u00e1 llevando a\u2026","rel":"","context":"En \u00abNACIONALES\u00bb","block_context":{"text":"NACIONALES","link":"https:\/\/lasprimeras.com.do\/index.php\/category\/nacionales\/"},"img":{"alt_text":"","src":"https:\/\/i0.wp.com\/lasprimeras.com.do\/wp-content\/uploads\/2026\/04\/IMG-20260407-WA0406-scaled.jpg?resize=350%2C200&ssl=1","width":350,"height":200,"srcset":"https:\/\/i0.wp.com\/lasprimeras.com.do\/wp-content\/uploads\/2026\/04\/IMG-20260407-WA0406-scaled.jpg?resize=350%2C200&ssl=1 1x, https:\/\/i0.wp.com\/lasprimeras.com.do\/wp-content\/uploads\/2026\/04\/IMG-20260407-WA0406-scaled.jpg?resize=525%2C300&ssl=1 1.5x, https:\/\/i0.wp.com\/lasprimeras.com.do\/wp-content\/uploads\/2026\/04\/IMG-20260407-WA0406-scaled.jpg?resize=700%2C400&ssl=1 2x, https:\/\/i0.wp.com\/lasprimeras.com.do\/wp-content\/uploads\/2026\/04\/IMG-20260407-WA0406-scaled.jpg?resize=1050%2C600&ssl=1 3x, https:\/\/i0.wp.com\/lasprimeras.com.do\/wp-content\/uploads\/2026\/04\/IMG-20260407-WA0406-scaled.jpg?resize=1400%2C800&ssl=1 4x"},"classes":[]},{"id":113243,"url":"https:\/\/lasprimeras.com.do\/index.php\/2025\/10\/30\/abinader-visitara-san-jose-de-ocoa-barahona-san-juan-duarte-y-el-municipio-de-santo-domingo-norte\/","url_meta":{"origin":128910,"position":4},"title":"Abinader visitar\u00e1 San Jos\u00e9 de Ocoa, Barahona, San Juan, Duarte y el municipio de Santo Domingo Norte","author":"Nelson Feliz","date":"30 de octubre de 2025","format":false,"excerpt":"El presidente Luis Abinader desarrollar\u00e1 desde este viernes hasta el domingo una intensa agenda de trabajo en varias provincias del pa\u00eds, incluyendo San Jos\u00e9 de Ocoa, Barahona, Santo Domingo, San Juan y Duarte, donde inaugurar\u00e1 obras de infraestructura, visitar\u00e1 proyectos productivos y culturales, y sostendr\u00e1 encuentros con autoridades, estudiantes y\u2026","rel":"","context":"En \u00abNACIONALES\u00bb","block_context":{"text":"NACIONALES","link":"https:\/\/lasprimeras.com.do\/index.php\/category\/nacionales\/"},"img":{"alt_text":"","src":"https:\/\/i0.wp.com\/lasprimeras.com.do\/wp-content\/uploads\/2025\/10\/Luis-Abinader-12.jpg?resize=350%2C200&ssl=1","width":350,"height":200,"srcset":"https:\/\/i0.wp.com\/lasprimeras.com.do\/wp-content\/uploads\/2025\/10\/Luis-Abinader-12.jpg?resize=350%2C200&ssl=1 1x, https:\/\/i0.wp.com\/lasprimeras.com.do\/wp-content\/uploads\/2025\/10\/Luis-Abinader-12.jpg?resize=525%2C300&ssl=1 1.5x, https:\/\/i0.wp.com\/lasprimeras.com.do\/wp-content\/uploads\/2025\/10\/Luis-Abinader-12.jpg?resize=700%2C400&ssl=1 2x"},"classes":[]},{"id":128160,"url":"https:\/\/lasprimeras.com.do\/index.php\/2026\/04\/20\/abinader-encabeza-reunion-de-seguimiento-al-plan-de-seguridad-ciudadana-6\/","url_meta":{"origin":128910,"position":5},"title":"Abinader encabeza reuni\u00f3n de seguimiento al Plan de Seguridad Ciudadana","author":"Nelson Feliz","date":"20 de abril de 2026","format":false,"excerpt":"El presidente Luis Abinader se encuentra presidiendo en estos momentos la reuni\u00f3n de seguimiento al Plan de Seguridad Ciudadana, con el prop\u00f3sito de fortalecer las estrategias que se implementan en todo el pa\u00eds para garantizar mayor protecci\u00f3n y tranquilidad a la poblaci\u00f3n. La sesi\u00f3n de trabajo se est\u00e1 llevando a\u2026","rel":"","context":"En \u00abNACIONALES\u00bb","block_context":{"text":"NACIONALES","link":"https:\/\/lasprimeras.com.do\/index.php\/category\/nacionales\/"},"img":{"alt_text":"","src":"https:\/\/i0.wp.com\/lasprimeras.com.do\/wp-content\/uploads\/2026\/04\/IMG-20260420-WA0368-scaled.jpg?resize=350%2C200&ssl=1","width":350,"height":200,"srcset":"https:\/\/i0.wp.com\/lasprimeras.com.do\/wp-content\/uploads\/2026\/04\/IMG-20260420-WA0368-scaled.jpg?resize=350%2C200&ssl=1 1x, https:\/\/i0.wp.com\/lasprimeras.com.do\/wp-content\/uploads\/2026\/04\/IMG-20260420-WA0368-scaled.jpg?resize=525%2C300&ssl=1 1.5x, https:\/\/i0.wp.com\/lasprimeras.com.do\/wp-content\/uploads\/2026\/04\/IMG-20260420-WA0368-scaled.jpg?resize=700%2C400&ssl=1 2x, https:\/\/i0.wp.com\/lasprimeras.com.do\/wp-content\/uploads\/2026\/04\/IMG-20260420-WA0368-scaled.jpg?resize=1050%2C600&ssl=1 3x, https:\/\/i0.wp.com\/lasprimeras.com.do\/wp-content\/uploads\/2026\/04\/IMG-20260420-WA0368-scaled.jpg?resize=1400%2C800&ssl=1 4x"},"classes":[]}],"jetpack_sharing_enabled":true,"_links":{"self":[{"href":"https:\/\/lasprimeras.com.do\/index.php\/wp-json\/wp\/v2\/posts\/128910","targetHints":{"allow":["GET"]}}],"collection":[{"href":"https:\/\/lasprimeras.com.do\/index.php\/wp-json\/wp\/v2\/posts"}],"about":[{"href":"https:\/\/lasprimeras.com.do\/index.php\/wp-json\/wp\/v2\/types\/post"}],"author":[{"embeddable":true,"href":"https:\/\/lasprimeras.com.do\/index.php\/wp-json\/wp\/v2\/users\/10"}],"replies":[{"embeddable":true,"href":"https:\/\/lasprimeras.com.do\/index.php\/wp-json\/wp\/v2\/comments?post=128910"}],"version-history":[{"count":1,"href":"https:\/\/lasprimeras.com.do\/index.php\/wp-json\/wp\/v2\/posts\/128910\/revisions"}],"predecessor-version":[{"id":128913,"href":"https:\/\/lasprimeras.com.do\/index.php\/wp-json\/wp\/v2\/posts\/128910\/revisions\/128913"}],"wp:featuredmedia":[{"embeddable":true,"href":"https:\/\/lasprimeras.com.do\/index.php\/wp-json\/wp\/v2\/media\/124288"}],"wp:attachment":[{"href":"https:\/\/lasprimeras.com.do\/index.php\/wp-json\/wp\/v2\/media?parent=128910"}],"wp:term":[{"taxonomy":"category","embeddable":true,"href":"https:\/\/lasprimeras.com.do\/index.php\/wp-json\/wp\/v2\/categories?post=128910"},{"taxonomy":"post_tag","embeddable":true,"href":"https:\/\/lasprimeras.com.do\/index.php\/wp-json\/wp\/v2\/tags?post=128910"}],"curies":[{"name":"wp","href":"https:\/\/api.w.org\/{rel}","templated":true}]}}