{"id":128914,"date":"2026-04-28T07:17:21","date_gmt":"2026-04-28T11:17:21","guid":{"rendered":"https:\/\/lasprimeras.com.do\/?p=128914"},"modified":"2026-04-28T07:17:22","modified_gmt":"2026-04-28T11:17:22","slug":"embajada-de-ee-uu-busca-voluntarios-para-apoyar-a-su-comunidad-en-rd","status":"publish","type":"post","link":"https:\/\/lasprimeras.com.do\/index.php\/2026\/04\/28\/embajada-de-ee-uu-busca-voluntarios-para-apoyar-a-su-comunidad-en-rd\/","title":{"rendered":"Embajada de EE. UU. busca voluntarios para apoyar a su comunidad en RD"},"content":{"rendered":"\n<p><br>Los voluntarios ayudar\u00e1n a brindar apoyo a estadounidenses en situaciones dif\u00edciles y facilitar la asistencia consular durante desastres naturales<\/p>\n\n\n\n<p>La\u00a0<strong>Embajada de los Estados Unidos<\/strong>\u00a0en Santo Domingo lanz\u00f3 una\u00a0<strong>convocatoria<\/strong>\u00a0dirigida a ciudadanos estadounidenses residentes en\u00a0<strong>Rep\u00fablica Dominicana<\/strong>\u00a0para integrarse como\u00a0<strong>Voluntarios de Enlace Ciudadano (CLV)<\/strong>, una iniciativa orientada a fortalecer la comunicaci\u00f3n y asistencia en situaciones de emergencia.<\/p>\n\n\n\n<p>De acuerdo con la embajada, los&nbsp;<strong>CLV<\/strong>&nbsp;son ciudadanos particulares que colaboran compartiendo&nbsp;<strong>informaci\u00f3n oficial<\/strong>, brindando apoyo a estadounidenses en situaciones de dificultad y ayudando a localizar personas durante&nbsp;<strong>desastres naturales<\/strong>&nbsp;u otras emergencias, con el fin de facilitar la asistencia consular.<\/p>\n\n\n\n<p>La Embajada precis\u00f3 que los aspirantes&nbsp;<strong>deben dominar el idioma ingl\u00e9s<\/strong>, aunque el manejo de otros idiomas ser\u00e1 considerado un valor a\u00f1adido.<\/p>\n\n\n\n<p>Asimismo, aclar\u00f3 que se trata de un servicio completamente&nbsp;<strong>voluntario<\/strong>, por lo que los participantes no son empleados ni representantes oficiales de la instituci\u00f3n, ni reciben&nbsp;<strong>remuneraci\u00f3n econ\u00f3mica<\/strong>.<\/p>\n\n\n\n<p>Los interesados pueden obtener&nbsp;<strong>m\u00e1s informaci\u00f3n<\/strong>&nbsp;y completar su solicitud a trav\u00e9s del formulario habilitado por la Embajada.&nbsp;<br><\/p>\n","protected":false},"excerpt":{"rendered":"<p>Los voluntarios ayudar\u00e1n a brindar apoyo a estadounidenses en situaciones dif\u00edciles y facilitar la asistencia consular durante desastres naturales La\u00a0Embajada de los Estados Unidos\u00a0en Santo Domingo lanz\u00f3 una\u00a0convocatoria\u00a0dirigida a ciudadanos&hellip;<\/p>\n","protected":false},"author":10,"featured_media":128915,"comment_status":"open","ping_status":"open","sticky":false,"template":"","format":"standard","meta":{"content-type":"","jetpack_post_was_ever_published":false,"_jetpack_newsletter_access":"","_jetpack_dont_email_post_to_subs":false,"_jetpack_newsletter_tier_id":0,"_jetpack_memberships_contains_paywalled_content":false,"_jetpack_memberships_contains_paid_content":false,"footnotes":""},"categories":[35],"tags":[32760,127,6549],"class_list":["post-128914","post","type-post","status-publish","format-standard","has-post-thumbnail","hentry","category-nacionales","tag-embajada-eeuu","tag-rd","tag-voluntarios"],"jetpack_featured_media_url":"https:\/\/lasprimeras.com.do\/wp-content\/uploads\/2026\/04\/embajada-de-eeuu-desea-unas-felices-fiestas-focus-0-0-608-342.jpg","jetpack-related-posts":[{"id":95950,"url":"https:\/\/lasprimeras.com.do\/index.php\/2025\/03\/23\/la-embajada-de-ee-uu-anuncia-suspension-de-servicios-en-agencia-consular-de-punta-cana\/","url_meta":{"origin":128914,"position":0},"title":"La embajada de EE. UU. anuncia suspensi\u00f3n de servicios en agencia consular de Punta Cana","author":"Nelson Feliz","date":"23 de marzo de 2025","format":false,"excerpt":"Citas y servicios en Embajada y Agencia Consular. La embajada de los Estados Unidos en la Rep\u00fablica Dominicana anunci\u00f3 este viernes la suspensi\u00f3n temporal del servicio de pasaportes y notaria en la Agencia Consular de Punta Cana para los ciudadanos estadounidenses. Informaron que los interesados pueden hacer citas para dichos\u2026","rel":"","context":"En \u00abNACIONALES\u00bb","block_context":{"text":"NACIONALES","link":"https:\/\/lasprimeras.com.do\/index.php\/category\/nacionales\/"},"img":{"alt_text":"","src":"https:\/\/i0.wp.com\/lasprimeras.com.do\/wp-content\/uploads\/2025\/01\/Embajada-de-EE.UU_.-en-RD.jpg?resize=350%2C200&ssl=1","width":350,"height":200,"srcset":"https:\/\/i0.wp.com\/lasprimeras.com.do\/wp-content\/uploads\/2025\/01\/Embajada-de-EE.UU_.-en-RD.jpg?resize=350%2C200&ssl=1 1x, https:\/\/i0.wp.com\/lasprimeras.com.do\/wp-content\/uploads\/2025\/01\/Embajada-de-EE.UU_.-en-RD.jpg?resize=525%2C300&ssl=1 1.5x"},"classes":[]},{"id":125891,"url":"https:\/\/lasprimeras.com.do\/index.php\/2026\/03\/27\/exhortan-a-dominicanos-ciudadanos-de-ee-uu-inscribirse-en-programa-step-al-viajar-o-residir-en-cualquier-otro-pais\/","url_meta":{"origin":128914,"position":1},"title":"Exhortan a dominicanos ciudadanos de EE. UU. inscribirse en programa STEP al viajar o residir en cualquier otro pa\u00eds","author":"Nelson Feliz","date":"27 de marzo de 2026","format":false,"excerpt":"Por Ram\u00f3n Mercedes NUEVA YORK.- Ante la convulsi\u00f3n que vive el mundo, la Fundaci\u00f3n Hermanos Rojas (SOLN) y la organizaci\u00f3n Prensa & Comunidad Hispana (PreCoHis) exhortan a los dominicanos naturalizados estadounidenses a que, al viajar o residir en cualquier otro pa\u00eds, se registren en el Programa de Registro de Viajeros\u2026","rel":"","context":"En \u00abINTERNACIONALES\u00bb","block_context":{"text":"INTERNACIONALES","link":"https:\/\/lasprimeras.com.do\/index.php\/category\/sin-categoria\/internacionales\/"},"img":{"alt_text":"","src":"https:\/\/i0.wp.com\/lasprimeras.com.do\/wp-content\/uploads\/2026\/03\/IMG-20260327-WA0019.jpg?resize=350%2C200&ssl=1","width":350,"height":200,"srcset":"https:\/\/i0.wp.com\/lasprimeras.com.do\/wp-content\/uploads\/2026\/03\/IMG-20260327-WA0019.jpg?resize=350%2C200&ssl=1 1x, https:\/\/i0.wp.com\/lasprimeras.com.do\/wp-content\/uploads\/2026\/03\/IMG-20260327-WA0019.jpg?resize=525%2C300&ssl=1 1.5x"},"classes":[]},{"id":90857,"url":"https:\/\/lasprimeras.com.do\/index.php\/2024\/11\/02\/oleada-de-voluntarios-llegan-a-valencia-para-ayudar-a-las-victimas-del-desastre-provocado-por-dana\/","url_meta":{"origin":128914,"position":2},"title":"Oleada de voluntarios lleg\u00e1n a Valencia para ayudar a las v\u00edctimas del desastre provocado por DANA","author":"Nelson Feliz","date":"2 de noviembre de 2024","format":false,"excerpt":"Historia de Redacci\u00f3n - BBC News Mundo Es una emergencia que ha despertado la solidaridad de todo un pa\u00eds. Miles de voluntarios se desplazaban a pie este viernes hacia las localidades cercanas a la ciudad de Valencia, en Espa\u00f1a, que fueron golpeadas esta semana por la DANA, fen\u00f3meno natural que\u2026","rel":"","context":"En \u00abSin categor\u00eda\u00bb","block_context":{"text":"Sin categor\u00eda","link":"https:\/\/lasprimeras.com.do\/index.php\/category\/sin-categoria\/"},"img":{"alt_text":"","src":"https:\/\/i0.wp.com\/lasprimeras.com.do\/wp-content\/uploads\/2024\/11\/voluntarios-1.jpg?resize=350%2C200&ssl=1","width":350,"height":200,"srcset":"https:\/\/i0.wp.com\/lasprimeras.com.do\/wp-content\/uploads\/2024\/11\/voluntarios-1.jpg?resize=350%2C200&ssl=1 1x, https:\/\/i0.wp.com\/lasprimeras.com.do\/wp-content\/uploads\/2024\/11\/voluntarios-1.jpg?resize=525%2C300&ssl=1 1.5x"},"classes":[]},{"id":101876,"url":"https:\/\/lasprimeras.com.do\/index.php\/2025\/06\/27\/dc-apoya-iniciativa-busca-exonerar-certificacion-de-no-antecedentes-penales-a-voluntarios\/","url_meta":{"origin":128914,"position":3},"title":"DC apoya iniciativa busca exonerar \u201cCertificaci\u00f3n de No Antecedentes Penales\u201d a voluntarios","author":"Nelson Feliz","date":"27 de junio de 2025","format":false,"excerpt":"El presidente de la Comisi\u00f3n Nacional de Emergencias (CNE) y director ejecutivo de la Defensa Civil dominicana, Juan Salas, salud\u00f3 este viernes la iniciativa del diputado, Ignacio Aracena, que busca la exoneraci\u00f3n del costo de la Certificaci\u00f3n de No Antecedentes Penales, a todo ciudadano que ingrese a la instituci\u00f3n como\u2026","rel":"","context":"En \u00abNACIONALES\u00bb","block_context":{"text":"NACIONALES","link":"https:\/\/lasprimeras.com.do\/index.php\/category\/nacionales\/"},"img":{"alt_text":"","src":"https:\/\/i0.wp.com\/lasprimeras.com.do\/wp-content\/uploads\/2025\/06\/foto-P.-2.jpg?resize=350%2C200&ssl=1","width":350,"height":200,"srcset":"https:\/\/i0.wp.com\/lasprimeras.com.do\/wp-content\/uploads\/2025\/06\/foto-P.-2.jpg?resize=350%2C200&ssl=1 1x, https:\/\/i0.wp.com\/lasprimeras.com.do\/wp-content\/uploads\/2025\/06\/foto-P.-2.jpg?resize=525%2C300&ssl=1 1.5x, https:\/\/i0.wp.com\/lasprimeras.com.do\/wp-content\/uploads\/2025\/06\/foto-P.-2.jpg?resize=700%2C400&ssl=1 2x"},"classes":[]},{"id":126914,"url":"https:\/\/lasprimeras.com.do\/index.php\/2026\/04\/06\/defensa-civil-destaca-en-operativo-por-semana-santa-salvando-vidas\/","url_meta":{"origin":128914,"position":4},"title":"Defensa Civil destaca en operativo por Semana Santa salvando vidas","author":"Nelson Feliz","date":"6 de abril de 2026","format":false,"excerpt":"El director ejecutivo de la Defensa Civil Dominicana, Juan Salas, resalt\u00f3 este lunes los resultados obtenidos por la instituci\u00f3n durante el operativo de Semana Santa 2026, donde lograron salvar vidas y brindar asistencia oportuna a miles de ciudadanos en todo el territorio nacional. Salas inform\u00f3 que la entidad instal\u00f3 881\u2026","rel":"","context":"En \u00abNACIONALES\u00bb","block_context":{"text":"NACIONALES","link":"https:\/\/lasprimeras.com.do\/index.php\/category\/nacionales\/"},"img":{"alt_text":"","src":"https:\/\/i0.wp.com\/lasprimeras.com.do\/wp-content\/uploads\/2026\/04\/DC-DESTACA-EN-OPERATIVO-SEMANA-SANTA.jpg?resize=350%2C200&ssl=1","width":350,"height":200,"srcset":"https:\/\/i0.wp.com\/lasprimeras.com.do\/wp-content\/uploads\/2026\/04\/DC-DESTACA-EN-OPERATIVO-SEMANA-SANTA.jpg?resize=350%2C200&ssl=1 1x, https:\/\/i0.wp.com\/lasprimeras.com.do\/wp-content\/uploads\/2026\/04\/DC-DESTACA-EN-OPERATIVO-SEMANA-SANTA.jpg?resize=525%2C300&ssl=1 1.5x, https:\/\/i0.wp.com\/lasprimeras.com.do\/wp-content\/uploads\/2026\/04\/DC-DESTACA-EN-OPERATIVO-SEMANA-SANTA.jpg?resize=700%2C400&ssl=1 2x"},"classes":[]},{"id":64343,"url":"https:\/\/lasprimeras.com.do\/index.php\/2023\/10\/19\/estados-unidos-emite-alerta-global-por-el-aumento-de-las-tensiones-en-el-mundo\/","url_meta":{"origin":128914,"position":5},"title":"Estados Unidos emite alerta global por \u201cel aumento de las tensiones en el mundo\u201d","author":"BIMARY DE JES\u00daS Matos","date":"19 de octubre de 2023","format":false,"excerpt":"NUEVA YORK.- El Departamento de Estado de Estados Unidos emiti\u00f3 un aviso de \u201cprecauci\u00f3n mundial\u201d este jueves debido a las tensiones globales y aumento de las alertas terroristas tras el ataque del grupo extremista Hamas contra Israel del pasado 7 de octubre. \u201cDebido al aumento de las tensiones en varios\u2026","rel":"","context":"En \u00abSin categor\u00eda\u00bb","block_context":{"text":"Sin categor\u00eda","link":"https:\/\/lasprimeras.com.do\/index.php\/category\/sin-categoria\/"},"img":{"alt_text":"","src":"https:\/\/i0.wp.com\/lasprimeras.com.do\/wp-content\/uploads\/2023\/10\/WhatsApp-Image-2023-10-18-at-9.33.42-PM-4.jpeg?resize=350%2C200&ssl=1","width":350,"height":200,"srcset":"https:\/\/i0.wp.com\/lasprimeras.com.do\/wp-content\/uploads\/2023\/10\/WhatsApp-Image-2023-10-18-at-9.33.42-PM-4.jpeg?resize=350%2C200&ssl=1 1x, https:\/\/i0.wp.com\/lasprimeras.com.do\/wp-content\/uploads\/2023\/10\/WhatsApp-Image-2023-10-18-at-9.33.42-PM-4.jpeg?resize=525%2C300&ssl=1 1.5x, https:\/\/i0.wp.com\/lasprimeras.com.do\/wp-content\/uploads\/2023\/10\/WhatsApp-Image-2023-10-18-at-9.33.42-PM-4.jpeg?resize=700%2C400&ssl=1 2x"},"classes":[]}],"jetpack_sharing_enabled":true,"_links":{"self":[{"href":"https:\/\/lasprimeras.com.do\/index.php\/wp-json\/wp\/v2\/posts\/128914","targetHints":{"allow":["GET"]}}],"collection":[{"href":"https:\/\/lasprimeras.com.do\/index.php\/wp-json\/wp\/v2\/posts"}],"about":[{"href":"https:\/\/lasprimeras.com.do\/index.php\/wp-json\/wp\/v2\/types\/post"}],"author":[{"embeddable":true,"href":"https:\/\/lasprimeras.com.do\/index.php\/wp-json\/wp\/v2\/users\/10"}],"replies":[{"embeddable":true,"href":"https:\/\/lasprimeras.com.do\/index.php\/wp-json\/wp\/v2\/comments?post=128914"}],"version-history":[{"count":1,"href":"https:\/\/lasprimeras.com.do\/index.php\/wp-json\/wp\/v2\/posts\/128914\/revisions"}],"predecessor-version":[{"id":128916,"href":"https:\/\/lasprimeras.com.do\/index.php\/wp-json\/wp\/v2\/posts\/128914\/revisions\/128916"}],"wp:featuredmedia":[{"embeddable":true,"href":"https:\/\/lasprimeras.com.do\/index.php\/wp-json\/wp\/v2\/media\/128915"}],"wp:attachment":[{"href":"https:\/\/lasprimeras.com.do\/index.php\/wp-json\/wp\/v2\/media?parent=128914"}],"wp:term":[{"taxonomy":"category","embeddable":true,"href":"https:\/\/lasprimeras.com.do\/index.php\/wp-json\/wp\/v2\/categories?post=128914"},{"taxonomy":"post_tag","embeddable":true,"href":"https:\/\/lasprimeras.com.do\/index.php\/wp-json\/wp\/v2\/tags?post=128914"}],"curies":[{"name":"wp","href":"https:\/\/api.w.org\/{rel}","templated":true}]}}