{"id":128919,"date":"2026-04-28T07:50:58","date_gmt":"2026-04-28T11:50:58","guid":{"rendered":"https:\/\/lasprimeras.com.do\/?p=128919"},"modified":"2026-04-28T07:51:00","modified_gmt":"2026-04-28T11:51:00","slug":"identifican-victima-de-choque-entre-camion-de-basura-y-un-carro-en-la-carretera-la-otra-banda-la-altagracia","status":"publish","type":"post","link":"https:\/\/lasprimeras.com.do\/index.php\/2026\/04\/28\/identifican-victima-de-choque-entre-camion-de-basura-y-un-carro-en-la-carretera-la-otra-banda-la-altagracia\/","title":{"rendered":"Identifican v\u00edctima de choque entre cami\u00f3n de basura y un carro en la carretera La Otra Banda, La Altagracia\u00a0"},"content":{"rendered":"\n<p><strong>Se trata de Misael Santana, de 25 a\u00f1os de edad, quien era empleado hotelero<\/strong><br><\/p>\n\n\n\n<p>Por&nbsp;<strong><a href=\"https:\/\/elnuevodiario.com.do\/author\/irentoni-vega\/\">Irentoni Vega<\/a><\/strong><br><\/p>\n\n\n\n<p>Las autoridades identificaron al joven que perdi\u00f3 la vida la tarde de este lunes, luego de que el veh\u00edculo que conduc\u00eda sufriera un aparatoso accidente de tr\u00e1nsito con un cami\u00f3n recolector de desechos s\u00f3lidos en la carretera La Otra Banda-La Ceiba del Salado, pr\u00f3ximo a la Cruz del Isle\u00f1o, La Altagracia.<\/p>\n\n\n\n<p>Se trata de Misael Santana, de 25 a\u00f1os de edad, quien resid\u00eda en esa misma localidad y era empleado hotelero.<\/p>\n\n\n\n<p>Santana muri\u00f3 instant\u00e1neamente tras su cuerpo quedar aplastado por la estructura de metal del veh\u00edculo en que se desplazaba.<\/p>\n\n\n\n<p>De acuerdo con las informaciones preliminares, Misael Santana supuestamente transitaba con destino a su hogar cuando sufri\u00f3 el fatal accidente que cobr\u00f3 su vida.<\/p>\n\n\n\n<p>El joven laboraba como cocinero en un popular hotel de la zona tur\u00edstica de B\u00e1varo.<\/p>\n\n\n\n<p>El cami\u00f3n de desechos s\u00f3lidos involucrado en el tr\u00e1gico siniestro vial supuestamente pertenece a la compa\u00f1\u00eda Vermont, encargada de recoger gran parte de la basura en esa zona tur\u00edstica.<\/p>\n\n\n\n<p>La muerte de \u201cMisael Santana\u201d, ha causado gran tristeza y dolor entre familiares, amigos y compa\u00f1eros de trabajo, quienes han expresado su dolor en las distintas redes sociales.<br><br>Las autoridades de tr\u00e1nsito informaron que el hecho se encuentra bajo investigaci\u00f3n, para determinar las circunstancias en la que ocurri\u00f3 la tragedia.<\/p>\n\n\n\n<figure class=\"wp-block-image size-large\"><img decoding=\"async\" width=\"1024\" height=\"1004\" src=\"https:\/\/lasprimeras.com.do\/wp-content\/uploads\/2026\/04\/1004145753-1024x1004.jpg\" alt=\"\" class=\"wp-image-128921\" srcset=\"https:\/\/lasprimeras.com.do\/wp-content\/uploads\/2026\/04\/1004145753-1024x1004.jpg 1024w, https:\/\/lasprimeras.com.do\/wp-content\/uploads\/2026\/04\/1004145753-300x294.jpg 300w, https:\/\/lasprimeras.com.do\/wp-content\/uploads\/2026\/04\/1004145753-768x753.jpg 768w, https:\/\/lasprimeras.com.do\/wp-content\/uploads\/2026\/04\/1004145753-1536x1506.jpg 1536w, https:\/\/lasprimeras.com.do\/wp-content\/uploads\/2026\/04\/1004145753-2048x2008.jpg 2048w\" sizes=\"(max-width: 1024px) 100vw, 1024px\" \/><\/figure>\n\n\n\n<figure class=\"wp-block-image size-full\"><img decoding=\"async\" width=\"680\" height=\"634\" src=\"https:\/\/lasprimeras.com.do\/wp-content\/uploads\/2026\/04\/1004145771.jpg\" alt=\"\" class=\"wp-image-128922\" srcset=\"https:\/\/lasprimeras.com.do\/wp-content\/uploads\/2026\/04\/1004145771.jpg 680w, https:\/\/lasprimeras.com.do\/wp-content\/uploads\/2026\/04\/1004145771-300x280.jpg 300w\" sizes=\"(max-width: 680px) 100vw, 680px\" \/><\/figure>\n\n\n\n<figure class=\"wp-block-image size-full\"><img decoding=\"async\" width=\"680\" height=\"627\" src=\"https:\/\/lasprimeras.com.do\/wp-content\/uploads\/2026\/04\/1004145770.jpg\" alt=\"\" class=\"wp-image-128923\" srcset=\"https:\/\/lasprimeras.com.do\/wp-content\/uploads\/2026\/04\/1004145770.jpg 680w, https:\/\/lasprimeras.com.do\/wp-content\/uploads\/2026\/04\/1004145770-300x277.jpg 300w\" sizes=\"(max-width: 680px) 100vw, 680px\" \/><\/figure>\n","protected":false},"excerpt":{"rendered":"<p>Se trata de Misael Santana, de 25 a\u00f1os de edad, quien era empleado hotelero Por&nbsp;Irentoni Vega Las autoridades identificaron al joven que perdi\u00f3 la vida la tarde de este lunes,&hellip;<\/p>\n","protected":false},"author":10,"featured_media":128920,"comment_status":"open","ping_status":"open","sticky":false,"template":"","format":"standard","meta":{"content-type":"","jetpack_post_was_ever_published":false,"_jetpack_newsletter_access":"","_jetpack_dont_email_post_to_subs":false,"_jetpack_newsletter_tier_id":0,"_jetpack_memberships_contains_paywalled_content":false,"_jetpack_memberships_contains_paid_content":false,"footnotes":""},"categories":[35,25],"tags":[2211,7321,1617,1127,8285,4927],"class_list":["post-128919","post","type-post","status-publish","format-standard","has-post-thumbnail","hentry","category-nacionales","category-portada","tag-accidente","tag-higuey-2","tag-identifican","tag-joven","tag-la-otra-banda","tag-murio"],"jetpack_featured_media_url":"https:\/\/lasprimeras.com.do\/wp-content\/uploads\/2026\/04\/Misael-fallecido-en-accidente-3.jpg","jetpack-related-posts":[{"id":88620,"url":"https:\/\/lasprimeras.com.do\/index.php\/2024\/09\/01\/camion-mata-varias-personas-en-carretera-de-azua\/","url_meta":{"origin":128919,"position":0},"title":"Cami\u00f3n mata varias personas en carretera de Azua","author":"Nelson Feliz","date":"1 de septiembre de 2024","format":false,"excerpt":"Las v\u00edctimas inger\u00edan bebidas alcoh\u00f3licas en plena carretera en la parte frontal de un bar. Un video capt\u00f3 el momento en el que un cami\u00f3n Daihatsu embisti\u00f3 la madrugada de este domingo a varias personas que tomaban bebidas alcoh\u00f3licas en plena carretera Azua-San Juan, en la parte frontal de un\u2026","rel":"","context":"En \u00abSin categor\u00eda\u00bb","block_context":{"text":"Sin categor\u00eda","link":"https:\/\/lasprimeras.com.do\/index.php\/category\/sin-categoria\/"},"img":{"alt_text":"Cami\u00f3n Accidentado","src":"https:\/\/i0.wp.com\/lasprimeras.com.do\/wp-content\/uploads\/2024\/09\/Camion-Accidentado.jpg?resize=350%2C200&ssl=1","width":350,"height":200,"srcset":"https:\/\/i0.wp.com\/lasprimeras.com.do\/wp-content\/uploads\/2024\/09\/Camion-Accidentado.jpg?resize=350%2C200&ssl=1 1x, https:\/\/i0.wp.com\/lasprimeras.com.do\/wp-content\/uploads\/2024\/09\/Camion-Accidentado.jpg?resize=525%2C300&ssl=1 1.5x, https:\/\/i0.wp.com\/lasprimeras.com.do\/wp-content\/uploads\/2024\/09\/Camion-Accidentado.jpg?resize=700%2C400&ssl=1 2x"},"classes":[]},{"id":62963,"url":"https:\/\/lasprimeras.com.do\/index.php\/2023\/10\/09\/mueren-tres-al-volcarse-camion-en-carretera-de-constanza\/","url_meta":{"origin":128919,"position":1},"title":"Mueren tres al volcarse cami\u00f3n en carretera de Constanza","author":"Nelson Feliz","date":"9 de octubre de 2023","format":false,"excerpt":"El cami\u00f3n se desliz\u00f3 en el tramo conocido como El Abanico, luego de que el chofer perdi\u00f3 el control del veh\u00edculo. Tres personas murieron anoche en la carretera Casabito-Constanza al volcarse un cami\u00f3n cargado de vegetales. De los tres fallecidos solo han identificado a Carlos Manuel Monegro Espinosa, de 39\u2026","rel":"","context":"En \u00abNACIONALES\u00bb","block_context":{"text":"NACIONALES","link":"https:\/\/lasprimeras.com.do\/index.php\/category\/nacionales\/"},"img":{"alt_text":"Cami\u00f3n volcado en carretera de Constanza.","src":"https:\/\/i0.wp.com\/lasprimeras.com.do\/wp-content\/uploads\/2023\/10\/accidente.jpg?resize=350%2C200&ssl=1","width":350,"height":200,"srcset":"https:\/\/i0.wp.com\/lasprimeras.com.do\/wp-content\/uploads\/2023\/10\/accidente.jpg?resize=350%2C200&ssl=1 1x, https:\/\/i0.wp.com\/lasprimeras.com.do\/wp-content\/uploads\/2023\/10\/accidente.jpg?resize=525%2C300&ssl=1 1.5x, https:\/\/i0.wp.com\/lasprimeras.com.do\/wp-content\/uploads\/2023\/10\/accidente.jpg?resize=700%2C400&ssl=1 2x"},"classes":[]},{"id":112224,"url":"https:\/\/lasprimeras.com.do\/index.php\/2025\/10\/19\/joven-muere-tras-chocar-motocicleta-con-camioneta-en-carretera-hato-mayor-el-valle\/","url_meta":{"origin":128919,"position":2},"title":"Joven muere tras chocar motocicleta con camioneta en carretera Hato Mayor\u2013El Valle","author":"Nelson Feliz","date":"19 de octubre de 2025","format":false,"excerpt":"Un joven de 28 a\u00f1os perdi\u00f3 la vida la tarde de ayer s\u00e1bado tras impactar la motocicleta que conduc\u00eda con una camioneta en la carretera Hato Mayor\u2013El Valle, a la altura del kil\u00f3metro 23, pr\u00f3ximo a Sabana de la Mar. La v\u00edctima fue identificada como Jhonatan Santana Santana, dominicano y\u2026","rel":"","context":"En \u00abSin categor\u00eda\u00bb","block_context":{"text":"Sin categor\u00eda","link":"https:\/\/lasprimeras.com.do\/index.php\/category\/sin-categoria\/"},"img":{"alt_text":"","src":"https:\/\/i0.wp.com\/lasprimeras.com.do\/wp-content\/uploads\/2025\/10\/moto.jpg?resize=350%2C200&ssl=1","width":350,"height":200,"srcset":"https:\/\/i0.wp.com\/lasprimeras.com.do\/wp-content\/uploads\/2025\/10\/moto.jpg?resize=350%2C200&ssl=1 1x, https:\/\/i0.wp.com\/lasprimeras.com.do\/wp-content\/uploads\/2025\/10\/moto.jpg?resize=525%2C300&ssl=1 1.5x, https:\/\/i0.wp.com\/lasprimeras.com.do\/wp-content\/uploads\/2025\/10\/moto.jpg?resize=700%2C400&ssl=1 2x"},"classes":[]},{"id":60032,"url":"https:\/\/lasprimeras.com.do\/index.php\/2023\/09\/09\/aumento-a-nueve-las-personas-muertas-en-accidente-de-este-sabado-en-higuey\/","url_meta":{"origin":128919,"position":3},"title":"Aument\u00f3 a nueve las personas muertas en accidente de este s\u00e1bado en Higuey","author":"Nelson Feliz","date":"9 de septiembre de 2023","format":false,"excerpt":"Aument\u00f3 a nueve la cantidad de personas que murieron en un accidente aparatoso, este s\u00e1bado en la carretera La Otra Banda-Ver\u00f3n, de esta provincia La Altagracia. La informaci\u00f3n fue confirmada por el director del Hospital General y de Especialidades Nuestra Se\u00f1ora de La Altagracia , doctor Juan Santana Rodr\u00edguez. Estableci\u00f3\u2026","rel":"","context":"En \u00abNACIONALES\u00bb","block_context":{"text":"NACIONALES","link":"https:\/\/lasprimeras.com.do\/index.php\/category\/nacionales\/"},"img":{"alt_text":"","src":"https:\/\/i0.wp.com\/lasprimeras.com.do\/wp-content\/uploads\/2023\/09\/accidentes-2.jpg?resize=350%2C200&ssl=1","width":350,"height":200,"srcset":"https:\/\/i0.wp.com\/lasprimeras.com.do\/wp-content\/uploads\/2023\/09\/accidentes-2.jpg?resize=350%2C200&ssl=1 1x, https:\/\/i0.wp.com\/lasprimeras.com.do\/wp-content\/uploads\/2023\/09\/accidentes-2.jpg?resize=525%2C300&ssl=1 1.5x, https:\/\/i0.wp.com\/lasprimeras.com.do\/wp-content\/uploads\/2023\/09\/accidentes-2.jpg?resize=700%2C400&ssl=1 2x"},"classes":[]},{"id":126572,"url":"https:\/\/lasprimeras.com.do\/index.php\/2026\/03\/29\/pareja-de-esposos-pierde-la-vida-en-accidente-de-transito-en-higuey\/","url_meta":{"origin":128919,"position":4},"title":"Pareja de esposos pierde la vida en accidente de tr\u00e1nsito en Hig\u00fcey","author":"Nelson Feliz","date":"29 de marzo de 2026","format":false,"excerpt":"Las autoridades a\u00fan investigan las causas del accidente, que preliminarmente se atribuyen a la p\u00e9rdida de control del veh\u00edculo. Una pareja de esposos perdi\u00f3 la vida el s\u00e1bado, tras el veh\u00edculo en el que transitaban se volcara en la calle Pedro Castillo del sector San Pedro de de Hig\u00fcey, provincia\u2026","rel":"","context":"En \u00abNACIONALES\u00bb","block_context":{"text":"NACIONALES","link":"https:\/\/lasprimeras.com.do\/index.php\/category\/nacionales\/"},"img":{"alt_text":"","src":"https:\/\/i0.wp.com\/lasprimeras.com.do\/wp-content\/uploads\/2026\/04\/accidente-higuey.jpg?resize=350%2C200&ssl=1","width":350,"height":200,"srcset":"https:\/\/i0.wp.com\/lasprimeras.com.do\/wp-content\/uploads\/2026\/04\/accidente-higuey.jpg?resize=350%2C200&ssl=1 1x, https:\/\/i0.wp.com\/lasprimeras.com.do\/wp-content\/uploads\/2026\/04\/accidente-higuey.jpg?resize=525%2C300&ssl=1 1.5x, https:\/\/i0.wp.com\/lasprimeras.com.do\/wp-content\/uploads\/2026\/04\/accidente-higuey.jpg?resize=700%2C400&ssl=1 2x"},"classes":[]},{"id":56656,"url":"https:\/\/lasprimeras.com.do\/index.php\/2023\/08\/03\/tres-muertos-y-un-herido-al-caer-camion-por-un-precipicio-en-carretera-de-jarabacoa\/","url_meta":{"origin":128919,"position":5},"title":"Tres muertos y un herido al caer cami\u00f3n por un precipicio en carretera de Jarabacoa","author":"Nelson Feliz","date":"3 de agosto de 2023","format":false,"excerpt":"Tres personas murieron y otra result\u00f3 gravemente herida la madrugada de este jueves en un accidente en la carretera que comunica Jarabacoa con la ciudad de La Vega. Entre los muertos figuran Silvio Alexander Alc\u00e1ntara, de 26 a\u00f1os, y Jos\u00e9 Altagracia Carrasco S\u00e1nchez, de 51, quienes resid\u00edan en Azua. Mientra\u2026","rel":"","context":"En \u00abNACIONALES\u00bb","block_context":{"text":"NACIONALES","link":"https:\/\/lasprimeras.com.do\/index.php\/category\/nacionales\/"},"img":{"alt_text":"","src":"https:\/\/i0.wp.com\/lasprimeras.com.do\/wp-content\/uploads\/2023\/08\/ACCIDENTE.jpg?resize=350%2C200&ssl=1","width":350,"height":200,"srcset":"https:\/\/i0.wp.com\/lasprimeras.com.do\/wp-content\/uploads\/2023\/08\/ACCIDENTE.jpg?resize=350%2C200&ssl=1 1x, https:\/\/i0.wp.com\/lasprimeras.com.do\/wp-content\/uploads\/2023\/08\/ACCIDENTE.jpg?resize=525%2C300&ssl=1 1.5x"},"classes":[]}],"jetpack_sharing_enabled":true,"_links":{"self":[{"href":"https:\/\/lasprimeras.com.do\/index.php\/wp-json\/wp\/v2\/posts\/128919","targetHints":{"allow":["GET"]}}],"collection":[{"href":"https:\/\/lasprimeras.com.do\/index.php\/wp-json\/wp\/v2\/posts"}],"about":[{"href":"https:\/\/lasprimeras.com.do\/index.php\/wp-json\/wp\/v2\/types\/post"}],"author":[{"embeddable":true,"href":"https:\/\/lasprimeras.com.do\/index.php\/wp-json\/wp\/v2\/users\/10"}],"replies":[{"embeddable":true,"href":"https:\/\/lasprimeras.com.do\/index.php\/wp-json\/wp\/v2\/comments?post=128919"}],"version-history":[{"count":1,"href":"https:\/\/lasprimeras.com.do\/index.php\/wp-json\/wp\/v2\/posts\/128919\/revisions"}],"predecessor-version":[{"id":128924,"href":"https:\/\/lasprimeras.com.do\/index.php\/wp-json\/wp\/v2\/posts\/128919\/revisions\/128924"}],"wp:featuredmedia":[{"embeddable":true,"href":"https:\/\/lasprimeras.com.do\/index.php\/wp-json\/wp\/v2\/media\/128920"}],"wp:attachment":[{"href":"https:\/\/lasprimeras.com.do\/index.php\/wp-json\/wp\/v2\/media?parent=128919"}],"wp:term":[{"taxonomy":"category","embeddable":true,"href":"https:\/\/lasprimeras.com.do\/index.php\/wp-json\/wp\/v2\/categories?post=128919"},{"taxonomy":"post_tag","embeddable":true,"href":"https:\/\/lasprimeras.com.do\/index.php\/wp-json\/wp\/v2\/tags?post=128919"}],"curies":[{"name":"wp","href":"https:\/\/api.w.org\/{rel}","templated":true}]}}