{"id":128928,"date":"2026-04-28T08:42:26","date_gmt":"2026-04-28T12:42:26","guid":{"rendered":"https:\/\/lasprimeras.com.do\/?p=128928"},"modified":"2026-04-28T08:42:29","modified_gmt":"2026-04-28T12:42:29","slug":"un-vagon-solo-para-ellas-las-15-victimas-del-letal-choque-de-tren-indonesio-son-mujeres","status":"publish","type":"post","link":"https:\/\/lasprimeras.com.do\/index.php\/2026\/04\/28\/un-vagon-solo-para-ellas-las-15-victimas-del-letal-choque-de-tren-indonesio-son-mujeres\/","title":{"rendered":"Un vag\u00f3n solo para ellas: las 15 v\u00edctimas del letal choque de tren indonesio son mujeres"},"content":{"rendered":"\n<p><strong>Las fallecidas ten\u00edan entre 19 y 50 a\u00f1os, seg\u00fan las autoridades locales<\/strong><br><\/p>\n\n\n\n<p>YAKARTA., EFE-L, as quince v\u00edctimas mortales tras la colisi\u00f3n entre dos trenes ocurrida anoche en Indonesia son todas mujeres, pues viajaban en un vag\u00f3n reservado para ellas (el \u00faltimo y m\u00e1s afectado por el impacto), una medida contra el acoso implantada en el pa\u00eds hace m\u00e1s de una d\u00e9cada.<\/p>\n\n\n\n<p>\u00abVi a mujeres delante de m\u00ed corriendo y gritando, y entonces fue cuando levant\u00e9 la vista y vi que un tren se acercaba por detr\u00e1s. Despu\u00e9s de ese momento, ya no me acuerdo de nada. Al rato, me despert\u00e9\u00bb, dice a EFE Siti -pseud\u00f3nimo, pues la mujer prefiere no revelar su identidad-, quien iba en el vag\u00f3n siniestrado.<br><\/p>\n\n\n\n<p><br>El accidente, que deja adem\u00e1s 84 heridos, se produjo cuando un tren de cercan\u00edas procedente de Yakarta (en el que se encontraba el vag\u00f3n femenino) fue golpeado por detr\u00e1s por un tren de larga distancia alrededor de las 20:00 hora local del lunes (13:00 GMT), despu\u00e9s de tener que parar al toparse con un taxi que por motivos desconocidos acab\u00f3 en mitad de la v\u00eda, seg\u00fan medios locales y la compa\u00f1\u00eda ferroviaria estatal KAI.<\/p>\n\n\n\n<p>\u00abCuando me di cuenta de que no estaba atrapada al despertar, pude saltar a trav\u00e9s de la ventana (\u2026) y me di cuenta de que muchas mujeres estaban en mucho peor estado que yo\u00bb, dice Siti a\u00fan desde el hospital, a donde fue trasladada para revisar y suturar una herida en su frente.<\/p>\n\n\n\n<p>El director de la agencia indonesia de rescates (Basarnas), Mohammad Syaffi, explic\u00f3 que las v\u00edctimas mortales -inicialmente hoy se inform\u00f3 de 14, cifra revisada a 15 esta tarde- fueron halladas en el vag\u00f3n reservado para mujeres en el que se encontraban, durante una comparecencia recogida por la prensa local.<\/p>\n\n\n\n<p>Las fallecidas ten\u00edan entre 19 y 50 a\u00f1os, seg\u00fan las autoridades locales.<\/p>\n\n\n\n<p>El accidente tuvo lugar en la estaci\u00f3n de Bekasi Este, a unos 20 kil\u00f3metros de Yakarta, capital hiperpoblada del pa\u00eds con m\u00e1s musulmanes del mundo que ha buscado en los \u00faltimos a\u00f1os mejorar sus conexiones con el extrarradio para descongestionar la urbe.<\/p>\n\n\n\n<p><strong>Vagones de uso femenino<\/strong><\/p>\n\n\n\n<p>Debido a las&nbsp;numerosas quejas por tocamientos indeseados en vagones abarrotados, en agosto de 2010 empezaron a circular por el pa\u00eds trenes con unidades exclusivamente de uso femenino, una iniciativa pensada para combatir el acoso sexual en el transporte p\u00fablico y medida que en Asia tambi\u00e9n aplican pa\u00edses como Jap\u00f3n e India.<\/p>\n\n\n\n<p>Estos vagones suelen encontrarse en la parte trasera o frontal de los convoyes, ubicaciones que este martes la ministra indonesia de Empoderamiento de la Mujer y Protecci\u00f3n Infantil, Arifah Choiri Fauzi, asegur\u00f3 que ser\u00e1n evaluadas.<\/p>\n\n\n\n<p>\u00abDeber\u00edan estar en medio\u00bb, anot\u00f3.<\/p>\n\n\n\n<p>La buena acogida de la iniciativa de los vagones femeninos lanzados en 2010, entonces limitados a la ruta entre Yakarta y Bogor, una de las principales de la isla de Java, entre las m\u00e1s pobladas del mundo, hizo que Indonesia inaugurara dos a\u00f1os despu\u00e9s un servicio de trenes completos para mujeres.<\/p>\n\n\n\n<p>En a\u00f1os previos a la implementaci\u00f3n de la primera medida, muchas mujeres hab\u00edan alzado sus voces contra tocamientos por parte de hombres en trenes atestados, y la compa\u00f1\u00eda ferroviaria nacional inaugur\u00f3 en primera instancia un programa piloto de vagones femeninos que, para distinguirlos del resto, se pintaron de naranja y sus asientos eran rosas.<\/p>\n\n\n\n<p>M\u00e1s de 10 a\u00f1os despu\u00e9s, uno de estos vagones -blanco, en su caso- ha resultado ser el m\u00e1s afectado en un accidente ferroviario sobre el que el presidente indonesio, el exmilitar Prabowo Subianto, pidi\u00f3 hoy una investigaci\u00f3n exhaustiva.<\/p>\n\n\n\n<p>Indonesia, archipi\u00e9lago en v\u00edas de desarrollo de m\u00e1s de 17,000 islas, ha apostado en los \u00faltimos a\u00f1os por reforzar su sistema ferroviario y en 2023 inaugur\u00f3 su primer tren de alta velocidad entre Yakarta y Bandung (150 kil\u00f3metros).<br><\/p>\n","protected":false},"excerpt":{"rendered":"<p>Las fallecidas ten\u00edan entre 19 y 50 a\u00f1os, seg\u00fan las autoridades locales YAKARTA., EFE-L, as quince v\u00edctimas mortales tras la colisi\u00f3n entre dos trenes ocurrida anoche en Indonesia son todas&hellip;<\/p>\n","protected":false},"author":10,"featured_media":128929,"comment_status":"open","ping_status":"open","sticky":false,"template":"","format":"standard","meta":{"content-type":"","jetpack_post_was_ever_published":false,"_jetpack_newsletter_access":"","_jetpack_dont_email_post_to_subs":false,"_jetpack_newsletter_tier_id":0,"_jetpack_memberships_contains_paywalled_content":false,"_jetpack_memberships_contains_paid_content":false,"footnotes":""},"categories":[16289],"tags":[2211,13342,3866,11085],"class_list":["post-128928","post","type-post","status-publish","format-standard","has-post-thumbnail","hentry","category-internacionales","tag-accidente","tag-letal","tag-tren","tag-vagon"],"jetpack_featured_media_url":"https:\/\/lasprimeras.com.do\/wp-content\/uploads\/2026\/04\/WhatsApp-Image-2026-04-28-at-8.08.29-AM.jpeg","jetpack-related-posts":[{"id":75407,"url":"https:\/\/lasprimeras.com.do\/index.php\/2024\/02\/01\/el-domingo-sangriento-del-peor-choque-de-trenes-de-la-argentina-un-olvido-criminal-que-causo-236-muertos-y-mas-de-400-heridos\/","url_meta":{"origin":128928,"position":0},"title":"El domingo sangriento del peor choque de trenes de la Argentina: un olvido criminal que caus\u00f3 236 muertos y m\u00e1s de 400 heridos","author":"Nelson Feliz","date":"1 de febrero de 2024","format":false,"excerpt":"El 1\u00b0 de febrero de 1970, un tren colmado de pasajeros que se dirig\u00eda a Retiro proveniente de Z\u00e1rate se detuvo en las v\u00edas por un desperfecto. Tres minutos despu\u00e9s, otro convoy arrastrado por dos locomotoras que marchaban a m\u00e1s de 100 kil\u00f3metros por hora lo embisti\u00f3 y desat\u00f3 un\u2026","rel":"","context":"En \u00abHISTORIA\u00bb","block_context":{"text":"HISTORIA","link":"https:\/\/lasprimeras.com.do\/index.php\/category\/historia\/"},"img":{"alt_text":"El domingo sangriento del peor choque de trenes de la Argentina","src":"https:\/\/i0.wp.com\/lasprimeras.com.do\/wp-content\/uploads\/2024\/02\/Tren-1.jpg?resize=350%2C200&ssl=1","width":350,"height":200,"srcset":"https:\/\/i0.wp.com\/lasprimeras.com.do\/wp-content\/uploads\/2024\/02\/Tren-1.jpg?resize=350%2C200&ssl=1 1x, https:\/\/i0.wp.com\/lasprimeras.com.do\/wp-content\/uploads\/2024\/02\/Tren-1.jpg?resize=525%2C300&ssl=1 1.5x, https:\/\/i0.wp.com\/lasprimeras.com.do\/wp-content\/uploads\/2024\/02\/Tren-1.jpg?resize=700%2C400&ssl=1 2x"},"classes":[]},{"id":103123,"url":"https:\/\/lasprimeras.com.do\/index.php\/2025\/07\/11\/opret-incluye-nuevos-trenes-de-seis-vagones-en-las-lineas-1-y-2-del-metro-de-santo-domingo\/","url_meta":{"origin":128928,"position":1},"title":"OPRET incluye nuevos trenes de seis vagones en las l\u00edneas 1 y 2 del Metro de Santo Domingo","author":"Nelson Feliz","date":"11 de julio de 2025","format":false,"excerpt":"Los nuevos vagones entrar\u00e1n en operaci\u00f3n a partir del pr\u00f3ximo mes de agosto. La Oficina para el Reordenamiento del Transporte (OPRET) anunci\u00f3 que a partir de agosto entrar\u00e1n en operaci\u00f3n los nuevos trenes de seis vagones en las l\u00edneas 1 y 2 del Metro de Santo Domingo. El director de\u2026","rel":"","context":"En \u00abNACIONALES\u00bb","block_context":{"text":"NACIONALES","link":"https:\/\/lasprimeras.com.do\/index.php\/category\/nacionales\/"},"img":{"alt_text":"Metro de Santo Domingo","src":"https:\/\/i0.wp.com\/lasprimeras.com.do\/wp-content\/uploads\/2025\/07\/vagones-1.jpg?resize=350%2C200&ssl=1","width":350,"height":200,"srcset":"https:\/\/i0.wp.com\/lasprimeras.com.do\/wp-content\/uploads\/2025\/07\/vagones-1.jpg?resize=350%2C200&ssl=1 1x, https:\/\/i0.wp.com\/lasprimeras.com.do\/wp-content\/uploads\/2025\/07\/vagones-1.jpg?resize=525%2C300&ssl=1 1.5x, https:\/\/i0.wp.com\/lasprimeras.com.do\/wp-content\/uploads\/2025\/07\/vagones-1.jpg?resize=700%2C400&ssl=1 2x"},"classes":[]},{"id":97943,"url":"https:\/\/lasprimeras.com.do\/index.php\/2025\/04\/29\/acusan-hispano-violar-cadaver-humano-en-tren-nyc-presuntamente-es-dominicano\/","url_meta":{"origin":128928,"position":2},"title":"Acusan hispano violar cad\u00e1ver humano en tren NYC; presuntamente es dominicano","author":"Nelson Feliz","date":"29 de abril de 2025","format":false,"excerpt":"Por Ram\u00f3n Mercedes NUEVA YORK.- El hispano F\u00e9lix Rojas, de 44 a\u00f1os, residente en Brooklyn y presuntamente dominicano, apresado el pasado domingo, fue acusado de violar un cad\u00e1ver humano en un vag\u00f3n del tren R en la estaci\u00f3n de la calle Whitehall-Manhattan. La instituci\u00f3n del orden ven\u00eda d\u00e1ndole seguimiento, desde\u2026","rel":"","context":"En \u00abINTERNACIONALES\u00bb","block_context":{"text":"INTERNACIONALES","link":"https:\/\/lasprimeras.com.do\/index.php\/category\/sin-categoria\/internacionales\/"},"img":{"alt_text":"Apresan y acusan hispano violar cad\u00e1ver humano en tren NYC","src":"https:\/\/i0.wp.com\/lasprimeras.com.do\/wp-content\/uploads\/2025\/04\/WhatsApp-Image-2025-04-29-at-5.43.41-AM.jpeg?resize=350%2C200&ssl=1","width":350,"height":200,"srcset":"https:\/\/i0.wp.com\/lasprimeras.com.do\/wp-content\/uploads\/2025\/04\/WhatsApp-Image-2025-04-29-at-5.43.41-AM.jpeg?resize=350%2C200&ssl=1 1x, https:\/\/i0.wp.com\/lasprimeras.com.do\/wp-content\/uploads\/2025\/04\/WhatsApp-Image-2025-04-29-at-5.43.41-AM.jpeg?resize=525%2C300&ssl=1 1.5x"},"classes":[]},{"id":98418,"url":"https:\/\/lasprimeras.com.do\/index.php\/2025\/05\/07\/japon-arresta-a-hombre-que-hirio-con-cuchillo-a-dos-personas-en-estacion-de-metro\/","url_meta":{"origin":128928,"position":3},"title":"Jap\u00f3n arresta a hombre que hiri\u00f3 con cuchillo a dos personas en estaci\u00f3n de metro","author":"Nelson Feliz","date":"7 de mayo de 2025","format":false,"excerpt":"TOKIO (AP) \u2014 La polic\u00eda japonesa arrest\u00f3 a un hombre que atac\u00f3 con un cuchillo a dos pasajeros en un tren que se deten\u00eda en una estaci\u00f3n del metro de Tokio durante la hora pico de la tarde del mi\u00e9rcoles, informaron autoridades. El sospechoso de 43 a\u00f1os fue arrestado en\u2026","rel":"","context":"En \u00abINTERNACIONALES\u00bb","block_context":{"text":"INTERNACIONALES","link":"https:\/\/lasprimeras.com.do\/index.php\/category\/sin-categoria\/internacionales\/"},"img":{"alt_text":"","src":"https:\/\/i0.wp.com\/lasprimeras.com.do\/wp-content\/uploads\/2025\/05\/japon.jpg?resize=350%2C200&ssl=1","width":350,"height":200,"srcset":"https:\/\/i0.wp.com\/lasprimeras.com.do\/wp-content\/uploads\/2025\/05\/japon.jpg?resize=350%2C200&ssl=1 1x, https:\/\/i0.wp.com\/lasprimeras.com.do\/wp-content\/uploads\/2025\/05\/japon.jpg?resize=525%2C300&ssl=1 1.5x, https:\/\/i0.wp.com\/lasprimeras.com.do\/wp-content\/uploads\/2025\/05\/japon.jpg?resize=700%2C400&ssl=1 2x"},"classes":[]},{"id":106012,"url":"https:\/\/lasprimeras.com.do\/index.php\/2025\/08\/10\/abinader-pondra-en-funcionamiento-trenes-de-seis-vagones-este-domingo\/","url_meta":{"origin":128928,"position":4},"title":"Abinader pondr\u00e1 en funcionamiento trenes de seis vagones este domingo","author":"Nelson Feliz","date":"10 de agosto de 2025","format":false,"excerpt":"Los trenes operaban con tres vagones y fueron aumentado a seis por la gran demanda existente. El presidente Luis Abinader pondr\u00e1 en funcionamiento este domingo trenes de seis modernos vagones en la L\u00ednea 1 del Metro de Santo Domingo, que antes eran de tres, aumentando la capacidad de transporte ante\u2026","rel":"","context":"En \u00abNACIONALES\u00bb","block_context":{"text":"NACIONALES","link":"https:\/\/lasprimeras.com.do\/index.php\/category\/nacionales\/"},"img":{"alt_text":"","src":"https:\/\/i0.wp.com\/lasprimeras.com.do\/wp-content\/uploads\/2025\/08\/abinader.jpg?resize=350%2C200&ssl=1","width":350,"height":200,"srcset":"https:\/\/i0.wp.com\/lasprimeras.com.do\/wp-content\/uploads\/2025\/08\/abinader.jpg?resize=350%2C200&ssl=1 1x, https:\/\/i0.wp.com\/lasprimeras.com.do\/wp-content\/uploads\/2025\/08\/abinader.jpg?resize=525%2C300&ssl=1 1.5x, https:\/\/i0.wp.com\/lasprimeras.com.do\/wp-content\/uploads\/2025\/08\/abinader.jpg?resize=700%2C400&ssl=1 2x"},"classes":[]},{"id":103967,"url":"https:\/\/lasprimeras.com.do\/index.php\/2025\/07\/20\/gobierno-lleva-alrededor-de-cinco-anos-con-la-promesa-de-ampliar-a-6-vagones-los-trenes-del-metro\/","url_meta":{"origin":128928,"position":5},"title":"Gobierno lleva alrededor de cinco a\u00f1os con la promesa de ampliar a 6 vagones los trenes del Metro","author":"Nelson Feliz","date":"20 de julio de 2025","format":false,"excerpt":"Desde el 2022 hasta el 2025, la Opret ha suspendido en varias ocasiones el servicio desde la estaci\u00f3n Hermanas Mirabal hasta la Mam\u00e1 Ting\u00f3 alegando que realizan los \u201c\u00faltimos trabajos\u201d, situaci\u00f3n que ha provocado gran incomodidad entre los usuarios. El proyecto de ampliaci\u00f3n del Metro de Santo Domingo, con trenes\u2026","rel":"","context":"En \u00abNACIONALES\u00bb","block_context":{"text":"NACIONALES","link":"https:\/\/lasprimeras.com.do\/index.php\/category\/nacionales\/"},"img":{"alt_text":"","src":"https:\/\/i0.wp.com\/lasprimeras.com.do\/wp-content\/uploads\/2025\/07\/VAGONES-4.jpeg?resize=350%2C200&ssl=1","width":350,"height":200,"srcset":"https:\/\/i0.wp.com\/lasprimeras.com.do\/wp-content\/uploads\/2025\/07\/VAGONES-4.jpeg?resize=350%2C200&ssl=1 1x, https:\/\/i0.wp.com\/lasprimeras.com.do\/wp-content\/uploads\/2025\/07\/VAGONES-4.jpeg?resize=525%2C300&ssl=1 1.5x, https:\/\/i0.wp.com\/lasprimeras.com.do\/wp-content\/uploads\/2025\/07\/VAGONES-4.jpeg?resize=700%2C400&ssl=1 2x"},"classes":[]}],"jetpack_sharing_enabled":true,"_links":{"self":[{"href":"https:\/\/lasprimeras.com.do\/index.php\/wp-json\/wp\/v2\/posts\/128928","targetHints":{"allow":["GET"]}}],"collection":[{"href":"https:\/\/lasprimeras.com.do\/index.php\/wp-json\/wp\/v2\/posts"}],"about":[{"href":"https:\/\/lasprimeras.com.do\/index.php\/wp-json\/wp\/v2\/types\/post"}],"author":[{"embeddable":true,"href":"https:\/\/lasprimeras.com.do\/index.php\/wp-json\/wp\/v2\/users\/10"}],"replies":[{"embeddable":true,"href":"https:\/\/lasprimeras.com.do\/index.php\/wp-json\/wp\/v2\/comments?post=128928"}],"version-history":[{"count":1,"href":"https:\/\/lasprimeras.com.do\/index.php\/wp-json\/wp\/v2\/posts\/128928\/revisions"}],"predecessor-version":[{"id":128930,"href":"https:\/\/lasprimeras.com.do\/index.php\/wp-json\/wp\/v2\/posts\/128928\/revisions\/128930"}],"wp:featuredmedia":[{"embeddable":true,"href":"https:\/\/lasprimeras.com.do\/index.php\/wp-json\/wp\/v2\/media\/128929"}],"wp:attachment":[{"href":"https:\/\/lasprimeras.com.do\/index.php\/wp-json\/wp\/v2\/media?parent=128928"}],"wp:term":[{"taxonomy":"category","embeddable":true,"href":"https:\/\/lasprimeras.com.do\/index.php\/wp-json\/wp\/v2\/categories?post=128928"},{"taxonomy":"post_tag","embeddable":true,"href":"https:\/\/lasprimeras.com.do\/index.php\/wp-json\/wp\/v2\/tags?post=128928"}],"curies":[{"name":"wp","href":"https:\/\/api.w.org\/{rel}","templated":true}]}}