{"id":128931,"date":"2026-04-28T09:04:37","date_gmt":"2026-04-28T13:04:37","guid":{"rendered":"https:\/\/lasprimeras.com.do\/?p=128931"},"modified":"2026-04-28T11:53:12","modified_gmt":"2026-04-28T15:53:12","slug":"dasac-distribuye-mas-de-200-mil-raciones-todos-los-dias-a-traves-de-los-comedores","status":"publish","type":"post","link":"https:\/\/lasprimeras.com.do\/index.php\/2026\/04\/28\/dasac-distribuye-mas-de-200-mil-raciones-todos-los-dias-a-traves-de-los-comedores\/","title":{"rendered":"DASAC distribuye m\u00e1s de 200 mil raciones todos los d\u00edas a trav\u00e9s de los comedores"},"content":{"rendered":"\n<p>El director del DASAC, Edgar Augusto F\u00e9liz Arbona declar\u00f3 hoy que distribuyen unas 200 mil raciones alimenticias a trav\u00e9s de 162 comedores econ\u00f3micos en todo el pa\u00eds.<\/p>\n\n\n\n<p>Feliz Arbona, se\u00f1al\u00f3 que los alimentos que distribuye el DASAC, se entregan a la poblaci\u00f3n de manera gratuita.<\/p>\n\n\n\n<p>Al ser entrevistado en el programa A Diario, Feliz Arbona, manifest\u00f3 que con el presupuesto que recibi\u00f3 en el a\u00f1o que recibi\u00f3 en el 2012 logr\u00f3 duplicar por cinco la entrega de alimentos.<\/p>\n\n\n\n<p>Manifest\u00f3 que cerca de 20 empresas que fueron inhabilitada por Compras y Contrataciones no participan en las licitaciones que realiza esa entidad.<\/p>\n\n\n\n<p>Afirm\u00f3 que el DASAC paga al d\u00eda a todos los suplidores de alimentos y los pagos no pasan de los 15 d\u00edas.<\/p>\n","protected":false},"excerpt":{"rendered":"<p>El director del DASAC, Edgar Augusto F\u00e9liz Arbona declar\u00f3 hoy que distribuyen unas 200 mil raciones alimenticias a trav\u00e9s de 162 comedores econ\u00f3micos en todo el pa\u00eds. Feliz Arbona, se\u00f1al\u00f3&hellip;<\/p>\n","protected":false},"author":10,"featured_media":128932,"comment_status":"open","ping_status":"open","sticky":false,"template":"","format":"standard","meta":{"content-type":"","jetpack_post_was_ever_published":false,"_jetpack_newsletter_access":"","_jetpack_dont_email_post_to_subs":false,"_jetpack_newsletter_tier_id":0,"_jetpack_memberships_contains_paywalled_content":false,"_jetpack_memberships_contains_paid_content":false,"footnotes":""},"categories":[16559,25],"tags":[32762,4533,26854,30532],"class_list":["post-128931","post","type-post","status-publish","format-standard","has-post-thumbnail","hentry","category-politica","category-portada","tag-200-mil-raciones","tag-comedores","tag-dasac","tag-edgar-augusto-feliz-2"],"jetpack_featured_media_url":"https:\/\/lasprimeras.com.do\/wp-content\/uploads\/2026\/04\/IMG_20260428_083704-scaled.jpg","jetpack-related-posts":[{"id":123493,"url":"https:\/\/lasprimeras.com.do\/index.php\/2026\/03\/01\/dasac-entrega-enseres-y-raciones-en-gaspar-hernandez-por-emergencia\/","url_meta":{"origin":128931,"position":0},"title":"DASAC entrega enseres y raciones en Gaspar Hern\u00e1ndez por emergencia","author":"Nelson Feliz","date":"1 de marzo de 2026","format":false,"excerpt":"El director general, Edgar Augusto F\u00e9liz Arbona, asegur\u00f3 que la instituci\u00f3n se mantendr\u00e1 presente el tiempo que sea necesario hasta devolverle la tranquilidad a las familias afectadas con las inundaciones. El director General de la Direcci\u00f3n de Asistencia Social y Alimentaci\u00f3n Comunitaria (DASAC), Edgar Augusto F\u00e9liz Arbona, encabez\u00f3 este domingo\u2026","rel":"","context":"En \u00abNACIONALES\u00bb","block_context":{"text":"NACIONALES","link":"https:\/\/lasprimeras.com.do\/index.php\/category\/nacionales\/"},"img":{"alt_text":"Edgar Augusto F\u00e9liz","src":"https:\/\/i0.wp.com\/lasprimeras.com.do\/wp-content\/uploads\/2026\/03\/Edgar-Augusto-Feliz-2.jpg?resize=350%2C200&ssl=1","width":350,"height":200,"srcset":"https:\/\/i0.wp.com\/lasprimeras.com.do\/wp-content\/uploads\/2026\/03\/Edgar-Augusto-Feliz-2.jpg?resize=350%2C200&ssl=1 1x, https:\/\/i0.wp.com\/lasprimeras.com.do\/wp-content\/uploads\/2026\/03\/Edgar-Augusto-Feliz-2.jpg?resize=525%2C300&ssl=1 1.5x, https:\/\/i0.wp.com\/lasprimeras.com.do\/wp-content\/uploads\/2026\/03\/Edgar-Augusto-Feliz-2.jpg?resize=700%2C400&ssl=1 2x"},"classes":[]},{"id":118637,"url":"https:\/\/lasprimeras.com.do\/index.php\/2026\/01\/01\/gobierno-dominicano-a-traves-de-dasac-cierra-el-2025-con-una-politica-social-fortalecida\/","url_meta":{"origin":128931,"position":1},"title":"Gobierno dominicano a trav\u00e9s de DASAC cierra el 2025 con una pol\u00edtica social fortalecida","author":"Nelson Feliz","date":"1 de enero de 2026","format":false,"excerpt":"Edgar Augusto F\u00e9liz Arbona","rel":"","context":"En \u00abNACIONALES\u00bb","block_context":{"text":"NACIONALES","link":"https:\/\/lasprimeras.com.do\/index.php\/category\/nacionales\/"},"img":{"alt_text":"Edgar Augusto F\u00e9liz Arbona","src":"https:\/\/i0.wp.com\/lasprimeras.com.do\/wp-content\/uploads\/2026\/01\/Edgar-Augusto-Feliz-Arbona.jpg?resize=350%2C200&ssl=1","width":350,"height":200,"srcset":"https:\/\/i0.wp.com\/lasprimeras.com.do\/wp-content\/uploads\/2026\/01\/Edgar-Augusto-Feliz-Arbona.jpg?resize=350%2C200&ssl=1 1x, https:\/\/i0.wp.com\/lasprimeras.com.do\/wp-content\/uploads\/2026\/01\/Edgar-Augusto-Feliz-Arbona.jpg?resize=525%2C300&ssl=1 1.5x"},"classes":[]},{"id":127128,"url":"https:\/\/lasprimeras.com.do\/index.php\/2026\/04\/08\/dasac-intensifica-asistencia-en-zonas-inundadas\/","url_meta":{"origin":128931,"position":2},"title":"DASAC intensifica asistencia en zonas inundadas","author":"Nelson Feliz","date":"8 de abril de 2026","format":false,"excerpt":"La instituci\u00f3n que dirige Edgar Augusto F\u00e9liz Arbona, tambi\u00e9n habilit\u00f3 el n\u00famero 829-222-9194, para canalizar la asistencia a las familias afectadas. Desde las primeras horas de este mi\u00e9rcoles, brigadas de la Unidad de Acci\u00f3n R\u00e1pida de la Direcci\u00f3n de Asistencia Social y Alimentaci\u00f3n Comunitaria, (DASAC), permanecen asistiendo con alimentos cocidos\u2026","rel":"","context":"En \u00abNACIONALES\u00bb","block_context":{"text":"NACIONALES","link":"https:\/\/lasprimeras.com.do\/index.php\/category\/nacionales\/"},"img":{"alt_text":"Edgar Augusto F\u00e9liz","src":"https:\/\/i0.wp.com\/lasprimeras.com.do\/wp-content\/uploads\/2026\/04\/Edgar-Augusto-Feliz-1.jpg?resize=350%2C200&ssl=1","width":350,"height":200,"srcset":"https:\/\/i0.wp.com\/lasprimeras.com.do\/wp-content\/uploads\/2026\/04\/Edgar-Augusto-Feliz-1.jpg?resize=350%2C200&ssl=1 1x, https:\/\/i0.wp.com\/lasprimeras.com.do\/wp-content\/uploads\/2026\/04\/Edgar-Augusto-Feliz-1.jpg?resize=525%2C300&ssl=1 1.5x, https:\/\/i0.wp.com\/lasprimeras.com.do\/wp-content\/uploads\/2026\/04\/Edgar-Augusto-Feliz-1.jpg?resize=700%2C400&ssl=1 2x"},"classes":[]},{"id":119426,"url":"https:\/\/lasprimeras.com.do\/index.php\/2026\/01\/12\/dasac-lleva-soluciones-integrales-a-localidades-de-la-region-sur\/","url_meta":{"origin":128931,"position":3},"title":"DASAC lleva soluciones integrales a localidades de la regi\u00f3n sur","author":"Nelson Feliz","date":"12 de enero de 2026","format":false,"excerpt":"El director de la Direcci\u00f3n de Asistencia Social y Alimentaci\u00f3n Comunitaria, Edgar Augusto Feliz Arbona, adelant\u00f3 que los operativos que continuaron durante este fin de semana en las provincias de San Juan de la Maguana y Barahona se extender\u00e1n a todo el pa\u00eds. Como parte del firme compromiso del Gobierno\u2026","rel":"","context":"En \u00abNACIONALES\u00bb","block_context":{"text":"NACIONALES","link":"https:\/\/lasprimeras.com.do\/index.php\/category\/nacionales\/"},"img":{"alt_text":"Comedores Econ\u00f3micos","src":"https:\/\/i0.wp.com\/lasprimeras.com.do\/wp-content\/uploads\/2025\/06\/Comedores-Economicos.jpg?resize=350%2C200&ssl=1","width":350,"height":200,"srcset":"https:\/\/i0.wp.com\/lasprimeras.com.do\/wp-content\/uploads\/2025\/06\/Comedores-Economicos.jpg?resize=350%2C200&ssl=1 1x, https:\/\/i0.wp.com\/lasprimeras.com.do\/wp-content\/uploads\/2025\/06\/Comedores-Economicos.jpg?resize=525%2C300&ssl=1 1.5x, https:\/\/i0.wp.com\/lasprimeras.com.do\/wp-content\/uploads\/2025\/06\/Comedores-Economicos.jpg?resize=700%2C400&ssl=1 2x"},"classes":[]},{"id":126928,"url":"https:\/\/lasprimeras.com.do\/index.php\/2026\/04\/06\/dasac-suministro-alimentacion-a-organismos-de-socorro-y-personal-voluntario-durante-la-semana-santa\/","url_meta":{"origin":128931,"position":4},"title":"DASAC suministr\u00f3 alimentaci\u00f3n a organismos de socorro y personal voluntario durante la Semana Santa","author":"Nelson Feliz","date":"6 de abril de 2026","format":false,"excerpt":"La Unidad de Acci\u00f3n R\u00e1pida de DASAC tambi\u00e9n asisti\u00f3 a familias afectadas, tras el desbordamiento del r\u00edo Tireo, en Loma de Blanco, el Domingo de Resurrecci\u00f3n. Con el objetivo de fortalecer la labor desempe\u00f1ada por los organismos de socorro durante la Semana Mayor, la Direcci\u00f3n de Asistencia Social y Alimentaci\u00f3n\u2026","rel":"","context":"En \u00abNACIONALES\u00bb","block_context":{"text":"NACIONALES","link":"https:\/\/lasprimeras.com.do\/index.php\/category\/nacionales\/"},"img":{"alt_text":"","src":"https:\/\/i0.wp.com\/lasprimeras.com.do\/wp-content\/uploads\/2026\/04\/comedores.jpg?resize=350%2C200&ssl=1","width":350,"height":200,"srcset":"https:\/\/i0.wp.com\/lasprimeras.com.do\/wp-content\/uploads\/2026\/04\/comedores.jpg?resize=350%2C200&ssl=1 1x, https:\/\/i0.wp.com\/lasprimeras.com.do\/wp-content\/uploads\/2026\/04\/comedores.jpg?resize=525%2C300&ssl=1 1.5x, https:\/\/i0.wp.com\/lasprimeras.com.do\/wp-content\/uploads\/2026\/04\/comedores.jpg?resize=700%2C400&ssl=1 2x"},"classes":[]},{"id":126185,"url":"https:\/\/lasprimeras.com.do\/index.php\/2026\/03\/30\/dasac-desarrolla-amplia-jornada-social-y-comunitaria-en-varias-regiones-del-pais\/","url_meta":{"origin":128931,"position":5},"title":"DASAC desarrolla amplia jornada social y comunitaria en varias regiones del pa\u00eds","author":"Nelson Feliz","date":"30 de marzo de 2026","format":false,"excerpt":"Edgar Augusto F\u00e9liz Arbona, destac\u00f3 que las jornadas simult\u00e1neas forman parte del compromiso de asistencia social del gobierno del presidente Luis Abinader Corona, con los sectores m\u00e1s vulnerables. La Direcci\u00f3n de Asistencia Social y Alimentaci\u00f3n Comunitaria (DASAC) desarroll\u00f3 durante el fin de semana una amplia jornada de intervenci\u00f3n que impact\u00f3\u2026","rel":"","context":"En \u00abNACIONALES\u00bb","block_context":{"text":"NACIONALES","link":"https:\/\/lasprimeras.com.do\/index.php\/category\/nacionales\/"},"img":{"alt_text":"DASAC","src":"https:\/\/i0.wp.com\/lasprimeras.com.do\/wp-content\/uploads\/2026\/03\/WhatsApp-Image-2026-03-30-at-6.31.39-PM-1.jpeg?resize=350%2C200&ssl=1","width":350,"height":200,"srcset":"https:\/\/i0.wp.com\/lasprimeras.com.do\/wp-content\/uploads\/2026\/03\/WhatsApp-Image-2026-03-30-at-6.31.39-PM-1.jpeg?resize=350%2C200&ssl=1 1x, https:\/\/i0.wp.com\/lasprimeras.com.do\/wp-content\/uploads\/2026\/03\/WhatsApp-Image-2026-03-30-at-6.31.39-PM-1.jpeg?resize=525%2C300&ssl=1 1.5x, https:\/\/i0.wp.com\/lasprimeras.com.do\/wp-content\/uploads\/2026\/03\/WhatsApp-Image-2026-03-30-at-6.31.39-PM-1.jpeg?resize=700%2C400&ssl=1 2x, https:\/\/i0.wp.com\/lasprimeras.com.do\/wp-content\/uploads\/2026\/03\/WhatsApp-Image-2026-03-30-at-6.31.39-PM-1.jpeg?resize=1050%2C600&ssl=1 3x"},"classes":[]}],"jetpack_sharing_enabled":true,"_links":{"self":[{"href":"https:\/\/lasprimeras.com.do\/index.php\/wp-json\/wp\/v2\/posts\/128931","targetHints":{"allow":["GET"]}}],"collection":[{"href":"https:\/\/lasprimeras.com.do\/index.php\/wp-json\/wp\/v2\/posts"}],"about":[{"href":"https:\/\/lasprimeras.com.do\/index.php\/wp-json\/wp\/v2\/types\/post"}],"author":[{"embeddable":true,"href":"https:\/\/lasprimeras.com.do\/index.php\/wp-json\/wp\/v2\/users\/10"}],"replies":[{"embeddable":true,"href":"https:\/\/lasprimeras.com.do\/index.php\/wp-json\/wp\/v2\/comments?post=128931"}],"version-history":[{"count":2,"href":"https:\/\/lasprimeras.com.do\/index.php\/wp-json\/wp\/v2\/posts\/128931\/revisions"}],"predecessor-version":[{"id":128946,"href":"https:\/\/lasprimeras.com.do\/index.php\/wp-json\/wp\/v2\/posts\/128931\/revisions\/128946"}],"wp:featuredmedia":[{"embeddable":true,"href":"https:\/\/lasprimeras.com.do\/index.php\/wp-json\/wp\/v2\/media\/128932"}],"wp:attachment":[{"href":"https:\/\/lasprimeras.com.do\/index.php\/wp-json\/wp\/v2\/media?parent=128931"}],"wp:term":[{"taxonomy":"category","embeddable":true,"href":"https:\/\/lasprimeras.com.do\/index.php\/wp-json\/wp\/v2\/categories?post=128931"},{"taxonomy":"post_tag","embeddable":true,"href":"https:\/\/lasprimeras.com.do\/index.php\/wp-json\/wp\/v2\/tags?post=128931"}],"curies":[{"name":"wp","href":"https:\/\/api.w.org\/{rel}","templated":true}]}}