{"id":128934,"date":"2026-04-28T09:36:03","date_gmt":"2026-04-28T13:36:03","guid":{"rendered":"https:\/\/lasprimeras.com.do\/?p=128934"},"modified":"2026-04-28T09:36:06","modified_gmt":"2026-04-28T13:36:06","slug":"rd-y-hungria-firman-acuerdo-aereo-para-promover-la-conectividad","status":"publish","type":"post","link":"https:\/\/lasprimeras.com.do\/index.php\/2026\/04\/28\/rd-y-hungria-firman-acuerdo-aereo-para-promover-la-conectividad\/","title":{"rendered":"RD y Hungr\u00eda firman acuerdo a\u00e9reo para promover la conectividad"},"content":{"rendered":"\n<p>Tras a\u00f1os de negociaciones t\u00e9cnicas, los Gobiernos de la&nbsp;<strong>Rep\u00fablica Dominicana y Hungr\u00eda<\/strong>&nbsp;avanzan en la formalizaci\u00f3n de acuerdos para fortalecer las&nbsp;<strong>relaciones aerocomerciales&nbsp;<\/strong>entre ambos pa\u00edses.&nbsp;<\/p>\n\n\n\n<p>El proceso de firma de los instrumentos que buscan&nbsp;<strong>impulsar los servicios a\u00e9reos binacionales<\/strong>&nbsp;se llev\u00f3 a cabo en una reuni\u00f3n este 27 de abril de 2026, en la sede de la&nbsp;<strong>Junta de Aviaci\u00f3n Civil<\/strong>&nbsp;(JAC).&nbsp;<\/p>\n\n\n\n<p>Durante el encuentro, las autoridades de las partes desarrollaron la negociaci\u00f3n y firma de un&nbsp;<strong>memor\u00e1ndum de entendimiento<\/strong>&nbsp;(MOU), como paso previo a la r\u00fabrica de un&nbsp;<strong>Acuerdo de Servicios A\u00e9reos<\/strong>&nbsp;(ASA), marcando un avance decisivo en el fortalecimiento de sus relaciones bilaterales.&nbsp;<\/p>\n\n\n\n<p>Con estos convenios se establece un&nbsp;<strong>marco moderno y flexible<\/strong>&nbsp;para las operaciones a\u00e9reas, permitiendo a las aerol\u00edneas definir rutas, frecuencias y tarifas bajo criterios de mercado, lo que facilita una&nbsp;<strong>mayor conectividad<\/strong>&nbsp;entre ambos pa\u00edses.&nbsp;<\/p>\n\n\n\n<p>La delegaci\u00f3n dominicana estuvo encabezada por&nbsp;<strong>H\u00e9ctor&nbsp;<\/strong><strong>Porcella<\/strong>, presidente de la&nbsp;<strong>JAC<\/strong>, acompa\u00f1ado por la comisi\u00f3n de acuerdos que recibi\u00f3 a la delegaci\u00f3n de Hungr\u00eda, presidida por el&nbsp;<strong>Dr.&nbsp;<\/strong><strong>M\u00e1t\u00e9<\/strong><strong>L\u0151winger<\/strong>, director de la Direcci\u00f3n General de Aviaci\u00f3n Civil de Hungr\u00eda (DGAC), acompa\u00f1ado por su asesor,&nbsp;<strong>Bendeg\u00faz<\/strong><strong>J\u00e1nos<\/strong><strong>Jagodics<\/strong><strong>,<\/strong>&nbsp;y&nbsp;<strong>Bal\u00e1zs&nbsp;<\/strong><strong>Heincz<\/strong>, embajador de la Rep\u00fablica de Hungr\u00eda en Cuba, concurrente en la Rep\u00fablica Dominicana.&nbsp;<\/p>\n\n\n\n<p>En febrero de 2019, las partes revisaron&nbsp;&nbsp;dicho instrumento, concluyendo la conveniencia de avanzar hacia un acuerdo formal actualizado que&nbsp;<strong>regule los servicios a\u00e9reos bilaterales.<\/strong>&nbsp;<\/p>\n\n\n\n<p>Datos del&nbsp;<strong>Banco Central de la Rep\u00fablica Dominicana<\/strong>&nbsp;indican que entre 2019 y febrero de 2026 unos&nbsp;<strong>52,000 pasajeros h\u00fangaros<\/strong>&nbsp;visitaron el pa\u00eds, cuyos registros evidencian un mercado con alto potencial para el desarrollo de rutas m\u00e1s eficientes e incluso directas.&nbsp;<\/p>\n\n\n\n<p>Estos acuerdos representan una oportunidad estrat\u00e9gica para fortalecer el&nbsp;<strong>turismo, el comercio, la inversi\u00f3n y los v\u00ednculos bilaterales,<\/strong>&nbsp;al tiempo que posicionan a la Rep\u00fablica Dominicana como un&nbsp;hub&nbsp;clave de conectividad a\u00e9rea&nbsp;<strong>hacia Europa<\/strong>&nbsp;y otros destinos no tradicionales.&nbsp;<br><\/p>\n","protected":false},"excerpt":{"rendered":"<p>Tras a\u00f1os de negociaciones t\u00e9cnicas, los Gobiernos de la&nbsp;Rep\u00fablica Dominicana y Hungr\u00eda&nbsp;avanzan en la formalizaci\u00f3n de acuerdos para fortalecer las&nbsp;relaciones aerocomerciales&nbsp;entre ambos pa\u00edses.&nbsp; El proceso de firma de los instrumentos&hellip;<\/p>\n","protected":false},"author":10,"featured_media":128935,"comment_status":"open","ping_status":"open","sticky":false,"template":"","format":"standard","meta":{"content-type":"","jetpack_post_was_ever_published":false,"_jetpack_newsletter_access":"","_jetpack_dont_email_post_to_subs":false,"_jetpack_newsletter_tier_id":0,"_jetpack_memberships_contains_paywalled_content":false,"_jetpack_memberships_contains_paid_content":false,"footnotes":""},"categories":[35,25],"tags":[32763],"class_list":["post-128934","post","type-post","status-publish","format-standard","has-post-thumbnail","hentry","category-nacionales","category-portada","tag-rd-y-hungria-firman-acuerdo"],"jetpack_featured_media_url":"https:\/\/lasprimeras.com.do\/wp-content\/uploads\/2026\/04\/Diseno-sin-titulo-32.png","jetpack-related-posts":[{"id":70026,"url":"https:\/\/lasprimeras.com.do\/index.php\/2023\/12\/07\/jac-republica-dominicana-rumbo-a-la-conectividad-aerea-con-el-mundo\/","url_meta":{"origin":128934,"position":0},"title":"JAC: Rep\u00fablica Dominicana rumbo a la conectividad a\u00e9rea con el mundo","author":"Nelson Feliz","date":"7 de diciembre de 2023","format":false,"excerpt":"El pa\u00eds avanz\u00f3 negociaciones con m\u00e1s de 10 pa\u00edses entre los que se encuentran: Arabia Saudita, Suiza, Islandia, Seychelles, Jordania, Reino Unido, Polonia, Kenia, Surinam, Malasia y Qatar en el evento de negociaci\u00f3n de aviaci\u00f3n civil m\u00e1s grande del mundo. Arabia Saudita.-. La participaci\u00f3n de Rep\u00fablica Dominicana en el Decimoquinto\u2026","rel":"","context":"En \u00abPORTADA\u00bb","block_context":{"text":"PORTADA","link":"https:\/\/lasprimeras.com.do\/index.php\/category\/portada\/"},"img":{"alt_text":"","src":"https:\/\/i0.wp.com\/lasprimeras.com.do\/wp-content\/uploads\/2023\/12\/jac-republica-dominicana-rumbo-a-la-conectividad-aerea-con-el-mundo.jpg?resize=350%2C200&ssl=1","width":350,"height":200,"srcset":"https:\/\/i0.wp.com\/lasprimeras.com.do\/wp-content\/uploads\/2023\/12\/jac-republica-dominicana-rumbo-a-la-conectividad-aerea-con-el-mundo.jpg?resize=350%2C200&ssl=1 1x, https:\/\/i0.wp.com\/lasprimeras.com.do\/wp-content\/uploads\/2023\/12\/jac-republica-dominicana-rumbo-a-la-conectividad-aerea-con-el-mundo.jpg?resize=525%2C300&ssl=1 1.5x, https:\/\/i0.wp.com\/lasprimeras.com.do\/wp-content\/uploads\/2023\/12\/jac-republica-dominicana-rumbo-a-la-conectividad-aerea-con-el-mundo.jpg?resize=700%2C400&ssl=1 2x"},"classes":[]},{"id":52843,"url":"https:\/\/lasprimeras.com.do\/index.php\/2023\/06\/21\/republica-dominicana-y-republica-checa-modernizan-acuerdo-de-transporte-aereo\/","url_meta":{"origin":128934,"position":1},"title":"Rep\u00fablica Dominicana y Rep\u00fablica Checa modernizan acuerdo de transporte a\u00e9reo","author":"Nelson Feliz","date":"21 de junio de 2023","format":false,"excerpt":"El nuevo documento permite optimizar operaciones y servicios de Transporte A\u00e9reo en beneficio de los usuarios y las l\u00edneas a\u00e9reas de las dos naciones. Por Martin Restituyo El presidente de la Junta de Aviaci\u00f3n Civil (JAC), Jos\u00e9 Marte Piantini y el embajador Extraordinario y Plenipotenciario de la Rep\u00fablica Checa ante\u2026","rel":"","context":"En \u00abTURISMO\u00bb","block_context":{"text":"TURISMO","link":"https:\/\/lasprimeras.com.do\/index.php\/category\/turismo\/"},"img":{"alt_text":"Jos\u00e9 Ernesto Marte Piantini y S.E. Petr Kav\u00e1n","src":"https:\/\/i0.wp.com\/lasprimeras.com.do\/wp-content\/uploads\/2023\/06\/JAC.jpg?resize=350%2C200&ssl=1","width":350,"height":200,"srcset":"https:\/\/i0.wp.com\/lasprimeras.com.do\/wp-content\/uploads\/2023\/06\/JAC.jpg?resize=350%2C200&ssl=1 1x, https:\/\/i0.wp.com\/lasprimeras.com.do\/wp-content\/uploads\/2023\/06\/JAC.jpg?resize=525%2C300&ssl=1 1.5x, https:\/\/i0.wp.com\/lasprimeras.com.do\/wp-content\/uploads\/2023\/06\/JAC.jpg?resize=700%2C400&ssl=1 2x"},"classes":[]},{"id":62316,"url":"https:\/\/lasprimeras.com.do\/index.php\/2023\/10\/04\/republica-dominicana-y-arabia-saudita-sellan-relaciones-aerocomerciales\/","url_meta":{"origin":128934,"position":2},"title":"Rep\u00fablica Dominicana y Arabia Saudita sellan relaciones aerocomerciales","author":"Nelson Feliz","date":"4 de octubre de 2023","format":false,"excerpt":"Las autoridades de aviaci\u00f3n civil de ambos gobiernos firmaron un Acuerdo para permitir los vuelos directos o con escala entre ambas naciones y m\u00e1s all\u00e1. El presidente de la Junta de Aviaci\u00f3n Civil (JAC) de la Rep\u00fablica Dominicana, doctor Jos\u00e9 Ernesto Marte Piantini, junto con el presidente de la Autoridad\u2026","rel":"","context":"En \u00abNACIONALES\u00bb","block_context":{"text":"NACIONALES","link":"https:\/\/lasprimeras.com.do\/index.php\/category\/nacionales\/"},"img":{"alt_text":"Rep\u00fablica Dominicana y Arabia Saudita","src":"https:\/\/i0.wp.com\/lasprimeras.com.do\/wp-content\/uploads\/2023\/10\/Republica-Dominicana-y-Arabia-Saudita.jpg?resize=350%2C200&ssl=1","width":350,"height":200,"srcset":"https:\/\/i0.wp.com\/lasprimeras.com.do\/wp-content\/uploads\/2023\/10\/Republica-Dominicana-y-Arabia-Saudita.jpg?resize=350%2C200&ssl=1 1x, https:\/\/i0.wp.com\/lasprimeras.com.do\/wp-content\/uploads\/2023\/10\/Republica-Dominicana-y-Arabia-Saudita.jpg?resize=525%2C300&ssl=1 1.5x, https:\/\/i0.wp.com\/lasprimeras.com.do\/wp-content\/uploads\/2023\/10\/Republica-Dominicana-y-Arabia-Saudita.jpg?resize=700%2C400&ssl=1 2x"},"classes":[]},{"id":97934,"url":"https:\/\/lasprimeras.com.do\/index.php\/2025\/04\/29\/cesac-y-basc-firman-acuerdo-para-fortalecer-la-seguridad-logistica-aerea-en-la-rd\/","url_meta":{"origin":128934,"position":3},"title":"CESAC y BASC firman acuerdo para fortalecer la seguridad log\u00edstica a\u00e9rea en la RD","author":"Nelson Feliz","date":"29 de abril de 2025","format":false,"excerpt":"El cap\u00edtulo dominicano de la Business Alliance for Secure Commerce (BASC) firm\u00f3 un acuerdo de colaboraci\u00f3n interinstitucional con el Cuerpo Especializado en Seguridad Aeroportuaria y de la Aviaci\u00f3n Civil (CESAC), con el objetivo de reforzar los controles y mitigar riesgos en la cadena log\u00edstica a\u00e9rea del pa\u00eds. El convenio fue\u2026","rel":"","context":"En \u00abMILITARES\u00bb","block_context":{"text":"MILITARES","link":"https:\/\/lasprimeras.com.do\/index.php\/category\/militares\/"},"img":{"alt_text":"","src":"https:\/\/i0.wp.com\/lasprimeras.com.do\/wp-content\/uploads\/2025\/04\/acuerdo-1.jpg?resize=350%2C200&ssl=1","width":350,"height":200,"srcset":"https:\/\/i0.wp.com\/lasprimeras.com.do\/wp-content\/uploads\/2025\/04\/acuerdo-1.jpg?resize=350%2C200&ssl=1 1x, https:\/\/i0.wp.com\/lasprimeras.com.do\/wp-content\/uploads\/2025\/04\/acuerdo-1.jpg?resize=525%2C300&ssl=1 1.5x, https:\/\/i0.wp.com\/lasprimeras.com.do\/wp-content\/uploads\/2025\/04\/acuerdo-1.jpg?resize=700%2C400&ssl=1 2x"},"classes":[]},{"id":119776,"url":"https:\/\/lasprimeras.com.do\/index.php\/2026\/01\/16\/indotel-y-la-fard-firman-acuerdo-para-impulsar-infraestructura-tecnologica-en-base-aerea-de-san-isidro\/","url_meta":{"origin":128934,"position":4},"title":"Indotel y la FARD firman acuerdo para impulsar infraestructura tecnol\u00f3gica en Base A\u00e9rea de San Isidro","author":"Nelson Feliz","date":"16 de enero de 2026","format":false,"excerpt":"La iniciativa busca modernizar las comunicaciones, reforzar la defensa a\u00e9rea y optimizar la capacidad operativa del Estado El Instituto Dominicano de las Telecomunicaciones (Indotel) y la Fuerza A\u00e9rea de Rep\u00fablica Dominicana (FARD) firmaron un acuerdo de colaboraci\u00f3n para establecer un proyecto de instalaci\u00f3n de infraestructura tecnol\u00f3gica en la Base A\u00e9rea\u2026","rel":"","context":"En \u00abNACIONALES\u00bb","block_context":{"text":"NACIONALES","link":"https:\/\/lasprimeras.com.do\/index.php\/category\/nacionales\/"},"img":{"alt_text":"Guido G\u00f3mez Mazara y Floreal Su\u00e1rez Mart\u00ednez","src":"https:\/\/i0.wp.com\/lasprimeras.com.do\/wp-content\/uploads\/2026\/01\/Guido-Gomez-Mazara-y-Floreal-Suarez-Martinez.jpg?resize=350%2C200&ssl=1","width":350,"height":200,"srcset":"https:\/\/i0.wp.com\/lasprimeras.com.do\/wp-content\/uploads\/2026\/01\/Guido-Gomez-Mazara-y-Floreal-Suarez-Martinez.jpg?resize=350%2C200&ssl=1 1x, https:\/\/i0.wp.com\/lasprimeras.com.do\/wp-content\/uploads\/2026\/01\/Guido-Gomez-Mazara-y-Floreal-Suarez-Martinez.jpg?resize=525%2C300&ssl=1 1.5x, https:\/\/i0.wp.com\/lasprimeras.com.do\/wp-content\/uploads\/2026\/01\/Guido-Gomez-Mazara-y-Floreal-Suarez-Martinez.jpg?resize=700%2C400&ssl=1 2x"},"classes":[]},{"id":76240,"url":"https:\/\/lasprimeras.com.do\/index.php\/2024\/02\/08\/congresista-adriano-espaillat-rd-y-ee-uu-firmaran-acuerdo-de-cielos-abiertos\/","url_meta":{"origin":128934,"position":5},"title":"Congresista Adriano Espaillat: \u201cRD y EE.UU. firmaran acuerdo de cielos abiertos\u201d","author":"Nelson Feliz","date":"8 de febrero de 2024","format":false,"excerpt":"\u00a0Espaillat dice ya era tiempo de que RD contara con alguien nominado para embajador. Califica como exitosa el encuentro \u201cDominicanos en el Capitolio\u201d. Washington, DC.\u00a0 El congresista Adriano Espaillat, representante del distrito 13 de Nueva York y de origen dominicano, afirm\u00f3 que las conversaciones entre el gobierno de la Rep\u00fablica\u2026","rel":"","context":"En \u00abPORTADA\u00bb","block_context":{"text":"PORTADA","link":"https:\/\/lasprimeras.com.do\/index.php\/category\/portada\/"},"img":{"alt_text":"Adriano Espaillat","src":"https:\/\/i0.wp.com\/lasprimeras.com.do\/wp-content\/uploads\/2024\/02\/Adriano-Espaillat.jpg?resize=350%2C200&ssl=1","width":350,"height":200,"srcset":"https:\/\/i0.wp.com\/lasprimeras.com.do\/wp-content\/uploads\/2024\/02\/Adriano-Espaillat.jpg?resize=350%2C200&ssl=1 1x, https:\/\/i0.wp.com\/lasprimeras.com.do\/wp-content\/uploads\/2024\/02\/Adriano-Espaillat.jpg?resize=525%2C300&ssl=1 1.5x, https:\/\/i0.wp.com\/lasprimeras.com.do\/wp-content\/uploads\/2024\/02\/Adriano-Espaillat.jpg?resize=700%2C400&ssl=1 2x"},"classes":[]}],"jetpack_sharing_enabled":true,"_links":{"self":[{"href":"https:\/\/lasprimeras.com.do\/index.php\/wp-json\/wp\/v2\/posts\/128934","targetHints":{"allow":["GET"]}}],"collection":[{"href":"https:\/\/lasprimeras.com.do\/index.php\/wp-json\/wp\/v2\/posts"}],"about":[{"href":"https:\/\/lasprimeras.com.do\/index.php\/wp-json\/wp\/v2\/types\/post"}],"author":[{"embeddable":true,"href":"https:\/\/lasprimeras.com.do\/index.php\/wp-json\/wp\/v2\/users\/10"}],"replies":[{"embeddable":true,"href":"https:\/\/lasprimeras.com.do\/index.php\/wp-json\/wp\/v2\/comments?post=128934"}],"version-history":[{"count":1,"href":"https:\/\/lasprimeras.com.do\/index.php\/wp-json\/wp\/v2\/posts\/128934\/revisions"}],"predecessor-version":[{"id":128936,"href":"https:\/\/lasprimeras.com.do\/index.php\/wp-json\/wp\/v2\/posts\/128934\/revisions\/128936"}],"wp:featuredmedia":[{"embeddable":true,"href":"https:\/\/lasprimeras.com.do\/index.php\/wp-json\/wp\/v2\/media\/128935"}],"wp:attachment":[{"href":"https:\/\/lasprimeras.com.do\/index.php\/wp-json\/wp\/v2\/media?parent=128934"}],"wp:term":[{"taxonomy":"category","embeddable":true,"href":"https:\/\/lasprimeras.com.do\/index.php\/wp-json\/wp\/v2\/categories?post=128934"},{"taxonomy":"post_tag","embeddable":true,"href":"https:\/\/lasprimeras.com.do\/index.php\/wp-json\/wp\/v2\/tags?post=128934"}],"curies":[{"name":"wp","href":"https:\/\/api.w.org\/{rel}","templated":true}]}}