{"id":128937,"date":"2026-04-28T11:11:11","date_gmt":"2026-04-28T15:11:11","guid":{"rendered":"https:\/\/lasprimeras.com.do\/?p=128937"},"modified":"2026-04-28T11:11:13","modified_gmt":"2026-04-28T15:11:13","slug":"roi-urge-convocatoria-de-evaluacion-de-jueces-de-la-scj-y-advierte-sobre-lecciones-del-proceso-2025","status":"publish","type":"post","link":"https:\/\/lasprimeras.com.do\/index.php\/2026\/04\/28\/roi-urge-convocatoria-de-evaluacion-de-jueces-de-la-scj-y-advierte-sobre-lecciones-del-proceso-2025\/","title":{"rendered":"ROI urge convocatoria de evaluaci\u00f3n de jueces de la SCJ y advierte sobre lecciones del proceso 2025"},"content":{"rendered":"\n<p>La Red de Observadores por la Institucionalidad (ROI) llam\u00f3 al Presidente de la Rep\u00fablica, en su calidad de presidente del Consejo Nacional de la Magistratura (CNM), a convocar de manera inmediata el proceso de evaluaci\u00f3n de los jueces y juezas de la Suprema Corte de Justicia (SCJ), cuyo per\u00edodo constitucional de siete a\u00f1os se cumpli\u00f3 el pasado 4 de abril.<\/p>\n\n\n\n<p>La organizaci\u00f3n record\u00f3 que once magistrados y magistradas se encuentran pendientes de evaluaci\u00f3n, etapa indispensable para determinar su permanencia o eventual sustituci\u00f3n en el cargo.<\/p>\n\n\n\n<p>ROI advirti\u00f3 que la ausencia de convocatoria formal genera incertidumbre institucional y afecta la confianza p\u00fablica en el sistema de justicia.<\/p>\n\n\n\n<p>ROI enfatiz\u00f3 que la evaluaci\u00f3n de desempe\u00f1o es un mandato constitucional y una garant\u00eda de independencia judicial, se\u00f1alando que, aunque no existe un plazo espec\u00edfico para la convocatoria, la Constituci\u00f3n establece que esta debe realizarse al t\u00e9rmino de los siete a\u00f1os desde la designaci\u00f3n.<\/p>\n\n\n\n<p>En ese contexto, la organizaci\u00f3n advirti\u00f3 que el pa\u00eds llega a este nuevo proceso con importantes lecciones derivadas de la evaluaci\u00f3n realizada en 2025, marcada por cuestionamientos sobre falta de transparencia, ausencia de motivaci\u00f3n suficiente en las decisiones y uso de criterios no previstos en la normativa.<\/p>\n\n\n\n<p>Asimismo, alert\u00f3 sobre el riesgo de que algunos jueces y juezas opten por no someterse a evaluaci\u00f3n, como reacci\u00f3n a experiencias previas \u2014como las ocurridas a las magistradas Miriam Germ\u00e1n Brito y Pilar Jim\u00e9nez\u2014 percibidas como injustas, discriminatorias y lesivas a la independencia judicial, lo que, a su juicio, compromete la legitimidad del sistema.<\/p>\n\n\n\n<p>\u201cCuando quienes deben ser evaluados desconf\u00edan del proceso, lo que est\u00e1 en riesgo es la legitimidad de la justicia\u201d, indic\u00f3 la organizaci\u00f3n.<\/p>\n\n\n\n<p>ROI reiter\u00f3 que la evaluaci\u00f3n judicial debe regirse por criterios objetivos, previamente establecidos y aplicados de manera transparente, con pleno respeto al debido proceso, la independencia judicial y la igualdad de g\u00e9nero.<\/p>\n\n\n\n<p>En el marco de la rueda de prensa, la organizaci\u00f3n puso a circular el Informe sobre el proceso de evaluaci\u00f3n y selecci\u00f3n de jueces y juezas de la SCJ y del TSE 2025, que recoge las incidencias del proceso anterior y propone medidas para fortalecer futuros procedimientos.<\/p>\n\n\n\n<p>Finalmente, ROI record\u00f3 que, mientras no se realicen las evaluaciones de desempe\u00f1o, no es posible convocar un proceso de selecci\u00f3n de nuevos jueces y juezas, dado que actualmente no existen vacantes en la Suprema Corte de Justicia.<\/p>\n\n\n\n<p>ROI est\u00e1 compuesto por el Instituto Tecnol\u00f3gico de Santo Domingo (INTEC), Participaci\u00f3n Ciudadana (PC), la Fundaci\u00f3n Friedrich Ebert (FES), Foro Ciudadano y el Centro de Investigaci\u00f3n para la Acci\u00f3n Femenina (CIPAF).<br><\/p>\n","protected":false},"excerpt":{"rendered":"<p>La Red de Observadores por la Institucionalidad (ROI) llam\u00f3 al Presidente de la Rep\u00fablica, en su calidad de presidente del Consejo Nacional de la Magistratura (CNM), a convocar de manera&hellip;<\/p>\n","protected":false},"author":10,"featured_media":88033,"comment_status":"open","ping_status":"open","sticky":false,"template":"","format":"standard","meta":{"content-type":"","jetpack_post_was_ever_published":false,"_jetpack_newsletter_access":"","_jetpack_dont_email_post_to_subs":false,"_jetpack_newsletter_tier_id":0,"_jetpack_memberships_contains_paywalled_content":false,"_jetpack_memberships_contains_paid_content":false,"footnotes":""},"categories":[35,25],"tags":[952,32764,493],"class_list":["post-128937","post","type-post","status-publish","format-standard","has-post-thumbnail","hentry","category-nacionales","category-portada","tag-convocatoria","tag-roi","tag-scj"],"jetpack_featured_media_url":"https:\/\/lasprimeras.com.do\/wp-content\/uploads\/2024\/08\/Leidy-Blanco.jpg","jetpack-related-posts":[{"id":104662,"url":"https:\/\/lasprimeras.com.do\/index.php\/2025\/07\/25\/cnm-decide-revisar-reglamento-1-19-sobre-evaluacion-de-desempeno-de-los-jueces-suprema-corte-de-justicia\/","url_meta":{"origin":128937,"position":0},"title":"CNM decide revisar reglamento 1-19 sobre evaluaci\u00f3n de desempe\u00f1o de los jueces Suprema Corte de Justicia","author":"Nelson Feliz","date":"25 de julio de 2025","format":false,"excerpt":"El Consejo Nacional de la Magistratura (CNM) tom\u00f3 este viernes la decisi\u00f3n de revisar el reglamento 1-19 que establece los criterios y el procedimiento para evaluar el desempe\u00f1o de los jueces de la Suprema Corte de Justicia (SCJ), con el objetivo de asegurar la calidad y eficiencia de su trabajo.\u2026","rel":"","context":"En \u00abNACIONALES\u00bb","block_context":{"text":"NACIONALES","link":"https:\/\/lasprimeras.com.do\/index.php\/category\/nacionales\/"},"img":{"alt_text":"","src":"https:\/\/i0.wp.com\/lasprimeras.com.do\/wp-content\/uploads\/2025\/07\/CNM-1.jpg?resize=350%2C200&ssl=1","width":350,"height":200,"srcset":"https:\/\/i0.wp.com\/lasprimeras.com.do\/wp-content\/uploads\/2025\/07\/CNM-1.jpg?resize=350%2C200&ssl=1 1x, https:\/\/i0.wp.com\/lasprimeras.com.do\/wp-content\/uploads\/2025\/07\/CNM-1.jpg?resize=525%2C300&ssl=1 1.5x, https:\/\/i0.wp.com\/lasprimeras.com.do\/wp-content\/uploads\/2025\/07\/CNM-1.jpg?resize=700%2C400&ssl=1 2x"},"classes":[]},{"id":110244,"url":"https:\/\/lasprimeras.com.do\/index.php\/2025\/09\/26\/vicepresidenta-raquel-pena-encabeza-reunion-virtual-del-consejo-nacional-de-la-magistratura\/","url_meta":{"origin":128937,"position":1},"title":"Vicepresidenta Raquel Pe\u00f1a encabeza reuni\u00f3n virtual del Consejo Nacional de la Magistratura","author":"Nelson Feliz","date":"26 de septiembre de 2025","format":false,"excerpt":"Se convocar\u00e1 para este 2 de octubre a los tres jueces de la SCJ que les corresponden evaluaci\u00f3n de desempe\u00f1o.\u00a0 La vicepresidenta Raquel Pe\u00f1a encabez\u00f3 este viernes una reuni\u00f3n virtual del Consejo Nacional de la Magistratura, en la que se decidi\u00f3 proceder con la convocatoria para la evaluaci\u00f3n de desempe\u00f1o\u2026","rel":"","context":"En \u00abNACIONALES\u00bb","block_context":{"text":"NACIONALES","link":"https:\/\/lasprimeras.com.do\/index.php\/category\/nacionales\/"},"img":{"alt_text":"","src":"https:\/\/i0.wp.com\/lasprimeras.com.do\/wp-content\/uploads\/2025\/09\/Raquel-Pena-3.jpg?resize=350%2C200&ssl=1","width":350,"height":200,"srcset":"https:\/\/i0.wp.com\/lasprimeras.com.do\/wp-content\/uploads\/2025\/09\/Raquel-Pena-3.jpg?resize=350%2C200&ssl=1 1x, https:\/\/i0.wp.com\/lasprimeras.com.do\/wp-content\/uploads\/2025\/09\/Raquel-Pena-3.jpg?resize=525%2C300&ssl=1 1.5x, https:\/\/i0.wp.com\/lasprimeras.com.do\/wp-content\/uploads\/2025\/09\/Raquel-Pena-3.jpg?resize=700%2C400&ssl=1 2x"},"classes":[]},{"id":118172,"url":"https:\/\/lasprimeras.com.do\/index.php\/2025\/12\/22\/abinader-juramenta-nuevos-jueces-de-la-scj-tras-concluir-proceso-de-evaluacion-del-cnm\/","url_meta":{"origin":128937,"position":2},"title":"Abinader juramenta nuevos jueces de la SCJ tras concluir proceso de evaluaci\u00f3n del CNM","author":"Nelson Feliz","date":"22 de diciembre de 2025","format":false,"excerpt":"El Consejo Nacional de la Magistratura (CNM), presidido por el presidente Luis Abinader, jurament\u00f3 este lunes a los nuevos jueces seleccionados para integrar la Suprema Corte de Justicia (SCJ), tras concluir el proceso de evaluaci\u00f3n correspondiente. El acto se realiz\u00f3 en el Sal\u00f3n de Embajadores del Palacio Nacional, donde fueron\u2026","rel":"","context":"En \u00abNACIONALES\u00bb","block_context":{"text":"NACIONALES","link":"https:\/\/lasprimeras.com.do\/index.php\/category\/nacionales\/"},"img":{"alt_text":"CNM","src":"https:\/\/i0.wp.com\/lasprimeras.com.do\/wp-content\/uploads\/2025\/12\/CNM-PRINC.jpg?resize=350%2C200&ssl=1","width":350,"height":200,"srcset":"https:\/\/i0.wp.com\/lasprimeras.com.do\/wp-content\/uploads\/2025\/12\/CNM-PRINC.jpg?resize=350%2C200&ssl=1 1x, https:\/\/i0.wp.com\/lasprimeras.com.do\/wp-content\/uploads\/2025\/12\/CNM-PRINC.jpg?resize=525%2C300&ssl=1 1.5x, https:\/\/i0.wp.com\/lasprimeras.com.do\/wp-content\/uploads\/2025\/12\/CNM-PRINC.jpg?resize=700%2C400&ssl=1 2x"},"classes":[]},{"id":110971,"url":"https:\/\/lasprimeras.com.do\/index.php\/2025\/10\/03\/cnm-evalua-desempeno-de-jueces-de-la-suprema-corte-de-justicia\/","url_meta":{"origin":128937,"position":3},"title":"CNM eval\u00faa desempe\u00f1o de jueces de la Suprema Corte de Justicia","author":"Nelson Feliz","date":"3 de octubre de 2025","format":false,"excerpt":"Los jueces evaluados fueron Pilar Jim\u00e9nez Ort\u00edz, Manuel Alexis Read Ortiz y Mois\u00e9s Ferrer Landr\u00f3n, quienes ya han cumplido siete a\u00f1os en sus puestos El Consejo Nacional de la Magistratura (CNM), encabezado por el presidente Luis Abinader celebr\u00f3 este jueves su tercera sesi\u00f3n de trabajo donde evalu\u00f3 el desempe\u00f1o de\u2026","rel":"","context":"En \u00abNACIONALES\u00bb","block_context":{"text":"NACIONALES","link":"https:\/\/lasprimeras.com.do\/index.php\/category\/nacionales\/"},"img":{"alt_text":"","src":"https:\/\/i0.wp.com\/lasprimeras.com.do\/wp-content\/uploads\/2025\/10\/CNM-2.jpg?resize=350%2C200&ssl=1","width":350,"height":200,"srcset":"https:\/\/i0.wp.com\/lasprimeras.com.do\/wp-content\/uploads\/2025\/10\/CNM-2.jpg?resize=350%2C200&ssl=1 1x, https:\/\/i0.wp.com\/lasprimeras.com.do\/wp-content\/uploads\/2025\/10\/CNM-2.jpg?resize=525%2C300&ssl=1 1.5x, https:\/\/i0.wp.com\/lasprimeras.com.do\/wp-content\/uploads\/2025\/10\/CNM-2.jpg?resize=700%2C400&ssl=1 2x"},"classes":[]},{"id":103705,"url":"https:\/\/lasprimeras.com.do\/index.php\/2025\/07\/17\/abinader-convoca-al-cnm-para-evaluar-y-designar-jueces\/","url_meta":{"origin":128937,"position":4},"title":"Abinader convoca al CNM para evaluar y designar jueces","author":"Nelson Feliz","date":"17 de julio de 2025","format":false,"excerpt":"La reuni\u00f3n ser\u00e1 en el Palacio Nacional a las 8:00 de la noche El presidente Luis Abinader convoc\u00f3 a los miembros del Consejo Nacional de la Magistratura (CNM) a una reuni\u00f3n, pautada para el viernes 25 de julio. Durante el encuentro, que se realizar\u00e1 en el Palacio Nacional, a las\u2026","rel":"","context":"En \u00abNACIONALES\u00bb","block_context":{"text":"NACIONALES","link":"https:\/\/lasprimeras.com.do\/index.php\/category\/nacionales\/"},"img":{"alt_text":"","src":"https:\/\/i0.wp.com\/lasprimeras.com.do\/wp-content\/uploads\/2025\/07\/ABINADER-CNM-1.jpg?resize=350%2C200&ssl=1","width":350,"height":200,"srcset":"https:\/\/i0.wp.com\/lasprimeras.com.do\/wp-content\/uploads\/2025\/07\/ABINADER-CNM-1.jpg?resize=350%2C200&ssl=1 1x, https:\/\/i0.wp.com\/lasprimeras.com.do\/wp-content\/uploads\/2025\/07\/ABINADER-CNM-1.jpg?resize=525%2C300&ssl=1 1.5x, https:\/\/i0.wp.com\/lasprimeras.com.do\/wp-content\/uploads\/2025\/07\/ABINADER-CNM-1.jpg?resize=700%2C400&ssl=1 2x"},"classes":[]},{"id":115956,"url":"https:\/\/lasprimeras.com.do\/index.php\/2025\/11\/26\/posponen-reunion-del-cnm-para-el-proximo-martes-2-a-las-700-de-la-noche\/","url_meta":{"origin":128937,"position":5},"title":"Posponen reuni\u00f3n del CNM para el pr\u00f3ximo martes 2, a las 7:00 de la noche","author":"Nelson Feliz","date":"26 de noviembre de 2025","format":false,"excerpt":"El consultor jur\u00eddico del Poder Ejecutivo inform\u00f3 que la reuni\u00f3n del Consejo Nacional de la Magistratura (CNM), prevista para este mi\u00e9rcoles, para dar a conocer los jueces seleccionados que llenar\u00e1n las vacantes en la Suprema Corte de Justicia (SCJ) y el Tribunal Superior Electoral (TSE), fue pospuesta para el pr\u00f3ximo\u2026","rel":"","context":"En \u00abNACIONALES\u00bb","block_context":{"text":"NACIONALES","link":"https:\/\/lasprimeras.com.do\/index.php\/category\/nacionales\/"},"img":{"alt_text":"","src":"https:\/\/i0.wp.com\/lasprimeras.com.do\/wp-content\/uploads\/2025\/11\/Consultor-juridico-del-Poder-Ejecutivo.jpg?resize=350%2C200&ssl=1","width":350,"height":200,"srcset":"https:\/\/i0.wp.com\/lasprimeras.com.do\/wp-content\/uploads\/2025\/11\/Consultor-juridico-del-Poder-Ejecutivo.jpg?resize=350%2C200&ssl=1 1x, https:\/\/i0.wp.com\/lasprimeras.com.do\/wp-content\/uploads\/2025\/11\/Consultor-juridico-del-Poder-Ejecutivo.jpg?resize=525%2C300&ssl=1 1.5x, https:\/\/i0.wp.com\/lasprimeras.com.do\/wp-content\/uploads\/2025\/11\/Consultor-juridico-del-Poder-Ejecutivo.jpg?resize=700%2C400&ssl=1 2x"},"classes":[]}],"jetpack_sharing_enabled":true,"_links":{"self":[{"href":"https:\/\/lasprimeras.com.do\/index.php\/wp-json\/wp\/v2\/posts\/128937","targetHints":{"allow":["GET"]}}],"collection":[{"href":"https:\/\/lasprimeras.com.do\/index.php\/wp-json\/wp\/v2\/posts"}],"about":[{"href":"https:\/\/lasprimeras.com.do\/index.php\/wp-json\/wp\/v2\/types\/post"}],"author":[{"embeddable":true,"href":"https:\/\/lasprimeras.com.do\/index.php\/wp-json\/wp\/v2\/users\/10"}],"replies":[{"embeddable":true,"href":"https:\/\/lasprimeras.com.do\/index.php\/wp-json\/wp\/v2\/comments?post=128937"}],"version-history":[{"count":1,"href":"https:\/\/lasprimeras.com.do\/index.php\/wp-json\/wp\/v2\/posts\/128937\/revisions"}],"predecessor-version":[{"id":128938,"href":"https:\/\/lasprimeras.com.do\/index.php\/wp-json\/wp\/v2\/posts\/128937\/revisions\/128938"}],"wp:featuredmedia":[{"embeddable":true,"href":"https:\/\/lasprimeras.com.do\/index.php\/wp-json\/wp\/v2\/media\/88033"}],"wp:attachment":[{"href":"https:\/\/lasprimeras.com.do\/index.php\/wp-json\/wp\/v2\/media?parent=128937"}],"wp:term":[{"taxonomy":"category","embeddable":true,"href":"https:\/\/lasprimeras.com.do\/index.php\/wp-json\/wp\/v2\/categories?post=128937"},{"taxonomy":"post_tag","embeddable":true,"href":"https:\/\/lasprimeras.com.do\/index.php\/wp-json\/wp\/v2\/tags?post=128937"}],"curies":[{"name":"wp","href":"https:\/\/api.w.org\/{rel}","templated":true}]}}