{"id":128947,"date":"2026-04-28T12:03:36","date_gmt":"2026-04-28T16:03:36","guid":{"rendered":"https:\/\/lasprimeras.com.do\/?p=128947"},"modified":"2026-04-28T12:03:38","modified_gmt":"2026-04-28T16:03:38","slug":"rafael-santos-aboga-por-una-transformacion-educativa-alineada-con-las-demandas-del-mercado-laboral","status":"publish","type":"post","link":"https:\/\/lasprimeras.com.do\/index.php\/2026\/04\/28\/rafael-santos-aboga-por-una-transformacion-educativa-alineada-con-las-demandas-del-mercado-laboral\/","title":{"rendered":"Rafael Santos aboga por una transformaci\u00f3n educativa alineada con las demandas del mercado laboral"},"content":{"rendered":"\n<p>El titular del MESCyT plante\u00f3 la necesidad de un modelo formativo m\u00e1s flexible y conectado con el sector productivo<\/p>\n\n\n\n<p>El ministro de Educaci\u00f3n Superior, Ciencia y Tecnolog\u00eda (MESCyT), Rafael Santos Bad\u00eda, llam\u00f3 a impulsar una reforma profunda del sistema educativo dominicano que responda de manera efectiva a las demandas actuales y futuras del mercado laboral.<\/p>\n\n\n\n<p>Durante su participaci\u00f3n en el Foro de L\u00edderes de la Asamblea General de WorldSkills Punta Cana 2026, el funcionario inst\u00f3 a orientar la formaci\u00f3n acad\u00e9mica hacia la calidad, la pertinencia y la eficiencia, como parte de una visi\u00f3n estrat\u00e9gica de pa\u00eds con miras al a\u00f1o 2036.<\/p>\n\n\n\n<p>Santos Bad\u00eda advirti\u00f3 que la Rep\u00fablica Dominicana debe replantear su modelo educativo para enfrentar los cambios acelerados que experimenta el mundo del trabajo.<\/p>\n\n\n\n<figure class=\"wp-block-image size-large\"><img decoding=\"async\" width=\"1024\" height=\"768\" src=\"https:\/\/lasprimeras.com.do\/wp-content\/uploads\/2026\/04\/1004148600-1024x768.jpg\" alt=\"\" class=\"wp-image-128949\" srcset=\"https:\/\/lasprimeras.com.do\/wp-content\/uploads\/2026\/04\/1004148600-1024x768.jpg 1024w, https:\/\/lasprimeras.com.do\/wp-content\/uploads\/2026\/04\/1004148600-300x225.jpg 300w, https:\/\/lasprimeras.com.do\/wp-content\/uploads\/2026\/04\/1004148600-768x576.jpg 768w, https:\/\/lasprimeras.com.do\/wp-content\/uploads\/2026\/04\/1004148600-1536x1152.jpg 1536w, https:\/\/lasprimeras.com.do\/wp-content\/uploads\/2026\/04\/1004148600.jpg 1600w\" sizes=\"(max-width: 1024px) 100vw, 1024px\" \/><\/figure>\n\n\n\n<p>El funcionario se\u00f1ala que el sistema actual no logra responder de manera adecuada a la diversidad de talentos ni a las necesidades reales del sector productivo.<\/p>\n\n\n\n<p>\u201cUrge conectar la universidad cl\u00e1sica con las necesidades concretas de la sociedad y del sector productivo. El modelo educativo actual, basado en la uniformidad, mismos contenidos, ritmos y metodolog\u00edas para todos no responde a la diversidad de talentos ni a las demandas del mercado laboral\u201d, afirm\u00f3 Santos Bad\u00eda.<\/p>\n\n\n\n<p>El ministro propuso avanzar hacia un sistema m\u00e1s flexible e inclusivo, capaz de integrar diversas trayectorias formativas, tales como la formaci\u00f3n t\u00e9cnico-profesional, la educaci\u00f3n dual y el aprendizaje continuo a lo largo de la vida, como herramientas clave para mejorar la empleabilidad y la competitividad del capital humano.<\/p>\n\n\n\n<p>Santos Bad\u00eda subray\u00f3 que esta transformaci\u00f3n permitir\u00eda que los j\u00f3venes dominicanos no solo accedan a empleos de calidad, sino que tambi\u00e9n desarrollen capacidades para adaptarse, innovar y liderar en entornos laborales din\u00e1micos y en constante evoluci\u00f3n.<\/p>\n\n\n\n<p>Asimismo, destac\u00f3 la importancia de fortalecer las alianzas entre el Estado, el sector educativo, el sector productivo y la sociedad civil, como base fundamental para enfrentar los retos presentes y futuros del desarrollo econ\u00f3mico y social del pa\u00eds.<\/p>\n","protected":false},"excerpt":{"rendered":"<p>El titular del MESCyT plante\u00f3 la necesidad de un modelo formativo m\u00e1s flexible y conectado con el sector productivo El ministro de Educaci\u00f3n Superior, Ciencia y Tecnolog\u00eda (MESCyT), Rafael Santos&hellip;<\/p>\n","protected":false},"author":10,"featured_media":128948,"comment_status":"open","ping_status":"open","sticky":false,"template":"","format":"standard","meta":{"content-type":"","jetpack_post_was_ever_published":false,"_jetpack_newsletter_access":"","_jetpack_dont_email_post_to_subs":false,"_jetpack_newsletter_tier_id":0,"_jetpack_memberships_contains_paywalled_content":false,"_jetpack_memberships_contains_paid_content":false,"footnotes":""},"categories":[35,25],"tags":[1085,124,1736,12647,1592],"class_list":["post-128947","post","type-post","status-publish","format-standard","has-post-thumbnail","hentry","category-nacionales","category-portada","tag-demanda","tag-laboral","tag-mescyt","tag-rafael-santos-badia","tag-transformacion"],"jetpack_featured_media_url":"https:\/\/lasprimeras.com.do\/wp-content\/uploads\/2026\/04\/IMG-20260428-WA0245.jpg","jetpack-related-posts":[{"id":122218,"url":"https:\/\/lasprimeras.com.do\/index.php\/2026\/02\/15\/ministro-del-mescyt-sostiene-encuentro-con-rectores-de-59-universidades-del-pais\/","url_meta":{"origin":128947,"position":0},"title":"Ministro del MESCyT sostiene encuentro con rectores de 59 universidades del pa\u00eds","author":"Nelson Feliz","date":"15 de febrero de 2026","format":false,"excerpt":"\u201cLa educaci\u00f3n dominicana debe responder de manera directa a la din\u00e1mica del empleo y al desarrollo econ\u00f3mico nacional\u201d. El ministro de Educaci\u00f3n Superior, Ciencia y Tecnolog\u00eda (MESCyT), Rafael Santos Bad\u00eda, sostuvo el primer encuentro oficial con rectores de 59 universidades e institutos de educaci\u00f3n superior y t\u00e9cnica del pa\u00eds, con\u2026","rel":"","context":"En \u00abNACIONALES\u00bb","block_context":{"text":"NACIONALES","link":"https:\/\/lasprimeras.com.do\/index.php\/category\/nacionales\/"},"img":{"alt_text":"Rafael Santos Bad\u00eda","src":"https:\/\/i0.wp.com\/lasprimeras.com.do\/wp-content\/uploads\/2026\/02\/Rafael-Santos-Badia.jpg?resize=350%2C200&ssl=1","width":350,"height":200,"srcset":"https:\/\/i0.wp.com\/lasprimeras.com.do\/wp-content\/uploads\/2026\/02\/Rafael-Santos-Badia.jpg?resize=350%2C200&ssl=1 1x, https:\/\/i0.wp.com\/lasprimeras.com.do\/wp-content\/uploads\/2026\/02\/Rafael-Santos-Badia.jpg?resize=525%2C300&ssl=1 1.5x, https:\/\/i0.wp.com\/lasprimeras.com.do\/wp-content\/uploads\/2026\/02\/Rafael-Santos-Badia.jpg?resize=700%2C400&ssl=1 2x"},"classes":[]},{"id":128098,"url":"https:\/\/lasprimeras.com.do\/index.php\/2026\/04\/19\/propuesta-de-transformacion-educativa-del-mescyt-recibe-respaldo-de-diversos-sectores\/","url_meta":{"origin":128947,"position":1},"title":"Propuesta de transformaci\u00f3n educativa del MESCyT recibe respaldo de diversos sectores","author":"Nelson Feliz","date":"19 de abril de 2026","format":false,"excerpt":"Santos Bad\u00eda plantea una reforma que preserve empleos de cara al futuro. La propuesta de transformaci\u00f3n de la educaci\u00f3n dominicana, que plantea la elaboraci\u00f3n de una nueva ley y la actualizaci\u00f3n del curr\u00edculo, ha recibido el visto bueno de diversos actores ligados al sector. Existe una voluntad compartida para impulsar\u2026","rel":"","context":"En \u00abNACIONALES\u00bb","block_context":{"text":"NACIONALES","link":"https:\/\/lasprimeras.com.do\/index.php\/category\/nacionales\/"},"img":{"alt_text":"Rafael Santos Bad\u00eda","src":"https:\/\/i0.wp.com\/lasprimeras.com.do\/wp-content\/uploads\/2026\/04\/Rafael-Santos-Badia.jpg?resize=350%2C200&ssl=1","width":350,"height":200,"srcset":"https:\/\/i0.wp.com\/lasprimeras.com.do\/wp-content\/uploads\/2026\/04\/Rafael-Santos-Badia.jpg?resize=350%2C200&ssl=1 1x, https:\/\/i0.wp.com\/lasprimeras.com.do\/wp-content\/uploads\/2026\/04\/Rafael-Santos-Badia.jpg?resize=525%2C300&ssl=1 1.5x, https:\/\/i0.wp.com\/lasprimeras.com.do\/wp-content\/uploads\/2026\/04\/Rafael-Santos-Badia.jpg?resize=700%2C400&ssl=1 2x"},"classes":[]},{"id":124954,"url":"https:\/\/lasprimeras.com.do\/index.php\/2026\/03\/18\/mescyt-aclara-no-habra-fusion-sino-la-creacion-de-un-nuevo-sistema-educativo-dominicano\/","url_meta":{"origin":128947,"position":2},"title":"MESCyT aclara \u201cno habr\u00e1 fusi\u00f3n, sino la creaci\u00f3n de un nuevo sistema educativo dominicano\u201d","author":"Nelson Feliz","date":"18 de marzo de 2026","format":false,"excerpt":"Rafael Santos Bad\u00eda expuso que la reforma no busca fusionar instituciones, sino impulsar la transformaci\u00f3n y articular el sistema nacional del conocimiento. El ministro de Educaci\u00f3n Superior, Ciencia y Tecnolog\u00eda (MESCyT), Rafael Santos Bad\u00eda, aclar\u00f3 este martes que no se contempla la fusi\u00f3n entre el Ministerio de Educaci\u00f3n (MINERD) y\u2026","rel":"","context":"En \u00abNACIONALES\u00bb","block_context":{"text":"NACIONALES","link":"https:\/\/lasprimeras.com.do\/index.php\/category\/nacionales\/"},"img":{"alt_text":"MESCYT","src":"https:\/\/i0.wp.com\/lasprimeras.com.do\/wp-content\/uploads\/2026\/01\/MESCYT.jpg?resize=350%2C200&ssl=1","width":350,"height":200,"srcset":"https:\/\/i0.wp.com\/lasprimeras.com.do\/wp-content\/uploads\/2026\/01\/MESCYT.jpg?resize=350%2C200&ssl=1 1x, https:\/\/i0.wp.com\/lasprimeras.com.do\/wp-content\/uploads\/2026\/01\/MESCYT.jpg?resize=525%2C300&ssl=1 1.5x, https:\/\/i0.wp.com\/lasprimeras.com.do\/wp-content\/uploads\/2026\/01\/MESCYT.jpg?resize=700%2C400&ssl=1 2x"},"classes":[]},{"id":127109,"url":"https:\/\/lasprimeras.com.do\/index.php\/2026\/04\/08\/mescyt-lanza-programa-de-ingles-virtual-para-la-empleabilidad-en-la-zona-turistica-del-este\/","url_meta":{"origin":128947,"position":3},"title":"MESCyT lanza Programa de Ingl\u00e9s Virtual para la Empleabilidad en la zona tur\u00edstica del Este","author":"Nelson Feliz","date":"8 de abril de 2026","format":false,"excerpt":"La iniciativa beneficiar\u00e1 a m\u00e1s de 5,000 mil empleados del sector tur\u00edstico El Ministerio de Educaci\u00f3n Superior, Ciencia y Tecnolog\u00eda (MESCyT), encabezado por su titular, Rafael Santos Bad\u00eda, dej\u00f3 formalmente inaugurado este martes el Programa de Ingl\u00e9s Virtual para la Empleabilidad (PIVE), mediante la entrega de 5,000 becas dirigidas a\u2026","rel":"","context":"En \u00abTURISMO\u00bb","block_context":{"text":"TURISMO","link":"https:\/\/lasprimeras.com.do\/index.php\/category\/turismo\/"},"img":{"alt_text":"MESCYT","src":"https:\/\/i0.wp.com\/lasprimeras.com.do\/wp-content\/uploads\/2026\/01\/MESCYT.jpg?resize=350%2C200&ssl=1","width":350,"height":200,"srcset":"https:\/\/i0.wp.com\/lasprimeras.com.do\/wp-content\/uploads\/2026\/01\/MESCYT.jpg?resize=350%2C200&ssl=1 1x, https:\/\/i0.wp.com\/lasprimeras.com.do\/wp-content\/uploads\/2026\/01\/MESCYT.jpg?resize=525%2C300&ssl=1 1.5x, https:\/\/i0.wp.com\/lasprimeras.com.do\/wp-content\/uploads\/2026\/01\/MESCYT.jpg?resize=700%2C400&ssl=1 2x"},"classes":[]},{"id":122001,"url":"https:\/\/lasprimeras.com.do\/index.php\/2026\/02\/12\/garcia-fermin-entrega-el-mescyt-a-rafael-santos-y-resalta-continuidad-y-fortalecimiento-institucional\/","url_meta":{"origin":128947,"position":4},"title":"Garc\u00eda Ferm\u00edn entrega el MESCyT a Rafael Santos y resalta continuidad y fortalecimiento institucional","author":"Nelson Feliz","date":"12 de febrero de 2026","format":false,"excerpt":"El Ministerio de Educaci\u00f3n Superior, Ciencia y Tecnolog\u00eda (MESCyT) realiz\u00f3 el acto formal de traspaso de mando, en el que el ministro saliente, Franklin Garc\u00eda Ferm\u00edn, entreg\u00f3 la instituci\u00f3n al nuevo titular, Rafael Evaristo Santos Bad\u00eda, designado mediante el decreto presidencial n\u00fam. 84-26. Durante el acto, Garc\u00eda Ferm\u00edn agradeci\u00f3 la\u2026","rel":"","context":"En \u00abNACIONALES\u00bb","block_context":{"text":"NACIONALES","link":"https:\/\/lasprimeras.com.do\/index.php\/category\/nacionales\/"},"img":{"alt_text":"","src":"https:\/\/i0.wp.com\/lasprimeras.com.do\/wp-content\/uploads\/2026\/02\/IMG-20260212-WA0479.jpg?resize=350%2C200&ssl=1","width":350,"height":200,"srcset":"https:\/\/i0.wp.com\/lasprimeras.com.do\/wp-content\/uploads\/2026\/02\/IMG-20260212-WA0479.jpg?resize=350%2C200&ssl=1 1x, https:\/\/i0.wp.com\/lasprimeras.com.do\/wp-content\/uploads\/2026\/02\/IMG-20260212-WA0479.jpg?resize=525%2C300&ssl=1 1.5x, https:\/\/i0.wp.com\/lasprimeras.com.do\/wp-content\/uploads\/2026\/02\/IMG-20260212-WA0479.jpg?resize=700%2C400&ssl=1 2x, https:\/\/i0.wp.com\/lasprimeras.com.do\/wp-content\/uploads\/2026\/02\/IMG-20260212-WA0479.jpg?resize=1050%2C600&ssl=1 3x, https:\/\/i0.wp.com\/lasprimeras.com.do\/wp-content\/uploads\/2026\/02\/IMG-20260212-WA0479.jpg?resize=1400%2C800&ssl=1 4x"},"classes":[]},{"id":86284,"url":"https:\/\/lasprimeras.com.do\/index.php\/2024\/07\/21\/quien-es-rafael-santos-badia-en-republica-dominicana\/","url_meta":{"origin":128947,"position":5},"title":"\u00bfQui\u00e9n es Rafael Santos Bad\u00eda en Rep\u00fablica Dominicana?","author":"Nelson Feliz","date":"21 de julio de 2024","format":false,"excerpt":"Por Jacqueline Malag\u00f3n\u00a0\u00a0\u00a0\u00a0\u00a0\u00a0\u00a0\u00a0\u00a0\u00a0\u00a0\u00a0\u00a0\u00a0\u00a0\u00a0\u00a0\u00a0\u00a0\u00a0\u00a0\u00a0\u00a0\u00a0\u00a0\u00a0\u00a0\u00a0\u00a0\u00a0\u00a0\u00a0\u00a0\u00a0\u00a0\u00a0\u00a0\u00a0\u00a0\u00a0\u00a0\u00a0\u00a0\u00a0\u00a0\u00a0\u00a0\u00a0\u00a0\u00a0\u00a0\u00a0\u00a0\u00a0\u00a0\u00a0\u00a0\u00a0\u00a0\u00a0\u00a0\u00a0\u00a0\u00a0\u00a0\u00a0\u00a0\u00a0\u00a0\u00a0\u00a0\u00a0\u00a0\u00a0\u00a0\u00a0\u00a0\u00a0\u00a0\u00a0 Exministra de Educaci\u00f3n Rafael Santos Bad\u00eda es conocido en la Rep\u00fablica Dominicana principalmente por su papel como educador, dirigente sindical, legislador y ciudadano comprometido con la mejora del dominicano desde su inserci\u00f3n en el sistema educativo preuniversitario, en el que se le reconoce como un gran y\u2026","rel":"","context":"En \u00abOPINI\u00d3N\u00bb","block_context":{"text":"OPINI\u00d3N","link":"https:\/\/lasprimeras.com.do\/index.php\/category\/opinion\/"},"img":{"alt_text":"Rafael Santos Bad\u00eda","src":"https:\/\/i0.wp.com\/lasprimeras.com.do\/wp-content\/uploads\/2024\/06\/Rafael-Santos-Badia-2.jpg?resize=350%2C200&ssl=1","width":350,"height":200,"srcset":"https:\/\/i0.wp.com\/lasprimeras.com.do\/wp-content\/uploads\/2024\/06\/Rafael-Santos-Badia-2.jpg?resize=350%2C200&ssl=1 1x, https:\/\/i0.wp.com\/lasprimeras.com.do\/wp-content\/uploads\/2024\/06\/Rafael-Santos-Badia-2.jpg?resize=525%2C300&ssl=1 1.5x, https:\/\/i0.wp.com\/lasprimeras.com.do\/wp-content\/uploads\/2024\/06\/Rafael-Santos-Badia-2.jpg?resize=700%2C400&ssl=1 2x"},"classes":[]}],"jetpack_sharing_enabled":true,"_links":{"self":[{"href":"https:\/\/lasprimeras.com.do\/index.php\/wp-json\/wp\/v2\/posts\/128947","targetHints":{"allow":["GET"]}}],"collection":[{"href":"https:\/\/lasprimeras.com.do\/index.php\/wp-json\/wp\/v2\/posts"}],"about":[{"href":"https:\/\/lasprimeras.com.do\/index.php\/wp-json\/wp\/v2\/types\/post"}],"author":[{"embeddable":true,"href":"https:\/\/lasprimeras.com.do\/index.php\/wp-json\/wp\/v2\/users\/10"}],"replies":[{"embeddable":true,"href":"https:\/\/lasprimeras.com.do\/index.php\/wp-json\/wp\/v2\/comments?post=128947"}],"version-history":[{"count":1,"href":"https:\/\/lasprimeras.com.do\/index.php\/wp-json\/wp\/v2\/posts\/128947\/revisions"}],"predecessor-version":[{"id":128950,"href":"https:\/\/lasprimeras.com.do\/index.php\/wp-json\/wp\/v2\/posts\/128947\/revisions\/128950"}],"wp:featuredmedia":[{"embeddable":true,"href":"https:\/\/lasprimeras.com.do\/index.php\/wp-json\/wp\/v2\/media\/128948"}],"wp:attachment":[{"href":"https:\/\/lasprimeras.com.do\/index.php\/wp-json\/wp\/v2\/media?parent=128947"}],"wp:term":[{"taxonomy":"category","embeddable":true,"href":"https:\/\/lasprimeras.com.do\/index.php\/wp-json\/wp\/v2\/categories?post=128947"},{"taxonomy":"post_tag","embeddable":true,"href":"https:\/\/lasprimeras.com.do\/index.php\/wp-json\/wp\/v2\/tags?post=128947"}],"curies":[{"name":"wp","href":"https:\/\/api.w.org\/{rel}","templated":true}]}}