{"id":128951,"date":"2026-04-28T12:27:00","date_gmt":"2026-04-28T16:27:00","guid":{"rendered":"https:\/\/lasprimeras.com.do\/?p=128951"},"modified":"2026-04-28T12:28:02","modified_gmt":"2026-04-28T16:28:02","slug":"agricultura-inicia-pago-de-mas-de-rd59-millones-a-tecnicos-y-jornaleros-de-programas-sanitarios","status":"publish","type":"post","link":"https:\/\/lasprimeras.com.do\/index.php\/2026\/04\/28\/agricultura-inicia-pago-de-mas-de-rd59-millones-a-tecnicos-y-jornaleros-de-programas-sanitarios\/","title":{"rendered":"Agricultura inicia pago de m\u00e1s de RD$59 millones a t\u00e9cnicos y jornaleros de programas sanitarios"},"content":{"rendered":"\n<p>El Ministerio de Agricultura, a trav\u00e9s de la Direcci\u00f3n de Sanidad e Inocuidad Agroalimentaria, inici\u00f3 el pago de RD$59,631,600.00 a t\u00e9cnicos, jornaleros y personal vinculado a los programas Moscafrut-RD, control del Caracol Gigante Africano y Cuarentena Vegetal, correspondientes al per\u00edodo diciembre 2025 y enero-abril 2026.<\/p>\n\n\n\n<p>El desembolso impacta a 529 beneficiarios, incluyendo t\u00e9cnicos fijos, temporeros, personal contratado y jornaleros que ejecutan labores clave de vigilancia, control y prevenci\u00f3n fitosanitaria en todo el territorio nacional.<\/p>\n\n\n\n<p>De acuerdo con el informe oficial, 362 t\u00e9cnicos fijos y 50 pendientes de identificaci\u00f3n, as\u00ed como temporeros, ya cuentan con tr\u00e1mites de pago completados o en fase avanzada, representando una inversi\u00f3n superior a los RD$45.7 millones en incentivos.<\/p>\n\n\n\n<p>Asimismo, se contempla el pago de 114 jornaleros vinculados a los programas Moscafruit-y Caracol Gigante Africano, por un monto de RD$13,171,600.00, adem\u00e1s de otros compromisos laborales en proceso mediante la Tesorer\u00eda Nacional.<\/p>\n\n\n\n<p>Las autoridades explicaron que estos pagos forman parte de una pol\u00edtica de cumplimiento y fortalecimiento institucional, orientada a garantizar la continuidad operativa de los programas fitosanitarios que protegen la producci\u00f3n agropecuaria nacional.<\/p>\n\n\n\n<figure class=\"wp-block-image size-large\"><img decoding=\"async\" width=\"1024\" height=\"768\" src=\"https:\/\/lasprimeras.com.do\/wp-content\/uploads\/2026\/04\/1004148882-1024x768.jpg\" alt=\"\" class=\"wp-image-128955\" srcset=\"https:\/\/lasprimeras.com.do\/wp-content\/uploads\/2026\/04\/1004148882-1024x768.jpg 1024w, https:\/\/lasprimeras.com.do\/wp-content\/uploads\/2026\/04\/1004148882-300x225.jpg 300w, https:\/\/lasprimeras.com.do\/wp-content\/uploads\/2026\/04\/1004148882-768x576.jpg 768w, https:\/\/lasprimeras.com.do\/wp-content\/uploads\/2026\/04\/1004148882-1536x1152.jpg 1536w, https:\/\/lasprimeras.com.do\/wp-content\/uploads\/2026\/04\/1004148882.jpg 1600w\" sizes=\"(max-width: 1024px) 100vw, 1024px\" \/><\/figure>\n\n\n\n<p>El Ministerio destac\u00f3 que iniciativas como Moscafrut-RD han sido fundamentales para mantener bajo control la mosca de la fruta, mientras que las acciones contra el Caracol Gigante Africano y los controles de Cuarentena Vegetal para exportaci\u00f3n e importaci\u00f3n refuerzan la defensa del pa\u00eds frente a plagas ex\u00f3ticas y riesgos fitosanitarios.<\/p>\n\n\n\n<p>Con esta acci\u00f3n, Agricultura reafirma su compromiso con la sanidad e inocuidad agroalimentaria, la seguridad alimentaria y el respaldo directo a los hombres y mujeres que trabajan en la protecci\u00f3n del campo dominicano.<\/p>\n\n\n\n<p>Estos pagos constituyen recompensa por horas extras fuera del horario habitual del Ministerio.<\/p>\n\n\n\n<p>Dichos programas garantizan el control de plagas end\u00e9micas para asegurar la exportaci\u00f3n de frutas y vegetales, as\u00ed como las barreras fitosanitarias que impiden la entrada de plagas ex\u00f3ticas que podr\u00edan afectar la producci\u00f3n agr\u00edcola nacional.<\/p>\n","protected":false},"excerpt":{"rendered":"<p>El Ministerio de Agricultura, a trav\u00e9s de la Direcci\u00f3n de Sanidad e Inocuidad Agroalimentaria, inici\u00f3 el pago de RD$59,631,600.00 a t\u00e9cnicos, jornaleros y personal vinculado a los programas Moscafrut-RD, control&hellip;<\/p>\n","protected":false},"author":10,"featured_media":128952,"comment_status":"open","ping_status":"open","sticky":false,"template":"","format":"standard","meta":{"content-type":"","jetpack_post_was_ever_published":false,"_jetpack_newsletter_access":"","_jetpack_dont_email_post_to_subs":false,"_jetpack_newsletter_tier_id":0,"_jetpack_memberships_contains_paywalled_content":false,"_jetpack_memberships_contains_paid_content":false,"footnotes":""},"categories":[39],"tags":[4940,32767,6653,7190],"class_list":["post-128951","post","type-post","status-publish","format-standard","has-post-thumbnail","hentry","category-economia","tag-agricultura","tag-jornaleros","tag-paga","tag-tecnico"],"jetpack_featured_media_url":"https:\/\/lasprimeras.com.do\/wp-content\/uploads\/2026\/04\/IMG-20260428-WA0197.jpg","jetpack-related-posts":[{"id":63316,"url":"https:\/\/lasprimeras.com.do\/index.php\/2023\/10\/11\/director-de-utepda-asegura-cerrar-ejecucion-presupuestaria-del-2023-en-un-100\/","url_meta":{"origin":128951,"position":0},"title":"Director de UTEPDA asegura cerrar ejecuci\u00f3n presupuestaria del 2023 en un 100%","author":"BIMARY DE JES\u00daS Matos","date":"11 de octubre de 2023","format":false,"excerpt":"SANTO DOMINGO. - El director ejecutivo de la Unidad T\u00e9cnica Ejecutora de Proyectos Desarrollo Agroforestal (UTEPDA) Eliferbo Herasme, asegur\u00f3 hoy en una socializaci\u00f3n donde presento los logros alcanzados en el cierre del tercer trimestre julio-septiembre 2023, que para este a\u00f1o cerrar\u00e1 su ejecuci\u00f3n presupuestaria en un 100%. El ejecutivo explic\u00f3\u2026","rel":"","context":"En \u00abPORTADA\u00bb","block_context":{"text":"PORTADA","link":"https:\/\/lasprimeras.com.do\/index.php\/category\/portada\/"},"img":{"alt_text":"","src":"https:\/\/i0.wp.com\/lasprimeras.com.do\/wp-content\/uploads\/2023\/10\/WhatsApp-Image-2023-10-11-at-3.19.14-PM-1.jpeg?resize=350%2C200&ssl=1","width":350,"height":200,"srcset":"https:\/\/i0.wp.com\/lasprimeras.com.do\/wp-content\/uploads\/2023\/10\/WhatsApp-Image-2023-10-11-at-3.19.14-PM-1.jpeg?resize=350%2C200&ssl=1 1x, https:\/\/i0.wp.com\/lasprimeras.com.do\/wp-content\/uploads\/2023\/10\/WhatsApp-Image-2023-10-11-at-3.19.14-PM-1.jpeg?resize=525%2C300&ssl=1 1.5x, https:\/\/i0.wp.com\/lasprimeras.com.do\/wp-content\/uploads\/2023\/10\/WhatsApp-Image-2023-10-11-at-3.19.14-PM-1.jpeg?resize=700%2C400&ssl=1 2x, https:\/\/i0.wp.com\/lasprimeras.com.do\/wp-content\/uploads\/2023\/10\/WhatsApp-Image-2023-10-11-at-3.19.14-PM-1.jpeg?resize=1050%2C600&ssl=1 3x, https:\/\/i0.wp.com\/lasprimeras.com.do\/wp-content\/uploads\/2023\/10\/WhatsApp-Image-2023-10-11-at-3.19.14-PM-1.jpeg?resize=1400%2C800&ssl=1 4x"},"classes":[]},{"id":122591,"url":"https:\/\/lasprimeras.com.do\/index.php\/2026\/02\/19\/al-menos-40-anomalias-financieras-detectadas-en-apordom-durante-la-gestion-de-victor-gomez-casanova\/","url_meta":{"origin":128951,"position":1},"title":"Al menos 40 anomal\u00edas financieras detectadas en Apordom durante la gesti\u00f3n de V\u00edctor G\u00f3mez Casanova","author":"Nelson Feliz","date":"19 de febrero de 2026","format":false,"excerpt":"V\u00edctor G\u00f3mez Casanova","rel":"","context":"En \u00abECONOM\u00cdA\u00bb","block_context":{"text":"ECONOM\u00cdA","link":"https:\/\/lasprimeras.com.do\/index.php\/category\/economia\/"},"img":{"alt_text":"V\u00edctor G\u00f3mez Casanova","src":"https:\/\/i0.wp.com\/lasprimeras.com.do\/wp-content\/uploads\/2026\/02\/Victor-Gomez-Casanova.jpg?resize=350%2C200&ssl=1","width":350,"height":200,"srcset":"https:\/\/i0.wp.com\/lasprimeras.com.do\/wp-content\/uploads\/2026\/02\/Victor-Gomez-Casanova.jpg?resize=350%2C200&ssl=1 1x, https:\/\/i0.wp.com\/lasprimeras.com.do\/wp-content\/uploads\/2026\/02\/Victor-Gomez-Casanova.jpg?resize=525%2C300&ssl=1 1.5x, https:\/\/i0.wp.com\/lasprimeras.com.do\/wp-content\/uploads\/2026\/02\/Victor-Gomez-Casanova.jpg?resize=700%2C400&ssl=1 2x"},"classes":[]},{"id":108660,"url":"https:\/\/lasprimeras.com.do\/index.php\/2025\/09\/09\/sanchez-roard-enfrenta-grave-crisis-agropecuaria-en-el-dia-mundial-de-la-agricultura\/","url_meta":{"origin":128951,"position":2},"title":"S\u00e1nchez Roa:RD enfrenta grave crisis agropecuaria en el &#8220;D\u00eda Mundial de la Agricultura&#8221;","author":"Nelson Feliz","date":"9 de septiembre de 2025","format":false,"excerpt":"La conmemoraci\u00f3n del D\u00eda Mundial de la Agricultura encuentra a la Rep\u00fablica Dominicana atravesando por \u201cla crisis m\u00e1s profunda de su historia en el sector agropecuario, marcada por fuertes alzas en los precios de los alimentos, importaciones desmedidas y la quiebra de miles de productores\u201d. La aseveraci\u00f3n es del ex\u2026","rel":"","context":"En \u00abECONOM\u00cdA\u00bb","block_context":{"text":"ECONOM\u00cdA","link":"https:\/\/lasprimeras.com.do\/index.php\/category\/economia\/"},"img":{"alt_text":"","src":"https:\/\/i0.wp.com\/lasprimeras.com.do\/wp-content\/uploads\/2025\/09\/Adriano-Sanchez-Roa.jpg?resize=350%2C200&ssl=1","width":350,"height":200,"srcset":"https:\/\/i0.wp.com\/lasprimeras.com.do\/wp-content\/uploads\/2025\/09\/Adriano-Sanchez-Roa.jpg?resize=350%2C200&ssl=1 1x, https:\/\/i0.wp.com\/lasprimeras.com.do\/wp-content\/uploads\/2025\/09\/Adriano-Sanchez-Roa.jpg?resize=525%2C300&ssl=1 1.5x, https:\/\/i0.wp.com\/lasprimeras.com.do\/wp-content\/uploads\/2025\/09\/Adriano-Sanchez-Roa.jpg?resize=700%2C400&ssl=1 2x"},"classes":[]},{"id":116878,"url":"https:\/\/lasprimeras.com.do\/index.php\/2025\/12\/05\/mineria-e-industria-electrica-entre-mejores-salarios-promedio-al-superar-los-rd70000-al-mes\/","url_meta":{"origin":128951,"position":3},"title":"Miner\u00eda e industria el\u00e9ctrica, entre mejores salarios promedio al superar los RD$70,000 al mes","author":"Nelson Feliz","date":"5 de diciembre de 2025","format":false,"excerpt":"La explotaci\u00f3n de minas y canteras y el suministro de electricidad figuran entre las principales actividades econ\u00f3micas formales que, a septiembre de 2025, pagan en promedio el mejor salario mensual a sus empleados, con remuneraciones de RD$77,925 y RD$66,424, respectivamente. Ambos sectores presentaron un aumento absoluto interanual de RD$3,666 y\u2026","rel":"","context":"En \u00abECONOM\u00cdA\u00bb","block_context":{"text":"ECONOM\u00cdA","link":"https:\/\/lasprimeras.com.do\/index.php\/category\/economia\/"},"img":{"alt_text":"","src":"https:\/\/i0.wp.com\/lasprimeras.com.do\/wp-content\/uploads\/2025\/12\/MINERIA-6-750x536-1.jpg?resize=350%2C200&ssl=1","width":350,"height":200,"srcset":"https:\/\/i0.wp.com\/lasprimeras.com.do\/wp-content\/uploads\/2025\/12\/MINERIA-6-750x536-1.jpg?resize=350%2C200&ssl=1 1x, https:\/\/i0.wp.com\/lasprimeras.com.do\/wp-content\/uploads\/2025\/12\/MINERIA-6-750x536-1.jpg?resize=525%2C300&ssl=1 1.5x, https:\/\/i0.wp.com\/lasprimeras.com.do\/wp-content\/uploads\/2025\/12\/MINERIA-6-750x536-1.jpg?resize=700%2C400&ssl=1 2x"},"classes":[]},{"id":128166,"url":"https:\/\/lasprimeras.com.do\/index.php\/2026\/04\/20\/someten-modificacion-a-la-ley-de-residuos-solidos-para-que-el-pago-sea-proporcional-a-la-generacion\/","url_meta":{"origin":128951,"position":4},"title":"Someten modificaci\u00f3n a la Ley de Residuos S\u00f3lidos para que el pago sea proporcional a la generaci\u00f3n","author":"Nelson Feliz","date":"20 de abril de 2026","format":false,"excerpt":"El vocero de la bancada de los senadores de la Fuerza del Pueblo, Eduard Espiritusanto, present\u00f3 una iniciativa legislativa que modifica la Ley de Residuos S\u00f3lidos, sustituyendo el esquema uniforme de contribuci\u00f3n por un sistema diferenciado, seg\u00fan la naturaleza de la actividad econ\u00f3mica, el volumen de residuos generados y la\u2026","rel":"","context":"En \u00abPOLITICA\u00bb","block_context":{"text":"POLITICA","link":"https:\/\/lasprimeras.com.do\/index.php\/category\/politica\/"},"img":{"alt_text":"","src":"https:\/\/i0.wp.com\/lasprimeras.com.do\/wp-content\/uploads\/2025\/03\/Eduard-Espiritusanto.jpg?resize=350%2C200&ssl=1","width":350,"height":200,"srcset":"https:\/\/i0.wp.com\/lasprimeras.com.do\/wp-content\/uploads\/2025\/03\/Eduard-Espiritusanto.jpg?resize=350%2C200&ssl=1 1x, https:\/\/i0.wp.com\/lasprimeras.com.do\/wp-content\/uploads\/2025\/03\/Eduard-Espiritusanto.jpg?resize=525%2C300&ssl=1 1.5x, https:\/\/i0.wp.com\/lasprimeras.com.do\/wp-content\/uploads\/2025\/03\/Eduard-Espiritusanto.jpg?resize=700%2C400&ssl=1 2x"},"classes":[]},{"id":123749,"url":"https:\/\/lasprimeras.com.do\/index.php\/2026\/03\/04\/rd-avanza-hacia-hambre-cero-al-2028-afirma-ministro-de-agricultura\/","url_meta":{"origin":128951,"position":5},"title":"RD avanza hacia \u201cHambre Cero al 2028\u201d, afirma Ministro de Agricultura","author":"Nelson Feliz","date":"4 de marzo de 2026","format":false,"excerpt":"Revela que fruto de ese compromiso hoy estamos ante una disminuci\u00f3n hist\u00f3rica del 3.6 %. Brasil.\u2013 El ministro de Agricultura, Francisco Oliverio Espaillat, proclam\u00f3 ante la Organizaci\u00f3n de las Naciones Unidas para la Alimentaci\u00f3n y la Agricultura (FAO) que la Rep\u00fablica Dominicana avanza con paso firme hacia el cumplimiento de\u2026","rel":"","context":"En \u00abECONOM\u00cdA\u00bb","block_context":{"text":"ECONOM\u00cdA","link":"https:\/\/lasprimeras.com.do\/index.php\/category\/economia\/"},"img":{"alt_text":"","src":"https:\/\/i0.wp.com\/lasprimeras.com.do\/wp-content\/uploads\/2026\/03\/rd-avanza-hacia-hambre-cero-al-2028-afirma-ministro-de-agricultura.jpg?resize=350%2C200&ssl=1","width":350,"height":200,"srcset":"https:\/\/i0.wp.com\/lasprimeras.com.do\/wp-content\/uploads\/2026\/03\/rd-avanza-hacia-hambre-cero-al-2028-afirma-ministro-de-agricultura.jpg?resize=350%2C200&ssl=1 1x, https:\/\/i0.wp.com\/lasprimeras.com.do\/wp-content\/uploads\/2026\/03\/rd-avanza-hacia-hambre-cero-al-2028-afirma-ministro-de-agricultura.jpg?resize=525%2C300&ssl=1 1.5x, https:\/\/i0.wp.com\/lasprimeras.com.do\/wp-content\/uploads\/2026\/03\/rd-avanza-hacia-hambre-cero-al-2028-afirma-ministro-de-agricultura.jpg?resize=700%2C400&ssl=1 2x, https:\/\/i0.wp.com\/lasprimeras.com.do\/wp-content\/uploads\/2026\/03\/rd-avanza-hacia-hambre-cero-al-2028-afirma-ministro-de-agricultura.jpg?resize=1050%2C600&ssl=1 3x"},"classes":[]}],"jetpack_sharing_enabled":true,"_links":{"self":[{"href":"https:\/\/lasprimeras.com.do\/index.php\/wp-json\/wp\/v2\/posts\/128951","targetHints":{"allow":["GET"]}}],"collection":[{"href":"https:\/\/lasprimeras.com.do\/index.php\/wp-json\/wp\/v2\/posts"}],"about":[{"href":"https:\/\/lasprimeras.com.do\/index.php\/wp-json\/wp\/v2\/types\/post"}],"author":[{"embeddable":true,"href":"https:\/\/lasprimeras.com.do\/index.php\/wp-json\/wp\/v2\/users\/10"}],"replies":[{"embeddable":true,"href":"https:\/\/lasprimeras.com.do\/index.php\/wp-json\/wp\/v2\/comments?post=128951"}],"version-history":[{"count":2,"href":"https:\/\/lasprimeras.com.do\/index.php\/wp-json\/wp\/v2\/posts\/128951\/revisions"}],"predecessor-version":[{"id":128956,"href":"https:\/\/lasprimeras.com.do\/index.php\/wp-json\/wp\/v2\/posts\/128951\/revisions\/128956"}],"wp:featuredmedia":[{"embeddable":true,"href":"https:\/\/lasprimeras.com.do\/index.php\/wp-json\/wp\/v2\/media\/128952"}],"wp:attachment":[{"href":"https:\/\/lasprimeras.com.do\/index.php\/wp-json\/wp\/v2\/media?parent=128951"}],"wp:term":[{"taxonomy":"category","embeddable":true,"href":"https:\/\/lasprimeras.com.do\/index.php\/wp-json\/wp\/v2\/categories?post=128951"},{"taxonomy":"post_tag","embeddable":true,"href":"https:\/\/lasprimeras.com.do\/index.php\/wp-json\/wp\/v2\/tags?post=128951"}],"curies":[{"name":"wp","href":"https:\/\/api.w.org\/{rel}","templated":true}]}}