{"id":128957,"date":"2026-04-28T12:49:00","date_gmt":"2026-04-28T16:49:00","guid":{"rendered":"https:\/\/lasprimeras.com.do\/?p=128957"},"modified":"2026-04-28T12:49:03","modified_gmt":"2026-04-28T16:49:03","slug":"comandante-general-del-ejercito-refuerza-supervision-y-presencia-en-la-linea-fronteriza","status":"publish","type":"post","link":"https:\/\/lasprimeras.com.do\/index.php\/2026\/04\/28\/comandante-general-del-ejercito-refuerza-supervision-y-presencia-en-la-linea-fronteriza\/","title":{"rendered":"Comandante General del Ej\u00e9rcito refuerza supervisi\u00f3n y presencia en la l\u00ednea fronteriza"},"content":{"rendered":"\n<p><br>El Comandante General del Ej\u00e9rcito de Rep\u00fablica Dominicana, Mayor General Jorge Iv\u00e1n Camino P\u00e9rez, realiz\u00f3 un recorrido por diversos puntos fronterizos de las provincias Independencia, El\u00edas Pi\u00f1a y Dajab\u00f3n.<\/p>\n\n\n\n<p>El recorrido abarco m\u00faltiples destacamentos, compa\u00f1\u00edas y puestos estrat\u00e9gicos, reafirmando la presencia operativa del Ej\u00e9rcito en la zona fronteriza y el compromiso institucional con la seguridad territorial.<\/p>\n\n\n\n<p>La jornada inici\u00f3 en la comunidad de Jiman\u00ed, donde visit\u00f3 la Fortaleza El Rodeo, asiento del 14to. Batall\u00f3n de Infanter\u00eda.<\/p>\n\n\n\n<p>Desde all\u00ed se traslad\u00f3 al destacamento La 240, continuando hacia la Pir\u00e1mide 243.<\/p>\n\n\n\n<p>Posteriormente, inspeccion\u00f3 el destacamento de Tierra Nueva y el puesto Las Lajas.<\/p>\n\n\n\n<p>M\u00e1s adelante, visit\u00f3 el reci\u00e9n construido destacamento de Tierra Virgen, seguido por el destacamento Cacique Enriquillo.<\/p>\n\n\n\n<p>El recorrido continu\u00f3 hacia la 25ta. Compa\u00f1\u00eda de Infanter\u00eda, con asiento en el municipio de Pedro Santana, provincia El\u00edas Pi\u00f1a, desde donde inspeccion\u00f3 el puente sobre el r\u00edo Artibonito, punto que marca el inicio de la carretera internacional en direcci\u00f3n sur\u2013norte.<\/p>\n\n\n\n<p>Luego, se traslad\u00f3 al puesto El Fort\u00edn, desde donde visit\u00f3 el puente sobre el r\u00edo Lib\u00f3n, en el municipio de Restauraci\u00f3n, provincia Dajab\u00f3n, punto de partida de la carretera internacional en direcci\u00f3n norte\u2013sur.<\/p>\n\n\n\n<p>El trayecto incluy\u00f3 adem\u00e1s un recorrido aproximado de 10 kil\u00f3metros de esta v\u00eda, abarcando las comunidades de Tilory y Villa Anacaona.<\/p>\n\n\n\n<p>Durante este tramo, inspeccion\u00f3 el destacamento de Villa Anacaona y el puesto Los Algodones, concluyendo en el puesto avanzado de Guayajayuco.<\/p>\n\n\n\n<p>La jornada culmin\u00f3 con una visita a la Fortaleza Beller, asiento del 10mo. Batall\u00f3n de Infanter\u00eda, en la provincia Dajab\u00f3n, donde el Comandante General se dirigi\u00f3 a las tropas en formaci\u00f3n, exhort\u00e1ndoles a fortalecer la vigilancia y a mantenerse apegados al cumplimiento estricto de sus tareas, garantizando la protecci\u00f3n del territorio nacional y la seguridad de las comunidades fronterizas.<\/p>\n\n\n\n<p>Acompa\u00f1aron al Mayor General Camino P\u00e9rez, el General de Brigada Rafael Antonio N\u00fa\u00f1ez Veloz, Inspector General del Ej\u00e9rcito; el General de Brigada Freddy Soto Thormann, Comandante de la 5ta. Brigada de Infanter\u00eda; y el General de Brigada Jos\u00e9 Manuel Dur\u00e1n Infante, Comandante de la 4ta. Brigada de Infanter\u00eda, junto a otros oficiales del Estado Mayor del Ej\u00e9rcito.<\/p>\n\n\n\n<p>Estas visitas forman parte del programa permanente de supervisi\u00f3n y fortalecimiento operacional que desarrolla el Ej\u00e9rcito de Rep\u00fablica Dominicana, con el prop\u00f3sito de garantizar la defensa del territorio nacional y la seguridad en toda la zona fronteriza.<\/p>\n","protected":false},"excerpt":{"rendered":"<p>El Comandante General del Ej\u00e9rcito de Rep\u00fablica Dominicana, Mayor General Jorge Iv\u00e1n Camino P\u00e9rez, realiz\u00f3 un recorrido por diversos puntos fronterizos de las provincias Independencia, El\u00edas Pi\u00f1a y Dajab\u00f3n. El&hellip;<\/p>\n","protected":false},"author":10,"featured_media":128958,"comment_status":"open","ping_status":"open","sticky":false,"template":"","format":"standard","meta":{"content-type":"","jetpack_post_was_ever_published":false,"_jetpack_newsletter_access":"","_jetpack_dont_email_post_to_subs":false,"_jetpack_newsletter_tier_id":0,"_jetpack_memberships_contains_paywalled_content":false,"_jetpack_memberships_contains_paid_content":false,"footnotes":""},"categories":[3057],"tags":[72,73,74,120],"class_list":["post-128957","post","type-post","status-publish","format-standard","has-post-thumbnail","hentry","category-militares","tag-comandante","tag-ejercito","tag-frontera","tag-recorrido"],"jetpack_featured_media_url":"https:\/\/lasprimeras.com.do\/wp-content\/uploads\/2026\/04\/IMG-20260428-WA0112.jpg","jetpack-related-posts":[{"id":122573,"url":"https:\/\/lasprimeras.com.do\/index.php\/2026\/02\/19\/comandante-del-ejercito-recorre-unidades-fronterizas-en-provincias-independencia-y-elias-pina\/","url_meta":{"origin":128957,"position":0},"title":"Comandante del Ej\u00e9rcito recorre unidades fronterizas en provincias Independencia y El\u00edas Pi\u00f1a","author":"Nelson Feliz","date":"19 de febrero de 2026","format":false,"excerpt":"_Al dirigirse a las tropas en las diferentes unidades fronterizas, reconoci\u00f3 la labor realizada por los soldados del Ej\u00e9rcito para preservar la seguridad y control de la frontera._ El Comandante General del Ej\u00e9rcito, Mayor General Jorge Iv\u00e1n Camino P\u00e9rez, realiz\u00f3 un recorrido por diferentes unidades fronterizas de las provincias Independencia\u2026","rel":"","context":"En \u00abMILITARES\u00bb","block_context":{"text":"MILITARES","link":"https:\/\/lasprimeras.com.do\/index.php\/category\/militares\/"},"img":{"alt_text":"","src":"https:\/\/i0.wp.com\/lasprimeras.com.do\/wp-content\/uploads\/2026\/02\/IMG-20260219-WA0193-scaled.jpg?resize=350%2C200&ssl=1","width":350,"height":200,"srcset":"https:\/\/i0.wp.com\/lasprimeras.com.do\/wp-content\/uploads\/2026\/02\/IMG-20260219-WA0193-scaled.jpg?resize=350%2C200&ssl=1 1x, https:\/\/i0.wp.com\/lasprimeras.com.do\/wp-content\/uploads\/2026\/02\/IMG-20260219-WA0193-scaled.jpg?resize=525%2C300&ssl=1 1.5x, https:\/\/i0.wp.com\/lasprimeras.com.do\/wp-content\/uploads\/2026\/02\/IMG-20260219-WA0193-scaled.jpg?resize=700%2C400&ssl=1 2x, https:\/\/i0.wp.com\/lasprimeras.com.do\/wp-content\/uploads\/2026\/02\/IMG-20260219-WA0193-scaled.jpg?resize=1050%2C600&ssl=1 3x, https:\/\/i0.wp.com\/lasprimeras.com.do\/wp-content\/uploads\/2026\/02\/IMG-20260219-WA0193-scaled.jpg?resize=1400%2C800&ssl=1 4x"},"classes":[]},{"id":115920,"url":"https:\/\/lasprimeras.com.do\/index.php\/2025\/11\/26\/comandante-del-ejercito-visita-puntos-fronterizos-recorre-carretera-internacional\/","url_meta":{"origin":128957,"position":1},"title":"Comandante del Ej\u00e9rcito visita puntos fronterizos; recorre carretera internacional","author":"Nelson Feliz","date":"26 de noviembre de 2025","format":false,"excerpt":"Asegura bandas haitianas se encuentran distantes de territorio dominicano y reafirma Ej\u00e9rcito garantiza seguridad de la l\u00ednea fronteriza. El Comandante General del Ej\u00e9rcito, Mayor General Jorge Iv\u00e1n Camino P\u00e9rez, visit\u00f3 algunos puntos fronterizos claves en las provincias Independencia y El\u00edas Pi\u00f1a, desde donde luego inici\u00f3 un recorrido por la carretera\u2026","rel":"","context":"En \u00abMILITARES\u00bb","block_context":{"text":"MILITARES","link":"https:\/\/lasprimeras.com.do\/index.php\/category\/militares\/"},"img":{"alt_text":"","src":"https:\/\/i0.wp.com\/lasprimeras.com.do\/wp-content\/uploads\/2025\/11\/Comandante-del-Ejercito-3.jpg?resize=350%2C200&ssl=1","width":350,"height":200,"srcset":"https:\/\/i0.wp.com\/lasprimeras.com.do\/wp-content\/uploads\/2025\/11\/Comandante-del-Ejercito-3.jpg?resize=350%2C200&ssl=1 1x, https:\/\/i0.wp.com\/lasprimeras.com.do\/wp-content\/uploads\/2025\/11\/Comandante-del-Ejercito-3.jpg?resize=525%2C300&ssl=1 1.5x, https:\/\/i0.wp.com\/lasprimeras.com.do\/wp-content\/uploads\/2025\/11\/Comandante-del-Ejercito-3.jpg?resize=700%2C400&ssl=1 2x"},"classes":[]},{"id":106406,"url":"https:\/\/lasprimeras.com.do\/index.php\/2025\/08\/14\/comandante-del-ejercito-supervisa-patrullaje-en-diferentes-puntos-de-la-frontera-sur\/","url_meta":{"origin":128957,"position":2},"title":"Comandante del Ej\u00e9rcito supervisa patrullaje en diferentes puntos de la frontera sur","author":"Nelson Feliz","date":"14 de agosto de 2025","format":false,"excerpt":"El recorrido inici\u00f3 en Puerto Escondido, Duverg\u00e9 y concluy\u00f3 en la pir\u00e1mide 311 en Pedernales. El Comandante General del Ej\u00e9rcito de Rep\u00fablica Dominicana, Mayor General Jorge Iv\u00e1n Camino P\u00e9rez, encabez\u00f3 un recorrido de unos 123 kil\u00f3metros para supervisar el patrullaje que realizan diariamente los soldados de esa instituci\u00f3n en la\u2026","rel":"","context":"En \u00abMILITARES\u00bb","block_context":{"text":"MILITARES","link":"https:\/\/lasprimeras.com.do\/index.php\/category\/militares\/"},"img":{"alt_text":"","src":"https:\/\/i0.wp.com\/lasprimeras.com.do\/wp-content\/uploads\/2025\/08\/Comandante-del-Ejercito.jpg?resize=350%2C200&ssl=1","width":350,"height":200,"srcset":"https:\/\/i0.wp.com\/lasprimeras.com.do\/wp-content\/uploads\/2025\/08\/Comandante-del-Ejercito.jpg?resize=350%2C200&ssl=1 1x, https:\/\/i0.wp.com\/lasprimeras.com.do\/wp-content\/uploads\/2025\/08\/Comandante-del-Ejercito.jpg?resize=525%2C300&ssl=1 1.5x, https:\/\/i0.wp.com\/lasprimeras.com.do\/wp-content\/uploads\/2025\/08\/Comandante-del-Ejercito.jpg?resize=700%2C400&ssl=1 2x"},"classes":[]},{"id":48469,"url":"https:\/\/lasprimeras.com.do\/index.php\/2023\/05\/01\/comandante-del-ejercito-refuerza-seguridad-fronteriza\/","url_meta":{"origin":128957,"position":3},"title":"Comandante del Ej\u00e9rcito refuerza seguridad fronteriza","author":"prenxa100","date":"1 de mayo de 2023","format":false,"excerpt":"Por Wilson P\u00e9rez Montecristi.-. El comandante general del Ej\u00e9rcito de Rep\u00fablica Dominicana mayor general Carlos Antonio Fern\u00e1ndez Onofre, reforz\u00f3 la seguridad fronteriza mediante un recorrido por el Destacamento Militar de Manzanillo. Fern\u00e1ndez Onofre, realiz\u00f3 un recorrido por la frontera Sur, Norte y Sur-este del pa\u00eds, donde supervis\u00f3 personalmente las labores\u2026","rel":"","context":"En \u00abNACIONALES\u00bb","block_context":{"text":"NACIONALES","link":"https:\/\/lasprimeras.com.do\/index.php\/category\/nacionales\/"},"img":{"alt_text":"","src":"https:\/\/i0.wp.com\/atento.com.do\/wp-content\/uploads\/2023\/05\/WhatsApp-Image-2023-05-01-at-7.48.49-AM-1024x1018.jpeg?resize=350%2C200&ssl=1","width":350,"height":200,"srcset":"https:\/\/i0.wp.com\/atento.com.do\/wp-content\/uploads\/2023\/05\/WhatsApp-Image-2023-05-01-at-7.48.49-AM-1024x1018.jpeg?resize=350%2C200&ssl=1 1x, https:\/\/i0.wp.com\/atento.com.do\/wp-content\/uploads\/2023\/05\/WhatsApp-Image-2023-05-01-at-7.48.49-AM-1024x1018.jpeg?resize=525%2C300&ssl=1 1.5x, https:\/\/i0.wp.com\/atento.com.do\/wp-content\/uploads\/2023\/05\/WhatsApp-Image-2023-05-01-at-7.48.49-AM-1024x1018.jpeg?resize=700%2C400&ssl=1 2x"},"classes":[]},{"id":126512,"url":"https:\/\/lasprimeras.com.do\/index.php\/2026\/04\/02\/comandante-del-ejercito-realiza-recorrido-por-unidades-de-la-5ta-brigada-de-infanteria\/","url_meta":{"origin":128957,"position":4},"title":"Comandante del Ej\u00e9rcito realiza recorrido por unidades de la 5ta. Brigada de Infanter\u00eda","author":"Nelson Feliz","date":"2 de abril de 2026","format":false,"excerpt":"Sostiene encuentros con los Senadores de las provincias Barahona e Independencia. La visita se enmarca dentro de una serie de recorridos orientados a fortalecer los dispositivos de seguridad en la l\u00ednea fronteriza. El Comandante General del Ej\u00e9rcito, Mayor General Jorge Iv\u00e1n Camino P\u00e9rez, realiz\u00f3 un recorrido por diferentes unidades de\u2026","rel":"","context":"En \u00abMILITARES\u00bb","block_context":{"text":"MILITARES","link":"https:\/\/lasprimeras.com.do\/index.php\/category\/militares\/"},"img":{"alt_text":"Comandante del Ej\u00e9rcito","src":"https:\/\/i0.wp.com\/lasprimeras.com.do\/wp-content\/uploads\/2026\/04\/Comandante-del-Ejercito-1.jpg?resize=350%2C200&ssl=1","width":350,"height":200,"srcset":"https:\/\/i0.wp.com\/lasprimeras.com.do\/wp-content\/uploads\/2026\/04\/Comandante-del-Ejercito-1.jpg?resize=350%2C200&ssl=1 1x, https:\/\/i0.wp.com\/lasprimeras.com.do\/wp-content\/uploads\/2026\/04\/Comandante-del-Ejercito-1.jpg?resize=525%2C300&ssl=1 1.5x, https:\/\/i0.wp.com\/lasprimeras.com.do\/wp-content\/uploads\/2026\/04\/Comandante-del-Ejercito-1.jpg?resize=700%2C400&ssl=1 2x"},"classes":[]},{"id":104338,"url":"https:\/\/lasprimeras.com.do\/index.php\/2025\/07\/23\/comandante-general-del-erd-recorre-carretera-internacional-en-la-frontera\/","url_meta":{"origin":128957,"position":5},"title":"Comandante General del ERD recorre &#8220;Carretera Internacional&#8221; en la frontera","author":"Nelson Feliz","date":"23 de julio de 2025","format":false,"excerpt":"Visit\u00f3 y supervis\u00f3 todos los puestos destacados a lo largo de la referida v\u00eda. El Comandante General del Ej\u00e9rcito de Rep\u00fablica Dominicana, Mayor General Jorge Iv\u00e1n Camino P\u00e9rez, realiz\u00f3 un recorrido por la Carretera Internacional, iniciando en el municipio de Pedro Santana, en El\u00edas Pi\u00f1a hasta Restauraci\u00f3n, en Dajab\u00f3n. El\u2026","rel":"","context":"En \u00abMILITARES\u00bb","block_context":{"text":"MILITARES","link":"https:\/\/lasprimeras.com.do\/index.php\/category\/militares\/"},"img":{"alt_text":"","src":"https:\/\/i0.wp.com\/lasprimeras.com.do\/wp-content\/uploads\/2025\/07\/Jorge-Ivan-Camino-Perez-1.jpg?resize=350%2C200&ssl=1","width":350,"height":200,"srcset":"https:\/\/i0.wp.com\/lasprimeras.com.do\/wp-content\/uploads\/2025\/07\/Jorge-Ivan-Camino-Perez-1.jpg?resize=350%2C200&ssl=1 1x, https:\/\/i0.wp.com\/lasprimeras.com.do\/wp-content\/uploads\/2025\/07\/Jorge-Ivan-Camino-Perez-1.jpg?resize=525%2C300&ssl=1 1.5x, https:\/\/i0.wp.com\/lasprimeras.com.do\/wp-content\/uploads\/2025\/07\/Jorge-Ivan-Camino-Perez-1.jpg?resize=700%2C400&ssl=1 2x"},"classes":[]}],"jetpack_sharing_enabled":true,"_links":{"self":[{"href":"https:\/\/lasprimeras.com.do\/index.php\/wp-json\/wp\/v2\/posts\/128957","targetHints":{"allow":["GET"]}}],"collection":[{"href":"https:\/\/lasprimeras.com.do\/index.php\/wp-json\/wp\/v2\/posts"}],"about":[{"href":"https:\/\/lasprimeras.com.do\/index.php\/wp-json\/wp\/v2\/types\/post"}],"author":[{"embeddable":true,"href":"https:\/\/lasprimeras.com.do\/index.php\/wp-json\/wp\/v2\/users\/10"}],"replies":[{"embeddable":true,"href":"https:\/\/lasprimeras.com.do\/index.php\/wp-json\/wp\/v2\/comments?post=128957"}],"version-history":[{"count":1,"href":"https:\/\/lasprimeras.com.do\/index.php\/wp-json\/wp\/v2\/posts\/128957\/revisions"}],"predecessor-version":[{"id":128959,"href":"https:\/\/lasprimeras.com.do\/index.php\/wp-json\/wp\/v2\/posts\/128957\/revisions\/128959"}],"wp:featuredmedia":[{"embeddable":true,"href":"https:\/\/lasprimeras.com.do\/index.php\/wp-json\/wp\/v2\/media\/128958"}],"wp:attachment":[{"href":"https:\/\/lasprimeras.com.do\/index.php\/wp-json\/wp\/v2\/media?parent=128957"}],"wp:term":[{"taxonomy":"category","embeddable":true,"href":"https:\/\/lasprimeras.com.do\/index.php\/wp-json\/wp\/v2\/categories?post=128957"},{"taxonomy":"post_tag","embeddable":true,"href":"https:\/\/lasprimeras.com.do\/index.php\/wp-json\/wp\/v2\/tags?post=128957"}],"curies":[{"name":"wp","href":"https:\/\/api.w.org\/{rel}","templated":true}]}}