{"id":128960,"date":"2026-04-28T13:20:19","date_gmt":"2026-04-28T17:20:19","guid":{"rendered":"https:\/\/lasprimeras.com.do\/?p=128960"},"modified":"2026-04-28T13:20:23","modified_gmt":"2026-04-28T17:20:23","slug":"banreservas-selecciona-cinco-equipos-para-el-programa-de-incubacion-cree-2026","status":"publish","type":"post","link":"https:\/\/lasprimeras.com.do\/index.php\/2026\/04\/28\/banreservas-selecciona-cinco-equipos-para-el-programa-de-incubacion-cree-2026\/","title":{"rendered":"Banreservas selecciona cinco equipos para el Programa de Incubaci\u00f3n Cree 2026"},"content":{"rendered":"\n<p><strong>La iniciativa recibi\u00f3 m\u00e1s de 50 postulaciones de emprendimientos provenientes de distintas \u00e1reas del ecosistema nacional<\/strong><br><\/p>\n\n\n\n<p>El Banco de Reservas anunci\u00f3 el inicio del Programa de Incubaci\u00f3n Cree Banreservas 2026, con la selecci\u00f3n de cinco equipos de emprendimiento elegidos entre m\u00e1s de 50 propuestas recibidas en esta segunda edici\u00f3n.<br><br>Esta convocatoria, impulsada a trav\u00e9s del Programa para Emprendedores de la Direcci\u00f3n de Sostenibilidad y Responsabilidad Social, consolida a Cree Banreservas como una de las principales iniciativas estrat\u00e9gicas para el fortalecimiento del ecosistema emprendedor dominicano.<br><br>Los equipos seleccionados provienen de distintos actores clave del entorno acad\u00e9mico e institucional.<\/p>\n\n\n\n<p>Se trata de Trace-ON, integrado por estudiantes de la Universidad Nacional Pedro Henr\u00edquez Ure\u00f1a (UNPHU); WareB, de la Pontificia Universidad Cat\u00f3lica Madre y Maestra (PUCMM); Sargaout, surgido del concurso Rep\u00fablica de Ideas desarrollado por la Presidencia de la Rep\u00fablica y el Consejo Nacional de Competitividad; Ryborn, del Hackat\u00f3n CREA RD del Ministerio de la Juventud; y Explore, seleccionado a trav\u00e9s de la convocatoria abierta en la plataforma digital de Cree Banreservas.<br><br>La selecci\u00f3n se llev\u00f3 a cabo mediante un proceso competitivo, reflejo del dinamismo y crecimiento del emprendimiento en la Rep\u00fablica Dominicana.<br><br>El programa incorpora un redise\u00f1o metodol\u00f3gico basado en los aprendizajes obtenidos durante su fase piloto, as\u00ed como en un an\u00e1lisis del ecosistema de innovaci\u00f3n local.<br><br>Este proceso permiti\u00f3 identificar brechas en la formaci\u00f3n de emprendedores, especialmente en la toma de decisiones, la comprensi\u00f3n del contexto y la sostenibilidad de los proyectos.<\/p>\n\n\n\n<figure class=\"wp-block-image size-large\"><img decoding=\"async\" width=\"1024\" height=\"390\" src=\"https:\/\/lasprimeras.com.do\/wp-content\/uploads\/2026\/04\/1004149527-1024x390.jpg\" alt=\"\" class=\"wp-image-128961\" srcset=\"https:\/\/lasprimeras.com.do\/wp-content\/uploads\/2026\/04\/1004149527-1024x390.jpg 1024w, https:\/\/lasprimeras.com.do\/wp-content\/uploads\/2026\/04\/1004149527-300x114.jpg 300w, https:\/\/lasprimeras.com.do\/wp-content\/uploads\/2026\/04\/1004149527-768x293.jpg 768w, https:\/\/lasprimeras.com.do\/wp-content\/uploads\/2026\/04\/1004149527.jpg 1280w\" sizes=\"(max-width: 1024px) 100vw, 1024px\" \/><\/figure>\n\n\n\n<p>A partir de estos hallazgos, Cree Banreservas, en colaboraci\u00f3n con Innovaci\u00f3n Humanista, ha desarrollado un modelo de incubaci\u00f3n adaptado a la realidad dominicana.<br><br>A diferencia de los esquemas tradicionales, el programa ha sido dise\u00f1ado como un proceso intensivo y altamente personalizado, enfocado en acompa\u00f1ar a los equipos en la toma de decisiones reales sobre sus proyectos.<br><br>La iniciativa se estructura en tres etapas progresivas: Discovery, Mindset y Potential.<\/p>\n\n\n\n<p>En la primera, los equipos profundizan en la comprensi\u00f3n del problema y su contexto; en la segunda, trabajan en sus criterios y procesos de decisi\u00f3n; y en la tercera, desarrollan y validan un Producto M\u00ednimo Viable (MVP), as\u00ed como un modelo de negocio factible.<br><br>El programa contempla cerca de 250 horas de acompa\u00f1amiento, combinando sesiones s\u00edncronas y as\u00edncronas, lo que garantiza un seguimiento cercano y continuo a cada equipo.<br><br>Este proceso ser\u00e1 liderado por un equipo de profesionales con experiencia internacional provenientes de Espa\u00f1a, Chile, Colombia y M\u00e9xico, integrando diversas perspectivas y est\u00e1ndares actualizados en innovaci\u00f3n.<br><br>La iniciativa cuenta adem\u00e1s con el respaldo de entidades como MADFinTech, Foro ECOFIN y CLES, fortaleciendo su solidez metodol\u00f3gica y ampliando las oportunidades de conexi\u00f3n con redes globales.<br><br>Este enfoque integral permite potenciar las capacidades t\u00e9cnicas y estrat\u00e9gicas de los participantes, prepar\u00e1ndolos para operar en entornos cada vez m\u00e1s competitivos y orientados a la innovaci\u00f3n.<br><\/p>\n","protected":false},"excerpt":{"rendered":"<p>La iniciativa recibi\u00f3 m\u00e1s de 50 postulaciones de emprendimientos provenientes de distintas \u00e1reas del ecosistema nacional El Banco de Reservas anunci\u00f3 el inicio del Programa de Incubaci\u00f3n Cree Banreservas 2026,&hellip;<\/p>\n","protected":false},"author":10,"featured_media":118078,"comment_status":"open","ping_status":"open","sticky":false,"template":"","format":"standard","meta":{"content-type":"","jetpack_post_was_ever_published":false,"_jetpack_newsletter_access":"","_jetpack_dont_email_post_to_subs":false,"_jetpack_newsletter_tier_id":0,"_jetpack_memberships_contains_paywalled_content":false,"_jetpack_memberships_contains_paid_content":false,"footnotes":""},"categories":[39,25],"tags":[726,32769,32768,664],"class_list":["post-128960","post","type-post","status-publish","format-standard","has-post-thumbnail","hentry","category-economia","category-portada","tag-banreservas","tag-cree-2026","tag-incubacion","tag-proceso"],"jetpack_featured_media_url":"https:\/\/lasprimeras.com.do\/wp-content\/uploads\/2025\/12\/Banreservas-1-2.jpg","jetpack-related-posts":[{"id":122051,"url":"https:\/\/lasprimeras.com.do\/index.php\/2026\/02\/12\/cree-banreservas-selecciona-emprendimientos-para-optar-por-inversion-de-hasta-rd4-4-millones\/","url_meta":{"origin":128960,"position":0},"title":"Cree Banreservas selecciona emprendimientos para optar por inversi\u00f3n de hasta RD$4.4 millones","author":"Nelson Feliz","date":"12 de febrero de 2026","format":false,"excerpt":"El presidente ejecutivo de Banreservas, doctor Leonardo Aguilera, junto a miembros del Comit\u00e9 de Sostenibilidad durante la ceremonia del Demo Day 2026. Desde la izquierda, Ysidro Garc\u00eda, vicepresidente ejecutivo senior de Negocios; Nelly Car\u00edas, miembro del Consejo de Directores; Raquel Giraldez, directora de Sostenibilidad y Responsabilidad Social; y Daniel Otero,\u2026","rel":"","context":"En \u00abECONOM\u00cdA\u00bb","block_context":{"text":"ECONOM\u00cdA","link":"https:\/\/lasprimeras.com.do\/index.php\/category\/economia\/"},"img":{"alt_text":"El presidente ejecutivo de Banreservas, doctor Leonardo Aguilera, junto a miembros del Comit\u00e9 de Sostenibilidad durante la ceremonia del Demo Day 2026. Desde la izquierda, Ysidro Garc\u00eda, vicepresidente ejecutivo senior de Negocios; Nelly Car\u00edas, miembro del Consejo de Directores; Raquel Giraldez, directora de Sostenibilidad y Responsabilidad Social; y Daniel Otero, vicepresidente ejecutivo Gesti\u00f3n Integral de Riesgos.","src":"https:\/\/i0.wp.com\/lasprimeras.com.do\/wp-content\/uploads\/2026\/02\/RESERVAS-3.jpg?resize=350%2C200&ssl=1","width":350,"height":200,"srcset":"https:\/\/i0.wp.com\/lasprimeras.com.do\/wp-content\/uploads\/2026\/02\/RESERVAS-3.jpg?resize=350%2C200&ssl=1 1x, https:\/\/i0.wp.com\/lasprimeras.com.do\/wp-content\/uploads\/2026\/02\/RESERVAS-3.jpg?resize=525%2C300&ssl=1 1.5x, https:\/\/i0.wp.com\/lasprimeras.com.do\/wp-content\/uploads\/2026\/02\/RESERVAS-3.jpg?resize=700%2C400&ssl=1 2x"},"classes":[]},{"id":127656,"url":"https:\/\/lasprimeras.com.do\/index.php\/2026\/04\/14\/lnb-inicia-temporada-2026-con-el-respaldo-oficial-de-banreservas\/","url_meta":{"origin":128960,"position":1},"title":"LNB inicia temporada 2026 con el respaldo oficial de Banreservas","author":"Nelson Feliz","date":"14 de abril de 2026","format":false,"excerpt":"Antonio Mir anuncia la incorporaci\u00f3n de Los H\u00e9roes de Moca; el torneo se celebrar\u00e1 del 14 de abril al 27 de mayo El Banco de Reservas de la Rep\u00fablica Dominicana anunci\u00f3 su respaldo a la Liga Nacional de Baloncesto (LNB) para la temporada 2026, que comienza este martes 14 de\u2026","rel":"","context":"En \u00abDEPORTES\u00bb","block_context":{"text":"DEPORTES","link":"https:\/\/lasprimeras.com.do\/index.php\/category\/deportes\/"},"img":{"alt_text":"","src":"https:\/\/i0.wp.com\/lasprimeras.com.do\/wp-content\/uploads\/2026\/04\/IMG-20260414-WA0478-scaled.jpg?resize=350%2C200&ssl=1","width":350,"height":200,"srcset":"https:\/\/i0.wp.com\/lasprimeras.com.do\/wp-content\/uploads\/2026\/04\/IMG-20260414-WA0478-scaled.jpg?resize=350%2C200&ssl=1 1x, https:\/\/i0.wp.com\/lasprimeras.com.do\/wp-content\/uploads\/2026\/04\/IMG-20260414-WA0478-scaled.jpg?resize=525%2C300&ssl=1 1.5x, https:\/\/i0.wp.com\/lasprimeras.com.do\/wp-content\/uploads\/2026\/04\/IMG-20260414-WA0478-scaled.jpg?resize=700%2C400&ssl=1 2x, https:\/\/i0.wp.com\/lasprimeras.com.do\/wp-content\/uploads\/2026\/04\/IMG-20260414-WA0478-scaled.jpg?resize=1050%2C600&ssl=1 3x, https:\/\/i0.wp.com\/lasprimeras.com.do\/wp-content\/uploads\/2026\/04\/IMG-20260414-WA0478-scaled.jpg?resize=1400%2C800&ssl=1 4x"},"classes":[]},{"id":127678,"url":"https:\/\/lasprimeras.com.do\/index.php\/2026\/04\/14\/banreservas-reconoce-a-giovanny-cruz-por-su-trayectoria-y-aportes-a-la-escena-dominicana\/","url_meta":{"origin":128960,"position":2},"title":"Banreservas reconoce a Giovanny Cruz por su trayectoria y aportes a la escena dominicana","author":"Nelson Feliz","date":"14 de abril de 2026","format":false,"excerpt":"El homenaje, realizado en el Centro Cultural Banreservas, marca uno de los momentos m\u00e1s significativos del cierre de la Quinta Temporada de Teatro Banreservas, destacando una trayectoria que ha influido de manera decisiva en la evoluci\u00f3n del teatro dominicano. El Banco de Reservas distingui\u00f3 con un homenaje a Giovanny Cruz\u2026","rel":"","context":"En \u00abENTRETENIMIENTO\u00bb","block_context":{"text":"ENTRETENIMIENTO","link":"https:\/\/lasprimeras.com.do\/index.php\/category\/entretenimiento\/"},"img":{"alt_text":"","src":"https:\/\/i0.wp.com\/lasprimeras.com.do\/wp-content\/uploads\/2026\/04\/una-1.jpg?resize=350%2C200&ssl=1","width":350,"height":200,"srcset":"https:\/\/i0.wp.com\/lasprimeras.com.do\/wp-content\/uploads\/2026\/04\/una-1.jpg?resize=350%2C200&ssl=1 1x, https:\/\/i0.wp.com\/lasprimeras.com.do\/wp-content\/uploads\/2026\/04\/una-1.jpg?resize=525%2C300&ssl=1 1.5x, https:\/\/i0.wp.com\/lasprimeras.com.do\/wp-content\/uploads\/2026\/04\/una-1.jpg?resize=700%2C400&ssl=1 2x"},"classes":[]},{"id":123181,"url":"https:\/\/lasprimeras.com.do\/index.php\/2026\/02\/26\/torre-banreservas-punto-de-partida-para-la-47a-edicion-de-lavuelta-ciclistica-independencia-nacional\/","url_meta":{"origin":128960,"position":3},"title":"Torre Banreservas: punto de partida para la 47\u00aa edici\u00f3n de laVuelta Cicl\u00edstica Independencia Nacional","author":"Nelson Feliz","date":"26 de febrero de 2026","format":false,"excerpt":"Esta tercera etapa de la competencia abarca una distancia de 158 kil\u00f3metros hasta Rancho Arriba y cuenta con la participaci\u00f3n 110 pedalistas de 23 equipos La Torre Banreservas una vez m\u00e1s se convirti\u00f3 en el punto de salida de la tercera etapa de la tradicional Vuelta Cicl\u00edstica Independencia Nacional en\u2026","rel":"","context":"En \u00abDEPORTES\u00bb","block_context":{"text":"DEPORTES","link":"https:\/\/lasprimeras.com.do\/index.php\/category\/deportes\/"},"img":{"alt_text":"Fernando Mir, vicepresidente ejecutivo de Estrategia, Finanzas e Inteligencia Comercial de Banreservas; da banderazo de salida en el parqueo para clientes de la Torre Banreservas, en la tercera etapa de la 47\u00aa Vuelta Cicl\u00edstica Independencia Nacional.","src":"https:\/\/i0.wp.com\/lasprimeras.com.do\/wp-content\/uploads\/2026\/02\/Torre-Banreservas.jpg?resize=350%2C200&ssl=1","width":350,"height":200,"srcset":"https:\/\/i0.wp.com\/lasprimeras.com.do\/wp-content\/uploads\/2026\/02\/Torre-Banreservas.jpg?resize=350%2C200&ssl=1 1x, https:\/\/i0.wp.com\/lasprimeras.com.do\/wp-content\/uploads\/2026\/02\/Torre-Banreservas.jpg?resize=525%2C300&ssl=1 1.5x, https:\/\/i0.wp.com\/lasprimeras.com.do\/wp-content\/uploads\/2026\/02\/Torre-Banreservas.jpg?resize=700%2C400&ssl=1 2x"},"classes":[]},{"id":49237,"url":"https:\/\/lasprimeras.com.do\/index.php\/2023\/05\/09\/gobierno-otorga-prestamos-a-emprendedores-y-los-acompana-a-hacer-crecer-sus-negocios\/","url_meta":{"origin":128960,"position":4},"title":"Gobierno otorga pr\u00e9stamos a emprendedores y los acompa\u00f1a a hacer crecer sus negocios","author":"prenxa100","date":"9 de mayo de 2023","format":false,"excerpt":"Ministro de Industria y Comercio, V\u00edctor Bison\u00f3 asegura emprendimiento es el motor para crecimiento econ\u00f3mico y el desarrollo social RD. Por Wilson Perez SANTO DOMINGO. -\u00a0El ministro de Industria, Comercio y Mipymes (MICM), V\u00edctor -Ito- Bison\u00f3, como parte de la historia de cambio para impulsar el desarrollo de sectores productivos,\u2026","rel":"","context":"En \u00abECONOM\u00cdA\u00bb","block_context":{"text":"ECONOM\u00cdA","link":"https:\/\/lasprimeras.com.do\/index.php\/category\/economia\/"},"img":{"alt_text":"","src":"","width":0,"height":0},"classes":[]},{"id":116754,"url":"https:\/\/lasprimeras.com.do\/index.php\/2025\/12\/03\/programa-fomenta-pymes-banreservas-es-reconocido-como-modelo-de-negocio\/","url_meta":{"origin":128960,"position":5},"title":"Programa Fomenta Pymes Banreservas es reconocido como modelo de negocio","author":"Nelson Feliz","date":"3 de diciembre de 2025","format":false,"excerpt":"Juan Carlos Garc\u00eda; director senior de Pymes Banreservas, y Raquel Giraldez, directora de Sostenibilidad y Responsabilidad Social, reciben reconocimiento por programa Fomenta Pymes. Les entregan, desde la izquierda, Ana Mar\u00eda D\u00edaz, representante residente del PNUD; Pa\u00edno Henr\u00edquez, ministro de Medio Ambiente; Celso Juan Marranzini, presidente del CONEP; y C\u00e9sar Dargam,\u2026","rel":"","context":"En \u00abECONOM\u00cdA\u00bb","block_context":{"text":"ECONOM\u00cdA","link":"https:\/\/lasprimeras.com.do\/index.php\/category\/economia\/"},"img":{"alt_text":"Juan Carlos Garc\u00eda; director senior de Pymes Banreservas, y Raquel Giraldez, directora de Sostenibilidad y Responsabilidad Social, reciben reconocimiento por programa Fomenta Pymes. Les entregan, desde la izquierda, Ana Mar\u00eda D\u00edaz, representante residente del PNUD; Pa\u00edno Henr\u00edquez, ministro de Medio Ambiente; Celso Juan Marranzini, presidente del CONEP; y C\u00e9sar Dargam, vicepresidente ejecutivo del CONEP","src":"https:\/\/i0.wp.com\/lasprimeras.com.do\/wp-content\/uploads\/2025\/12\/BANRESERVAS.jpg?resize=350%2C200&ssl=1","width":350,"height":200,"srcset":"https:\/\/i0.wp.com\/lasprimeras.com.do\/wp-content\/uploads\/2025\/12\/BANRESERVAS.jpg?resize=350%2C200&ssl=1 1x, https:\/\/i0.wp.com\/lasprimeras.com.do\/wp-content\/uploads\/2025\/12\/BANRESERVAS.jpg?resize=525%2C300&ssl=1 1.5x, https:\/\/i0.wp.com\/lasprimeras.com.do\/wp-content\/uploads\/2025\/12\/BANRESERVAS.jpg?resize=700%2C400&ssl=1 2x"},"classes":[]}],"jetpack_sharing_enabled":true,"_links":{"self":[{"href":"https:\/\/lasprimeras.com.do\/index.php\/wp-json\/wp\/v2\/posts\/128960","targetHints":{"allow":["GET"]}}],"collection":[{"href":"https:\/\/lasprimeras.com.do\/index.php\/wp-json\/wp\/v2\/posts"}],"about":[{"href":"https:\/\/lasprimeras.com.do\/index.php\/wp-json\/wp\/v2\/types\/post"}],"author":[{"embeddable":true,"href":"https:\/\/lasprimeras.com.do\/index.php\/wp-json\/wp\/v2\/users\/10"}],"replies":[{"embeddable":true,"href":"https:\/\/lasprimeras.com.do\/index.php\/wp-json\/wp\/v2\/comments?post=128960"}],"version-history":[{"count":1,"href":"https:\/\/lasprimeras.com.do\/index.php\/wp-json\/wp\/v2\/posts\/128960\/revisions"}],"predecessor-version":[{"id":128962,"href":"https:\/\/lasprimeras.com.do\/index.php\/wp-json\/wp\/v2\/posts\/128960\/revisions\/128962"}],"wp:featuredmedia":[{"embeddable":true,"href":"https:\/\/lasprimeras.com.do\/index.php\/wp-json\/wp\/v2\/media\/118078"}],"wp:attachment":[{"href":"https:\/\/lasprimeras.com.do\/index.php\/wp-json\/wp\/v2\/media?parent=128960"}],"wp:term":[{"taxonomy":"category","embeddable":true,"href":"https:\/\/lasprimeras.com.do\/index.php\/wp-json\/wp\/v2\/categories?post=128960"},{"taxonomy":"post_tag","embeddable":true,"href":"https:\/\/lasprimeras.com.do\/index.php\/wp-json\/wp\/v2\/tags?post=128960"}],"curies":[{"name":"wp","href":"https:\/\/api.w.org\/{rel}","templated":true}]}}