{"id":128963,"date":"2026-04-28T17:45:58","date_gmt":"2026-04-28T21:45:58","guid":{"rendered":"https:\/\/lasprimeras.com.do\/?p=128963"},"modified":"2026-04-28T17:45:59","modified_gmt":"2026-04-28T21:45:59","slug":"eeuu-emitira-pasaportes-conmemorativos-con-la-foto-de-trump-por-los-250-anos-de-su-independencia","status":"publish","type":"post","link":"https:\/\/lasprimeras.com.do\/index.php\/2026\/04\/28\/eeuu-emitira-pasaportes-conmemorativos-con-la-foto-de-trump-por-los-250-anos-de-su-independencia\/","title":{"rendered":"EEUU emitir\u00e1 pasaportes conmemorativos con la foto de Trump por los 250 a\u00f1os de su independencia"},"content":{"rendered":"\n<p>POR MATTHEW LEE<\/p>\n\n\n\n<p>WASHINGTON (AP) \u2014 El Departamento de Estado de Estados Unidos inform\u00f3 que ya prepara una emisi\u00f3n limitada de pasaportes conmemorativos para celebrar el 250mo aniversario de la Independencia en los que se incluir\u00e1 una imagen del presidente Donald Trump, quien se convertir\u00eda en el primer presidente vivo en aparecer en el documento de viaje.<\/p>\n\n\n\n<p>El concepto del pasaporte especial, incluida una ilustraci\u00f3n de Trump con una expresi\u00f3n adusta, se hab\u00eda estudiado durante meses antes de que finalmente se aprobara a \u00faltima hora del lunes.<\/p>\n\n\n\n<p>Al principio, los pasaportes estar\u00e1n disponibles \u00fanicamente para solicitantes en la oficina de pasaportes de Washington, D.C., y solo a petici\u00f3n. Los solicitantes que no quieran el pasaporte conmemorativo podr\u00e1n elegir uno est\u00e1ndar, indicaron funcionarios.<\/p>\n\n\n\n<p>\u201cPara celebrar que Estados Unidos conmemora el 250mo aniversario de su independencia en julio, el Departamento de Estado se prepara para emitir un n\u00famero limitado de pasaportes de Estados Unidos con un dise\u00f1o especial para marcar esta hist\u00f3rica ocasi\u00f3n\u201d, se\u00f1al\u00f3 Tommy Pigott, portavoz del Departamento de Estado.<\/p>\n\n\n\n<p>\u201cEstos pasaportes incluir\u00e1n ilustraciones personalizadas e im\u00e1genes mejoradas, al tiempo que mantendr\u00e1n las mismas caracter\u00edsticas de seguridad que hacen del pasaporte de Estados Unidos el documento m\u00e1s seguro del mundo\u201d.<\/p>\n\n\n\n<p>Con la excepci\u00f3n de la incorporaci\u00f3n de la foto de Trump en una p\u00e1gina interior de la libreta del pasaporte, habr\u00e1 pocos cambios adicionales aparte de la portada, que llevar\u00e1 las palabras \u201cUnited States of America\u201d en letras doradas en la parte superior y \u201cPassport\u201d en la parte inferior, una inversi\u00f3n respecto de la portada est\u00e1ndar.<\/p>\n\n\n\n<p>Adem\u00e1s, en la parte inferior de la contraportada habr\u00e1 una peque\u00f1a l\u00e1mina dorada con la bandera estadounidense, con el n\u00famero 250 rodeado de estrellas.<\/p>\n\n\n\n<p>The Bulwark inform\u00f3 previamente sobre los pasaportes conmemorativos.<\/p>\n\n\n\n<p>Los \u00fanicos presidentes que aparecen en los pasaportes actuales de Estados Unidos est\u00e1n en una representaci\u00f3n a doble p\u00e1gina del Monte Rushmore en Dakota del Sur: George Washington, Thomas Jefferson, Theodore Roosevelt y Abraham Lincoln.<\/p>\n\n\n\n<p>Otras representaciones incluyen la Estatua de la Libertad, la Campana de la Libertad y el Sal\u00f3n de la Independencia en Filadelfia, as\u00ed como escenas de las Grandes Llanuras, monta\u00f1as e islas.<\/p>\n\n\n\n<p>Los pasaportes actuales tambi\u00e9n contienen citas de Martin Luther King Jr., as\u00ed como de los presidentes Washington, Jefferson, Roosevelt, John F. Kennedy y Dwight Eisenhower.<\/p>\n","protected":false},"excerpt":{"rendered":"<p>POR MATTHEW LEE WASHINGTON (AP) \u2014 El Departamento de Estado de Estados Unidos inform\u00f3 que ya prepara una emisi\u00f3n limitada de pasaportes conmemorativos para celebrar el 250mo aniversario de la&hellip;<\/p>\n","protected":false},"author":10,"featured_media":128964,"comment_status":"open","ping_status":"open","sticky":false,"template":"","format":"standard","meta":{"content-type":"","jetpack_post_was_ever_published":false,"_jetpack_newsletter_access":"","_jetpack_dont_email_post_to_subs":false,"_jetpack_newsletter_tier_id":0,"_jetpack_memberships_contains_paywalled_content":false,"_jetpack_memberships_contains_paid_content":false,"footnotes":""},"categories":[16289],"tags":[32770,11277,978,979,10773,1322,802],"class_list":["post-128963","post","type-post","status-publish","format-standard","has-post-thumbnail","hentry","category-internacionales","tag-250-anos","tag-conmemorativos","tag-donald-trump","tag-eeuu","tag-foto","tag-independencia","tag-pasaportes"],"jetpack_featured_media_url":"https:\/\/lasprimeras.com.do\/wp-content\/uploads\/2026\/04\/pasaportes.jpg","jetpack-related-posts":[{"id":113970,"url":"https:\/\/lasprimeras.com.do\/index.php\/2025\/11\/07\/corte-suprema-permite-a-administracion-trump-restringir-pasaportes-a-las-personas-transgenero\/","url_meta":{"origin":128963,"position":0},"title":"Corte Suprema permite a Administraci\u00f3n Trump restringir pasaportes a las personas transg\u00e9nero","author":"Nelson Feliz","date":"7 de noviembre de 2025","format":false,"excerpt":"Las personas transg\u00e9nero deber\u00e1n marcar en su pasaporte \"hombre\" o \"mujer\" de acuerdo al sexo con el que nacieron, aunque ya hayan finalizado su transici\u00f3n. La Corte Suprema le dio autorizaci\u00f3n a la Administraci\u00f3n Trump de limitar los derechos de las personas transg\u00e9nero para el uso de sus pasaportes, al\u2026","rel":"","context":"En \u00abINTERNACIONALES\u00bb","block_context":{"text":"INTERNACIONALES","link":"https:\/\/lasprimeras.com.do\/index.php\/category\/sin-categoria\/internacionales\/"},"img":{"alt_text":"","src":"https:\/\/i0.wp.com\/lasprimeras.com.do\/wp-content\/uploads\/2025\/11\/pasaportes.jpg?resize=350%2C200&ssl=1","width":350,"height":200,"srcset":"https:\/\/i0.wp.com\/lasprimeras.com.do\/wp-content\/uploads\/2025\/11\/pasaportes.jpg?resize=350%2C200&ssl=1 1x, https:\/\/i0.wp.com\/lasprimeras.com.do\/wp-content\/uploads\/2025\/11\/pasaportes.jpg?resize=525%2C300&ssl=1 1.5x, https:\/\/i0.wp.com\/lasprimeras.com.do\/wp-content\/uploads\/2025\/11\/pasaportes.jpg?resize=700%2C400&ssl=1 2x"},"classes":[]},{"id":67183,"url":"https:\/\/lasprimeras.com.do\/index.php\/2023\/11\/13\/cancilleria-de-rd-anuncia-nuevas-tarifas-para-dominicanos-exterior\/","url_meta":{"origin":128963,"position":1},"title":"Canciller\u00eda de RD anuncia nuevas tarifas para dominicanos exterior","author":"Nelson Feliz","date":"13 de noviembre de 2023","format":false,"excerpt":"El Ministerio de Relaciones Exteriores de la Rep\u00fablica Dominicana (Mirex) anunci\u00f3 la estandarizaci\u00f3n de las tarifas de los servicios consulares a los dominicanos en el exterior. La medida elimina la variedad de precios por un mismo concepto, incluso, en un mismo pa\u00eds, y establece el costo entre 90 y 200\u2026","rel":"","context":"En \u00abECONOM\u00cdA\u00bb","block_context":{"text":"ECONOM\u00cdA","link":"https:\/\/lasprimeras.com.do\/index.php\/category\/economia\/"},"img":{"alt_text":"","src":"https:\/\/i0.wp.com\/lasprimeras.com.do\/wp-content\/uploads\/2023\/11\/PASAPORTES.jpeg?resize=350%2C200&ssl=1","width":350,"height":200,"srcset":"https:\/\/i0.wp.com\/lasprimeras.com.do\/wp-content\/uploads\/2023\/11\/PASAPORTES.jpeg?resize=350%2C200&ssl=1 1x, https:\/\/i0.wp.com\/lasprimeras.com.do\/wp-content\/uploads\/2023\/11\/PASAPORTES.jpeg?resize=525%2C300&ssl=1 1.5x, https:\/\/i0.wp.com\/lasprimeras.com.do\/wp-content\/uploads\/2023\/11\/PASAPORTES.jpeg?resize=700%2C400&ssl=1 2x"},"classes":[]},{"id":89357,"url":"https:\/\/lasprimeras.com.do\/index.php\/2024\/09\/22\/trump-descarta-postularse-en-2028-si-pierde-la-proxima-eleccion-en-eeuu\/","url_meta":{"origin":128963,"position":2},"title":"Trump descarta postularse en 2028 si pierde la pr\u00f3xima elecci\u00f3n en EEUU","author":"Nelson Feliz","date":"22 de septiembre de 2024","format":false,"excerpt":"Trump dijo que espera tener \"\u00e9xito\" en las urnas el 5 de noviembre. Washington, AFP -El candidato republicano a la presidencia de Estados Unidos, el magnate Donald Trump, dijo que si pierde la elecci\u00f3n del pr\u00f3ximo noviembre no volver\u00e1 a presentarse en 2028, seg\u00fan una entrevista difundida este domingo \"No,\u2026","rel":"","context":"En \u00abSin categor\u00eda\u00bb","block_context":{"text":"Sin categor\u00eda","link":"https:\/\/lasprimeras.com.do\/index.php\/category\/sin-categoria\/"},"img":{"alt_text":"Donald Trump","src":"https:\/\/i0.wp.com\/lasprimeras.com.do\/wp-content\/uploads\/2024\/05\/Donald-Trump-1.jpg?resize=350%2C200&ssl=1","width":350,"height":200,"srcset":"https:\/\/i0.wp.com\/lasprimeras.com.do\/wp-content\/uploads\/2024\/05\/Donald-Trump-1.jpg?resize=350%2C200&ssl=1 1x, https:\/\/i0.wp.com\/lasprimeras.com.do\/wp-content\/uploads\/2024\/05\/Donald-Trump-1.jpg?resize=525%2C300&ssl=1 1.5x, https:\/\/i0.wp.com\/lasprimeras.com.do\/wp-content\/uploads\/2024\/05\/Donald-Trump-1.jpg?resize=700%2C400&ssl=1 2x"},"classes":[]},{"id":92975,"url":"https:\/\/lasprimeras.com.do\/index.php\/2025\/01\/21\/sonia-guzman-participa-en-encuentro-de-donald-trump-en-el-congreso-de-los-eeuu\/","url_meta":{"origin":128963,"position":3},"title":"Sonia Guzm\u00e1n participa en encuentro de Donald Trump en el Congreso de los EEUU","author":"Nelson Feliz","date":"21 de enero de 2025","format":false,"excerpt":"WASHINGTON, Estados Unidos. La embajadora dominicana en los Estados Unidos saliente, Sonia Guzm\u00e1n, particip\u00f3 en un encuentro organizado por el presidente de los Estados Unidos, Donald Trump, con delegaciones diplom\u00e1ticas, pol\u00edticos, empresarios y otras personalidades. El encuentro fue realizado en un sal\u00f3n del Congreso de los Estados Unidos y se\u2026","rel":"","context":"En \u00abINTERNACIONALES\u00bb","block_context":{"text":"INTERNACIONALES","link":"https:\/\/lasprimeras.com.do\/index.php\/category\/sin-categoria\/internacionales\/"},"img":{"alt_text":"Sonia Guzm\u00e1n","src":"https:\/\/i0.wp.com\/lasprimeras.com.do\/wp-content\/uploads\/2025\/01\/Sonia-Guzman.jpg?resize=350%2C200&ssl=1","width":350,"height":200,"srcset":"https:\/\/i0.wp.com\/lasprimeras.com.do\/wp-content\/uploads\/2025\/01\/Sonia-Guzman.jpg?resize=350%2C200&ssl=1 1x, https:\/\/i0.wp.com\/lasprimeras.com.do\/wp-content\/uploads\/2025\/01\/Sonia-Guzman.jpg?resize=525%2C300&ssl=1 1.5x"},"classes":[]},{"id":54521,"url":"https:\/\/lasprimeras.com.do\/index.php\/2023\/07\/11\/pasaportes-lanza-nuevos-horarios-ante-demanda-de-viajes-en-verano\/","url_meta":{"origin":128963,"position":4},"title":"Pasaportes lanza nuevos horarios, ante demanda de viajes en verano","author":"Nelson Feliz","date":"11 de julio de 2023","format":false,"excerpt":"Por Martin Restituyo La Direcci\u00f3n General de Pasaportes (DGP) anunci\u00f3 un nuevo horario a partir de lunes 17 de presente mes, en la Sede Central del Centro de los H\u00e9roes (en la Feria), extendiendo el servicio hasta las 7:00 de la noche. Desde el pr\u00f3ximo lunes para la toma de\u2026","rel":"","context":"En \u00abNACIONALES\u00bb","block_context":{"text":"NACIONALES","link":"https:\/\/lasprimeras.com.do\/index.php\/category\/nacionales\/"},"img":{"alt_text":"Pasaportes","src":"https:\/\/i0.wp.com\/lasprimeras.com.do\/wp-content\/uploads\/2023\/07\/Pasaportes.jpg?resize=350%2C200&ssl=1","width":350,"height":200,"srcset":"https:\/\/i0.wp.com\/lasprimeras.com.do\/wp-content\/uploads\/2023\/07\/Pasaportes.jpg?resize=350%2C200&ssl=1 1x, https:\/\/i0.wp.com\/lasprimeras.com.do\/wp-content\/uploads\/2023\/07\/Pasaportes.jpg?resize=525%2C300&ssl=1 1.5x, https:\/\/i0.wp.com\/lasprimeras.com.do\/wp-content\/uploads\/2023\/07\/Pasaportes.jpg?resize=700%2C400&ssl=1 2x"},"classes":[]},{"id":93004,"url":"https:\/\/lasprimeras.com.do\/index.php\/2025\/01\/21\/abinader-contempla-emitir-primer-pasaporte-electronico-en-agosto-de-2025\/","url_meta":{"origin":128963,"position":5},"title":"Abinader contempla emitir primer pasaporte electr\u00f3nico en agosto de 2025","author":"Nelson Feliz","date":"21 de enero de 2025","format":false,"excerpt":"Resaltan 8% de la poblaci\u00f3n recibi\u00f3 pasaporte en el 2024 y 832,124 libretas de pasaporte fueron emitidas y entregadas en tiempo r\u00e9cord El presidente Luis Abinader encabez\u00f3 este un nuevo encuentro de LA Semanal con la Prensa, cuyo tema central fue \u201cM\u00e1s y mejor servicio en Pasaportes\u201d. En este sentido,\u2026","rel":"","context":"En \u00abNACIONALES\u00bb","block_context":{"text":"NACIONALES","link":"https:\/\/lasprimeras.com.do\/index.php\/category\/nacionales\/"},"img":{"alt_text":"","src":"https:\/\/i0.wp.com\/lasprimeras.com.do\/wp-content\/uploads\/2025\/01\/Luis-Abinader-3-1.jpg?resize=350%2C200&ssl=1","width":350,"height":200,"srcset":"https:\/\/i0.wp.com\/lasprimeras.com.do\/wp-content\/uploads\/2025\/01\/Luis-Abinader-3-1.jpg?resize=350%2C200&ssl=1 1x, https:\/\/i0.wp.com\/lasprimeras.com.do\/wp-content\/uploads\/2025\/01\/Luis-Abinader-3-1.jpg?resize=525%2C300&ssl=1 1.5x, https:\/\/i0.wp.com\/lasprimeras.com.do\/wp-content\/uploads\/2025\/01\/Luis-Abinader-3-1.jpg?resize=700%2C400&ssl=1 2x"},"classes":[]}],"jetpack_sharing_enabled":true,"_links":{"self":[{"href":"https:\/\/lasprimeras.com.do\/index.php\/wp-json\/wp\/v2\/posts\/128963","targetHints":{"allow":["GET"]}}],"collection":[{"href":"https:\/\/lasprimeras.com.do\/index.php\/wp-json\/wp\/v2\/posts"}],"about":[{"href":"https:\/\/lasprimeras.com.do\/index.php\/wp-json\/wp\/v2\/types\/post"}],"author":[{"embeddable":true,"href":"https:\/\/lasprimeras.com.do\/index.php\/wp-json\/wp\/v2\/users\/10"}],"replies":[{"embeddable":true,"href":"https:\/\/lasprimeras.com.do\/index.php\/wp-json\/wp\/v2\/comments?post=128963"}],"version-history":[{"count":1,"href":"https:\/\/lasprimeras.com.do\/index.php\/wp-json\/wp\/v2\/posts\/128963\/revisions"}],"predecessor-version":[{"id":128965,"href":"https:\/\/lasprimeras.com.do\/index.php\/wp-json\/wp\/v2\/posts\/128963\/revisions\/128965"}],"wp:featuredmedia":[{"embeddable":true,"href":"https:\/\/lasprimeras.com.do\/index.php\/wp-json\/wp\/v2\/media\/128964"}],"wp:attachment":[{"href":"https:\/\/lasprimeras.com.do\/index.php\/wp-json\/wp\/v2\/media?parent=128963"}],"wp:term":[{"taxonomy":"category","embeddable":true,"href":"https:\/\/lasprimeras.com.do\/index.php\/wp-json\/wp\/v2\/categories?post=128963"},{"taxonomy":"post_tag","embeddable":true,"href":"https:\/\/lasprimeras.com.do\/index.php\/wp-json\/wp\/v2\/tags?post=128963"}],"curies":[{"name":"wp","href":"https:\/\/api.w.org\/{rel}","templated":true}]}}