{"id":128966,"date":"2026-04-28T17:53:39","date_gmt":"2026-04-28T21:53:39","guid":{"rendered":"https:\/\/lasprimeras.com.do\/?p=128966"},"modified":"2026-04-28T17:53:41","modified_gmt":"2026-04-28T21:53:41","slug":"emiratos-arabes-unidos-dice-que-dejara-la-opep-lo-que-representa-un-golpe-para-el-cartel-petrolero","status":"publish","type":"post","link":"https:\/\/lasprimeras.com.do\/index.php\/2026\/04\/28\/emiratos-arabes-unidos-dice-que-dejara-la-opep-lo-que-representa-un-golpe-para-el-cartel-petrolero\/","title":{"rendered":"Emiratos \u00c1rabes Unidos dice que dejar\u00e1 la OPEP, lo que representa un golpe para el c\u00e1rtel petrolero"},"content":{"rendered":"\n<p>POR JON GAMBRELL<\/p>\n\n\n\n<p>DUB\u00c1I, Emiratos \u00c1rabes Unidos (AP) \u2014 Los Emiratos \u00c1rabes Unidos anunciaron el martes que abandonar\u00e1n la OPEP a partir del 1 de mayo, despojando al c\u00e1rtel petrolero de su tercer mayor productor y debilitando a\u00fan m\u00e1s su influencia sobre los suministros y los precios mundiales del petr\u00f3leo.<\/p>\n\n\n\n<p>La posibilidad de que ello sucediera hab\u00eda sido un rumor desde hace alg\u00fan tiempo, ya que en los \u00faltimos a\u00f1os los EAU se sent\u00edan constre\u00f1idos a unas cuotas de producci\u00f3n que consideraban demasiado bajas, lo que significaba que no le permit\u00edan vender al mundo tanto petr\u00f3leo como quer\u00eda.<\/p>\n\n\n\n<p>\u201cTras haber invertido mucho en ampliar la capacidad de producci\u00f3n energ\u00e9tica en los \u00faltimos a\u00f1os, el panorama general es que los Emiratos \u00c1rabes Unidos han estado deseando bombear m\u00e1s petr\u00f3leo\u201d, escribi\u00f3 Capital Economics en un an\u00e1lisis.<\/p>\n\n\n\n<p>\u201cLos lazos que unen a los miembros de la OPEP se han aflojado\u201d, dijo, en particular despu\u00e9s de que Qatar se retir\u00f3 de la agrupaci\u00f3n en 2019.<\/p>\n\n\n\n<p>La pol\u00edtica regional probablemente tambi\u00e9n influy\u00f3 en la decisi\u00f3n. Los Emiratos \u00faltimamente han tenido relaciones cada vez m\u00e1s fr\u00edas con Arabia Saud\u00ed, el mayor productor de la OPEP, por asuntos pol\u00edticos y econ\u00f3micos en Oriente Medio, incluso despu\u00e9s de que ambos fueran atacados por Ir\u00e1n \u2014 otro socio de la OPEP \u2014 durante la guerra.<\/p>\n\n\n\n<p>No se prev\u00e9 un impacto inmediato en los mercados mundiales del petr\u00f3leo<\/p>\n\n\n\n<p>La retirada de los Emiratos \u00c1rabes Unidos de la OPEP no necesariamente tendr\u00e1 efectos inmediatos en los mercados.<\/p>\n\n\n\n<p>Eso se debe a que los suministros mundiales est\u00e1n fuertemente restringidos por la guerra en Ir\u00e1n, que ha cerrado el estrecho de Ormuz, una v\u00eda mar\u00edtima por la que se transporta una quinta parte de los suministros mundiales de petr\u00f3leo, incluida gran parte de los Emiratos.<\/p>\n\n\n\n<p>El martes, el crudo Brent, el referente internacional, se cotizaba por encima de los 111 d\u00f3lares el barril, o m\u00e1s de un 50% por encima de su precio anterior a la guerra.<\/p>\n\n\n\n<p>La OPEP representa aproximadamente el 40% de la producci\u00f3n mundial de petr\u00f3leo, pero su poder de mercado ya hab\u00eda ido disminuyendo en los \u00faltimos a\u00f1os a medida que Estados Unidos aument\u00f3 su producci\u00f3n.<\/p>\n\n\n\n<p>Mientras Arabia Saud\u00ed hab\u00eda estado produciendo m\u00e1s de 10 millones de barriles de petr\u00f3leo al d\u00eda antes de la guerra, Estados Unidos bombea m\u00e1s de 13 millones de barriles al d\u00eda.<\/p>\n\n\n\n<p>El presidente estadounidense Donald Trump ha sido un cr\u00edtico constante del c\u00e1rtel durante sus dos mandatos en la Casa Blanca.<\/p>\n\n\n\n<p>Los Emiratos \u00c1rabes Unidos, que se unieron a la OPEP a trav\u00e9s de su emirato de Abu Dabi en 1967, estaban produciendo alrededor de 3,4 millones de barriles de crudo al d\u00eda antes de que Estados Unidos e Israel lanzaran su guerra contra Ir\u00e1n el 28 de febrero.<\/p>\n\n\n\n<p>Los analistas dicen que tiene capacidad para producir aproximadamente 5 millones de barriles al d\u00eda.<\/p>\n\n\n\n<p>En su anuncio del martes, transmitido por la agencia estatal de noticias WAM, los Emiratos \u00c1rabes Unidos dijeron que tambi\u00e9n se saldr\u00edan del grupo m\u00e1s amplio OPEP+ que Rusia hab\u00eda liderado para tratar de estabilizar los precios del petr\u00f3leo.<\/p>\n\n\n\n<p>\u201cEsta decisi\u00f3n refleja la visi\u00f3n estrat\u00e9gica y econ\u00f3mica de largo plazo de los Emiratos \u00c1rabes Unidos y su perfil energ\u00e9tico en evoluci\u00f3n, incluida la inversi\u00f3n acelerada en la producci\u00f3n energ\u00e9tica nacional\u201d, dijeron los Emiratos \u00c1rabes Unidos, y a\u00f1adieron que aportar\u00eda \u201cproducci\u00f3n adicional al mercado de forma gradual y mesurada, en consonancia con la demanda y las condiciones del mercado\u201d.<\/p>\n\n\n\n<p>La medida elimina a uno de los pocos miembros de la OPEP con capacidad de aumentar r\u00e1pidamente la producci\u00f3n, declar\u00f3 Jorge Leon, jefe de an\u00e1lisis geopol\u00edtico en Rystad Energy.<\/p>\n\n\n\n<p>\u201cUna OPEP estructuralmente m\u00e1s d\u00e9bil, con menos capacidad excedente concentrada dentro del grupo, encontrar\u00e1 cada vez m\u00e1s dif\u00edcil calibrar la oferta y estabilizar los precios\u201d, se\u00f1al\u00f3.<\/p>\n\n\n\n<p>Arabia Saud\u00ed y los Emiratos, cada vez m\u00e1s enfrentados<\/p>\n\n\n\n<p>Arabia Saud\u00ed y los Emiratos han competido por cuestiones econ\u00f3micas y de pol\u00edtica regional, en particular en la zona del mar Rojo. Ambos pa\u00edses se unieron en 2015 en una coalici\u00f3n para luchar contra los rebeldes hut\u00edes respaldados en Yemen.<\/p>\n\n\n\n<p>Sin embargo, esa coalici\u00f3n se desmoron\u00f3 a finales de diciembre, cuando Arabia Saud\u00ed bombarde\u00f3 lo que describi\u00f3 como un env\u00edo de armas destinado a separatistas yemen\u00edes respaldados por los Emiratos.<\/p>\n\n\n\n<p>A medida que aumentaban las tensiones en los \u00faltimos meses, radiodifusores saud\u00edes asentados desde hace tiempo en Dub\u00e1i, el centro econ\u00f3mico de los Emiratos \u00c1rabes Unidos, se han replegado hacia el reino.<\/p>\n\n\n\n<p>\u201cEsta salida de la OPEP encaja en la necesidad de flexibilidad de los Emiratos \u00c1rabes Unidos con los principales consumidores de energ\u00eda, incluida una futura relaci\u00f3n con China y una relaci\u00f3n m\u00e1s competitiva con Arabia Saud\u00ed\u201d, consider\u00f3 Karen Young, investigadora s\u00e9nior en el Center on Global Energy Policy de la Universidad de Columbia.<\/p>\n\n\n\n<p>Aunque Arabia Saud\u00ed y la OPEP no tuvieron una reacci\u00f3n inmediata, el ministro de Energ\u00eda emirat\u00ed Suhail al-Mazrouei insisti\u00f3 en que la decisi\u00f3n de su pa\u00eds no se deb\u00eda a ninguna disputa con su vecino del golfo P\u00e9rsico.<\/p>\n\n\n\n<p>\u201cHemos estado trabajando juntos durante a\u00f1os y a\u00f1os. Tenemos el mayor respeto por los saud\u00edes por liderar la OPEP\u201d, dijo al-Mazrouei a CNBC.<\/p>\n\n\n\n<p>Sin embargo, los Emiratos enviaron a su ministro de Asuntos Exteriores en lugar de a su gobernante a una reuni\u00f3n de l\u00edderes \u00e1rabes del golfo P\u00e9rsico celebrada el martes en Yeda, Arabia Saud\u00ed, organizada por el pr\u00edncipe heredero saud\u00ed Mohammed bin Salman.<\/p>\n\n\n\n<p>El impulso de los Emiratos para probablemente bombear y vender m\u00e1s petr\u00f3leo tambi\u00e9n llega despu\u00e9s de que acogiera las conversaciones clim\u00e1ticas COP28 de las Naciones Unidas en 2023, una conferencia que termin\u00f3 por primera vez con un compromiso de casi 200 pa\u00edses de alejarse de los combustibles f\u00f3siles.<\/p>\n\n\n\n<p>Pero los Emiratos en su conjunto todav\u00eda planean aumentar su capacidad de producci\u00f3n en los pr\u00f3ximos a\u00f1os mientras impulsa m\u00e1s energ\u00eda limpia en casa, una medida criticada por activistas clim\u00e1ticos.<\/p>\n\n\n\n<p>\u201cLa demanda de energ\u00eda va a subir y subir y subir\u201d, indic\u00f3 el secretario del Interior de Estados Unidos, Doug Burgum, en una conferencia petrolera de Abu Dabi en noviembre. \u201cHoy es el d\u00eda para anunciar que no hay transici\u00f3n energ\u00e9tica. S\u00f3lo hay adici\u00f3n de energ\u00eda\u201d.<\/p>\n\n\n\n<p>Sus anfitriones emirat\u00edes le dedicaron un amplio aplauso.<\/p>\n","protected":false},"excerpt":{"rendered":"<p>POR JON GAMBRELL DUB\u00c1I, Emiratos \u00c1rabes Unidos (AP) \u2014 Los Emiratos \u00c1rabes Unidos anunciaron el martes que abandonar\u00e1n la OPEP a partir del 1 de mayo, despojando al c\u00e1rtel petrolero&hellip;<\/p>\n","protected":false},"author":10,"featured_media":128967,"comment_status":"open","ping_status":"open","sticky":false,"template":"","format":"standard","meta":{"content-type":"","jetpack_post_was_ever_published":false,"_jetpack_newsletter_access":"","_jetpack_dont_email_post_to_subs":false,"_jetpack_newsletter_tier_id":0,"_jetpack_memberships_contains_paywalled_content":false,"_jetpack_memberships_contains_paid_content":false,"footnotes":""},"categories":[16289],"tags":[32773,32771,4250,32772],"class_list":["post-128966","post","type-post","status-publish","format-standard","has-post-thumbnail","hentry","category-internacionales","tag-cartel-petrolero","tag-emiratos-arabes-unidos-dice-que-dejara-la-opep","tag-golpe","tag-representa"],"jetpack_featured_media_url":"https:\/\/lasprimeras.com.do\/wp-content\/uploads\/2026\/04\/OPEP.jpg","jetpack-related-posts":[{"id":59951,"url":"https:\/\/lasprimeras.com.do\/index.php\/2023\/09\/08\/helicoptero-se-estrella-frente-a-la-costa-de-los-emiratos-arabes-unidos\/","url_meta":{"origin":128966,"position":0},"title":"Helic\u00f3ptero se estrella frente a la costa de los Emiratos \u00c1rabes Unidos","author":"Nelson Feliz","date":"8 de septiembre de 2023","format":false,"excerpt":"Muere piloto y otro est\u00e1 desaparecido. DUBAI, Emiratos \u00c1rabes Unidos (AP) \u2014 Un helic\u00f3ptero se estrell\u00f3 frente a la costa de los Emiratos \u00c1rabes Unidos, matando a un piloto y otro sigue desaparecido, dijeron las autoridades el viernes. El accidente ocurri\u00f3 en alta mar, aunque las Autoridades Generales de Aviaci\u00f3n\u2026","rel":"","context":"En \u00abSin categor\u00eda\u00bb","block_context":{"text":"Sin categor\u00eda","link":"https:\/\/lasprimeras.com.do\/index.php\/category\/sin-categoria\/"},"img":{"alt_text":"","src":"https:\/\/i0.wp.com\/lasprimeras.com.do\/wp-content\/uploads\/2023\/09\/emiratos.jpg?resize=350%2C200&ssl=1","width":350,"height":200,"srcset":"https:\/\/i0.wp.com\/lasprimeras.com.do\/wp-content\/uploads\/2023\/09\/emiratos.jpg?resize=350%2C200&ssl=1 1x, https:\/\/i0.wp.com\/lasprimeras.com.do\/wp-content\/uploads\/2023\/09\/emiratos.jpg?resize=525%2C300&ssl=1 1.5x, https:\/\/i0.wp.com\/lasprimeras.com.do\/wp-content\/uploads\/2023\/09\/emiratos.jpg?resize=700%2C400&ssl=1 2x"},"classes":[]},{"id":105545,"url":"https:\/\/lasprimeras.com.do\/index.php\/2025\/08\/04\/petroleo-texas-baja-un-1-54-tras-el-nuevo-acuerdo-de-aumento-de-produccion-de-la-opep\/","url_meta":{"origin":128966,"position":1},"title":"Petr\u00f3leo Texas baja un 1.54% tras el nuevo acuerdo de aumento de producci\u00f3n de la OPEP+","author":"Nelson Feliz","date":"4 de agosto de 2025","format":false,"excerpt":"El precio del crudo se cotiza hasta los US$66.29 el barril. Agrncia EFE El precio del petr\u00f3leo intermedio de Texas (WTI) cerr\u00f3 este lunes con una bajada del 1.54%, hasta los US$66.29 el barril, despu\u00e9s de que el domingo la alianza OPEP+, liderada por Arabia Saud\u00ed y Rusia, decidiera aumentar\u2026","rel":"","context":"En \u00abECONOM\u00cdA\u00bb","block_context":{"text":"ECONOM\u00cdA","link":"https:\/\/lasprimeras.com.do\/index.php\/category\/economia\/"},"img":{"alt_text":"","src":"https:\/\/i0.wp.com\/lasprimeras.com.do\/wp-content\/uploads\/2023\/12\/PETROLEO.jpg?resize=350%2C200&ssl=1","width":350,"height":200,"srcset":"https:\/\/i0.wp.com\/lasprimeras.com.do\/wp-content\/uploads\/2023\/12\/PETROLEO.jpg?resize=350%2C200&ssl=1 1x, https:\/\/i0.wp.com\/lasprimeras.com.do\/wp-content\/uploads\/2023\/12\/PETROLEO.jpg?resize=525%2C300&ssl=1 1.5x, https:\/\/i0.wp.com\/lasprimeras.com.do\/wp-content\/uploads\/2023\/12\/PETROLEO.jpg?resize=700%2C400&ssl=1 2x"},"classes":[]},{"id":124185,"url":"https:\/\/lasprimeras.com.do\/index.php\/2026\/03\/09\/iran-elige-como-sucesor-al-hijo-de-jamenei-lo-que-apunta-a-mas-guerra-mientras-se-encarece-el-crudo\/","url_meta":{"origin":128966,"position":2},"title":"Ir\u00e1n elige como sucesor al hijo de Jamenei, lo que apunta a m\u00e1s guerra mientras se encarece el crudo","author":"Nelson Feliz","date":"9 de marzo de 2026","format":false,"excerpt":"POR\u00a0JON GAMBRELL,DAVID RISINGandSAMY MAGDY DUB\u00c1I, Emiratos \u00c1rabes Unidos (AP) \u2014 Ir\u00e1n nombr\u00f3 el lunes al ayatol\u00e1 de l\u00ednea dura Mojtaba Jamenei para suceder a su difunto padre como l\u00edder supremo, lo que apunta que no habr\u00e1 tregua en la guerra lanzada por Estados Unidos e Israel. Los precios del petr\u00f3leo\u2026","rel":"","context":"En \u00abINTERNACIONALES\u00bb","block_context":{"text":"INTERNACIONALES","link":"https:\/\/lasprimeras.com.do\/index.php\/category\/sin-categoria\/internacionales\/"},"img":{"alt_text":"","src":"","width":0,"height":0},"classes":[]},{"id":114458,"url":"https:\/\/lasprimeras.com.do\/index.php\/2025\/11\/14\/iran-incauta-un-petrolero-en-el-estrecho-de-ormuz-segun-funcionario-de-eeuu\/","url_meta":{"origin":128966,"position":3},"title":"Ir\u00e1n incauta un petrolero en el estrecho de Ormuz, seg\u00fan funcionario de EEUU","author":"Nelson Feliz","date":"14 de noviembre de 2025","format":false,"excerpt":"POR JON GAMBRELL DUB\u00c1I, Emiratos \u00c1rabes Unidos (AP) \u2014 Ir\u00e1n incaut\u00f3 el viernes un petrolero con bandera de las Islas Marshall cuando navegaba por el estrecho de Ormuz, seg\u00fan un funcionario de Estados Unidos, y desvi\u00f3 el buque hacia sus aguas territoriales en el primer incidente de este tipo en\u2026","rel":"","context":"En \u00abINTERNACIONALES\u00bb","block_context":{"text":"INTERNACIONALES","link":"https:\/\/lasprimeras.com.do\/index.php\/category\/sin-categoria\/internacionales\/"},"img":{"alt_text":"","src":"https:\/\/i0.wp.com\/lasprimeras.com.do\/wp-content\/uploads\/2025\/11\/incautan.jpg?resize=350%2C200&ssl=1","width":350,"height":200,"srcset":"https:\/\/i0.wp.com\/lasprimeras.com.do\/wp-content\/uploads\/2025\/11\/incautan.jpg?resize=350%2C200&ssl=1 1x, https:\/\/i0.wp.com\/lasprimeras.com.do\/wp-content\/uploads\/2025\/11\/incautan.jpg?resize=525%2C300&ssl=1 1.5x, https:\/\/i0.wp.com\/lasprimeras.com.do\/wp-content\/uploads\/2025\/11\/incautan.jpg?resize=700%2C400&ssl=1 2x"},"classes":[]},{"id":117912,"url":"https:\/\/lasprimeras.com.do\/index.php\/2025\/12\/18\/algunos-buques-petroleros-sancionados-evitan-ir-a-venezuela-ante-amenaza-de-trump\/","url_meta":{"origin":128966,"position":4},"title":"Algunos buques petroleros sancionados evitan ir a Venezuela ante amenaza de Trump","author":"Nelson Feliz","date":"18 de diciembre de 2025","format":false,"excerpt":"El presidente venezolano Nicol\u00e1s Maduro en un mitin con partidarios, el 10 de diciembre de 2025, en Caracas. (AP foto\/Ariana Cubillos)","rel":"","context":"En \u00abINTERNACIONALES\u00bb","block_context":{"text":"INTERNACIONALES","link":"https:\/\/lasprimeras.com.do\/index.php\/category\/sin-categoria\/internacionales\/"},"img":{"alt_text":"El presidente venezolano Nicol\u00e1s Maduro en un mitin con partidarios, el 10 de diciembre de 2025, en Caracas. (AP foto\/Ariana Cubillos)","src":"https:\/\/i0.wp.com\/lasprimeras.com.do\/wp-content\/uploads\/2025\/12\/Nicolas-Maduro-1.jpg?resize=350%2C200&ssl=1","width":350,"height":200,"srcset":"https:\/\/i0.wp.com\/lasprimeras.com.do\/wp-content\/uploads\/2025\/12\/Nicolas-Maduro-1.jpg?resize=350%2C200&ssl=1 1x, https:\/\/i0.wp.com\/lasprimeras.com.do\/wp-content\/uploads\/2025\/12\/Nicolas-Maduro-1.jpg?resize=525%2C300&ssl=1 1.5x, https:\/\/i0.wp.com\/lasprimeras.com.do\/wp-content\/uploads\/2025\/12\/Nicolas-Maduro-1.jpg?resize=700%2C400&ssl=1 2x"},"classes":[]},{"id":124346,"url":"https:\/\/lasprimeras.com.do\/index.php\/2026\/03\/11\/iran-ataca-barcos-aeropuerto-de-dubai-e-infraestructura-petrolera-crece-temor-por-economia-global\/","url_meta":{"origin":128966,"position":5},"title":"Ir\u00e1n ataca barcos, aeropuerto de Dub\u00e1i e infraestructura petrolera; crece temor por econom\u00eda global","author":"Nelson Feliz","date":"11 de marzo de 2026","format":false,"excerpt":"POR JON GAMBRELL, SAM MEDNICK and DAVID RISING DUB\u00c1I, Emiratos \u00c1rabes Unidos (AP) \u2014 Ir\u00e1n atac\u00f3 barcos comerciales y el Aeropuerto Internacional de Dub\u00e1i el mi\u00e9rcoles, intensificando una campa\u00f1a para cerrar el golfo P\u00e9rsico, a medida que aumentan las preocupaciones energ\u00e9ticas a nivel mundial, y mientras Estados Unidos e Israel\u2026","rel":"","context":"En \u00abECONOM\u00cdA\u00bb","block_context":{"text":"ECONOM\u00cdA","link":"https:\/\/lasprimeras.com.do\/index.php\/category\/economia\/"},"img":{"alt_text":"Emiratos \u00c1rabes Unidos","src":"https:\/\/i0.wp.com\/lasprimeras.com.do\/wp-content\/uploads\/2026\/03\/Emiratos-Arabes-Unidos.jpg?resize=350%2C200&ssl=1","width":350,"height":200,"srcset":"https:\/\/i0.wp.com\/lasprimeras.com.do\/wp-content\/uploads\/2026\/03\/Emiratos-Arabes-Unidos.jpg?resize=350%2C200&ssl=1 1x, https:\/\/i0.wp.com\/lasprimeras.com.do\/wp-content\/uploads\/2026\/03\/Emiratos-Arabes-Unidos.jpg?resize=525%2C300&ssl=1 1.5x, https:\/\/i0.wp.com\/lasprimeras.com.do\/wp-content\/uploads\/2026\/03\/Emiratos-Arabes-Unidos.jpg?resize=700%2C400&ssl=1 2x"},"classes":[]}],"jetpack_sharing_enabled":true,"_links":{"self":[{"href":"https:\/\/lasprimeras.com.do\/index.php\/wp-json\/wp\/v2\/posts\/128966","targetHints":{"allow":["GET"]}}],"collection":[{"href":"https:\/\/lasprimeras.com.do\/index.php\/wp-json\/wp\/v2\/posts"}],"about":[{"href":"https:\/\/lasprimeras.com.do\/index.php\/wp-json\/wp\/v2\/types\/post"}],"author":[{"embeddable":true,"href":"https:\/\/lasprimeras.com.do\/index.php\/wp-json\/wp\/v2\/users\/10"}],"replies":[{"embeddable":true,"href":"https:\/\/lasprimeras.com.do\/index.php\/wp-json\/wp\/v2\/comments?post=128966"}],"version-history":[{"count":1,"href":"https:\/\/lasprimeras.com.do\/index.php\/wp-json\/wp\/v2\/posts\/128966\/revisions"}],"predecessor-version":[{"id":128968,"href":"https:\/\/lasprimeras.com.do\/index.php\/wp-json\/wp\/v2\/posts\/128966\/revisions\/128968"}],"wp:featuredmedia":[{"embeddable":true,"href":"https:\/\/lasprimeras.com.do\/index.php\/wp-json\/wp\/v2\/media\/128967"}],"wp:attachment":[{"href":"https:\/\/lasprimeras.com.do\/index.php\/wp-json\/wp\/v2\/media?parent=128966"}],"wp:term":[{"taxonomy":"category","embeddable":true,"href":"https:\/\/lasprimeras.com.do\/index.php\/wp-json\/wp\/v2\/categories?post=128966"},{"taxonomy":"post_tag","embeddable":true,"href":"https:\/\/lasprimeras.com.do\/index.php\/wp-json\/wp\/v2\/tags?post=128966"}],"curies":[{"name":"wp","href":"https:\/\/api.w.org\/{rel}","templated":true}]}}