{"id":128969,"date":"2026-04-28T18:04:07","date_gmt":"2026-04-28T22:04:07","guid":{"rendered":"https:\/\/lasprimeras.com.do\/?p=128969"},"modified":"2026-04-28T18:04:09","modified_gmt":"2026-04-28T22:04:09","slug":"starmer-evita-investigacion-etica-por-designar-embajador-a-mandelson-amigo-de-epstein","status":"publish","type":"post","link":"https:\/\/lasprimeras.com.do\/index.php\/2026\/04\/28\/starmer-evita-investigacion-etica-por-designar-embajador-a-mandelson-amigo-de-epstein\/","title":{"rendered":"Starmer evita investigaci\u00f3n \u00e9tica por designar embajador a Mandelson, amigo de Epstein"},"content":{"rendered":"\n<p>POR JILL LAWLESS<\/p>\n\n\n\n<p>LONDRES (AP) \u2014 El primer ministro brit\u00e1nico Keir Starmer evit\u00f3 el martes una investigaci\u00f3n parlamentaria por elegir a Peter Mandelson, vinculado al financista acusado de abuso de menores Jeffrey Epstein, como embajador en Washington, pero no logr\u00f3 acallar las preguntas sobre si manipul\u00f3 las reglas para hacer el controvertido nombramiento.<\/p>\n\n\n\n<p>En un impulso para el premier, la C\u00e1mara de los Comunes rechaz\u00f3 una iniciativa de la oposici\u00f3n para activar una investigaci\u00f3n de normas parlamentarias sobre Starmer.<\/p>\n\n\n\n<p>Pero un exalto funcionario dijo que no pod\u00eda confirmar que se sigui\u00f3 el \u201cdebido proceso\u201d cuando Mandelson obtuvo el puesto diplom\u00e1tico clave pese a no aprobar los controles de seguridad.<\/p>\n\n\n\n<p>Las repercusiones del desafortunado nombramiento han dejado a Starmer luchando por mantenerse en el cargo, y enfrentado con su servicio civil.<\/p>\n\n\n\n<p>El primer ministro est\u00e1 enojado porque no le dijeron que Mandelson no hab\u00eda superado los controles de seguridad, mientras que altos funcionarios dicen que sintieron presi\u00f3n de la oficina de Starmer para confirmar el nombramiento r\u00e1pidamente al inicio del segundo mandato del presidente Donald Trump.<\/p>\n\n\n\n<p>\u201cSe me present\u00f3 una decisi\u00f3n y me dijeron que siguiera adelante\u201d, dijo Philip Barton, quien era el principal funcionario del Ministerio de Exteriores cuando se anunci\u00f3 la elecci\u00f3n de Mandelson en diciembre de 2024. \u201cAl primer ministro se le hab\u00eda informado de los riesgos y hab\u00eda aceptado los riesgos\u201d.<\/p>\n\n\n\n<p>Importante excolaborador de Starmer se disculpa<\/p>\n\n\n\n<p>El exjefe de despacho del primer ministro brit\u00e1nico Keir Starmer afirm\u00f3 el martes que cometi\u00f3 un \u201cgrave error\u201d al recomendar el nombramiento de Mandelson como embajador de Reino Unido en Estados Unidos, pero neg\u00f3 haber presionado a funcionarios para que ignoraran las cuestiones de seguridad.<\/p>\n\n\n\n<p>Morgan McSweeney dijo a los legisladores en el Comit\u00e9 de Asuntos Exteriores de la C\u00e1mara de los Comunes que \u201cel primer ministro confi\u00f3 en mi consejo, y me equivoqu\u00e9\u201d.<\/p>\n\n\n\n<p>Pidi\u00f3 disculpas a las v\u00edctimas de Epstein y dijo: \u201cLamento cualquier papel que esta controversia haya tenido al causar m\u00e1s dolor o angustia\u201d.<\/p>\n\n\n\n<p>Pero insisti\u00f3 en que no \u201cped\u00ed a los funcionarios que ignoraran los procedimientos, solicit\u00e9 que se omitieran pasos, ni comuniqu\u00e9 expl\u00edcita o impl\u00edcitamente que las verificaciones deb\u00edan aprobarse a toda costa\u201d.<\/p>\n\n\n\n<p>Starmer destituy\u00f3 a Mandelson en septiembre despu\u00e9s de que surgieran nuevos detalles sobre la amistad del embajador con Epstein, un financiero estadounidense acusado de abuso sexual de menores que muri\u00f3 en prisi\u00f3n en 2019.<\/p>\n\n\n\n<p>La polic\u00eda abri\u00f3 una investigaci\u00f3n sobre Mandelson en febrero por acusaciones de que transmiti\u00f3 informaci\u00f3n gubernamental sensible a Epstein cuando era miembro del gobierno brit\u00e1nico en 2009. Niega haber cometido irregularidades y no ha sido acusado.<\/p>\n\n\n\n<p>McSweeney, quien calific\u00f3 a Mandelson como asesor y confidente, renunci\u00f3 en febrero, diciendo que asum\u00eda la responsabilidad por nombrar a Mandelson como embajador.<\/p>\n\n\n\n<p>McSweeney declar\u00f3 que consideraba que la experiencia de Mandelson como excomisario de Comercio de la Uni\u00f3n Europea servir\u00eda bien a Reino Unido para alcanzar un acuerdo comercial con el gobierno de Trump.<\/p>\n\n\n\n<p>\u201cNo creo que el primer ministro hubiera elegido a Mandelson si Kamala Harris hubiera sido elegida presidenta\u201d, indic\u00f3.<\/p>\n\n\n\n<p>El gobierno niega presionar a funcionarios<\/p>\n\n\n\n<p>Pero McSweeney neg\u00f3 las acusaciones de que el personal de Starmer presion\u00f3 a los funcionarios para acelerar la confirmaci\u00f3n.<\/p>\n\n\n\n<p>Se\u00f1al\u00f3 que, en el momento del nombramiento, ten\u00eda la impresi\u00f3n de que la relaci\u00f3n de Mandelson con Epstein era \u201cun conocimiento pasajero\u201d. Cuando se publicaron correos electr\u00f3nicos que mostraban que la amistad era estrecha, \u201cfue una pu\u00f1alada en mi alma\u201d, dijo McSweeney.<\/p>\n\n\n\n<p>El primer ministro destituy\u00f3 al principal funcionario del Ministerio de Exteriores, Olly Robbins, a principios de este mes despu\u00e9s de que se revel\u00f3 que Mandelson fue aprobado para el cargo en contra de la recomendaci\u00f3n de la agencia gubernamental de verificaci\u00f3n de seguridad.<\/p>\n\n\n\n<p>Starmer calific\u00f3 de \u201casombroso\u201d que Robbins no le informara sobre las preocupaciones de seguridad.<\/p>\n\n\n\n<p>Robbins dice que estaba obligado por reglas de confidencialidad. Ha dicho que las preocupaciones no estaban relacionadas con Epstein, aunque no ha revelado de qu\u00e9 se trataban.<\/p>\n\n\n\n<p>Es raro, pero no in\u00e9dito, que los embajadores brit\u00e1nicos sean nombramientos pol\u00edticos en lugar de diplom\u00e1ticos de carrera.<\/p>\n\n\n\n<p>Barton, quien fue el predecesor de Robbins en el Ministerio de Exteriores hasta enero de 2025, dijo al Comit\u00e9 de Asuntos Exteriores que le preocupaba que los v\u00ednculos conocidos de Mandelson con el \u201ct\u00f3xico, papa caliente\u201d Epstein \u201cpodr\u00edan convertirse en un problema\u201d.<\/p>\n\n\n\n<p>\u201cHubo presi\u00f3n para que todo se hiciera lo m\u00e1s r\u00e1pido posible\u201d, dijo Barton, aunque neg\u00f3 que hubiera presi\u00f3n para un resultado espec\u00edfico.<\/p>\n\n\n\n<p>Starmer ha negado que alguien en su oficina presionara al servicio civil.<\/p>\n\n\n\n<p>La oposici\u00f3n intent\u00f3 forzar una investigaci\u00f3n<\/p>\n\n\n\n<p>Los cr\u00edticos dicen que la decisi\u00f3n de Starmer de nombrar a Mandelson es evidencia de mal juicio por parte de un primer ministro que ha cometido repetidos tropiezos desde que llev\u00f3 al Partido Laborista de centroizquierda a una victoria electoral aplastante en julio de 2024.<\/p>\n\n\n\n<p>Starmer ya desactiv\u00f3 una posible crisis en febrero, cuando algunos legisladores laboristas lo instaron a renunciar por el nombramiento de Mandelson.<\/p>\n\n\n\n<p>Podr\u00eda enfrentar un nuevo desaf\u00edo si, como se espera, los laboristas sufren una dura derrota en las elecciones locales y regionales del 7 de mayo, que dan a los votantes la oportunidad de emitir un veredicto de mitad de mandato sobre el gobierno.<\/p>\n\n\n\n<p>Logr\u00f3 ganar una votaci\u00f3n el martes en la C\u00e1mara de los Comunes, donde los legisladores rechazaron por 335 votos contra 223 una exigencia del opositor Partido Conservador para que el Comit\u00e9 de Privilegios del Parlamento investigue la afirmaci\u00f3n de Starmer de que se sigui\u00f3 el \u201cdebido proceso\u201d en el nombramiento de Mandelson.<\/p>\n\n\n\n<p>El comit\u00e9 tiene el poder de suspender a legisladores, incluido el primer ministro, del Parlamento por infracciones de las normas, y una conclusi\u00f3n de que se enga\u00f1\u00f3 deliberadamente al Parlamento suele ser motivo de dimisi\u00f3n.<\/p>\n\n\n\n<p>\u201cEst\u00e1 claro que no se sigui\u00f3 el debido proceso completo\u201d, sostuvo la l\u00edder conservadora Kemi Badenoch, y a\u00f1adi\u00f3 que \u201cnombrar a un riesgo conocido para la seguridad nacional como embajador en Estados Unidos es un profundo fracaso del gobierno\u201d.<\/p>\n\n\n\n<p>Badenoch inst\u00f3 a los legisladores laboristas a no ser c\u00f3mplices de un \u201cencubrimiento\u201d.<\/p>\n\n\n\n<p>Starmer inst\u00f3 a los legisladores laboristas a \u201cmantenerse unidos\u201d y votar en contra de la moci\u00f3n, calific\u00e1ndola de una \u201cmaniobra\u201d programada para da\u00f1ar al partido antes de las elecciones de mayo.<\/p>\n\n\n\n<p>Muchos atendieron el llamado, pero varios criticaron a Starmer durante el debate en la C\u00e1mara de los Comunes. La legisladora laborista Emma Lewell dijo que \u201ccomo el p\u00fablico, me siento defraudada, decepcionada y estoy enojada.<\/p>\n\n\n\n<p>\u201cPeter Mandelson nunca debi\u00f3 haber sido nombrado\u201d, dijo . \u201cEsto fue un fracaso fundamental de juicio\u201d.<\/p>\n","protected":false},"excerpt":{"rendered":"<p>POR JILL LAWLESS LONDRES (AP) \u2014 El primer ministro brit\u00e1nico Keir Starmer evit\u00f3 el martes una investigaci\u00f3n parlamentaria por elegir a Peter Mandelson, vinculado al financista acusado de abuso de&hellip;<\/p>\n","protected":false},"author":10,"featured_media":128970,"comment_status":"open","ping_status":"open","sticky":false,"template":"","format":"standard","meta":{"content-type":"","jetpack_post_was_ever_published":false,"_jetpack_newsletter_access":"","_jetpack_dont_email_post_to_subs":false,"_jetpack_newsletter_tier_id":0,"_jetpack_memberships_contains_paywalled_content":false,"_jetpack_memberships_contains_paid_content":false,"footnotes":""},"categories":[16289],"tags":[3097,2016,32774,7900,24456,32775],"class_list":["post-128969","post","type-post","status-publish","format-standard","has-post-thumbnail","hentry","category-internacionales","tag-amigo","tag-embajador","tag-investigacion-etica","tag-jeffrey-epstein","tag-keir-starmer","tag-mandelson"],"jetpack_featured_media_url":"https:\/\/lasprimeras.com.do\/wp-content\/uploads\/2026\/04\/Keir-Starmer.jpg","jetpack-related-posts":[{"id":121627,"url":"https:\/\/lasprimeras.com.do\/index.php\/2026\/02\/08\/renuncia-el-jefe-de-gabinete-britanico-por-nombramiento-de-embajador-en-eeuu-vinculado-a-epstein\/","url_meta":{"origin":128969,"position":0},"title":"Renuncia el jefe de gabinete brit\u00e1nico por nombramiento de embajador en EEUU vinculado a Epstein","author":"Nelson Feliz","date":"8 de febrero de 2026","format":false,"excerpt":"POR SYLVIA HUI LONDRES (AP) \u2014 El jefe de gabinete del primer ministro brit\u00e1nico, Keir Starmer, renunci\u00f3 el domingo debido al esc\u00e1ndalo en torno al nombramiento de Peter Mandelson como embajador del Reino Unido en Estados Unidos, a pesar de sus v\u00ednculos con Jeffrey Epstein. Morgan McSweeney asumi\u00f3 la responsabilidad\u2026","rel":"","context":"En \u00abINTERNACIONALES\u00bb","block_context":{"text":"INTERNACIONALES","link":"https:\/\/lasprimeras.com.do\/index.php\/category\/sin-categoria\/internacionales\/"},"img":{"alt_text":"Peter Mandelson, entonces embajador brit\u00e1nico en Estados Unidos, en un evento en Londres el 18 de junio del 2025. (AP foto\/Kirsty Wigglesworth)","src":"https:\/\/i0.wp.com\/lasprimeras.com.do\/wp-content\/uploads\/2026\/02\/Peter-Mandelson.jpg?resize=350%2C200&ssl=1","width":350,"height":200,"srcset":"https:\/\/i0.wp.com\/lasprimeras.com.do\/wp-content\/uploads\/2026\/02\/Peter-Mandelson.jpg?resize=350%2C200&ssl=1 1x, https:\/\/i0.wp.com\/lasprimeras.com.do\/wp-content\/uploads\/2026\/02\/Peter-Mandelson.jpg?resize=525%2C300&ssl=1 1.5x, https:\/\/i0.wp.com\/lasprimeras.com.do\/wp-content\/uploads\/2026\/02\/Peter-Mandelson.jpg?resize=700%2C400&ssl=1 2x"},"classes":[]},{"id":108822,"url":"https:\/\/lasprimeras.com.do\/index.php\/2025\/09\/11\/starmer-despide-al-embajador-britanico-en-eeuu-por-sus-vinculos-con-jeffrey-epstein\/","url_meta":{"origin":128969,"position":1},"title":"Starmer despide al embajador brit\u00e1nico en EEUU por sus v\u00ednculos con Jeffrey Epstein","author":"Nelson Feliz","date":"11 de septiembre de 2025","format":false,"excerpt":"LONDRES (AP) \u2014 El primer ministro brit\u00e1nico, Keir Starmer, despidi\u00f3 el jueves al embajador del Reino Unido en Estados Unidos, Peter Mandelson, debido a sus v\u00ednculos con el ped\u00f3filo convicto Jeffrey Epstein. El ministro de Asuntos Exteriores, Stephen Doughty, afirm\u00f3 en una declaraci\u00f3n en la C\u00e1mara de los Comunes el\u2026","rel":"","context":"En \u00abINTERNACIONALES\u00bb","block_context":{"text":"INTERNACIONALES","link":"https:\/\/lasprimeras.com.do\/index.php\/category\/sin-categoria\/internacionales\/"},"img":{"alt_text":"","src":"https:\/\/i0.wp.com\/lasprimeras.com.do\/wp-content\/uploads\/2025\/09\/Peter-Mandelson.webp?resize=350%2C200&ssl=1","width":350,"height":200,"srcset":"https:\/\/i0.wp.com\/lasprimeras.com.do\/wp-content\/uploads\/2025\/09\/Peter-Mandelson.webp?resize=350%2C200&ssl=1 1x, https:\/\/i0.wp.com\/lasprimeras.com.do\/wp-content\/uploads\/2025\/09\/Peter-Mandelson.webp?resize=525%2C300&ssl=1 1.5x, https:\/\/i0.wp.com\/lasprimeras.com.do\/wp-content\/uploads\/2025\/09\/Peter-Mandelson.webp?resize=700%2C400&ssl=1 2x"},"classes":[]},{"id":121329,"url":"https:\/\/lasprimeras.com.do\/index.php\/2026\/02\/03\/la-policia-en-reino-unido-investiga-al-exembajador-peter-mandelson-por-nexos-con-epstein\/","url_meta":{"origin":128969,"position":2},"title":"La polic\u00eda en Reino Unido investiga al exembajador Peter Mandelson por nexos con Epstein","author":"Nelson Feliz","date":"3 de febrero de 2026","format":false,"excerpt":"POR JILL LAWLESS LONDRES (AP) \u2014 La polic\u00eda brit\u00e1nica abri\u00f3 el martes una investigaci\u00f3n criminal sobre el pol\u00edtico Peter Mandelson por presunta mala conducta en el cargo p\u00fablico debido a sus nexos con el delincuente sexual convicto Jeffrey Epstein. El gobierno del Reino Unido dice que los archivos reci\u00e9n publicados\u2026","rel":"","context":"En \u00abINTERNACIONALES\u00bb","block_context":{"text":"INTERNACIONALES","link":"https:\/\/lasprimeras.com.do\/index.php\/category\/sin-categoria\/internacionales\/"},"img":{"alt_text":"","src":"https:\/\/i0.wp.com\/lasprimeras.com.do\/wp-content\/uploads\/2026\/02\/La-policia-en-Reino-Unido.jpg?resize=350%2C200&ssl=1","width":350,"height":200,"srcset":"https:\/\/i0.wp.com\/lasprimeras.com.do\/wp-content\/uploads\/2026\/02\/La-policia-en-Reino-Unido.jpg?resize=350%2C200&ssl=1 1x, https:\/\/i0.wp.com\/lasprimeras.com.do\/wp-content\/uploads\/2026\/02\/La-policia-en-Reino-Unido.jpg?resize=525%2C300&ssl=1 1.5x, https:\/\/i0.wp.com\/lasprimeras.com.do\/wp-content\/uploads\/2026\/02\/La-policia-en-Reino-Unido.jpg?resize=700%2C400&ssl=1 2x"},"classes":[]},{"id":123215,"url":"https:\/\/lasprimeras.com.do\/index.php\/2026\/02\/27\/ue-ordena-investigar-vinculos-entre-mandelson-y-epstein-en-su-etapa-como-comisario-de-comercio\/","url_meta":{"origin":128969,"position":3},"title":"UE ordena investigar v\u00ednculos entre Mandelson y Epstein en su etapa como comisario de Comercio","author":"Nelson Feliz","date":"27 de febrero de 2026","format":false,"excerpt":"POR SAM McNEIL BRUSELAS (AP) \u2014 La Uni\u00f3n Europea orden\u00f3 a su oficina antifraude que investigue a Peter Mandelson, el desacreditado exembajador del Reino Unido en Estados Unidos, por sus v\u00ednculos con el delincuente sexual convicto Jeffrey Epstein cuando se desempe\u00f1\u00f3 como representante comercial de Bruselas. \u201cDadas las circunstancias y\u2026","rel":"","context":"En \u00abINTERNACIONALES\u00bb","block_context":{"text":"INTERNACIONALES","link":"https:\/\/lasprimeras.com.do\/index.php\/category\/sin-categoria\/internacionales\/"},"img":{"alt_text":"Peter Mandelson, izquierda, posa con Andrew Mountbatten-Windsor","src":"https:\/\/i0.wp.com\/lasprimeras.com.do\/wp-content\/uploads\/2026\/02\/Peter-Mandelson-izquierda-posa-con-Andrew-Mountbatten-Windsor.jpg?resize=350%2C200&ssl=1","width":350,"height":200,"srcset":"https:\/\/i0.wp.com\/lasprimeras.com.do\/wp-content\/uploads\/2026\/02\/Peter-Mandelson-izquierda-posa-con-Andrew-Mountbatten-Windsor.jpg?resize=350%2C200&ssl=1 1x, https:\/\/i0.wp.com\/lasprimeras.com.do\/wp-content\/uploads\/2026\/02\/Peter-Mandelson-izquierda-posa-con-Andrew-Mountbatten-Windsor.jpg?resize=525%2C300&ssl=1 1.5x, https:\/\/i0.wp.com\/lasprimeras.com.do\/wp-content\/uploads\/2026\/02\/Peter-Mandelson-izquierda-posa-con-Andrew-Mountbatten-Windsor.jpg?resize=700%2C400&ssl=1 2x"},"classes":[]},{"id":115487,"url":"https:\/\/lasprimeras.com.do\/index.php\/2025\/11\/23\/starmer-sugiere-que-exprincipe-andres-testifique-en-investigacion-de-eeuu-sobre-jeffrey-epstein\/","url_meta":{"origin":128969,"position":4},"title":"Starmer sugiere que expr\u00edncipe Andr\u00e9s testifique en investigaci\u00f3n de EEUU sobre Jeffrey Epstein","author":"Nelson Feliz","date":"23 de noviembre de 2025","format":false,"excerpt":"LONDRES (AP) \u2014 La presi\u00f3n est\u00e1 aumentando para que el expr\u00edncipe Andr\u00e9s testifique ante un comit\u00e9 del Congreso de Estados Unidos que investiga al delincuente sexual convicto Jeffrey Epstein, despu\u00e9s de que el primer ministro brit\u00e1nico sugiriera que deber\u00eda declarar. Keir Starmer se neg\u00f3 a comentar directamente sobre el deshonrado\u2026","rel":"","context":"En \u00abINTERNACIONALES\u00bb","block_context":{"text":"INTERNACIONALES","link":"https:\/\/lasprimeras.com.do\/index.php\/category\/sin-categoria\/internacionales\/"},"img":{"alt_text":"","src":"https:\/\/i0.wp.com\/lasprimeras.com.do\/wp-content\/uploads\/2025\/11\/El-principe-Andres-de-Gran-Bretana-en-la-Real-Capilla-de-Todos-los-Santos-en-el-Royal-Lodge-en-Windsor.jpg?resize=350%2C200&ssl=1","width":350,"height":200,"srcset":"https:\/\/i0.wp.com\/lasprimeras.com.do\/wp-content\/uploads\/2025\/11\/El-principe-Andres-de-Gran-Bretana-en-la-Real-Capilla-de-Todos-los-Santos-en-el-Royal-Lodge-en-Windsor.jpg?resize=350%2C200&ssl=1 1x, https:\/\/i0.wp.com\/lasprimeras.com.do\/wp-content\/uploads\/2025\/11\/El-principe-Andres-de-Gran-Bretana-en-la-Real-Capilla-de-Todos-los-Santos-en-el-Royal-Lodge-en-Windsor.jpg?resize=525%2C300&ssl=1 1.5x, https:\/\/i0.wp.com\/lasprimeras.com.do\/wp-content\/uploads\/2025\/11\/El-principe-Andres-de-Gran-Bretana-en-la-Real-Capilla-de-Todos-los-Santos-en-el-Royal-Lodge-en-Windsor.jpg?resize=700%2C400&ssl=1 2x"},"classes":[]},{"id":85679,"url":"https:\/\/lasprimeras.com.do\/index.php\/2024\/07\/07\/nuevo-premier-britanico-inicia-gira-para-un-reinicio-con-escocia-irlanda-del-norte-y-gales\/","url_meta":{"origin":128969,"position":5},"title":"Nuevo premier brit\u00e1nico inicia gira para un \u201creinicio\u201d con Escocia, Irlanda del Norte y Gales","author":"Nelson Feliz","date":"7 de julio de 2024","format":false,"excerpt":"BY BRIAN MELLEY LONDRES (AP) \u2014 El nuevo primer ministro brit\u00e1nico, Keir Starmer, inici\u00f3 el domingo un viaje a los cuatro rincones del Reino Unido como parte de un \u201creinicio inmediato\u201d con los gobiernos de Escocia, Irlanda del Norte y Gales. Starmer, quien dijo que tiene un \u201cmandato para hacer\u2026","rel":"","context":"En \u00abSin categor\u00eda\u00bb","block_context":{"text":"Sin categor\u00eda","link":"https:\/\/lasprimeras.com.do\/index.php\/category\/sin-categoria\/"},"img":{"alt_text":"Keir Starmer","src":"https:\/\/i0.wp.com\/lasprimeras.com.do\/wp-content\/uploads\/2024\/07\/Keir-Starmer.jpg?resize=350%2C200&ssl=1","width":350,"height":200,"srcset":"https:\/\/i0.wp.com\/lasprimeras.com.do\/wp-content\/uploads\/2024\/07\/Keir-Starmer.jpg?resize=350%2C200&ssl=1 1x, https:\/\/i0.wp.com\/lasprimeras.com.do\/wp-content\/uploads\/2024\/07\/Keir-Starmer.jpg?resize=525%2C300&ssl=1 1.5x, https:\/\/i0.wp.com\/lasprimeras.com.do\/wp-content\/uploads\/2024\/07\/Keir-Starmer.jpg?resize=700%2C400&ssl=1 2x"},"classes":[]}],"jetpack_sharing_enabled":true,"_links":{"self":[{"href":"https:\/\/lasprimeras.com.do\/index.php\/wp-json\/wp\/v2\/posts\/128969","targetHints":{"allow":["GET"]}}],"collection":[{"href":"https:\/\/lasprimeras.com.do\/index.php\/wp-json\/wp\/v2\/posts"}],"about":[{"href":"https:\/\/lasprimeras.com.do\/index.php\/wp-json\/wp\/v2\/types\/post"}],"author":[{"embeddable":true,"href":"https:\/\/lasprimeras.com.do\/index.php\/wp-json\/wp\/v2\/users\/10"}],"replies":[{"embeddable":true,"href":"https:\/\/lasprimeras.com.do\/index.php\/wp-json\/wp\/v2\/comments?post=128969"}],"version-history":[{"count":1,"href":"https:\/\/lasprimeras.com.do\/index.php\/wp-json\/wp\/v2\/posts\/128969\/revisions"}],"predecessor-version":[{"id":128971,"href":"https:\/\/lasprimeras.com.do\/index.php\/wp-json\/wp\/v2\/posts\/128969\/revisions\/128971"}],"wp:featuredmedia":[{"embeddable":true,"href":"https:\/\/lasprimeras.com.do\/index.php\/wp-json\/wp\/v2\/media\/128970"}],"wp:attachment":[{"href":"https:\/\/lasprimeras.com.do\/index.php\/wp-json\/wp\/v2\/media?parent=128969"}],"wp:term":[{"taxonomy":"category","embeddable":true,"href":"https:\/\/lasprimeras.com.do\/index.php\/wp-json\/wp\/v2\/categories?post=128969"},{"taxonomy":"post_tag","embeddable":true,"href":"https:\/\/lasprimeras.com.do\/index.php\/wp-json\/wp\/v2\/tags?post=128969"}],"curies":[{"name":"wp","href":"https:\/\/api.w.org\/{rel}","templated":true}]}}