{"id":128978,"date":"2026-04-28T18:24:42","date_gmt":"2026-04-28T22:24:42","guid":{"rendered":"https:\/\/lasprimeras.com.do\/?p=128978"},"modified":"2026-04-28T18:25:09","modified_gmt":"2026-04-28T22:25:09","slug":"fp-denuncia-prm-promueve-pagos-millonarios-ilegales-con-fondos-publicos","status":"publish","type":"post","link":"https:\/\/lasprimeras.com.do\/index.php\/2026\/04\/28\/fp-denuncia-prm-promueve-pagos-millonarios-ilegales-con-fondos-publicos\/","title":{"rendered":"FP denuncia: PRM promueve pagos millonarios ilegales con fondos p\u00fablicos"},"content":{"rendered":"\n<p><strong>Secretario de Asuntos Jur\u00eddicos advierte que la iniciativa vulnera la Constituci\u00f3n y da paso a posibles actos de corrupci\u00f3n a gran escala.<\/strong><\/p>\n\n\n\n<p>El partido Fuerza del Pueblo (FP), a trav\u00e9s de su Secretar\u00eda de Asuntos Jur\u00eddicos, denunci\u00f3 este martes que legisladores del Partido Revolucionario Moderno (PRM) promueven un proyecto de ley que pretende autorizar erogaciones de miles de millones de pesos del tesoro p\u00fablico para pagar obras que no fueron contratadas regularmente por el Estado.<\/p>\n\n\n\n<p>Al fijar la posici\u00f3n oficial de la organizaci\u00f3n en rueda de prensa, el titular de esa secretar\u00eda, Ra\u00fal Mart\u00ednez, explic\u00f3 que la iniciativa busca autorizar el pago a m\u00faltiples personas f\u00edsicas y jur\u00eddicas de una cantidad indeterminada de dinero, para satisfacer supuestas deudas contra\u00eddas por la Administraci\u00f3n P\u00fablica respecto de obras de infraestructura ejecutadas sin cumplir con los procedimientos normativos vigentes.<\/p>\n\n\n\n<p>Indic\u00f3 que dicho proyecto ya fue aprobado en la C\u00e1mara de Diputados y actualmente se encuentra bajo discusi\u00f3n en el Senado de la Rep\u00fablica.<\/p>\n\n\n\n<p>El dirigente pol\u00edtico record\u00f3 que una propuesta similar fue aprobada anteriormente por la mayor\u00eda oficialista en el Congreso, pero fue observada por el Poder Ejecutivo a principios de este a\u00f1o.<\/p>\n\n\n\n<p>No obstante, se\u00f1al\u00f3 que los diputados del PRM han insistido en retomar esta iniciativa, la cual calific\u00f3 como un \u201cmay\u00fasculo desatino\u201d que contraviene la Constituci\u00f3n y las normas de control del sistema de administraci\u00f3n financiera del Estado dominicano.<\/p>\n\n\n\n<p>Mart\u00ednez sostuvo que la pieza legislativa constituye una seria amenaza para la sostenibilidad fiscal, al pretender que el Estado reconozca compromisos alegados sin que se hayan cumplido las previsiones legales que garantizan la transparencia y legalidad de las contrataciones p\u00fablicas.<\/p>\n\n\n\n<p>En ese sentido, afirm\u00f3 que la propuesta incluso permitir\u00eda la erogaci\u00f3n de fondos p\u00fablicos para pagar obras supuestamente realizadas sin respaldo contractual.<\/p>\n\n\n\n<p>Asimismo, advirti\u00f3 que el proyecto contradice principios constitucionales fundamentales como la responsabilidad financiera y la legalidad presupuestaria, al tiempo que debilita los mecanismos de control del gasto p\u00fablico y el endeudamiento estatal establecidos en normativas como la Ley Org\u00e1nica de Presupuesto para el Sector P\u00fablico, la Ley de Cr\u00e9dito P\u00fablico, la Ley de Planificaci\u00f3n e Inversi\u00f3n P\u00fablica, as\u00ed como las disposiciones m\u00e1s recientes en materia de organizaci\u00f3n administrativa y contrataciones p\u00fablicas.<\/p>\n\n\n\n<p>El secretario de Asuntos Jur\u00eddicos de la Fuerza del Pueblo cuestion\u00f3 adem\u00e1s que la iniciativa reconozca la condici\u00f3n de acreedores del Estado a centenares de personas f\u00edsicas y empresas sin que se determinen previamente las condiciones en que fueron contra\u00eddos esos compromisos, la efectiva ejecuci\u00f3n de las obras o los montos a pagar.<\/p>\n\n\n\n<p>A su juicio, legislar de esta manera \u201cirresponsable y opaca\u201d abre la puerta a posibles actos de corrupci\u00f3n a gran escala, con consecuencias negativas para las finanzas p\u00fablicas.<\/p>\n\n\n\n<p>La Fuerza del Pueblo exigi\u00f3 al Senado de la Rep\u00fablica rechazar el proyecto de ley, y expres\u00f3 que espera que el Poder Ejecutivo, en caso de ser aprobado en la C\u00e1mara Alta, se abstenga de promulgarlo y lo devuelva al Congreso con las observaciones correspondientes.<\/p>\n\n\n\n<p>La organizaci\u00f3n pol\u00edtica asegur\u00f3 que se mantendr\u00e1 vigilante frente a esta iniciativa, al considerar que representa un grave riesgo para el manejo responsable de los recursos del Estado y el respeto a la Constituci\u00f3n y las leyes de la Rep\u00fablica Dominicana.<\/p>\n","protected":false},"excerpt":{"rendered":"<p>Secretario de Asuntos Jur\u00eddicos advierte que la iniciativa vulnera la Constituci\u00f3n y da paso a posibles actos de corrupci\u00f3n a gran escala. El partido Fuerza del Pueblo (FP), a trav\u00e9s&hellip;<\/p>\n","protected":false},"author":10,"featured_media":128979,"comment_status":"open","ping_status":"open","sticky":false,"template":"","format":"standard","meta":{"content-type":"","jetpack_post_was_ever_published":false,"_jetpack_newsletter_access":"","_jetpack_dont_email_post_to_subs":false,"_jetpack_newsletter_tier_id":0,"_jetpack_memberships_contains_paywalled_content":false,"_jetpack_memberships_contains_paid_content":false,"footnotes":""},"categories":[16559,25],"tags":[13661,3051,79,92,11391,1901,32780,1992],"class_list":["post-128978","post","type-post","status-publish","format-standard","has-post-thumbnail","hentry","category-politica","category-portada","tag-abre-la-puerta","tag-fondos-publicos","tag-fp","tag-ilegales","tag-millonarios","tag-pagos","tag-prm-promueve","tag-proyecto-de-ley"],"jetpack_featured_media_url":"https:\/\/lasprimeras.com.do\/wp-content\/uploads\/2026\/04\/Raul-Martinez-1.jpg","jetpack-related-posts":[{"id":116027,"url":"https:\/\/lasprimeras.com.do\/index.php\/2025\/11\/26\/fp-exige-al-prm-revelar-nombres-de-funcionarios-vinculados-al-narcotrafico-a-los-que-hizo-alusion-paliza\/","url_meta":{"origin":128978,"position":0},"title":"FP exige al PRM revelar nombres de funcionarios vinculados al narcotr\u00e1fico, a los que hizo alusi\u00f3n Paliza","author":"Nelson Feliz","date":"26 de noviembre de 2025","format":false,"excerpt":"\u201cPaliza debe decir qui\u00e9nes son\u201d, afirma Ra\u00fal Mart\u00ednez. El partido Fuerza del Pueblo (FP) exigi\u00f3 al Partido Revolucionario Moderno (PRM) que revele los nombres de los funcionarios electos y dirigentes de su propia organizaci\u00f3n que estar\u00edan vinculados al narcotr\u00e1fico y al crimen organizado, como lo dio a entender recientemente su\u2026","rel":"","context":"En \u00abPOLITICA\u00bb","block_context":{"text":"POLITICA","link":"https:\/\/lasprimeras.com.do\/index.php\/category\/politica\/"},"img":{"alt_text":"","src":"https:\/\/i0.wp.com\/lasprimeras.com.do\/wp-content\/uploads\/2025\/11\/Raul-Martinez.jpg?resize=350%2C200&ssl=1","width":350,"height":200,"srcset":"https:\/\/i0.wp.com\/lasprimeras.com.do\/wp-content\/uploads\/2025\/11\/Raul-Martinez.jpg?resize=350%2C200&ssl=1 1x, https:\/\/i0.wp.com\/lasprimeras.com.do\/wp-content\/uploads\/2025\/11\/Raul-Martinez.jpg?resize=525%2C300&ssl=1 1.5x, https:\/\/i0.wp.com\/lasprimeras.com.do\/wp-content\/uploads\/2025\/11\/Raul-Martinez.jpg?resize=700%2C400&ssl=1 2x"},"classes":[]},{"id":104456,"url":"https:\/\/lasprimeras.com.do\/index.php\/2025\/07\/24\/dantes-pide-sanciones-por-el-uso-de-fondos-publicos-en-promociones-de-aspirantes-del-prm\/","url_meta":{"origin":128978,"position":1},"title":"Dant\u00e9s pide sanciones por el &#8220;uso de fondos p\u00fablicos&#8221; en promociones de aspirantes del PRM","author":"Nelson Feliz","date":"24 de julio de 2025","format":false,"excerpt":"El miembro del Comit\u00e9 Pol\u00edtico del Partido de la Liberaci\u00f3n Dominicana (PLD), Jos\u00e9 Dant\u00e9s D\u00edaz, denunci\u00f3 el uso de fondos p\u00fablicos en la promoci\u00f3n de los aspirantes a la candidatura presidencial del PRM. \u201cLos aspirantes del PRM a la candidatura presidencial, est\u00e1n haciendo campa\u00f1as proselitistas desde los puestos p\u00fablicos, con\u2026","rel":"","context":"En \u00abPOLITICA\u00bb","block_context":{"text":"POLITICA","link":"https:\/\/lasprimeras.com.do\/index.php\/category\/politica\/"},"img":{"alt_text":"","src":"https:\/\/i0.wp.com\/lasprimeras.com.do\/wp-content\/uploads\/2025\/07\/Jose-Dantes-Diaz.jpg?resize=350%2C200&ssl=1","width":350,"height":200,"srcset":"https:\/\/i0.wp.com\/lasprimeras.com.do\/wp-content\/uploads\/2025\/07\/Jose-Dantes-Diaz.jpg?resize=350%2C200&ssl=1 1x, https:\/\/i0.wp.com\/lasprimeras.com.do\/wp-content\/uploads\/2025\/07\/Jose-Dantes-Diaz.jpg?resize=525%2C300&ssl=1 1.5x, https:\/\/i0.wp.com\/lasprimeras.com.do\/wp-content\/uploads\/2025\/07\/Jose-Dantes-Diaz.jpg?resize=700%2C400&ssl=1 2x"},"classes":[]},{"id":104097,"url":"https:\/\/lasprimeras.com.do\/index.php\/2025\/07\/21\/fp-denuncia-el-gobierno-del-prm-gasta-casi-4-mil-millones-en-pensiones-especiales-sin-justificacion\/","url_meta":{"origin":128978,"position":2},"title":"FP denuncia el Gobierno del PRM gasta casi 4 mil millones en pensiones especiales sin justificaci\u00f3n","author":"Nelson Feliz","date":"21 de julio de 2025","format":false,"excerpt":"Exigen se explique los criterios utilizados para otorgar 11,007 pensiones sin aval La Fuerza del Pueblo (FP) denunci\u00f3 que el Gobierno del Partido Revolucionario Moderno (PRM) ha dispuesto, entre los a\u00f1os 2021 y 2024, 318 decretos presidenciales para la asignaci\u00f3n de pensiones especiales sin justificaci\u00f3n legal, beneficiando a 11,007 personas\u2026","rel":"","context":"En \u00abECONOM\u00cdA\u00bb","block_context":{"text":"ECONOM\u00cdA","link":"https:\/\/lasprimeras.com.do\/index.php\/category\/economia\/"},"img":{"alt_text":"","src":"https:\/\/i0.wp.com\/lasprimeras.com.do\/wp-content\/uploads\/2025\/07\/Raul-Martinez.jpg?resize=350%2C200&ssl=1","width":350,"height":200},"classes":[]},{"id":82340,"url":"https:\/\/lasprimeras.com.do\/index.php\/2024\/05\/01\/aplazan-solicitud-de-investigacion-ante-la-pgr\/","url_meta":{"origin":128978,"position":3},"title":"Aplazan solicitud de investigaci\u00f3n ante la PGR","author":"BIMARY DE JES\u00daS Matos","date":"1 de mayo de 2024","format":false,"excerpt":"Secretaria de Asuntos Jur\u00eddicos del PLD aplaza solicitud de investigaci\u00f3n del festival de pensiones del Gobierno del PRM La Secretaria de Asuntos Jur\u00eddicos del Partido de la Liberaci\u00f3n Dominicana (PLD) aplaz\u00f3 para una pr\u00f3xima fecha la solicitud de investigaci\u00f3n sobre el festival de pensiones otorgadas de forma irregular por el\u2026","rel":"","context":"En \u00abNACIONALES\u00bb","block_context":{"text":"NACIONALES","link":"https:\/\/lasprimeras.com.do\/index.php\/category\/nacionales\/"},"img":{"alt_text":"","src":"https:\/\/i0.wp.com\/lasprimeras.com.do\/wp-content\/uploads\/2024\/05\/b3917004-14b7-4612-bb78-ed104fd694c5.jpg?resize=350%2C200&ssl=1","width":350,"height":200,"srcset":"https:\/\/i0.wp.com\/lasprimeras.com.do\/wp-content\/uploads\/2024\/05\/b3917004-14b7-4612-bb78-ed104fd694c5.jpg?resize=350%2C200&ssl=1 1x, https:\/\/i0.wp.com\/lasprimeras.com.do\/wp-content\/uploads\/2024\/05\/b3917004-14b7-4612-bb78-ed104fd694c5.jpg?resize=525%2C300&ssl=1 1.5x"},"classes":[]},{"id":125226,"url":"https:\/\/lasprimeras.com.do\/index.php\/2026\/03\/20\/fp-denuncia-nuevos-intentos-de-eliminar-la-cesantia-laboral-llama-a-su-militancia-a-mantenerse-atenta\/","url_meta":{"origin":128978,"position":4},"title":"FP denuncia nuevos intentos de eliminar la cesant\u00eda laboral, llama a su militancia a mantenerse atenta","author":"Nelson Feliz","date":"20 de marzo de 2026","format":false,"excerpt":"_Afirma que el Congreso Nacional, controlado por el PRM, mantiene paralizado el acuerdo tripartito sobre la modificaci\u00f3n del C\u00f3digo de Trabajo_ La Secretar\u00eda de Asuntos Laborales del partido Fuerza del Pueblo (FP) denunci\u00f3 que en el pa\u00eds se estar\u00edan produciendo nuevos intentos de eliminar o debilitar el derecho a la\u2026","rel":"","context":"En \u00abPOLITICA\u00bb","block_context":{"text":"POLITICA","link":"https:\/\/lasprimeras.com.do\/index.php\/category\/politica\/"},"img":{"alt_text":"","src":"https:\/\/i0.wp.com\/lasprimeras.com.do\/wp-content\/uploads\/2025\/01\/Fuerza-del-Pueblo-1.jpg?resize=350%2C200&ssl=1","width":350,"height":200,"srcset":"https:\/\/i0.wp.com\/lasprimeras.com.do\/wp-content\/uploads\/2025\/01\/Fuerza-del-Pueblo-1.jpg?resize=350%2C200&ssl=1 1x, https:\/\/i0.wp.com\/lasprimeras.com.do\/wp-content\/uploads\/2025\/01\/Fuerza-del-Pueblo-1.jpg?resize=525%2C300&ssl=1 1.5x, https:\/\/i0.wp.com\/lasprimeras.com.do\/wp-content\/uploads\/2025\/01\/Fuerza-del-Pueblo-1.jpg?resize=700%2C400&ssl=1 2x"},"classes":[]},{"id":103535,"url":"https:\/\/lasprimeras.com.do\/index.php\/2025\/07\/16\/crisis-del-arroz-fp-acusa-al-gobierno-del-prm-de-inundar-el-mercado-con-importaciones-ilegales\/","url_meta":{"origin":128978,"position":5},"title":"Crisis del arroz: FP acusa al Gobierno del PRM de inundar el mercado con importaciones ilegales","author":"Nelson Feliz","date":"16 de julio de 2025","format":false,"excerpt":"Aseguran: \u201cEst\u00e1n llevando al borde de la quiebra al sector arrocero dominicano\u201d. El partido Fuerza del Pueblo (FP) denunci\u00f3 que el Gobierno del PRM est\u00e1 llevando al colapso al sector arrocero nacional mediante una pol\u00edtica de importaciones descontroladas que viola acuerdos previos y amenaza la seguridad alimentaria del pa\u00eds. Actuando\u2026","rel":"","context":"En \u00abECONOM\u00cdA\u00bb","block_context":{"text":"ECONOM\u00cdA","link":"https:\/\/lasprimeras.com.do\/index.php\/category\/economia\/"},"img":{"alt_text":"","src":"https:\/\/i0.wp.com\/lasprimeras.com.do\/wp-content\/uploads\/2025\/07\/importaciones-ilegales.jpeg?resize=350%2C200&ssl=1","width":350,"height":200,"srcset":"https:\/\/i0.wp.com\/lasprimeras.com.do\/wp-content\/uploads\/2025\/07\/importaciones-ilegales.jpeg?resize=350%2C200&ssl=1 1x, https:\/\/i0.wp.com\/lasprimeras.com.do\/wp-content\/uploads\/2025\/07\/importaciones-ilegales.jpeg?resize=525%2C300&ssl=1 1.5x, https:\/\/i0.wp.com\/lasprimeras.com.do\/wp-content\/uploads\/2025\/07\/importaciones-ilegales.jpeg?resize=700%2C400&ssl=1 2x, https:\/\/i0.wp.com\/lasprimeras.com.do\/wp-content\/uploads\/2025\/07\/importaciones-ilegales.jpeg?resize=1050%2C600&ssl=1 3x, https:\/\/i0.wp.com\/lasprimeras.com.do\/wp-content\/uploads\/2025\/07\/importaciones-ilegales.jpeg?resize=1400%2C800&ssl=1 4x"},"classes":[]}],"jetpack_sharing_enabled":true,"_links":{"self":[{"href":"https:\/\/lasprimeras.com.do\/index.php\/wp-json\/wp\/v2\/posts\/128978","targetHints":{"allow":["GET"]}}],"collection":[{"href":"https:\/\/lasprimeras.com.do\/index.php\/wp-json\/wp\/v2\/posts"}],"about":[{"href":"https:\/\/lasprimeras.com.do\/index.php\/wp-json\/wp\/v2\/types\/post"}],"author":[{"embeddable":true,"href":"https:\/\/lasprimeras.com.do\/index.php\/wp-json\/wp\/v2\/users\/10"}],"replies":[{"embeddable":true,"href":"https:\/\/lasprimeras.com.do\/index.php\/wp-json\/wp\/v2\/comments?post=128978"}],"version-history":[{"count":1,"href":"https:\/\/lasprimeras.com.do\/index.php\/wp-json\/wp\/v2\/posts\/128978\/revisions"}],"predecessor-version":[{"id":128980,"href":"https:\/\/lasprimeras.com.do\/index.php\/wp-json\/wp\/v2\/posts\/128978\/revisions\/128980"}],"wp:featuredmedia":[{"embeddable":true,"href":"https:\/\/lasprimeras.com.do\/index.php\/wp-json\/wp\/v2\/media\/128979"}],"wp:attachment":[{"href":"https:\/\/lasprimeras.com.do\/index.php\/wp-json\/wp\/v2\/media?parent=128978"}],"wp:term":[{"taxonomy":"category","embeddable":true,"href":"https:\/\/lasprimeras.com.do\/index.php\/wp-json\/wp\/v2\/categories?post=128978"},{"taxonomy":"post_tag","embeddable":true,"href":"https:\/\/lasprimeras.com.do\/index.php\/wp-json\/wp\/v2\/tags?post=128978"}],"curies":[{"name":"wp","href":"https:\/\/api.w.org\/{rel}","templated":true}]}}