{"id":128981,"date":"2026-04-28T14:32:00","date_gmt":"2026-04-28T18:32:00","guid":{"rendered":"https:\/\/lasprimeras.com.do\/?p=128981"},"modified":"2026-04-28T20:46:45","modified_gmt":"2026-04-29T00:46:45","slug":"presidente-abinader-entrega-25-de-60-vehiculos-al-inespre-a-traves-del-mapre","status":"publish","type":"post","link":"https:\/\/lasprimeras.com.do\/index.php\/2026\/04\/28\/presidente-abinader-entrega-25-de-60-vehiculos-al-inespre-a-traves-del-mapre\/","title":{"rendered":"Presidente Abinader entrega 25 de 60 veh\u00edculos al INESPRE a trav\u00e9s del MAPRE"},"content":{"rendered":"\n<p>El presidente de la Rep\u00fablica, Luis Abinader, encabez\u00f3 este martes la entrega de 25 nuevos veh\u00edculos al Instituto de Estabilizaci\u00f3n de Precios (INESPRE), como parte de una flotilla total de 60 unidades destinadas a fortalecer la capacidad operativa de la instituci\u00f3n y ampliar la distribuci\u00f3n de alimentos a precios asequibles en todo el territorio nacional.<\/p>\n\n\n\n<p>El mandatario realiz\u00f3 la entrega simb\u00f3lica de las llaves de la flotilla de veh\u00edculos correspondiente a la primera fase de entrega, al director del INESPRE, David Herrera, la cual fue gestionada a trav\u00e9s del Ministerio Administrativo de la Presidencia, bajo la direcci\u00f3n del ministro Andr\u00e9s Bautista.<\/p>\n\n\n\n<p>Durante el acto, el presidente Abinader destac\u00f3 el papel del Instituto Nacional de Estabilizaci\u00f3n de Precios ante el contexto actual de crisis mundial, asegurando que est\u00e1n atendiendo diariamente con la mesa de precios para estabilizarlos y cumplir con la misi\u00f3n del INESPRE.<\/p>\n\n\n\n<p>Asimismo, explic\u00f3 que el objetivo es mejorar la eficiencia en la cadena de distribuci\u00f3n. \u201cLlegar m\u00e1s r\u00e1pido, m\u00e1s eficiente entre el productor y el consumidor\u201d.<\/p>\n\n\n<div class=\"wp-block-image\">\n<figure class=\"alignleft size-full is-resized\"><img decoding=\"async\" width=\"1000\" height=\"701\" src=\"https:\/\/lasprimeras.com.do\/wp-content\/uploads\/2026\/04\/Luis-Abinader-Inespre-2.jpg\" alt=\"\" class=\"wp-image-128983\" style=\"aspect-ratio:1.4265525363359568;width:420px;height:auto\" srcset=\"https:\/\/lasprimeras.com.do\/wp-content\/uploads\/2026\/04\/Luis-Abinader-Inespre-2.jpg 1000w, https:\/\/lasprimeras.com.do\/wp-content\/uploads\/2026\/04\/Luis-Abinader-Inespre-2-300x210.jpg 300w, https:\/\/lasprimeras.com.do\/wp-content\/uploads\/2026\/04\/Luis-Abinader-Inespre-2-768x538.jpg 768w\" sizes=\"(max-width: 1000px) 100vw, 1000px\" \/><\/figure>\n<\/div>\n\n\n<p>El mandatario indic\u00f3 que la incorporaci\u00f3n de los 60 nuevos veh\u00edculos, de los cuales hoy se entrega la primera partida y los restantes en los pr\u00f3ximos d\u00edas, permitir\u00e1 ampliar la presencia de la instituci\u00f3n en los sectores. \u201cVan a cumplir eso, para que la gente, cuando vea en los barrios al INESPRE, vea la garant\u00eda de un precio justo de los productos, que eso es lo que nosotros buscamos\u201d.<\/p>\n\n\n\n<p>El jefe de Estado insisti\u00f3 en que el Instituto Nacional de Estabilizaci\u00f3n de Precios tiene que ser el puente entre el productor y el consumidor. \u201cEn eso est\u00e1 el Gobierno, buscando precios justos para toda la poblaci\u00f3n dominicana\u201d.<\/p>\n\n\n\n<p>Finalmente, exhort\u00f3 a continuar fortaleciendo el alcance de la instituci\u00f3n en todo el pa\u00eds. \u201cDavid estamos seguros de que seguir\u00e1s haciendo un gran trabajo en b\u00fasqueda de llevar estos precios justos a los barrios y a los diferentes sectores y a las diferentes provincias de todo el pa\u00eds\u201d.<\/p>\n\n\n<div class=\"wp-block-image\">\n<figure class=\"alignright size-full is-resized\"><img decoding=\"async\" width=\"1000\" height=\"666\" src=\"https:\/\/lasprimeras.com.do\/wp-content\/uploads\/2026\/04\/Luis-Abinader-Inespre-3.jpg\" alt=\"\" class=\"wp-image-128984\" style=\"aspect-ratio:1.5015116700931188;width:397px;height:auto\" srcset=\"https:\/\/lasprimeras.com.do\/wp-content\/uploads\/2026\/04\/Luis-Abinader-Inespre-3.jpg 1000w, https:\/\/lasprimeras.com.do\/wp-content\/uploads\/2026\/04\/Luis-Abinader-Inespre-3-300x200.jpg 300w, https:\/\/lasprimeras.com.do\/wp-content\/uploads\/2026\/04\/Luis-Abinader-Inespre-3-768x511.jpg 768w\" sizes=\"(max-width: 1000px) 100vw, 1000px\" \/><\/figure>\n<\/div>\n\n\n<p><strong>Decisi\u00f3n firme y una visi\u00f3n clara del presidente Abinader<\/strong><\/p>\n\n\n\n<p>De su lado, el ministro Administrativo de la Presidencia, Andr\u00e9s Bautista Garc\u00eda, inform\u00f3 que la entrega de 25 veh\u00edculos forma parte de una flotilla total de 60 unidades destinadas a fortalecer la capacidad de distribuci\u00f3n del Instituto de Estabilizaci\u00f3n de Precios y dijo que los 35 restantes ser\u00e1n entregados en el curso del pr\u00f3ximo mes de mayo.<\/p>\n\n\n\n<p>\u201cEsta es una decisi\u00f3n firme y una visi\u00f3n clara del presidente Luis Abinader: lograr que los alimentos lleguen directamente al pueblo sin abusos y a precios justos\u201d, sentenci\u00f3 Bautista.<\/p>\n\n\n\n<p>Explic\u00f3 que los nuevos veh\u00edculos operar\u00e1n tanto en fr\u00edo como a temperatura ambiente, impactando directamente a los dos actores principales de la cadena de comercializaci\u00f3n: por un lado, el productor, que podr\u00e1 colocar sus productos sin distorsiones, y por el otro el consumidor, que podr\u00e1 adquirirlos a precio de costo.<\/p>\n\n\n<div class=\"wp-block-image\">\n<figure class=\"alignleft size-full is-resized\"><img decoding=\"async\" width=\"1000\" height=\"666\" src=\"https:\/\/lasprimeras.com.do\/wp-content\/uploads\/2026\/04\/Luis-Abinader-Inespre-4.jpg\" alt=\"\" class=\"wp-image-128985\" style=\"aspect-ratio:1.5015116700931188;width:449px;height:auto\" srcset=\"https:\/\/lasprimeras.com.do\/wp-content\/uploads\/2026\/04\/Luis-Abinader-Inespre-4.jpg 1000w, https:\/\/lasprimeras.com.do\/wp-content\/uploads\/2026\/04\/Luis-Abinader-Inespre-4-300x200.jpg 300w, https:\/\/lasprimeras.com.do\/wp-content\/uploads\/2026\/04\/Luis-Abinader-Inespre-4-768x511.jpg 768w\" sizes=\"(max-width: 1000px) 100vw, 1000px\" \/><\/figure>\n<\/div>\n\n\n<p>\u201cAs\u00ed reducimos la intermediaci\u00f3n abusiva y fortalecemos un sistema m\u00e1s justo, m\u00e1s eficiente y m\u00e1s humano\u201d. Seguimos trabajando y avanzando hacia un pa\u00eds donde los alimentos lleguen de manera digna a cada hogar vulnerable de la Rep\u00fablica Dominicana. Ese es el objetivo fundamental de esta inversi\u00f3n en estos equipos\u201d.<\/p>\n\n\n\n<p>Esta primera entrega forma parte de las acciones que impulsa el Gobierno para garantizar el acceso oportuno y equitativo de la poblaci\u00f3n a productos de la canasta b\u00e1sica, especialmente en beneficio de los sectores m\u00e1s vulnerables y reafirma el compromiso con la seguridad alimentaria y el bienestar de la poblaci\u00f3n.<\/p>\n\n\n\n<p>Adem\u00e1s, marca el inicio de un proceso de fortalecimiento institucional que permitir\u00e1 al INESPRE ampliar significativamente su cobertura y eficiencia, incrementando la presencia de sus bodegas m\u00f3viles en comunidades a nivel nacional.<\/p>\n\n\n\n<p>La incorporaci\u00f3n de estas unidades representa un avance clave para optimizar la log\u00edstica de distribuci\u00f3n, facilitar el acceso a alimentos en zonas de dif\u00edcil alcance y aumentar la frecuencia de abastecimiento en distintos puntos del pa\u00eds.<\/p>\n\n\n\n<p>Acompa\u00f1aron al presidente Abinader el ministro de Agricultura, Francisco Oliverio Espaillat Bencosme; el administrador general del Banco Agr\u00edcola, Fernando Dur\u00e1n y el director de Ganader\u00eda, Abel madera.<\/p>\n","protected":false},"excerpt":{"rendered":"<p>El presidente de la Rep\u00fablica, Luis Abinader, encabez\u00f3 este martes la entrega de 25 nuevos veh\u00edculos al Instituto de Estabilizaci\u00f3n de Precios (INESPRE), como parte de una flotilla total de&hellip;<\/p>\n","protected":false},"author":10,"featured_media":128982,"comment_status":"open","ping_status":"open","sticky":false,"template":"","format":"standard","meta":{"content-type":"","jetpack_post_was_ever_published":false,"_jetpack_newsletter_access":"","_jetpack_dont_email_post_to_subs":false,"_jetpack_newsletter_tier_id":0,"_jetpack_memberships_contains_paywalled_content":false,"_jetpack_memberships_contains_paid_content":false,"footnotes":""},"categories":[35,25],"tags":[1598,921,535,67,1760,32781,9612,1050],"class_list":["post-128981","post","type-post","status-publish","format-standard","has-post-thumbnail","hentry","category-nacionales","category-portada","tag-alimentos","tag-distribucion","tag-inespre","tag-luis-abinader","tag-mapre","tag-precios-asequibles","tag-territorio-nacional","tag-vehiculos"],"jetpack_featured_media_url":"https:\/\/lasprimeras.com.do\/wp-content\/uploads\/2026\/04\/Luis-Abinader-Inespre-1.jpg","jetpack-related-posts":[{"id":105990,"url":"https:\/\/lasprimeras.com.do\/index.php\/2025\/08\/09\/inespre-impacta-a-cientos-de-personas-con-ventas-de-alimentos-a-bajos-precios-en-capotillo\/","url_meta":{"origin":128981,"position":0},"title":"Inespre impacta a cientos de personas con ventas de alimentos a bajos precios en Capotillo","author":"Nelson Feliz","date":"9 de agosto de 2025","format":false,"excerpt":"La jornada de ofertas se realiz\u00f3 en el marco de una visita del presidente Luis Abinader a la barriada. Cientos de personas residentes en el sector Capotillo del Distrito Nacional y zonas aleda\u00f1as aprovecharon las ofertas de una amplia gama de productos que puso a su disposici\u00f3n el Instituto de\u2026","rel":"","context":"En \u00abECONOM\u00cdA\u00bb","block_context":{"text":"ECONOM\u00cdA","link":"https:\/\/lasprimeras.com.do\/index.php\/category\/economia\/"},"img":{"alt_text":"","src":"https:\/\/i0.wp.com\/lasprimeras.com.do\/wp-content\/uploads\/2025\/08\/VENTA-DE-PRODUCTOS-EN-CAPOTILLO-2.jpg?resize=350%2C200&ssl=1","width":350,"height":200,"srcset":"https:\/\/i0.wp.com\/lasprimeras.com.do\/wp-content\/uploads\/2025\/08\/VENTA-DE-PRODUCTOS-EN-CAPOTILLO-2.jpg?resize=350%2C200&ssl=1 1x, https:\/\/i0.wp.com\/lasprimeras.com.do\/wp-content\/uploads\/2025\/08\/VENTA-DE-PRODUCTOS-EN-CAPOTILLO-2.jpg?resize=525%2C300&ssl=1 1.5x, https:\/\/i0.wp.com\/lasprimeras.com.do\/wp-content\/uploads\/2025\/08\/VENTA-DE-PRODUCTOS-EN-CAPOTILLO-2.jpg?resize=700%2C400&ssl=1 2x"},"classes":[]},{"id":119994,"url":"https:\/\/lasprimeras.com.do\/index.php\/2026\/01\/20\/gobierno-paga-mas-de-104-millones-de-pesos-a-pequenos-productores-agropecuarios\/","url_meta":{"origin":128981,"position":1},"title":"Gobierno paga m\u00e1s de 104 millones de pesos a peque\u00f1os productores agropecuarios","author":"Nelson Feliz","date":"20 de enero de 2026","format":false,"excerpt":"Con esta acci\u00f3n el Gobierno busca liquidar deudas de Inespre que abarcan varios a\u00f1os. M\u00e1s de 104 millones de pesos pag\u00f3 el Gobierno dominicano a trav\u00e9s de la Tesorer\u00eda Nacional (TN), por concepto de deudas pendientes de varios a\u00f1os que ten\u00eda el Instituto de Estabilizaci\u00f3n de Precios (Inespre) con peque\u00f1os\u2026","rel":"","context":"En \u00abECONOM\u00cdA\u00bb","block_context":{"text":"ECONOM\u00cdA","link":"https:\/\/lasprimeras.com.do\/index.php\/category\/economia\/"},"img":{"alt_text":"Tesorer\u00eda Nacional","src":"https:\/\/i0.wp.com\/lasprimeras.com.do\/wp-content\/uploads\/2026\/01\/Tesoreria-Nacional.jpg?resize=350%2C200&ssl=1","width":350,"height":200,"srcset":"https:\/\/i0.wp.com\/lasprimeras.com.do\/wp-content\/uploads\/2026\/01\/Tesoreria-Nacional.jpg?resize=350%2C200&ssl=1 1x, https:\/\/i0.wp.com\/lasprimeras.com.do\/wp-content\/uploads\/2026\/01\/Tesoreria-Nacional.jpg?resize=525%2C300&ssl=1 1.5x, https:\/\/i0.wp.com\/lasprimeras.com.do\/wp-content\/uploads\/2026\/01\/Tesoreria-Nacional.jpg?resize=700%2C400&ssl=1 2x"},"classes":[]},{"id":103117,"url":"https:\/\/lasprimeras.com.do\/index.php\/2025\/07\/11\/abinader-desarrollara-agenda-de-trabajo-este-fin-de-semana-spm-sd-este-y-boca-chica\/","url_meta":{"origin":128981,"position":2},"title":"Abinader desarrollar\u00e1 agenda de trabajo este fin de semana SPM, SD-Este y Boca Chica","author":"Nelson Feliz","date":"11 de julio de 2025","format":false,"excerpt":"El presidente Luis Abinader, continuar\u00e1 este fin de semana con su agenda de trabajo en el territorio nacional, con actividades programadas el s\u00e1bado 12 y domingo 13 de julio en la provincia de San Pedro de Macor\u00eds, Santo Domingo Este y Boca Chica en beneficio de la ciudadan\u00eda. Las acciones\u2026","rel":"","context":"En \u00abNACIONALES\u00bb","block_context":{"text":"NACIONALES","link":"https:\/\/lasprimeras.com.do\/index.php\/category\/nacionales\/"},"img":{"alt_text":"","src":"https:\/\/i0.wp.com\/lasprimeras.com.do\/wp-content\/uploads\/2025\/07\/Luis-Abinader-4-1.jpg?resize=350%2C200&ssl=1","width":350,"height":200,"srcset":"https:\/\/i0.wp.com\/lasprimeras.com.do\/wp-content\/uploads\/2025\/07\/Luis-Abinader-4-1.jpg?resize=350%2C200&ssl=1 1x, https:\/\/i0.wp.com\/lasprimeras.com.do\/wp-content\/uploads\/2025\/07\/Luis-Abinader-4-1.jpg?resize=525%2C300&ssl=1 1.5x, https:\/\/i0.wp.com\/lasprimeras.com.do\/wp-content\/uploads\/2025\/07\/Luis-Abinader-4-1.jpg?resize=700%2C400&ssl=1 2x"},"classes":[]},{"id":71648,"url":"https:\/\/lasprimeras.com.do\/index.php\/2023\/12\/21\/gobierno-inaugura-navidad-del-cambio-con-inespre-con-productos-de-la-canasta-basica-a-precios-bajos\/","url_meta":{"origin":128981,"position":3},"title":"Gobierno inaugura \u201cNavidad del Cambio con Inespre\u201d con productos de la canasta b\u00e1sica a precios bajos","author":"BIMARY DE JES\u00daS Matos","date":"21 de diciembre de 2023","format":false,"excerpt":"Santo Domingo.-El presidente Luis Abinader dej\u00f3 inaugurada este jueves la feria \u201cNavidad del Cambio con el Inespre 2023\u201d, en la Ciudad Ganadera, donde se ofertar\u00e1n productos de la \u00e9poca para la cena de Nochebuena a bajos costos. El mandatario manifest\u00f3 que la Brisita Navide\u00f1a est\u00e1 llegando hoy a todo el\u2026","rel":"","context":"En \u00abPORTADA\u00bb","block_context":{"text":"PORTADA","link":"https:\/\/lasprimeras.com.do\/index.php\/category\/portada\/"},"img":{"alt_text":"","src":"https:\/\/i0.wp.com\/lasprimeras.com.do\/wp-content\/uploads\/2023\/12\/WhatsApp-Image-2023-12-21-at-1.17.44-PM-2.jpeg?resize=350%2C200&ssl=1","width":350,"height":200,"srcset":"https:\/\/i0.wp.com\/lasprimeras.com.do\/wp-content\/uploads\/2023\/12\/WhatsApp-Image-2023-12-21-at-1.17.44-PM-2.jpeg?resize=350%2C200&ssl=1 1x, https:\/\/i0.wp.com\/lasprimeras.com.do\/wp-content\/uploads\/2023\/12\/WhatsApp-Image-2023-12-21-at-1.17.44-PM-2.jpeg?resize=525%2C300&ssl=1 1.5x"},"classes":[]},{"id":102441,"url":"https:\/\/lasprimeras.com.do\/index.php\/2025\/07\/04\/abinader-inaugurara-dos-edificios-este-domingo-en-la-provincia-duarte-este-domingo\/","url_meta":{"origin":128981,"position":4},"title":"Abinader inaugurar\u00e1 dos edificios este domingo en la provincia Duarte este domingo","author":"Nelson Feliz","date":"4 de julio de 2025","format":false,"excerpt":"Tambi\u00e9n dejar\u00e1 inaugurado el remozamiento del hospital de Villa Riva y un polideportivo. En una jornada que refuerza su compromiso con el bienestar de la gente y el desarrollo equitativo del pa\u00eds, el presidente Luis Abinader visitar\u00e1 este domingo la provincia Duarte para entregar cuatro importantes obras que transformar\u00e1n \u00e1reas\u2026","rel":"","context":"En \u00abNACIONALES\u00bb","block_context":{"text":"NACIONALES","link":"https:\/\/lasprimeras.com.do\/index.php\/category\/nacionales\/"},"img":{"alt_text":"Luis Abinader","src":"https:\/\/i0.wp.com\/lasprimeras.com.do\/wp-content\/uploads\/2025\/07\/Luis-Abinader-1.jpg?resize=350%2C200&ssl=1","width":350,"height":200,"srcset":"https:\/\/i0.wp.com\/lasprimeras.com.do\/wp-content\/uploads\/2025\/07\/Luis-Abinader-1.jpg?resize=350%2C200&ssl=1 1x, https:\/\/i0.wp.com\/lasprimeras.com.do\/wp-content\/uploads\/2025\/07\/Luis-Abinader-1.jpg?resize=525%2C300&ssl=1 1.5x, https:\/\/i0.wp.com\/lasprimeras.com.do\/wp-content\/uploads\/2025\/07\/Luis-Abinader-1.jpg?resize=700%2C400&ssl=1 2x"},"classes":[]},{"id":72198,"url":"https:\/\/lasprimeras.com.do\/index.php\/2023\/12\/27\/inespre-entrega-al-tribunal-constitucional-el-titulo-de-propiedad-del-edificio\/","url_meta":{"origin":128981,"position":5},"title":"INESPRE entrega al Tribunal Constitucional el t\u00edtulo de propiedad del edificio","author":"Nelson Feliz","date":"27 de diciembre de 2023","format":false,"excerpt":"La actual gesti\u00f3n ha recuperado m\u00e1s de 55 mil metros de terreno a nivel nacional que ten\u00edan embargos u otras situaciones legales El director del Instituto de Estabilizaci\u00f3n de Precios (Inespre), Iv\u00e1n Hern\u00e1ndez Guzm\u00e1n, entreg\u00f3 al presidente del Tribunal Constitucional, Milton Ray Guevara, el t\u00edtulo definitivo de propiedad del edificio\u2026","rel":"","context":"En \u00abNACIONALES\u00bb","block_context":{"text":"NACIONALES","link":"https:\/\/lasprimeras.com.do\/index.php\/category\/nacionales\/"},"img":{"alt_text":"Inespre","src":"https:\/\/i0.wp.com\/lasprimeras.com.do\/wp-content\/uploads\/2023\/12\/Inespre.jpg?resize=350%2C200&ssl=1","width":350,"height":200,"srcset":"https:\/\/i0.wp.com\/lasprimeras.com.do\/wp-content\/uploads\/2023\/12\/Inespre.jpg?resize=350%2C200&ssl=1 1x, https:\/\/i0.wp.com\/lasprimeras.com.do\/wp-content\/uploads\/2023\/12\/Inespre.jpg?resize=525%2C300&ssl=1 1.5x, https:\/\/i0.wp.com\/lasprimeras.com.do\/wp-content\/uploads\/2023\/12\/Inespre.jpg?resize=700%2C400&ssl=1 2x"},"classes":[]}],"jetpack_sharing_enabled":true,"_links":{"self":[{"href":"https:\/\/lasprimeras.com.do\/index.php\/wp-json\/wp\/v2\/posts\/128981","targetHints":{"allow":["GET"]}}],"collection":[{"href":"https:\/\/lasprimeras.com.do\/index.php\/wp-json\/wp\/v2\/posts"}],"about":[{"href":"https:\/\/lasprimeras.com.do\/index.php\/wp-json\/wp\/v2\/types\/post"}],"author":[{"embeddable":true,"href":"https:\/\/lasprimeras.com.do\/index.php\/wp-json\/wp\/v2\/users\/10"}],"replies":[{"embeddable":true,"href":"https:\/\/lasprimeras.com.do\/index.php\/wp-json\/wp\/v2\/comments?post=128981"}],"version-history":[{"count":1,"href":"https:\/\/lasprimeras.com.do\/index.php\/wp-json\/wp\/v2\/posts\/128981\/revisions"}],"predecessor-version":[{"id":128986,"href":"https:\/\/lasprimeras.com.do\/index.php\/wp-json\/wp\/v2\/posts\/128981\/revisions\/128986"}],"wp:featuredmedia":[{"embeddable":true,"href":"https:\/\/lasprimeras.com.do\/index.php\/wp-json\/wp\/v2\/media\/128982"}],"wp:attachment":[{"href":"https:\/\/lasprimeras.com.do\/index.php\/wp-json\/wp\/v2\/media?parent=128981"}],"wp:term":[{"taxonomy":"category","embeddable":true,"href":"https:\/\/lasprimeras.com.do\/index.php\/wp-json\/wp\/v2\/categories?post=128981"},{"taxonomy":"post_tag","embeddable":true,"href":"https:\/\/lasprimeras.com.do\/index.php\/wp-json\/wp\/v2\/tags?post=128981"}],"curies":[{"name":"wp","href":"https:\/\/api.w.org\/{rel}","templated":true}]}}