{"id":128987,"date":"2026-04-28T21:09:03","date_gmt":"2026-04-29T01:09:03","guid":{"rendered":"https:\/\/lasprimeras.com.do\/?p=128987"},"modified":"2026-04-28T21:09:06","modified_gmt":"2026-04-29T01:09:06","slug":"abinader-reapertura-el-museo-nacional-de-historia-y-geografia","status":"publish","type":"post","link":"https:\/\/lasprimeras.com.do\/index.php\/2026\/04\/28\/abinader-reapertura-el-museo-nacional-de-historia-y-geografia\/","title":{"rendered":"Abinader reapertura el &#8220;Museo Nacional de Historia y Geograf\u00eda&#8221;"},"content":{"rendered":"\n<p><strong>Roberto \u00c1ngel Salcedo y otras autoridades del \u00e1mbito cultural destacan el empe\u00f1o y respaldo del jefe de Estado para rescatar y fortalecer los espacios culturales y muse\u00edsticos del pa\u00eds<\/strong><\/p>\n\n\n\n<p>El presidente Luis Abinader, acompa\u00f1ado por la primera dama Raquel Arbaje, asisti\u00f3 al acto de reapertura del Museo Nacional de Historia y Geograf\u00eda (MNHG), ubicado en la Plaza de la Cultura Juan Pablo Duarte, que ahora narra la historia dominicana en renovadas salas expositivas.<\/p>\n\n\n\n<p>Sus espacios exhiben una valiosa colecci\u00f3n de objetos y obras que refuerzan la identidad nacional y ofrecen una mirada cercana a \u00e9pocas y hechos que dieron paso a la conformaci\u00f3n de la Rep\u00fablica, como la Guerra de Independencia.<\/p>\n\n\n\n<p>Asimismo, el recorrido muestra lo ocurrido durante la Guerra de la Restauraci\u00f3n y la Revoluci\u00f3n de Abril de 1965.<\/p>\n\n\n\n<p>Durante el acto, autoridades culturales destacaron el empe\u00f1o y respaldo del presidente Luis Abinader para rescatar y fortalecer los espacios culturales y muse\u00edsticos del pa\u00eds y acercar a las nuevas generaciones al conocimiento de la historia dominicana.<\/p>\n\n\n<div class=\"wp-block-image\">\n<figure class=\"alignright size-full is-resized\"><img decoding=\"async\" width=\"1000\" height=\"667\" src=\"https:\/\/lasprimeras.com.do\/wp-content\/uploads\/2026\/04\/Roberto-Angel-Salcedo.jpg\" alt=\"\" class=\"wp-image-128989\" style=\"aspect-ratio:1.4992905660377358;width:439px;height:auto\" srcset=\"https:\/\/lasprimeras.com.do\/wp-content\/uploads\/2026\/04\/Roberto-Angel-Salcedo.jpg 1000w, https:\/\/lasprimeras.com.do\/wp-content\/uploads\/2026\/04\/Roberto-Angel-Salcedo-300x200.jpg 300w, https:\/\/lasprimeras.com.do\/wp-content\/uploads\/2026\/04\/Roberto-Angel-Salcedo-768x512.jpg 768w\" sizes=\"(max-width: 1000px) 100vw, 1000px\" \/><\/figure>\n<\/div>\n\n\n<p>De su lado, el ministro de Cultura, Roberto \u00c1ngel Salcedo, resalt\u00f3 la integraci\u00f3n de unos 35 museos en diferentes puntos del pa\u00eds, tanto del sector p\u00fablico como privado, con el prop\u00f3sito de preservar el patrimonio material e inmaterial del pa\u00eds y contribuyendo con la habilitaci\u00f3n de espacios para que estudiantes y toda la ciudadan\u00eda pueda conocer los procesos hist\u00f3ricos de la Rep\u00fablica Dominicana.<\/p>\n\n\n\n<p>Las siete salas renovadas son: Guerra de Abril, La Patria, Los Presidentes, Trujillo: una era de terror, La Guerrilla de Caama\u00f1o, la colecci\u00f3n de piezas museogr\u00e1ficas y El Jard\u00edn de Hostos, espacios dedicados a episodios y figuras fundamentales de la historia nacional que recuperan protagonismo en el principal museo hist\u00f3rico del pa\u00eds.<\/p>\n\n\n\n<p>Tras el corte de cinta, el presidente Abinader recorri\u00f3 las remodeladas instalaciones junto al ministro Salcedo, acompa\u00f1ados por el director del MNHG, Jos\u00e9 Guerrero S\u00e1nchez, el director general de Museos, Carlos And\u00fajar, y el presidente del Voluntariado del museo, Marcial Najri, quienes ofrecieron detalles de las diversas \u00e1reas.<\/p>\n\n\n<div class=\"wp-block-image\">\n<figure class=\"alignright size-full is-resized\"><img decoding=\"async\" width=\"1000\" height=\"667\" src=\"https:\/\/lasprimeras.com.do\/wp-content\/uploads\/2026\/04\/Luis-Abinader-6.jpg\" alt=\"\" class=\"wp-image-128990\" style=\"aspect-ratio:1.4992905660377358;width:437px;height:auto\" srcset=\"https:\/\/lasprimeras.com.do\/wp-content\/uploads\/2026\/04\/Luis-Abinader-6.jpg 1000w, https:\/\/lasprimeras.com.do\/wp-content\/uploads\/2026\/04\/Luis-Abinader-6-300x200.jpg 300w, https:\/\/lasprimeras.com.do\/wp-content\/uploads\/2026\/04\/Luis-Abinader-6-768x512.jpg 768w\" sizes=\"(max-width: 1000px) 100vw, 1000px\" \/><\/figure>\n<\/div>\n\n\n<p>Asimismo, Carlos And\u00fajar agradeci\u00f3 al presidente Abinader el respaldo brindado para revitalizar las instituciones muse\u00edsticas en todo el territorio nacional, fortaleciendo la oferta cultural, el sano entretenimiento y el apoyo a la econom\u00eda y el turismo.<\/p>\n\n\n\n<p>Jos\u00e9 Guerrero S\u00e1nchez, por su parte, destac\u00f3 que la instituci\u00f3n recibir\u00e1 a estudiantes, investigadores y visitantes nacionales y extranjeros con una misi\u00f3n clara: preservar y difundir la memoria hist\u00f3rica y los valores que definen a la Rep\u00fablica Dominicana.<\/p>\n\n\n\n<p>La intervenci\u00f3n incluy\u00f3 trabajos en las \u00e1reas interiores y exteriores del edificio, orientados a mejorar las condiciones de conservaci\u00f3n, accesibilidad y experiencia de los visitantes.<\/p>\n\n\n<div class=\"wp-block-image\">\n<figure class=\"alignleft size-full is-resized\"><img decoding=\"async\" width=\"1000\" height=\"667\" src=\"https:\/\/lasprimeras.com.do\/wp-content\/uploads\/2026\/04\/Luis-Abinader-7.jpg\" alt=\"\" class=\"wp-image-128991\" style=\"aspect-ratio:1.4992905660377358;width:492px;height:auto\" srcset=\"https:\/\/lasprimeras.com.do\/wp-content\/uploads\/2026\/04\/Luis-Abinader-7.jpg 1000w, https:\/\/lasprimeras.com.do\/wp-content\/uploads\/2026\/04\/Luis-Abinader-7-300x200.jpg 300w, https:\/\/lasprimeras.com.do\/wp-content\/uploads\/2026\/04\/Luis-Abinader-7-768x512.jpg 768w\" sizes=\"(max-width: 1000px) 100vw, 1000px\" \/><\/figure>\n<\/div>\n\n\n<p><strong>Historia del museo<\/strong><\/p>\n\n\n\n<p>Fundado en 1981 e inaugurado el 1 de marzo de 1982 en el edificio del antiguo Liceo Uni\u00f3n Panamericana, el Museo Nacional de Historia y Geograf\u00eda tiene como misi\u00f3n resguardar el patrimonio hist\u00f3rico y geogr\u00e1fico dominicano, as\u00ed como promover su investigaci\u00f3n cient\u00edfica.<\/p>\n\n\n\n<p>Desde 2023, el edificio lleva oficialmente el nombre del historiador Emilio Cordero Michel, en virtud de la Ley 23-23, promulgada el 28 de febrero de ese a\u00f1o.<\/p>\n\n\n\n<figure class=\"wp-block-image size-full\"><img decoding=\"async\" width=\"1000\" height=\"667\" src=\"https:\/\/lasprimeras.com.do\/wp-content\/uploads\/2026\/04\/Luis-Abinader-8.jpg\" alt=\"\" class=\"wp-image-128992\" srcset=\"https:\/\/lasprimeras.com.do\/wp-content\/uploads\/2026\/04\/Luis-Abinader-8.jpg 1000w, https:\/\/lasprimeras.com.do\/wp-content\/uploads\/2026\/04\/Luis-Abinader-8-300x200.jpg 300w, https:\/\/lasprimeras.com.do\/wp-content\/uploads\/2026\/04\/Luis-Abinader-8-768x512.jpg 768w\" sizes=\"(max-width: 1000px) 100vw, 1000px\" \/><\/figure>\n\n\n\n<p>Estuvieron presentes, el presidente de la Comisi\u00f3n de Cultura de la C\u00e1mara de Diputados, Jorge Cavoli y el rector de la Universidad Aut\u00f3noma de Santo Domingo (UASD), Editrudis Beltr\u00e1n, as\u00ed como destacadas personalidades del \u00e1mbito cultural nacional.<\/p>\n","protected":false},"excerpt":{"rendered":"<p>Roberto \u00c1ngel Salcedo y otras autoridades del \u00e1mbito cultural destacan el empe\u00f1o y respaldo del jefe de Estado para rescatar y fortalecer los espacios culturales y muse\u00edsticos del pa\u00eds El&hellip;<\/p>\n","protected":false},"author":10,"featured_media":128988,"comment_status":"open","ping_status":"open","sticky":false,"template":"","format":"standard","meta":{"content-type":"","jetpack_post_was_ever_published":false,"_jetpack_newsletter_access":"","_jetpack_dont_email_post_to_subs":false,"_jetpack_newsletter_tier_id":0,"_jetpack_memberships_contains_paywalled_content":false,"_jetpack_memberships_contains_paid_content":false,"footnotes":""},"categories":[35,25],"tags":[16658,19142,67,7351,32782,172,5821,374],"class_list":["post-128987","post","type-post","status-publish","format-standard","has-post-thumbnail","hentry","category-nacionales","category-portada","tag-coleccion","tag-historica","tag-luis-abinader","tag-memoria","tag-museo-nacional-de-historia-y-geografia","tag-nacional","tag-objetos","tag-obras"],"jetpack_featured_media_url":"https:\/\/lasprimeras.com.do\/wp-content\/uploads\/2026\/04\/Luis-Abinader-5.jpg","jetpack-related-posts":[{"id":110424,"url":"https:\/\/lasprimeras.com.do\/index.php\/2025\/09\/28\/centro-cultural-banreservas-presenta-en-la-feria-del-libro-un-intenso-programa-de-actividades\/","url_meta":{"origin":128987,"position":0},"title":"Centro Cultural Banreservas presenta en la Feria del Libro un intenso programa de actividades","author":"Nelson Feliz","date":"28 de septiembre de 2025","format":false,"excerpt":"El Centro Cultural Banreservas desarrollar\u00e1 desde este domingo en la XXVII Feria Internacional del Libro un amplio programa de actividades para ni\u00f1os y adultos, que incluye la presentaci\u00f3n de un libro, una exposici\u00f3n art\u00edstica, cuentacuentos, charlas y conversatorios sobre diversos temas. Las actividades abarcar\u00e1n distintos horarios y tendr\u00e1n lugar en\u2026","rel":"","context":"En \u00abENTRETENIMIENTO\u00bb","block_context":{"text":"ENTRETENIMIENTO","link":"https:\/\/lasprimeras.com.do\/index.php\/category\/entretenimiento\/"},"img":{"alt_text":"","src":"https:\/\/i0.wp.com\/lasprimeras.com.do\/wp-content\/uploads\/2025\/09\/banreservas-3.jpg?resize=350%2C200&ssl=1","width":350,"height":200,"srcset":"https:\/\/i0.wp.com\/lasprimeras.com.do\/wp-content\/uploads\/2025\/09\/banreservas-3.jpg?resize=350%2C200&ssl=1 1x, https:\/\/i0.wp.com\/lasprimeras.com.do\/wp-content\/uploads\/2025\/09\/banreservas-3.jpg?resize=525%2C300&ssl=1 1.5x, https:\/\/i0.wp.com\/lasprimeras.com.do\/wp-content\/uploads\/2025\/09\/banreservas-3.jpg?resize=700%2C400&ssl=1 2x"},"classes":[]},{"id":64451,"url":"https:\/\/lasprimeras.com.do\/index.php\/2023\/10\/20\/abinader-designa-postumamente-naturalista-nacional-a-eugenio-de-jesus-marcano-fondeur\/","url_meta":{"origin":128987,"position":1},"title":"Abinader designa p\u00f3stumamente naturalista nacional a Eugenio de Jes\u00fas Marcano Fondeur","author":"Nelson Feliz","date":"20 de octubre de 2023","format":false,"excerpt":"El presidente de la Rep\u00fablica, Luis Abinader, design\u00f3 de manera p\u00f3stuma a Eugenio de Jes\u00fas Marcano Fondeur como naturalista nacional de la Rep\u00fablica Dominicana. La disposici\u00f3n presidencial est\u00e1 contenida en el Decreto n\u00fam. 522-23 del 19 de octubre. El decreto destaca los aportes del profesor Marcano Fondeur como explorador y\u2026","rel":"","context":"En \u00abNACIONALES\u00bb","block_context":{"text":"NACIONALES","link":"https:\/\/lasprimeras.com.do\/index.php\/category\/nacionales\/"},"img":{"alt_text":"","src":"","width":0,"height":0},"classes":[]},{"id":52170,"url":"https:\/\/lasprimeras.com.do\/index.php\/2023\/06\/07\/miguel-reyes-investido-miembro-academia-de-historia-y-geografia-de-mexico\/","url_meta":{"origin":128987,"position":2},"title":"Miguel Reyes investido miembro Academia de Historia y Geograf\u00eda de M\u00e9xico","author":"prenxa100","date":"7 de junio de 2023","format":false,"excerpt":"CIUDAD DE MEXICO.-\u00a0El doctor Miguel Reyes S\u00e1nchez fue investido el pasado viernes como Acad\u00e9mico Correspondiente de la Academia Nacional de Historia y Geograf\u00eda de M\u00e9xico. El embajador y acad\u00e9mico dominicano fue juramentado por la doctora Eleonora Elizabeth Rembis Rubio, presidente de la Academia Nacional de Historia y Geograf\u00eda de M\u00e9xico,\u2026","rel":"","context":"En \u00abSin categor\u00eda\u00bb","block_context":{"text":"Sin categor\u00eda","link":"https:\/\/lasprimeras.com.do\/index.php\/category\/sin-categoria\/"},"img":{"alt_text":"","src":"","width":0,"height":0},"classes":[]},{"id":121249,"url":"https:\/\/lasprimeras.com.do\/index.php\/2026\/02\/02\/banreservas-y-dgm-formalizan-marco-de-colaboracion-entre-museos-de-santiago\/","url_meta":{"origin":128987,"position":3},"title":"Banreservas y DGM formalizan marco de colaboraci\u00f3n entre museos de Santiago","author":"Nelson Feliz","date":"2 de febrero de 2026","format":false,"excerpt":"Este convenio asegura la eficiencia en la gesti\u00f3n y el manejo operativo de esas instalaciones. El Banco de Reservas y la Direcci\u00f3n General de Museos (DGM) formalizaron un convenio de colaboraci\u00f3n interinstitucional entre el Centro Cultural Banreservas y el Museo de Arte de Santiago, ambos espacios localizados en el antiguo\u2026","rel":"","context":"En \u00abECONOM\u00cdA\u00bb","block_context":{"text":"ECONOM\u00cdA","link":"https:\/\/lasprimeras.com.do\/index.php\/category\/economia\/"},"img":{"alt_text":"Carlos And\u00fajar, director del DGM; Alieska D\u00edaz, vicepresidenta ejecutiva senior Administrativa de Banreservas; y Daniel Garc\u00eda Archibald, vicepresidente de Relaciones P\u00fablicas de la entidad financiera, firman convenio de colaboraci\u00f3n, en el sal\u00f3n del Consejo de la oficina principal del Banco.","src":"https:\/\/i0.wp.com\/lasprimeras.com.do\/wp-content\/uploads\/2026\/02\/Banreservas.jpg?resize=350%2C200&ssl=1","width":350,"height":200,"srcset":"https:\/\/i0.wp.com\/lasprimeras.com.do\/wp-content\/uploads\/2026\/02\/Banreservas.jpg?resize=350%2C200&ssl=1 1x, https:\/\/i0.wp.com\/lasprimeras.com.do\/wp-content\/uploads\/2026\/02\/Banreservas.jpg?resize=525%2C300&ssl=1 1.5x, https:\/\/i0.wp.com\/lasprimeras.com.do\/wp-content\/uploads\/2026\/02\/Banreservas.jpg?resize=700%2C400&ssl=1 2x"},"classes":[]},{"id":100288,"url":"https:\/\/lasprimeras.com.do\/index.php\/2025\/06\/04\/fundacion-gala-23-rinde-homenaje-a-distinguidas-mujeres\/","url_meta":{"origin":128987,"position":4},"title":"Fundaci\u00f3n Gala 23 rinde homenaje a distinguidas mujeres","author":"Nelson Feliz","date":"4 de junio de 2025","format":false,"excerpt":"Las reconocidas fueron Monina Sol\u00e1, Vilma Benzon de Ferrer, Ludin Lugo y Carmen Coiscou La Fundaci\u00f3n Gala 23 rindi\u00f3 homenaje p\u00f3stumo a cuatro damas cuyos aportes dejaron huellas significativas en la historia y la vida cultural de San Pedro de Macor\u00eds. Carmen Coiscou Santana de Berg\u00e9s, Vilma Benzon de Ferrer,\u2026","rel":"","context":"En \u00abENTRETENIMIENTO\u00bb","block_context":{"text":"ENTRETENIMIENTO","link":"https:\/\/lasprimeras.com.do\/index.php\/category\/entretenimiento\/"},"img":{"alt_text":"","src":"https:\/\/i0.wp.com\/lasprimeras.com.do\/wp-content\/uploads\/2025\/06\/Fundacion-Gala-23.jpg?resize=350%2C200&ssl=1","width":350,"height":200,"srcset":"https:\/\/i0.wp.com\/lasprimeras.com.do\/wp-content\/uploads\/2025\/06\/Fundacion-Gala-23.jpg?resize=350%2C200&ssl=1 1x, https:\/\/i0.wp.com\/lasprimeras.com.do\/wp-content\/uploads\/2025\/06\/Fundacion-Gala-23.jpg?resize=525%2C300&ssl=1 1.5x, https:\/\/i0.wp.com\/lasprimeras.com.do\/wp-content\/uploads\/2025\/06\/Fundacion-Gala-23.jpg?resize=700%2C400&ssl=1 2x"},"classes":[]},{"id":128584,"url":"https:\/\/lasprimeras.com.do\/index.php\/2026\/04\/24\/presidente-abinader-otorga-nacionalidad-dominicana-arq-mexico-dominicano-eduardo-matos-moctezuma\/","url_meta":{"origin":128987,"position":5},"title":"Presidente Abinader otorga nacionalidad dominicana arq. M\u00e9xico-dominicano Eduardo Matos Moctezuma","author":"Nelson Feliz","date":"24 de abril de 2026","format":false,"excerpt":"El presidente de la Rep\u00fablica Dominicana, Luis Abinader otorg\u00f3 la nacionalidad dominicana, a t\u00edtulo de naturalizaci\u00f3n privilegiada, al destacado arque\u00f3logo m\u00e9xico-dominicano Eduardo Matos Moctezuma. El presidente de la Rep\u00fablica Dominicana, Luis Abinader, otorg\u00f3 mediante el decreto 723-25, del 31 de diciembre del 2025,la nacionalidad dominicana, a t\u00edtulo de naturalizaci\u00f3n privilegiada,\u2026","rel":"","context":"En \u00abNACIONALES\u00bb","block_context":{"text":"NACIONALES","link":"https:\/\/lasprimeras.com.do\/index.php\/category\/nacionales\/"},"img":{"alt_text":"Luis Abinader, otorga,nacionalidad dominicana, arque\u00f3logo, M\u00e9xico-dominicano, Eduardo Matos Moctezuma","src":"https:\/\/i0.wp.com\/lasprimeras.com.do\/wp-content\/uploads\/2026\/04\/Eduardo-Matos-Moctezuma.jpg?resize=350%2C200&ssl=1","width":350,"height":200,"srcset":"https:\/\/i0.wp.com\/lasprimeras.com.do\/wp-content\/uploads\/2026\/04\/Eduardo-Matos-Moctezuma.jpg?resize=350%2C200&ssl=1 1x, https:\/\/i0.wp.com\/lasprimeras.com.do\/wp-content\/uploads\/2026\/04\/Eduardo-Matos-Moctezuma.jpg?resize=525%2C300&ssl=1 1.5x"},"classes":[]}],"jetpack_sharing_enabled":true,"_links":{"self":[{"href":"https:\/\/lasprimeras.com.do\/index.php\/wp-json\/wp\/v2\/posts\/128987","targetHints":{"allow":["GET"]}}],"collection":[{"href":"https:\/\/lasprimeras.com.do\/index.php\/wp-json\/wp\/v2\/posts"}],"about":[{"href":"https:\/\/lasprimeras.com.do\/index.php\/wp-json\/wp\/v2\/types\/post"}],"author":[{"embeddable":true,"href":"https:\/\/lasprimeras.com.do\/index.php\/wp-json\/wp\/v2\/users\/10"}],"replies":[{"embeddable":true,"href":"https:\/\/lasprimeras.com.do\/index.php\/wp-json\/wp\/v2\/comments?post=128987"}],"version-history":[{"count":1,"href":"https:\/\/lasprimeras.com.do\/index.php\/wp-json\/wp\/v2\/posts\/128987\/revisions"}],"predecessor-version":[{"id":128993,"href":"https:\/\/lasprimeras.com.do\/index.php\/wp-json\/wp\/v2\/posts\/128987\/revisions\/128993"}],"wp:featuredmedia":[{"embeddable":true,"href":"https:\/\/lasprimeras.com.do\/index.php\/wp-json\/wp\/v2\/media\/128988"}],"wp:attachment":[{"href":"https:\/\/lasprimeras.com.do\/index.php\/wp-json\/wp\/v2\/media?parent=128987"}],"wp:term":[{"taxonomy":"category","embeddable":true,"href":"https:\/\/lasprimeras.com.do\/index.php\/wp-json\/wp\/v2\/categories?post=128987"},{"taxonomy":"post_tag","embeddable":true,"href":"https:\/\/lasprimeras.com.do\/index.php\/wp-json\/wp\/v2\/tags?post=128987"}],"curies":[{"name":"wp","href":"https:\/\/api.w.org\/{rel}","templated":true}]}}