{"id":128994,"date":"2026-04-28T12:40:00","date_gmt":"2026-04-28T16:40:00","guid":{"rendered":"https:\/\/lasprimeras.com.do\/?p=128994"},"modified":"2026-04-28T21:48:44","modified_gmt":"2026-04-29T01:48:44","slug":"ricardo-de-los-santos-llegan-ayudas-a-zonas-afectadas-en-sanchez-ramirez","status":"publish","type":"post","link":"https:\/\/lasprimeras.com.do\/index.php\/2026\/04\/28\/ricardo-de-los-santos-llegan-ayudas-a-zonas-afectadas-en-sanchez-ramirez\/","title":{"rendered":"Ricardo de los Santos: llegan ayudas a zonas afectadas en S\u00e1nchez Ram\u00edrez"},"content":{"rendered":"\n<p>El senador por la provincia S\u00e1nchez Ram\u00edrez, Ricardo De los Santos, inform\u00f3 que desde este martes comenzar\u00e1 a llegar el apoyo necesario a las zonas impactadas por los recientes fen\u00f3menos atmosf\u00e9ricos en esa demarcaci\u00f3n.<\/p>\n\n\n\n<p>Explic\u00f3 que ha dado seguimiento de cerca a la situaci\u00f3n en coordinaci\u00f3n directa con las autoridades competentes, para ofrecer asistencia inmediata a las familias afectadas.<\/p>\n\n\n\n<p>A trav\u00e9s de un comunicado, expres\u00f3 que ha sostenido conversaciones con el director de la Direcci\u00f3n de Asistencia Social y Alimentaci\u00f3n Comunitaria (DASAC), Edgar F\u00e9liz, quien garantiz\u00f3 que desde hoy comenzar\u00e1 a llegar ayuda en las diferentes zonas impactadas.<\/p>\n\n\n\n<p>\u201cExpresamos nuestra profunda preocupaci\u00f3n por la situaci\u00f3n que atraviesan nuestros compueblanos. Les aseguramos que no est\u00e1n solos, y estamos trabajando para canalizar respuestas oportunas y atender cada situaci\u00f3n con la responsabilidad que amerita\u201d, expres\u00f3 ellegislador.<\/p>\n\n\n\n<p>Ricardo De los Santos reafirm\u00f3 su compromiso con las comunidades de S\u00e1nchez Ram\u00edrez, destacando que continuar\u00e1 gestionando soluciones r\u00e1pidas y efectivas junto a las instituciones correspondientes para mitigar los efectos provocados por estos eventos atmosf\u00e9ricos.<\/p>\n\n\n\n<p>Asimismo, dijo que se mantendr\u00e1 atento a la evoluci\u00f3n de los acontecimientos, fortaleciendo la coordinaci\u00f3n interinstitucional para garantizar respuestas oportunas y acompa\u00f1amiento permanente a la poblaci\u00f3n.<\/p>\n\n\n\n<p>La provincia S\u00e1nchez Ram\u00edrez fue afectada la tarde del lunes por fuertes vientos que derribaron \u00e1rboles, vallas publicitarias y postes del tendido el\u00e9ctrico en un tramo de la carretera que conecta a Cotu\u00ed, Villa La Mata y Fantino, as\u00ed como la comunidad de Angelina.<\/p>\n\n\n\n<p>Los da\u00f1os provocados por las condiciones climatol\u00f3gicas bloquearon durante varias horas el tr\u00e1nsito vehicular hacia La Vega y San Francisco de Macor\u00eds y generaron largos taponamientos debido a la ca\u00edda de \u00e1rboles y postes de las redes el\u00e9ctricas sobre el pavimento de la v\u00eda que enlaza a S\u00e1nchez Ram\u00edrez con comunidades cercanas.<\/p>\n\n\n\n<p>Brigadas de Edenorte, junto a unidades del Cuerpo de Bomberos y la Defensa Civil, acudieron a las zonas afectadas, donde realizan labores de emergencia para restablecer el suministro el\u00e9ctrico y normalizar el flujo vehicular.<\/p>\n","protected":false},"excerpt":{"rendered":"<p>El senador por la provincia S\u00e1nchez Ram\u00edrez, Ricardo De los Santos, inform\u00f3 que desde este martes comenzar\u00e1 a llegar el apoyo necesario a las zonas impactadas por los recientes fen\u00f3menos&hellip;<\/p>\n","protected":false},"author":10,"featured_media":128995,"comment_status":"open","ping_status":"open","sticky":false,"template":"","format":"standard","meta":{"content-type":"","jetpack_post_was_ever_published":false,"_jetpack_newsletter_access":"","_jetpack_dont_email_post_to_subs":false,"_jetpack_newsletter_tier_id":0,"_jetpack_memberships_contains_paywalled_content":false,"_jetpack_memberships_contains_paid_content":false,"footnotes":""},"categories":[35,25],"tags":[6728,2107,8070,1101,13281,9632],"class_list":["post-128994","post","type-post","status-publish","format-standard","has-post-thumbnail","hentry","category-nacionales","category-portada","tag-ayudas","tag-ricardo-de-los-santos","tag-sanchez-ramirez","tag-senador","tag-ventarron","tag-zonas-afectadas"],"jetpack_featured_media_url":"https:\/\/lasprimeras.com.do\/wp-content\/uploads\/2026\/04\/ayudas-colle.jpg","jetpack-related-posts":[{"id":67852,"url":"https:\/\/lasprimeras.com.do\/index.php\/2023\/11\/19\/senador-ricardo-de-los-santos-pide-declarar-en-estado-de-emergencia-sanchez-ramirez\/","url_meta":{"origin":128994,"position":0},"title":"Senador Ricardo De los Santos pide declarar en estado de emergencia S\u00e1nchez Ram\u00edrez","author":"Nelson Feliz","date":"19 de noviembre de 2023","format":false,"excerpt":"Destaca la r\u00e1pida respuesta del gobierno para mitigar los efectos de la fuerte lluvia. El senador Ricardo de los santos pidi\u00f3 esta tarde declarar en estado de emergencia la provincia S\u00e1nchez Ram\u00edrez por los desplazamientos y desbordamientos de r\u00edos, ocasionados por las fuertes lluvias. El representante de esa provincia ante\u2026","rel":"","context":"En \u00abPORTADA\u00bb","block_context":{"text":"PORTADA","link":"https:\/\/lasprimeras.com.do\/index.php\/category\/portada\/"},"img":{"alt_text":"","src":"https:\/\/i0.wp.com\/lasprimeras.com.do\/wp-content\/uploads\/2023\/11\/Ricardo-De-los-Santos-1-3.jpg?resize=350%2C200&ssl=1","width":350,"height":200,"srcset":"https:\/\/i0.wp.com\/lasprimeras.com.do\/wp-content\/uploads\/2023\/11\/Ricardo-De-los-Santos-1-3.jpg?resize=350%2C200&ssl=1 1x, https:\/\/i0.wp.com\/lasprimeras.com.do\/wp-content\/uploads\/2023\/11\/Ricardo-De-los-Santos-1-3.jpg?resize=525%2C300&ssl=1 1.5x"},"classes":[]},{"id":110685,"url":"https:\/\/lasprimeras.com.do\/index.php\/2025\/09\/30\/ricardo-de-los-santos-gestiona-solucion-a-problematica-agua-en-sanchez-ramirez\/","url_meta":{"origin":128994,"position":1},"title":"Ricardo de los Santos gestiona soluci\u00f3n a problem\u00e1tica agua en S\u00e1nchez Ram\u00edrez","author":"Nelson Feliz","date":"30 de septiembre de 2025","format":false,"excerpt":"El presidente del Senado de la Rep\u00fablica, Ricardo de los Santos, se comprometi\u00f3 este martes a seguir trabajando en buscar soluciones a la escasez del agua potable que afecta a varias comunidades de las provincias S\u00e1nchez Ram\u00edrez y La Vega. El compromiso se ratific\u00f3 en el marco de un productivo\u2026","rel":"","context":"En \u00abNACIONALES\u00bb","block_context":{"text":"NACIONALES","link":"https:\/\/lasprimeras.com.do\/index.php\/category\/nacionales\/"},"img":{"alt_text":"","src":"https:\/\/i0.wp.com\/lasprimeras.com.do\/wp-content\/uploads\/2025\/09\/senadores-1.jpg?resize=350%2C200&ssl=1","width":350,"height":200,"srcset":"https:\/\/i0.wp.com\/lasprimeras.com.do\/wp-content\/uploads\/2025\/09\/senadores-1.jpg?resize=350%2C200&ssl=1 1x, https:\/\/i0.wp.com\/lasprimeras.com.do\/wp-content\/uploads\/2025\/09\/senadores-1.jpg?resize=525%2C300&ssl=1 1.5x, https:\/\/i0.wp.com\/lasprimeras.com.do\/wp-content\/uploads\/2025\/09\/senadores-1.jpg?resize=700%2C400&ssl=1 2x"},"classes":[]},{"id":119814,"url":"https:\/\/lasprimeras.com.do\/index.php\/2026\/01\/18\/ricardo-de-los-santos-y-eduardo-estrella-dan-seguimiento-a-plan-de-asfaltado-en-sanchez-ramirez\/","url_meta":{"origin":128994,"position":2},"title":"Ricardo de los Santos y Eduardo Estrella dan seguimiento a plan de asfaltado en S\u00e1nchez Ram\u00edrez","author":"Nelson Feliz","date":"18 de enero de 2026","format":false,"excerpt":"El senador Ricardo de los Santos y el ministro Eduardo Estrella dan seguimiento a plan de asfaltado en S\u00e1nchez Ram\u00edrez","rel":"","context":"En \u00abNACIONALES\u00bb","block_context":{"text":"NACIONALES","link":"https:\/\/lasprimeras.com.do\/index.php\/category\/nacionales\/"},"img":{"alt_text":"El senador Ricardo de los Santos y el ministro Eduardo Estrella dan seguimiento a plan de asfaltado en S\u00e1nchez Ram\u00edrez","src":"https:\/\/i0.wp.com\/lasprimeras.com.do\/wp-content\/uploads\/2026\/01\/El-senador-Ricardo-de-los-Santos-y-el-ministro-Eduardo-Estrella-dan-seguimiento-a-plan-de-asfaltado-en-Sanchez-Ramirez.jpg?resize=350%2C200&ssl=1","width":350,"height":200,"srcset":"https:\/\/i0.wp.com\/lasprimeras.com.do\/wp-content\/uploads\/2026\/01\/El-senador-Ricardo-de-los-Santos-y-el-ministro-Eduardo-Estrella-dan-seguimiento-a-plan-de-asfaltado-en-Sanchez-Ramirez.jpg?resize=350%2C200&ssl=1 1x, https:\/\/i0.wp.com\/lasprimeras.com.do\/wp-content\/uploads\/2026\/01\/El-senador-Ricardo-de-los-Santos-y-el-ministro-Eduardo-Estrella-dan-seguimiento-a-plan-de-asfaltado-en-Sanchez-Ramirez.jpg?resize=525%2C300&ssl=1 1.5x, https:\/\/i0.wp.com\/lasprimeras.com.do\/wp-content\/uploads\/2026\/01\/El-senador-Ricardo-de-los-Santos-y-el-ministro-Eduardo-Estrella-dan-seguimiento-a-plan-de-asfaltado-en-Sanchez-Ramirez.jpg?resize=700%2C400&ssl=1 2x"},"classes":[]},{"id":76116,"url":"https:\/\/lasprimeras.com.do\/index.php\/2024\/02\/07\/senador-ricardo-de-los-santos-dona-autobuses-a-estudiantes-de-fantino-y-cotui\/","url_meta":{"origin":128994,"position":3},"title":"Senador Ricardo de los Santos dona autobuses a estudiantes de Fantino y Cotui","author":"Nelson Feliz","date":"7 de febrero de 2024","format":false,"excerpt":"El senador de la provincia S\u00e1nchez Ram\u00edrez por el Partido Revolucionario Moderno (PRM), Ricardo de los Santos, entreg\u00f3 dos autobuses a las asociaciones de estudiantes universitarios del municipio Fantino y del distrito municipal La Bija de Cotui. El legislador, quien es el candidato a senador nuevamente, expres\u00f3 que los veh\u00edculos\u2026","rel":"","context":"En \u00abPORTADA\u00bb","block_context":{"text":"PORTADA","link":"https:\/\/lasprimeras.com.do\/index.php\/category\/portada\/"},"img":{"alt_text":"Ricardo de los Santos","src":"https:\/\/i0.wp.com\/lasprimeras.com.do\/wp-content\/uploads\/2024\/02\/Ricardo-de-los-Santos-2.jpg?resize=350%2C200&ssl=1","width":350,"height":200,"srcset":"https:\/\/i0.wp.com\/lasprimeras.com.do\/wp-content\/uploads\/2024\/02\/Ricardo-de-los-Santos-2.jpg?resize=350%2C200&ssl=1 1x, https:\/\/i0.wp.com\/lasprimeras.com.do\/wp-content\/uploads\/2024\/02\/Ricardo-de-los-Santos-2.jpg?resize=525%2C300&ssl=1 1.5x, https:\/\/i0.wp.com\/lasprimeras.com.do\/wp-content\/uploads\/2024\/02\/Ricardo-de-los-Santos-2.jpg?resize=700%2C400&ssl=1 2x"},"classes":[]},{"id":97028,"url":"https:\/\/lasprimeras.com.do\/index.php\/2025\/04\/13\/ricardo-de-los-santos-reclama-una-supervision-constante-en-lugares-donde-se-aglomeran-muchas-personas\/","url_meta":{"origin":128994,"position":4},"title":"Ricardo De los Santos reclama una supervisi\u00f3n constante en lugares donde se aglomeran muchas personas","author":"Nelson Feliz","date":"13 de abril de 2025","format":false,"excerpt":"El presidente del Senado, Ricardo De los Santos, dijo este domingo que de la tragedia ocurrida la madrugada del pasado martes en la discoteca Jet Set nos ense\u00f1a que en los lugares donde se aglomeren tantas personas, se debe mantener una supervisi\u00f3n y vigilancia constante para evitar situaciones tan lamentables\u2026","rel":"","context":"En \u00abNACIONALES\u00bb","block_context":{"text":"NACIONALES","link":"https:\/\/lasprimeras.com.do\/index.php\/category\/nacionales\/"},"img":{"alt_text":"Ricardo De los Santos","src":"https:\/\/i0.wp.com\/lasprimeras.com.do\/wp-content\/uploads\/2025\/04\/Ricardo-De-los-Santos.jpg?resize=350%2C200&ssl=1","width":350,"height":200,"srcset":"https:\/\/i0.wp.com\/lasprimeras.com.do\/wp-content\/uploads\/2025\/04\/Ricardo-De-los-Santos.jpg?resize=350%2C200&ssl=1 1x, https:\/\/i0.wp.com\/lasprimeras.com.do\/wp-content\/uploads\/2025\/04\/Ricardo-De-los-Santos.jpg?resize=525%2C300&ssl=1 1.5x"},"classes":[]},{"id":107295,"url":"https:\/\/lasprimeras.com.do\/index.php\/2025\/08\/25\/presidente-del-senado-encabeza-acto-de-apertura-del-ano-escolar-2025-2026-en-sanchez-ramirez\/","url_meta":{"origin":128994,"position":5},"title":"Presidente del Senado encabeza acto de apertura del a\u00f1o escolar 2025-2026 en S\u00e1nchez Ram\u00edrez","author":"Nelson Feliz","date":"25 de agosto de 2025","format":false,"excerpt":"El presidente del Senado, Ricardo de los Santos, encabez\u00f3 este lunes el acto oficial de apertura del a\u00f1o escolar 2025-2026 en la Regional 16 de la provincia S\u00e1nchez Ram\u00edrez, en representaci\u00f3n del presidente de la Rep\u00fablica, Luis Abinader, y del ministro de Educaci\u00f3n, Luis Miguel De Camps, como muestra del\u2026","rel":"","context":"En \u00abNACIONALES\u00bb","block_context":{"text":"NACIONALES","link":"https:\/\/lasprimeras.com.do\/index.php\/category\/nacionales\/"},"img":{"alt_text":"Ricardo de los Santos","src":"https:\/\/i0.wp.com\/lasprimeras.com.do\/wp-content\/uploads\/2025\/08\/Ricardo-de-los-Santos-1-2.jpg?resize=350%2C200&ssl=1","width":350,"height":200,"srcset":"https:\/\/i0.wp.com\/lasprimeras.com.do\/wp-content\/uploads\/2025\/08\/Ricardo-de-los-Santos-1-2.jpg?resize=350%2C200&ssl=1 1x, https:\/\/i0.wp.com\/lasprimeras.com.do\/wp-content\/uploads\/2025\/08\/Ricardo-de-los-Santos-1-2.jpg?resize=525%2C300&ssl=1 1.5x, https:\/\/i0.wp.com\/lasprimeras.com.do\/wp-content\/uploads\/2025\/08\/Ricardo-de-los-Santos-1-2.jpg?resize=700%2C400&ssl=1 2x"},"classes":[]}],"jetpack_sharing_enabled":true,"_links":{"self":[{"href":"https:\/\/lasprimeras.com.do\/index.php\/wp-json\/wp\/v2\/posts\/128994","targetHints":{"allow":["GET"]}}],"collection":[{"href":"https:\/\/lasprimeras.com.do\/index.php\/wp-json\/wp\/v2\/posts"}],"about":[{"href":"https:\/\/lasprimeras.com.do\/index.php\/wp-json\/wp\/v2\/types\/post"}],"author":[{"embeddable":true,"href":"https:\/\/lasprimeras.com.do\/index.php\/wp-json\/wp\/v2\/users\/10"}],"replies":[{"embeddable":true,"href":"https:\/\/lasprimeras.com.do\/index.php\/wp-json\/wp\/v2\/comments?post=128994"}],"version-history":[{"count":1,"href":"https:\/\/lasprimeras.com.do\/index.php\/wp-json\/wp\/v2\/posts\/128994\/revisions"}],"predecessor-version":[{"id":128996,"href":"https:\/\/lasprimeras.com.do\/index.php\/wp-json\/wp\/v2\/posts\/128994\/revisions\/128996"}],"wp:featuredmedia":[{"embeddable":true,"href":"https:\/\/lasprimeras.com.do\/index.php\/wp-json\/wp\/v2\/media\/128995"}],"wp:attachment":[{"href":"https:\/\/lasprimeras.com.do\/index.php\/wp-json\/wp\/v2\/media?parent=128994"}],"wp:term":[{"taxonomy":"category","embeddable":true,"href":"https:\/\/lasprimeras.com.do\/index.php\/wp-json\/wp\/v2\/categories?post=128994"},{"taxonomy":"post_tag","embeddable":true,"href":"https:\/\/lasprimeras.com.do\/index.php\/wp-json\/wp\/v2\/tags?post=128994"}],"curies":[{"name":"wp","href":"https:\/\/api.w.org\/{rel}","templated":true}]}}