{"id":128997,"date":"2026-04-28T21:56:57","date_gmt":"2026-04-29T01:56:57","guid":{"rendered":"https:\/\/lasprimeras.com.do\/?p=128997"},"modified":"2026-04-28T21:56:59","modified_gmt":"2026-04-29T01:56:59","slug":"congreso-nacional-recibe-informe-de-gestion-anual-de-la-camara-de-cuentas","status":"publish","type":"post","link":"https:\/\/lasprimeras.com.do\/index.php\/2026\/04\/28\/congreso-nacional-recibe-informe-de-gestion-anual-de-la-camara-de-cuentas\/","title":{"rendered":"Congreso Nacional recibe informe de gesti\u00f3n anual de la C\u00e1mara de Cuentas"},"content":{"rendered":"\n<p>Por Adalgisa S\u00e1nchez<\/p>\n\n\n\n<p>El presidente del Senado, Ricardo de los Santos, y Alfredo Pacheco, de la C\u00e1mara de Diputados, recibieron la Memoria Anual y Rendici\u00f3n de Cuentas de la C\u00e1mara de Cuentas, correspondiente al 2025-2026, en un acto realizado en el Sal\u00f3n Reinaldo Pared P\u00e9rez de la C\u00e1mara Alta.<\/p>\n\n\n\n<p>El Pleno de la C\u00e1mara de Cuentas, presidido por su presidenta, Emma Polanco Melo; Francisco Tama, vicepresidente; Francisco Franco, Ram\u00f3n M\u00e9ndez Acosta y Griselda Santana, miembros, rindi\u00f3 informe de su gesti\u00f3n ante senadores y diputados.<\/p>\n\n\n\n<p>En su discurso, Emma Polanco destac\u00f3 los avances realizados por la instituci\u00f3n, alcanzando resultados de 90 informes finales de auditor\u00edas, de las cuales, fueron remitidos 50 informes a la Procuradur\u00eda Especializada de Persecuci\u00f3n de la Corrupci\u00f3n Administrativa (PEPCA), contribuyendo al fortalecimiento de la lucha contra la corrupci\u00f3n.<\/p>\n\n\n\n<p>\u201cHoy presentamos una C\u00e1mara de Cuentas que ha retomado su rumbo, fortalecido sus capacidades y que est\u00e1 comprometida con servir al pa\u00eds con transparencia, rigor t\u00e9cnico y responsabilidad\u201d, expres\u00f3 Polanco.<\/p>\n\n\n<div class=\"wp-block-image\">\n<figure class=\"alignleft size-full is-resized\"><img decoding=\"async\" width=\"1000\" height=\"665\" src=\"https:\/\/lasprimeras.com.do\/wp-content\/uploads\/2026\/04\/Ricardo-de-los-Santos-1.jpg\" alt=\"\" class=\"wp-image-128999\" style=\"aspect-ratio:1.5037848967480167;width:461px;height:auto\" srcset=\"https:\/\/lasprimeras.com.do\/wp-content\/uploads\/2026\/04\/Ricardo-de-los-Santos-1.jpg 1000w, https:\/\/lasprimeras.com.do\/wp-content\/uploads\/2026\/04\/Ricardo-de-los-Santos-1-300x200.jpg 300w, https:\/\/lasprimeras.com.do\/wp-content\/uploads\/2026\/04\/Ricardo-de-los-Santos-1-768x511.jpg 768w\" sizes=\"(max-width: 1000px) 100vw, 1000px\" \/><\/figure>\n<\/div>\n\n\n<p>De su lado, el presidente del Senado, Ricardo de los Santos, afirm\u00f3 que, con este informe de rendici\u00f3n de cuentas, presentado por el \u00f3rgano auditor, se da cumplimientos a lo establecido en la Constituci\u00f3n, de acudir ante el Congreso Nacional a rendir cuentas de su gesti\u00f3n 30 d\u00edas antes de finalizar la Primera Legislatura.<\/p>\n\n\n\n<p>\u201cNosotros felicitamos al Pleno de la C\u00e1mara de Cuentas, por su labor y, ante todo reconocemos que vinieron antes del tiempo establecido a presentar sus memorias\u201d.<\/p>\n\n\n\n<p>De los Santos record\u00f3 al Pleno del \u00f3rgano auditor que en lo adelante los legisladores, como auditores de los recursos del Estado dominicano, acudir\u00e1n conformado en comisiones a realizar visitas a esa instituci\u00f3n, con la finalidad de auditar y verificar las labores realizadas, seg\u00fan informe presentado.<\/p>\n\n\n\n<p>\u201cNosotros los legisladores; senadores y diputados, en comisi\u00f3n, estaremos a partir de ahora visitando a la C\u00e1mara de Cuentas, para nosotros ver los avances que se est\u00e9n llevando all\u00ed, los avances de la gesti\u00f3n, y de esta manera cumplir con ese rol que nos da la Constituci\u00f3n de fiscalizar\u201d, afirm\u00f3 el presidente del Senado.<\/p>\n\n\n<div class=\"wp-block-image\">\n<figure class=\"alignleft size-full is-resized\"><img decoding=\"async\" width=\"1000\" height=\"665\" src=\"https:\/\/lasprimeras.com.do\/wp-content\/uploads\/2026\/04\/Alfredo-Pacheco.jpg\" alt=\"\" class=\"wp-image-129000\" style=\"aspect-ratio:1.5037848967480167;width:469px;height:auto\" srcset=\"https:\/\/lasprimeras.com.do\/wp-content\/uploads\/2026\/04\/Alfredo-Pacheco.jpg 1000w, https:\/\/lasprimeras.com.do\/wp-content\/uploads\/2026\/04\/Alfredo-Pacheco-300x200.jpg 300w, https:\/\/lasprimeras.com.do\/wp-content\/uploads\/2026\/04\/Alfredo-Pacheco-768x511.jpg 768w\" sizes=\"(max-width: 1000px) 100vw, 1000px\" \/><\/figure>\n<\/div>\n\n\n<p>Mientras que el presidente de la C\u00e1mara de Diputados, Alfredo Pacheco, reconoci\u00f3 y valor\u00f3 la gesti\u00f3n realizada por la entidad fiscalizadora encabezada por Emma Polanco, consider\u00e1ndola como una iniciativa de importancia capital.<\/p>\n\n\n\n<p>\u201cEstas disposiciones mejoran considerablemente la transparencia de los poderes del Estado y \u00f3rganos constitucionales como la C\u00e1mara de Cuentas, consider\u00e1ndola como una contribuci\u00f3n a la consolidaci\u00f3n de una buena gesti\u00f3n por parte de la presidenta y los miembros\u201d, expres\u00f3.<\/p>\n\n\n\n<p>En la actividad estuvieron, senadores, diputados, directores y funcionarios del \u00f3rgano legislativo y de la C\u00e1mara de Cuentas.<\/p>\n","protected":false},"excerpt":{"rendered":"<p>Por Adalgisa S\u00e1nchez El presidente del Senado, Ricardo de los Santos, y Alfredo Pacheco, de la C\u00e1mara de Diputados, recibieron la Memoria Anual y Rendici\u00f3n de Cuentas de la C\u00e1mara&hellip;<\/p>\n","protected":false},"author":10,"featured_media":128998,"comment_status":"open","ping_status":"open","sticky":false,"template":"","format":"standard","meta":{"content-type":"","jetpack_post_was_ever_published":false,"_jetpack_newsletter_access":"","_jetpack_dont_email_post_to_subs":false,"_jetpack_newsletter_tier_id":0,"_jetpack_memberships_contains_paywalled_content":false,"_jetpack_memberships_contains_paid_content":false,"footnotes":""},"categories":[39,25],"tags":[340,442,32783,455],"class_list":["post-128997","post","type-post","status-publish","format-standard","has-post-thumbnail","hentry","category-economia","category-portada","tag-camara-de-cuentas","tag-congreso-nacional","tag-gestion-anual","tag-informe"],"jetpack_featured_media_url":"https:\/\/lasprimeras.com.do\/wp-content\/uploads\/2026\/04\/camara-cuentas.jpg","jetpack-related-posts":[{"id":98042,"url":"https:\/\/lasprimeras.com.do\/index.php\/2025\/04\/30\/senado-recibe-analisis-presupuestaria-de-la-camara-de-cuentas-correspondiente-al-2024\/","url_meta":{"origin":128997,"position":0},"title":"Senado recibe an\u00e1lisis presupuestaria de la C\u00e1mara de Cuentas correspondiente al 2024","author":"Nelson Feliz","date":"30 de abril de 2025","format":false,"excerpt":"El presidente del Senado, Ricardo de los Santos, recibi\u00f3 este mi\u00e9rcoles el an\u00e1lisis de ejecuci\u00f3n presupuestaria para el a\u00f1o 2024, realizado por la C\u00e1mara de Cuentas de la Rep\u00fablica Dominicana, con cuya disposici\u00f3n los nuevos miembros de la entidad dan cumplimiento al art\u00edculo 251 de la Carta Magna que establece\u2026","rel":"","context":"En \u00abECONOM\u00cdA\u00bb","block_context":{"text":"ECONOM\u00cdA","link":"https:\/\/lasprimeras.com.do\/index.php\/category\/economia\/"},"img":{"alt_text":"","src":"https:\/\/i0.wp.com\/lasprimeras.com.do\/wp-content\/uploads\/2025\/04\/Ricardo-de-los-Santos-2-1.jpg?resize=350%2C200&ssl=1","width":350,"height":200,"srcset":"https:\/\/i0.wp.com\/lasprimeras.com.do\/wp-content\/uploads\/2025\/04\/Ricardo-de-los-Santos-2-1.jpg?resize=350%2C200&ssl=1 1x, https:\/\/i0.wp.com\/lasprimeras.com.do\/wp-content\/uploads\/2025\/04\/Ricardo-de-los-Santos-2-1.jpg?resize=525%2C300&ssl=1 1.5x, https:\/\/i0.wp.com\/lasprimeras.com.do\/wp-content\/uploads\/2025\/04\/Ricardo-de-los-Santos-2-1.jpg?resize=700%2C400&ssl=1 2x"},"classes":[]},{"id":97625,"url":"https:\/\/lasprimeras.com.do\/index.php\/2025\/04\/24\/emma-polanco-defiende-su-gestion-en-la-uasd-dice-fue-transparente\/","url_meta":{"origin":128997,"position":1},"title":"Emma Polanco defiende su gesti\u00f3n en la UASD, dice fue \u201ctransparente\u201d","author":"Nelson Feliz","date":"24 de abril de 2025","format":false,"excerpt":"La reci\u00e9n juramentada\u00a0 presidenta de la C\u00e1mara de Cuentas de la Rep\u00fablica Dominicana, Emma Polanco defendi\u00f3 la transparencia de su gesti\u00f3n como rectora de la Universidad Aut\u00f3noma de Santo Domingo (UASD), asegurando que siempre actu\u00f3 con apego a la \u00e9tica y moral. Entrevistada por Mois\u00e9s Gonz\u00e1lez del peri\u00f3dico digital y\u2026","rel":"","context":"En \u00abECONOM\u00cdA\u00bb","block_context":{"text":"ECONOM\u00cdA","link":"https:\/\/lasprimeras.com.do\/index.php\/category\/economia\/"},"img":{"alt_text":"Emma Polanco","src":"https:\/\/i0.wp.com\/lasprimeras.com.do\/wp-content\/uploads\/2025\/04\/WhatsApp-Image-2025-04-24-at-8.49.21-AM.jpeg?resize=350%2C200&ssl=1","width":350,"height":200},"classes":[]},{"id":97600,"url":"https:\/\/lasprimeras.com.do\/index.php\/2025\/04\/23\/senado-de-la-republica-juramenta-y-posesiona-a-los-nuevos-miembros-de-la-camara-de-cuentas\/","url_meta":{"origin":128997,"position":2},"title":"Senado de la Rep\u00fablica juramenta y posesiona a los nuevos miembros de la C\u00e1mara de Cuentas","author":"Nelson Feliz","date":"23 de abril de 2025","format":false,"excerpt":"Por Adalgisa S\u00e1nchez El presidente del Senado de la Rep\u00fablica Dominicana, Ricardo de los Santos, jurament\u00f3 y posesion\u00f3 a los nuevos miembros de la C\u00e1mara de Cuentas, para el periodo 2025-2029. Durante el acto de juramentaci\u00f3n, De los Santos recomend\u00f3 realizar una buena labor apegada a la \u00e9tica, aplicando el\u2026","rel":"","context":"En \u00abNACIONALES\u00bb","block_context":{"text":"NACIONALES","link":"https:\/\/lasprimeras.com.do\/index.php\/category\/nacionales\/"},"img":{"alt_text":"","src":"https:\/\/i0.wp.com\/lasprimeras.com.do\/wp-content\/uploads\/2025\/04\/cuentas-miembros.jpg?resize=350%2C200&ssl=1","width":350,"height":200,"srcset":"https:\/\/i0.wp.com\/lasprimeras.com.do\/wp-content\/uploads\/2025\/04\/cuentas-miembros.jpg?resize=350%2C200&ssl=1 1x, https:\/\/i0.wp.com\/lasprimeras.com.do\/wp-content\/uploads\/2025\/04\/cuentas-miembros.jpg?resize=525%2C300&ssl=1 1.5x, https:\/\/i0.wp.com\/lasprimeras.com.do\/wp-content\/uploads\/2025\/04\/cuentas-miembros.jpg?resize=700%2C400&ssl=1 2x"},"classes":[]},{"id":124677,"url":"https:\/\/lasprimeras.com.do\/index.php\/2026\/03\/15\/reconocen-a-emma-polanco-por-transparencia-en-la-camara-de-cuentas\/","url_meta":{"origin":128997,"position":3},"title":"Reconocen a Emma Polanco por transparencia en la C\u00e1mara de Cuentas","author":"Nelson Feliz","date":"15 de marzo de 2026","format":false,"excerpt":"Comunitarios de Puerto Plata destacan la apertura institucional del \u00f3rgano fiscalizador y la atenci\u00f3n a denuncias ciudadanas. La Asociaci\u00f3n de Juntas de Vecinos del Distrito Municipal de Cabarete, provincia Puerto Plata, entreg\u00f3 una placa de reconocimiento a la presidenta de la C\u00e1mara de Cuentas de la Rep\u00fablica Dominicana (CCRD), doctora\u2026","rel":"","context":"En \u00abNACIONALES\u00bb","block_context":{"text":"NACIONALES","link":"https:\/\/lasprimeras.com.do\/index.php\/category\/nacionales\/"},"img":{"alt_text":"Emma Polanco Melo","src":"https:\/\/i0.wp.com\/lasprimeras.com.do\/wp-content\/uploads\/2026\/03\/Emma-Polanco-Melo-1.jpg?resize=350%2C200&ssl=1","width":350,"height":200,"srcset":"https:\/\/i0.wp.com\/lasprimeras.com.do\/wp-content\/uploads\/2026\/03\/Emma-Polanco-Melo-1.jpg?resize=350%2C200&ssl=1 1x, https:\/\/i0.wp.com\/lasprimeras.com.do\/wp-content\/uploads\/2026\/03\/Emma-Polanco-Melo-1.jpg?resize=525%2C300&ssl=1 1.5x, https:\/\/i0.wp.com\/lasprimeras.com.do\/wp-content\/uploads\/2026\/03\/Emma-Polanco-Melo-1.jpg?resize=700%2C400&ssl=1 2x"},"classes":[]},{"id":97538,"url":"https:\/\/lasprimeras.com.do\/index.php\/2025\/04\/22\/emma-polanco-sera-la-nueva-presidenta-de-la-camara-de-cuentas\/","url_meta":{"origin":128997,"position":4},"title":"Emma Polanco ser\u00e1 la nueva presidenta de la C\u00e1mara de Cuentas","author":"Nelson Feliz","date":"22 de abril de 2025","format":false,"excerpt":"Seg\u00fan el perfil que comparti\u00f3 cuando asumi\u00f3 en 2018 la rector\u00eda de la UASD, Polanco Melo tiene un doctorado en Econom\u00eda Aplicada, por la Universidad del Pa\u00eds Vasco y maestr\u00eda en Econom\u00eda Aplicada. La C\u00e1mara de Cuentas tendr\u00e1 un nuevo pleno que estar\u00e1 conformado por cinco integrantes escogidos por el\u2026","rel":"","context":"En \u00abECONOM\u00cdA\u00bb","block_context":{"text":"ECONOM\u00cdA","link":"https:\/\/lasprimeras.com.do\/index.php\/category\/economia\/"},"img":{"alt_text":"","src":"https:\/\/i0.wp.com\/lasprimeras.com.do\/wp-content\/uploads\/2025\/04\/emma-polanco-sera-la-nueva-presidenta-de-la-camara-de-cuentas.jpg?resize=350%2C200&ssl=1","width":350,"height":200,"srcset":"https:\/\/i0.wp.com\/lasprimeras.com.do\/wp-content\/uploads\/2025\/04\/emma-polanco-sera-la-nueva-presidenta-de-la-camara-de-cuentas.jpg?resize=350%2C200&ssl=1 1x, https:\/\/i0.wp.com\/lasprimeras.com.do\/wp-content\/uploads\/2025\/04\/emma-polanco-sera-la-nueva-presidenta-de-la-camara-de-cuentas.jpg?resize=525%2C300&ssl=1 1.5x, https:\/\/i0.wp.com\/lasprimeras.com.do\/wp-content\/uploads\/2025\/04\/emma-polanco-sera-la-nueva-presidenta-de-la-camara-de-cuentas.jpg?resize=700%2C400&ssl=1 2x"},"classes":[]},{"id":96089,"url":"https:\/\/lasprimeras.com.do\/index.php\/2025\/03\/24\/comision-especial-escoge-las-ternas-para-elegir-a-los-integrantes-de-la-camara-de-cuentas\/","url_meta":{"origin":128997,"position":5},"title":"Comisi\u00f3n Especial escoge las ternas para elegir a los integrantes de la C\u00e1mara de Cuentas","author":"Nelson Feliz","date":"24 de marzo de 2025","format":false,"excerpt":"La Comisi\u00f3n Permanente de C\u00e1mara de Cuentas de la C\u00e1mara de Diputados, seleccion\u00f3 este lunes a los integrantes de las cinco ternas que ser\u00e1n presentadas al pleno del organismo para la escogencia de los miembros de la C\u00e1mara de Cuentas. Aunque la comisi\u00f3n que preside el diputado Rogelio Alfonso Genao\u2026","rel":"","context":"En \u00abNACIONALES\u00bb","block_context":{"text":"NACIONALES","link":"https:\/\/lasprimeras.com.do\/index.php\/category\/nacionales\/"},"img":{"alt_text":"","src":"https:\/\/i0.wp.com\/lasprimeras.com.do\/wp-content\/uploads\/2025\/03\/camara-diputados.jpg?resize=350%2C200&ssl=1","width":350,"height":200,"srcset":"https:\/\/i0.wp.com\/lasprimeras.com.do\/wp-content\/uploads\/2025\/03\/camara-diputados.jpg?resize=350%2C200&ssl=1 1x, https:\/\/i0.wp.com\/lasprimeras.com.do\/wp-content\/uploads\/2025\/03\/camara-diputados.jpg?resize=525%2C300&ssl=1 1.5x, https:\/\/i0.wp.com\/lasprimeras.com.do\/wp-content\/uploads\/2025\/03\/camara-diputados.jpg?resize=700%2C400&ssl=1 2x"},"classes":[]}],"jetpack_sharing_enabled":true,"_links":{"self":[{"href":"https:\/\/lasprimeras.com.do\/index.php\/wp-json\/wp\/v2\/posts\/128997","targetHints":{"allow":["GET"]}}],"collection":[{"href":"https:\/\/lasprimeras.com.do\/index.php\/wp-json\/wp\/v2\/posts"}],"about":[{"href":"https:\/\/lasprimeras.com.do\/index.php\/wp-json\/wp\/v2\/types\/post"}],"author":[{"embeddable":true,"href":"https:\/\/lasprimeras.com.do\/index.php\/wp-json\/wp\/v2\/users\/10"}],"replies":[{"embeddable":true,"href":"https:\/\/lasprimeras.com.do\/index.php\/wp-json\/wp\/v2\/comments?post=128997"}],"version-history":[{"count":1,"href":"https:\/\/lasprimeras.com.do\/index.php\/wp-json\/wp\/v2\/posts\/128997\/revisions"}],"predecessor-version":[{"id":129001,"href":"https:\/\/lasprimeras.com.do\/index.php\/wp-json\/wp\/v2\/posts\/128997\/revisions\/129001"}],"wp:featuredmedia":[{"embeddable":true,"href":"https:\/\/lasprimeras.com.do\/index.php\/wp-json\/wp\/v2\/media\/128998"}],"wp:attachment":[{"href":"https:\/\/lasprimeras.com.do\/index.php\/wp-json\/wp\/v2\/media?parent=128997"}],"wp:term":[{"taxonomy":"category","embeddable":true,"href":"https:\/\/lasprimeras.com.do\/index.php\/wp-json\/wp\/v2\/categories?post=128997"},{"taxonomy":"post_tag","embeddable":true,"href":"https:\/\/lasprimeras.com.do\/index.php\/wp-json\/wp\/v2\/tags?post=128997"}],"curies":[{"name":"wp","href":"https:\/\/api.w.org\/{rel}","templated":true}]}}