{"id":129002,"date":"2026-04-28T12:27:00","date_gmt":"2026-04-28T16:27:00","guid":{"rendered":"https:\/\/lasprimeras.com.do\/?p=129002"},"modified":"2026-04-28T22:30:40","modified_gmt":"2026-04-29T02:30:40","slug":"eco5rd-e-higuey-retiran-1400-toneladas-de-desechos-en-canada-arroyo-caguero","status":"publish","type":"post","link":"https:\/\/lasprimeras.com.do\/index.php\/2026\/04\/28\/eco5rd-e-higuey-retiran-1400-toneladas-de-desechos-en-canada-arroyo-caguero\/","title":{"rendered":"Eco5RD e Hig\u00fcey retiran 1,400 toneladas de desechos en ca\u00f1ada Arroyo Caguero"},"content":{"rendered":"\n<p>La Unidad Ejecutora de la Presidencia (Eco5RD) y el Ayuntamiento Municipal de Hig\u00fcey culminaron con \u00e9xito el saneamiento integral de la ca\u00f1ada Arroyo Caguero.<\/p>\n\n\n\n<p>\u200bLa intervenci\u00f3n permiti\u00f3 la recolecci\u00f3n de m\u00e1s de 1,400 toneladas de desechos s\u00f3lidos, recuperando un cauce que atraviesa puntos cr\u00edticos de la ciudad, desde Monte Santamar\u00eda hasta Las Siete Lagunas, impactando positivamente a sectores como La Malena de Hig\u00fcey.<\/p>\n\n\n\n<p><strong>\u200bGesti\u00f3n y Coordinaci\u00f3n Directa<\/strong><\/p>\n\n\n\n<p>Los trabajos fueron coordinados por la Unidad Gubernamental de R\u00e1pida Acci\u00f3n (UGRA), bajo la direcci\u00f3n de C\u00e9sar Guzm\u00e1n, siguiendo las directrices del director ejecutivo de Eco5RD, Fidel Bret\u00f3n. Estas acciones forman parte del compromiso del presidente Luis Abinader de fortalecer la gesti\u00f3n ambiental a trav\u00e9s de la colaboraci\u00f3n con los gobiernos locales.<\/p>\n\n\n\n<p>\u200b&#8221;La visi\u00f3n del presidente es trabajar de la mano con las municipalidades, sin limitaciones ni banderas partidarias, priorizando el bienestar de la gente&#8221;, afirm\u00f3 Guzm\u00e1n durante el operativo.<\/p>\n\n\n\n<p><strong>\u200bImpacto Ambiental y Social<\/strong><\/p>\n\n\n\n<p>El proyecto responde a un plan integral dise\u00f1ado para: Mitigar impactos ambientales: Eliminando focos de contaminaci\u00f3n en fuentes h\u00eddricas.<\/p>\n\n\n\n<p>\u200bReducir riesgos sanitarios: Previniendo la propagaci\u00f3n de enfermedades transmitidas por vectores.<\/p>\n\n\n\n<p>\u200bPrevenci\u00f3n de inundaciones: Facilitando el flujo natural del agua ante temporadas de lluvia.<\/p>\n\n\n\n<p><strong>\u200bLlamado a la Acci\u00f3n<\/strong><\/p>\n\n\n\n<p>Finalmente, las autoridades exhortaron a la poblaci\u00f3n y a los medios de comunicaci\u00f3n a convertirse en guardianes del medioambiente. Se hizo especial \u00e9nfasis en evitar el vertido de residuos en las ca\u00f1adas para garantizar la durabilidad de estos trabajos y proteger la seguridad de las familias dominicanas.<\/p>\n","protected":false},"excerpt":{"rendered":"<p>La Unidad Ejecutora de la Presidencia (Eco5RD) y el Ayuntamiento Municipal de Hig\u00fcey culminaron con \u00e9xito el saneamiento integral de la ca\u00f1ada Arroyo Caguero. \u200bLa intervenci\u00f3n permiti\u00f3 la recolecci\u00f3n de&hellip;<\/p>\n","protected":false},"author":10,"featured_media":129003,"comment_status":"open","ping_status":"open","sticky":false,"template":"","format":"standard","meta":{"content-type":"","jetpack_post_was_ever_published":false,"_jetpack_newsletter_access":"","_jetpack_dont_email_post_to_subs":false,"_jetpack_newsletter_tier_id":0,"_jetpack_memberships_contains_paywalled_content":false,"_jetpack_memberships_contains_paid_content":false,"footnotes":""},"categories":[35],"tags":[32785,32784,32786,3630,14168,27366,3628],"class_list":["post-129002","post","type-post","status-publish","format-standard","has-post-thumbnail","hentry","category-nacionales","tag-1400-toneladas","tag-alcaldia-de-higuey","tag-arroyo-caguero","tag-canada","tag-desechos","tag-eco5rd","tag-saneamiento"],"jetpack_featured_media_url":"https:\/\/lasprimeras.com.do\/wp-content\/uploads\/2026\/04\/ECO-1.jpg","jetpack-related-posts":[{"id":115554,"url":"https:\/\/lasprimeras.com.do\/index.php\/2025\/11\/23\/eco5rd-continua-la-ruta-de-la-limpieza-navidena-en-higuey-y-la-region-este\/","url_meta":{"origin":129002,"position":0},"title":"Eco5RD contin\u00faa la Ruta de la Limpieza Navide\u00f1a en Hig\u00fcey y la regi\u00f3n Este","author":"Nelson Feliz","date":"23 de noviembre de 2025","format":false,"excerpt":"La Unidad Ejecutora de la Presidencia, Eco5RD, dej\u00f3 implementada para la regi\u00f3n Este la \u201cRuta de la Limpieza Navide\u00f1a\u201d, con el prop\u00f3sito de apoyar a las alcald\u00edas de de Hig\u00fcey, provincia La Altagracia. El director ejecutivo de Eco5RD, Carlos Pellerano, explic\u00f3 que este programa ya est\u00e1 en ejecuci\u00f3n en San\u2026","rel":"","context":"En \u00abNACIONALES\u00bb","block_context":{"text":"NACIONALES","link":"https:\/\/lasprimeras.com.do\/index.php\/category\/nacionales\/"},"img":{"alt_text":"","src":"https:\/\/i0.wp.com\/lasprimeras.com.do\/wp-content\/uploads\/2025\/11\/Eco5RD.jpg?resize=350%2C200&ssl=1","width":350,"height":200,"srcset":"https:\/\/i0.wp.com\/lasprimeras.com.do\/wp-content\/uploads\/2025\/11\/Eco5RD.jpg?resize=350%2C200&ssl=1 1x, https:\/\/i0.wp.com\/lasprimeras.com.do\/wp-content\/uploads\/2025\/11\/Eco5RD.jpg?resize=525%2C300&ssl=1 1.5x, https:\/\/i0.wp.com\/lasprimeras.com.do\/wp-content\/uploads\/2025\/11\/Eco5RD.jpg?resize=700%2C400&ssl=1 2x"},"classes":[]},{"id":123382,"url":"https:\/\/lasprimeras.com.do\/index.php\/2026\/02\/28\/eco5rd-realiza-amplio-operativo-de-limpieza-en-los-alcarrizos-y-santo-domingo-oeste\/","url_meta":{"origin":129002,"position":1},"title":"Eco5RD realiza amplio operativo de limpieza en Los Alcarrizos y Santo Domingo Oeste","author":"Nelson Feliz","date":"28 de febrero de 2026","format":false,"excerpt":"La Unidad Ejecutora de la Presidencia de la Rep\u00fablica, Eco5RD, inici\u00f3 la pasada semana un amplio operativo de limpieza en los municipios Los Alcarrizos y Santo Domingo Oeste, donde se han recolectado m\u00e1s de 454 toneladas de residuos s\u00f3lidos. La intervenci\u00f3n se desarrolla en el marco de los trabajos previos\u2026","rel":"","context":"En \u00abNACIONALES\u00bb","block_context":{"text":"NACIONALES","link":"https:\/\/lasprimeras.com.do\/index.php\/category\/nacionales\/"},"img":{"alt_text":"Eco5RD","src":"https:\/\/i0.wp.com\/lasprimeras.com.do\/wp-content\/uploads\/2026\/02\/Eco5RD.jpg?resize=350%2C200&ssl=1","width":350,"height":200,"srcset":"https:\/\/i0.wp.com\/lasprimeras.com.do\/wp-content\/uploads\/2026\/02\/Eco5RD.jpg?resize=350%2C200&ssl=1 1x, https:\/\/i0.wp.com\/lasprimeras.com.do\/wp-content\/uploads\/2026\/02\/Eco5RD.jpg?resize=525%2C300&ssl=1 1.5x, https:\/\/i0.wp.com\/lasprimeras.com.do\/wp-content\/uploads\/2026\/02\/Eco5RD.jpg?resize=700%2C400&ssl=1 2x"},"classes":[]},{"id":117693,"url":"https:\/\/lasprimeras.com.do\/index.php\/2025\/12\/14\/alcaldias-de-samana-bonao-y-moca-reciben-la-ruta-de-la-limpieza-de-eco5rd\/","url_meta":{"origin":129002,"position":2},"title":"Alcald\u00edas de Saman\u00e1, Bonao y Moca reciben la Ruta de la Limpieza de Eco5RD","author":"Nelson Feliz","date":"14 de diciembre de 2025","format":false,"excerpt":"Esta iniciativa fortalece la recolecci\u00f3n de desechos s\u00f3lidos durante la temporada navide\u00f1a y respalda la gesti\u00f3n municipal La Unidad Ejecutora de la Presidencia Eco5RD implement\u00f3 esta semana la Ruta de la Limpieza Navide\u00f1a en los municipios de Moca, Bonao y Saman\u00e1, con el objetivo de garantizar espacios limpios y ordenados\u2026","rel":"","context":"En \u00abNACIONALES\u00bb","block_context":{"text":"NACIONALES","link":"https:\/\/lasprimeras.com.do\/index.php\/category\/nacionales\/"},"img":{"alt_text":"Ruta de la Limpieza de Eco5RD","src":"https:\/\/i0.wp.com\/lasprimeras.com.do\/wp-content\/uploads\/2025\/12\/Ruta-de-la-Limpieza-de-Eco5RD.jpg?resize=350%2C200&ssl=1","width":350,"height":200,"srcset":"https:\/\/i0.wp.com\/lasprimeras.com.do\/wp-content\/uploads\/2025\/12\/Ruta-de-la-Limpieza-de-Eco5RD.jpg?resize=350%2C200&ssl=1 1x, https:\/\/i0.wp.com\/lasprimeras.com.do\/wp-content\/uploads\/2025\/12\/Ruta-de-la-Limpieza-de-Eco5RD.jpg?resize=525%2C300&ssl=1 1.5x, https:\/\/i0.wp.com\/lasprimeras.com.do\/wp-content\/uploads\/2025\/12\/Ruta-de-la-Limpieza-de-Eco5RD.jpg?resize=700%2C400&ssl=1 2x"},"classes":[]},{"id":114917,"url":"https:\/\/lasprimeras.com.do\/index.php\/2025\/11\/18\/gobierno-lanza-la-ruta-de-la-limpieza-navidena-a-traves-de-eco5rd-en-apoyo-a-las-alcaldias\/","url_meta":{"origin":129002,"position":3},"title":"Gobierno lanza la \u201cRuta de la Limpieza Navide\u00f1a\u201d a trav\u00e9s de Eco5RD en apoyo a las alcald\u00edas","author":"Nelson Feliz","date":"18 de noviembre de 2025","format":false,"excerpt":"El Gobierno, a trav\u00e9s de la Unidad Ejecutora de la Presidencia Eco5RD, lanz\u00f3 la \u201cRuta de la Limpieza Navide\u00f1a\u201d en San Crist\u00f3bal, un programa que se implementar\u00e1 a nivel nacional para apoyar a los alcaldes en las labores de limpieza y embellecimiento de sus municipios. El director general de Eco5RD,\u2026","rel":"","context":"En \u00abNACIONALES\u00bb","block_context":{"text":"NACIONALES","link":"https:\/\/lasprimeras.com.do\/index.php\/category\/nacionales\/"},"img":{"alt_text":"","src":"https:\/\/i0.wp.com\/lasprimeras.com.do\/wp-content\/uploads\/2025\/11\/alcaldias-1.jpg?resize=350%2C200&ssl=1","width":350,"height":200,"srcset":"https:\/\/i0.wp.com\/lasprimeras.com.do\/wp-content\/uploads\/2025\/11\/alcaldias-1.jpg?resize=350%2C200&ssl=1 1x, https:\/\/i0.wp.com\/lasprimeras.com.do\/wp-content\/uploads\/2025\/11\/alcaldias-1.jpg?resize=525%2C300&ssl=1 1.5x, https:\/\/i0.wp.com\/lasprimeras.com.do\/wp-content\/uploads\/2025\/11\/alcaldias-1.jpg?resize=700%2C400&ssl=1 2x"},"classes":[]},{"id":125914,"url":"https:\/\/lasprimeras.com.do\/index.php\/2026\/03\/27\/asdn-interviene-municipio-ante-incumplimiento-de-contrato-de-compania-recolectora\/","url_meta":{"origin":129002,"position":4},"title":"ASDN interviene municipio ante incumplimiento de contrato de compa\u00f1\u00eda recolectora","author":"Nelson Feliz","date":"27 de marzo de 2026","format":false,"excerpt":"_Iniciar\u00e1n proceso legal contra Sucesat_ La alcaldesa de Santo Domingo Norte, Betty Ger\u00f3nimo, encabez\u00f3 un operativo de intervenci\u00f3n del municipio junto a la Unidad Ejecutora de la Presidencia de la Rep\u00fablica, ECO5RD, ante el incumplimiento en la recogida de basura de la compa\u00f1\u00eda recolectora Sucesat. La jornada, que cont\u00f3 con\u2026","rel":"","context":"En \u00abNACIONALES\u00bb","block_context":{"text":"NACIONALES","link":"https:\/\/lasprimeras.com.do\/index.php\/category\/nacionales\/"},"img":{"alt_text":"","src":"https:\/\/i0.wp.com\/lasprimeras.com.do\/wp-content\/uploads\/2026\/03\/IMG-20260326-WA0418.jpg?resize=350%2C200&ssl=1","width":350,"height":200,"srcset":"https:\/\/i0.wp.com\/lasprimeras.com.do\/wp-content\/uploads\/2026\/03\/IMG-20260326-WA0418.jpg?resize=350%2C200&ssl=1 1x, https:\/\/i0.wp.com\/lasprimeras.com.do\/wp-content\/uploads\/2026\/03\/IMG-20260326-WA0418.jpg?resize=525%2C300&ssl=1 1.5x, https:\/\/i0.wp.com\/lasprimeras.com.do\/wp-content\/uploads\/2026\/03\/IMG-20260326-WA0418.jpg?resize=700%2C400&ssl=1 2x, https:\/\/i0.wp.com\/lasprimeras.com.do\/wp-content\/uploads\/2026\/03\/IMG-20260326-WA0418.jpg?resize=1050%2C600&ssl=1 3x"},"classes":[]},{"id":105148,"url":"https:\/\/lasprimeras.com.do\/index.php\/2025\/07\/31\/alcalde-la-otra-banda-en-higuey-afirma-ha-erradicado-mayoria-problemas-ciudad\/","url_meta":{"origin":129002,"position":5},"title":"Alcalde La Otra Banda en Hig\u00fcey afirma ha erradicado mayor\u00eda problemas ciudad","author":"Nelson Feliz","date":"31 de julio de 2025","format":false,"excerpt":"Por Ram\u00f3n Mercedes NUEVA YORK.- El alcalde del distrito municipal de La Otra Banda, provincia de Hig\u00fcey, Alexander Rodr\u00edguez (El Hijo del Pueblo), afirm\u00f3 en esta ciudad que al llegar al Ayuntamiento encontr\u00f3 m\u00faltiples problemas que afectaban la comarca, pero ya se han erradicado la mayor\u00eda. El ejecutivo municipal precis\u00f3\u2026","rel":"","context":"En \u00abINTERNACIONALES\u00bb","block_context":{"text":"INTERNACIONALES","link":"https:\/\/lasprimeras.com.do\/index.php\/category\/sin-categoria\/internacionales\/"},"img":{"alt_text":"","src":"https:\/\/i0.wp.com\/lasprimeras.com.do\/wp-content\/uploads\/2025\/07\/WhatsApp-Image-2025-07-31-at-6.09.55-AM.jpeg?resize=350%2C200&ssl=1","width":350,"height":200,"srcset":"https:\/\/i0.wp.com\/lasprimeras.com.do\/wp-content\/uploads\/2025\/07\/WhatsApp-Image-2025-07-31-at-6.09.55-AM.jpeg?resize=350%2C200&ssl=1 1x, https:\/\/i0.wp.com\/lasprimeras.com.do\/wp-content\/uploads\/2025\/07\/WhatsApp-Image-2025-07-31-at-6.09.55-AM.jpeg?resize=525%2C300&ssl=1 1.5x, https:\/\/i0.wp.com\/lasprimeras.com.do\/wp-content\/uploads\/2025\/07\/WhatsApp-Image-2025-07-31-at-6.09.55-AM.jpeg?resize=700%2C400&ssl=1 2x"},"classes":[]}],"jetpack_sharing_enabled":true,"_links":{"self":[{"href":"https:\/\/lasprimeras.com.do\/index.php\/wp-json\/wp\/v2\/posts\/129002","targetHints":{"allow":["GET"]}}],"collection":[{"href":"https:\/\/lasprimeras.com.do\/index.php\/wp-json\/wp\/v2\/posts"}],"about":[{"href":"https:\/\/lasprimeras.com.do\/index.php\/wp-json\/wp\/v2\/types\/post"}],"author":[{"embeddable":true,"href":"https:\/\/lasprimeras.com.do\/index.php\/wp-json\/wp\/v2\/users\/10"}],"replies":[{"embeddable":true,"href":"https:\/\/lasprimeras.com.do\/index.php\/wp-json\/wp\/v2\/comments?post=129002"}],"version-history":[{"count":1,"href":"https:\/\/lasprimeras.com.do\/index.php\/wp-json\/wp\/v2\/posts\/129002\/revisions"}],"predecessor-version":[{"id":129004,"href":"https:\/\/lasprimeras.com.do\/index.php\/wp-json\/wp\/v2\/posts\/129002\/revisions\/129004"}],"wp:featuredmedia":[{"embeddable":true,"href":"https:\/\/lasprimeras.com.do\/index.php\/wp-json\/wp\/v2\/media\/129003"}],"wp:attachment":[{"href":"https:\/\/lasprimeras.com.do\/index.php\/wp-json\/wp\/v2\/media?parent=129002"}],"wp:term":[{"taxonomy":"category","embeddable":true,"href":"https:\/\/lasprimeras.com.do\/index.php\/wp-json\/wp\/v2\/categories?post=129002"},{"taxonomy":"post_tag","embeddable":true,"href":"https:\/\/lasprimeras.com.do\/index.php\/wp-json\/wp\/v2\/tags?post=129002"}],"curies":[{"name":"wp","href":"https:\/\/api.w.org\/{rel}","templated":true}]}}