{"id":129005,"date":"2026-04-29T00:45:00","date_gmt":"2026-04-29T04:45:00","guid":{"rendered":"https:\/\/lasprimeras.com.do\/?p=129005"},"modified":"2026-04-28T22:46:59","modified_gmt":"2026-04-29T02:46:59","slug":"en-los-proximos-dias-nyc-contara-con-taxis-aereos","status":"publish","type":"post","link":"https:\/\/lasprimeras.com.do\/index.php\/2026\/04\/29\/en-los-proximos-dias-nyc-contara-con-taxis-aereos\/","title":{"rendered":"En los pr\u00f3ximos d\u00edas NYC contar\u00e1 con taxis a\u00e9reos"},"content":{"rendered":"\n<p>Por Ram\u00f3n Mercedes<\/p>\n\n\n\n<p>NUEVA YORK.- En los pr\u00f3ximos d\u00edas, en esta ciudad se iniciar\u00e1n viajes en taxis a\u00e9reos el\u00e9ctricos, que conectar\u00e1n el aeropuerto JFK con el condado de Manhattan.<\/p>\n\n\n\n<p>El objetivo es reducir trayectos de entre una y dos horas a menos de 15 minutos, evitando el tr\u00e1fico densamente congestionado. As\u00ed lo anunci\u00f3 la Autoridad Portuaria de NY, NJ y la empresa Joby Aviation.<\/p>\n\n\n\n<p>La iniciativa cuenta con el respaldo de la Administraci\u00f3n Federal de Aviaci\u00f3n (FAA) y forma parte de un esfuerzo por integrar el transporte a\u00e9reo el\u00e9ctrico en el espacio a\u00e9reo de NYC.<\/p>\n\n\n\n<p>Las aeronaves de Joby Aviation son el\u00e9ctricas, con despegue y aterrizaje vertical, libres de emisiones, con capacidad para cuatro pasajeros y 100 veces m\u00e1s silenciosas que un helic\u00f3ptero convencional. Ya han completado m\u00e1s de 50,000 millas de pruebas.<\/p>\n\n\n\n<p>Las pruebas de vuelo se realizaron desde el Downtown Skyport hacia los helipuertos de las calles West 30 y East 34. Adem\u00e1s, se busca desarrollar infraestructura en el aeropuerto de LaGuardia para construir un helipuerto destinado a este transporte.<\/p>\n\n\n\n<p>Aunque no se ha revelado el costo de los viajes, fuentes extraoficiales estiman que oscilar\u00e1 entre 3 y 6 d\u00f3lares por milla.<\/p>\n","protected":false},"excerpt":{"rendered":"<p>Por Ram\u00f3n Mercedes NUEVA YORK.- En los pr\u00f3ximos d\u00edas, en esta ciudad se iniciar\u00e1n viajes en taxis a\u00e9reos el\u00e9ctricos, que conectar\u00e1n el aeropuerto JFK con el condado de Manhattan. El&hellip;<\/p>\n","protected":false},"author":10,"featured_media":129006,"comment_status":"open","ping_status":"open","sticky":false,"template":"","format":"standard","meta":{"content-type":"","jetpack_post_was_ever_published":false,"_jetpack_newsletter_access":"","_jetpack_dont_email_post_to_subs":false,"_jetpack_newsletter_tier_id":0,"_jetpack_memberships_contains_paywalled_content":false,"_jetpack_memberships_contains_paid_content":false,"footnotes":""},"categories":[25580],"tags":[32787],"class_list":["post-129005","post","type-post","status-publish","format-standard","has-post-thumbnail","hentry","category-la-voz-de-la-diaspora","tag-nyc-contara-con-taxis-aereos"],"jetpack_featured_media_url":"https:\/\/lasprimeras.com.do\/wp-content\/uploads\/2026\/04\/En-los-proximos-dias-NYC-contara-con-taxis-aereos.jpg","jetpack-related-posts":[{"id":96563,"url":"https:\/\/lasprimeras.com.do\/index.php\/2025\/04\/03\/idac-y-paramount-aviation-services-firman-acuerdo-para-evaluacion-de-pilotos\/","url_meta":{"origin":129005,"position":0},"title":"IDAC y Paramount Aviation Services firman acuerdo para evaluaci\u00f3n de pilotos","author":"Nelson Feliz","date":"3 de abril de 2025","format":false,"excerpt":"La firma se desarroll\u00f3 en el marco de la tercera edici\u00f3n del TradeShow que organiza el ministro de Turismo David Collado en la ciudad de Miami Miami, Florida.- El Instituto Dominicano de Aviaci\u00f3n Civil (IDAC) y la Paramount Aviation Services firmaron un acuerdo interinstitucional en el cual el organismo aeron\u00e1utico\u2026","rel":"","context":"En \u00abNACIONALES\u00bb","block_context":{"text":"NACIONALES","link":"https:\/\/lasprimeras.com.do\/index.php\/category\/nacionales\/"},"img":{"alt_text":"","src":"https:\/\/i0.wp.com\/lasprimeras.com.do\/wp-content\/uploads\/2025\/04\/ACUERSO.jpg?resize=350%2C200&ssl=1","width":350,"height":200,"srcset":"https:\/\/i0.wp.com\/lasprimeras.com.do\/wp-content\/uploads\/2025\/04\/ACUERSO.jpg?resize=350%2C200&ssl=1 1x, https:\/\/i0.wp.com\/lasprimeras.com.do\/wp-content\/uploads\/2025\/04\/ACUERSO.jpg?resize=525%2C300&ssl=1 1.5x, https:\/\/i0.wp.com\/lasprimeras.com.do\/wp-content\/uploads\/2025\/04\/ACUERSO.jpg?resize=700%2C400&ssl=1 2x"},"classes":[]},{"id":97937,"url":"https:\/\/lasprimeras.com.do\/index.php\/2025\/04\/29\/campana-en-nyc-contra-las-infracciones-en-carriles-buses-conductores-dominicanos-en-ascuas\/","url_meta":{"origin":129005,"position":1},"title":"Campa\u00f1a en NYC contra las infracciones en carriles buses; conductores dominicanos en ascuas","author":"Nelson Feliz","date":"29 de abril de 2025","format":false,"excerpt":"Por Ram\u00f3n Mercedes NUEVA YORK.- La Autoridad Metropolitana del Transporte (MTA) inici\u00f3 en esta semana en esta ciudad una campa\u00f1a ampliada contra las infracciones en los carriles de buses en los cinco condados. Se inici\u00f3 con un periodo de advertencia por correo de 60 d\u00edas antes de recibir multas para\u2026","rel":"","context":"En \u00abINTERNACIONALES\u00bb","block_context":{"text":"INTERNACIONALES","link":"https:\/\/lasprimeras.com.do\/index.php\/category\/sin-categoria\/internacionales\/"},"img":{"alt_text":"Campa\u00f1a en NYC contra las infracciones en carriles buses; conductores dominicanos en ascuas","src":"https:\/\/i0.wp.com\/lasprimeras.com.do\/wp-content\/uploads\/2025\/04\/WhatsApp-Image-2025-04-29-at-5.43.40-AM.jpeg?resize=350%2C200&ssl=1","width":350,"height":200,"srcset":"https:\/\/i0.wp.com\/lasprimeras.com.do\/wp-content\/uploads\/2025\/04\/WhatsApp-Image-2025-04-29-at-5.43.40-AM.jpeg?resize=350%2C200&ssl=1 1x, https:\/\/i0.wp.com\/lasprimeras.com.do\/wp-content\/uploads\/2025\/04\/WhatsApp-Image-2025-04-29-at-5.43.40-AM.jpeg?resize=525%2C300&ssl=1 1.5x, https:\/\/i0.wp.com\/lasprimeras.com.do\/wp-content\/uploads\/2025\/04\/WhatsApp-Image-2025-04-29-at-5.43.40-AM.jpeg?resize=700%2C400&ssl=1 2x"},"classes":[]},{"id":113024,"url":"https:\/\/lasprimeras.com.do\/index.php\/2025\/10\/29\/uber-planea-ofrecer-viajes-en-taxi-autonomos-en-san-francisco-a-partir-del-proximo-ano\/","url_meta":{"origin":129005,"position":2},"title":"Uber planea ofrecer viajes en taxi aut\u00f3nomos en San Francisco a partir del pr\u00f3ximo a\u00f1o","author":"Nelson Feliz","date":"29 de octubre de 2025","format":false,"excerpt":"Por DEE-ANN DURBIN Uber anunci\u00f3 el mi\u00e9rcoles que el \u00c1rea de la Bah\u00eda de San Francisco ser\u00e1 el primer mercado para su taxi aut\u00f3nomo especialmente dise\u00f1ado, cuyo lanzamiento est\u00e1 previsto para finales de 2026. La empresa de transporte compartido con sede en San Francisco anunci\u00f3 en julio que estaba desarrollando\u2026","rel":"","context":"En \u00abTECNOL\u00d3GIA\u00bb","block_context":{"text":"TECNOL\u00d3GIA","link":"https:\/\/lasprimeras.com.do\/index.php\/category\/tecnologia\/"},"img":{"alt_text":"","src":"https:\/\/i0.wp.com\/lasprimeras.com.do\/wp-content\/uploads\/2025\/10\/UBER.jpg?resize=350%2C200&ssl=1","width":350,"height":200,"srcset":"https:\/\/i0.wp.com\/lasprimeras.com.do\/wp-content\/uploads\/2025\/10\/UBER.jpg?resize=350%2C200&ssl=1 1x, https:\/\/i0.wp.com\/lasprimeras.com.do\/wp-content\/uploads\/2025\/10\/UBER.jpg?resize=525%2C300&ssl=1 1.5x, https:\/\/i0.wp.com\/lasprimeras.com.do\/wp-content\/uploads\/2025\/10\/UBER.jpg?resize=700%2C400&ssl=1 2x"},"classes":[]},{"id":112103,"url":"https:\/\/lasprimeras.com.do\/index.php\/2025\/10\/17\/dot-ny-instala-en-el-bronx-nueva-estacion-para-vehiculos-electricos\/","url_meta":{"origin":129005,"position":3},"title":"DOT-NY instala en El Bronx nueva estaci\u00f3n para veh\u00edculos el\u00e9ctricos","author":"Nelson Feliz","date":"17 de octubre de 2025","format":false,"excerpt":"Por Ram\u00f3n Mercedes NUEVA YORK.- El Departamento de Transporte de esta ciudad (DOT-NY), que dirige el dominicano Ydanis Rodr\u00edguez, inaugur\u00f3 el pasado mi\u00e9rcoles una nueva estaci\u00f3n de carga para veh\u00edculos el\u00e9ctricos en El Bronx, ubicada en el estacionamiento municipal de White Plains Road en el este de El Bronx. A\u2026","rel":"","context":"En \u00abLA VOZ DE LA DIASPORA\u00bb","block_context":{"text":"LA VOZ DE LA DIASPORA","link":"https:\/\/lasprimeras.com.do\/index.php\/category\/la-voz-de-la-diaspora\/"},"img":{"alt_text":"","src":"https:\/\/i0.wp.com\/lasprimeras.com.do\/wp-content\/uploads\/2025\/10\/WhatsApp-Image-2025-10-17-at-5.59.05-AM.jpeg?resize=350%2C200&ssl=1","width":350,"height":200,"srcset":"https:\/\/i0.wp.com\/lasprimeras.com.do\/wp-content\/uploads\/2025\/10\/WhatsApp-Image-2025-10-17-at-5.59.05-AM.jpeg?resize=350%2C200&ssl=1 1x, https:\/\/i0.wp.com\/lasprimeras.com.do\/wp-content\/uploads\/2025\/10\/WhatsApp-Image-2025-10-17-at-5.59.05-AM.jpeg?resize=525%2C300&ssl=1 1.5x"},"classes":[]},{"id":68838,"url":"https:\/\/lasprimeras.com.do\/index.php\/2023\/11\/28\/aerodom-aclara-que-ajuste-tarifario-tendra-un-impacto-minimo-en-el-costo-del-pasaje-aereo\/","url_meta":{"origin":129005,"position":4},"title":"Aerodom aclara que ajuste tarifario tendr\u00e1 un impacto \u201cm\u00ednimo\u201d en el costo del pasaje a\u00e9reo","author":"Nelson Feliz","date":"28 de noviembre de 2023","format":false,"excerpt":"Aeropuertos Dominicanos Siglo XXI (Aerodom), subsidiaria de Vinci Airports, aclar\u00f3 que el ajuste tarifario de dos d\u00f3lares con 48 centavos por inflaci\u00f3n tiene un impacto \u201cm\u00ednimo\u201d en el costo total del pasaje a\u00e9reo ya que el mismo aplica de manera exclusiva a tarifas aeroportuarias reguladas. Adem\u00e1s, explic\u00f3 que el aumento\u2026","rel":"","context":"En \u00abECONOM\u00cdA\u00bb","block_context":{"text":"ECONOM\u00cdA","link":"https:\/\/lasprimeras.com.do\/index.php\/category\/economia\/"},"img":{"alt_text":"M\u00f3nika Infante","src":"https:\/\/i0.wp.com\/lasprimeras.com.do\/wp-content\/uploads\/2023\/11\/Monika-Infante.jpeg?resize=350%2C200&ssl=1","width":350,"height":200,"srcset":"https:\/\/i0.wp.com\/lasprimeras.com.do\/wp-content\/uploads\/2023\/11\/Monika-Infante.jpeg?resize=350%2C200&ssl=1 1x, https:\/\/i0.wp.com\/lasprimeras.com.do\/wp-content\/uploads\/2023\/11\/Monika-Infante.jpeg?resize=525%2C300&ssl=1 1.5x, https:\/\/i0.wp.com\/lasprimeras.com.do\/wp-content\/uploads\/2023\/11\/Monika-Infante.jpeg?resize=700%2C400&ssl=1 2x"},"classes":[]},{"id":54675,"url":"https:\/\/lasprimeras.com.do\/index.php\/2023\/07\/13\/jac-sigue-ampliando-conectividad-aerea-con-sus-mercados-estrategicos\/","url_meta":{"origin":129005,"position":5},"title":"JAC sigue ampliando conectividad a\u00e9rea con sus mercados estrat\u00e9gicos","author":"Nelson Feliz","date":"13 de julio de 2023","format":false,"excerpt":"El pleno de la Junta de Aviaci\u00f3n Civil conoci\u00f3 la solicitud de nuevos Permisos Especiales para ampliar el mercado de la aviaci\u00f3n comercial en el pa\u00eds. La Junta de Aviaci\u00f3n Civil (JAC), contin\u00faa ampliando la conectividad a\u00e9rea de la Rep\u00fablica Dominicana, ahora a partir de este 17 de julio, con\u2026","rel":"","context":"En \u00abNACIONALES\u00bb","block_context":{"text":"NACIONALES","link":"https:\/\/lasprimeras.com.do\/index.php\/category\/nacionales\/"},"img":{"alt_text":"Jos\u00e9 Ernesto Marte Piantini","src":"https:\/\/i0.wp.com\/lasprimeras.com.do\/wp-content\/uploads\/2023\/07\/Jose-Ernesto-Marte-Piantini.jpg?resize=350%2C200&ssl=1","width":350,"height":200,"srcset":"https:\/\/i0.wp.com\/lasprimeras.com.do\/wp-content\/uploads\/2023\/07\/Jose-Ernesto-Marte-Piantini.jpg?resize=350%2C200&ssl=1 1x, https:\/\/i0.wp.com\/lasprimeras.com.do\/wp-content\/uploads\/2023\/07\/Jose-Ernesto-Marte-Piantini.jpg?resize=525%2C300&ssl=1 1.5x, https:\/\/i0.wp.com\/lasprimeras.com.do\/wp-content\/uploads\/2023\/07\/Jose-Ernesto-Marte-Piantini.jpg?resize=700%2C400&ssl=1 2x"},"classes":[]}],"jetpack_sharing_enabled":true,"_links":{"self":[{"href":"https:\/\/lasprimeras.com.do\/index.php\/wp-json\/wp\/v2\/posts\/129005","targetHints":{"allow":["GET"]}}],"collection":[{"href":"https:\/\/lasprimeras.com.do\/index.php\/wp-json\/wp\/v2\/posts"}],"about":[{"href":"https:\/\/lasprimeras.com.do\/index.php\/wp-json\/wp\/v2\/types\/post"}],"author":[{"embeddable":true,"href":"https:\/\/lasprimeras.com.do\/index.php\/wp-json\/wp\/v2\/users\/10"}],"replies":[{"embeddable":true,"href":"https:\/\/lasprimeras.com.do\/index.php\/wp-json\/wp\/v2\/comments?post=129005"}],"version-history":[{"count":1,"href":"https:\/\/lasprimeras.com.do\/index.php\/wp-json\/wp\/v2\/posts\/129005\/revisions"}],"predecessor-version":[{"id":129007,"href":"https:\/\/lasprimeras.com.do\/index.php\/wp-json\/wp\/v2\/posts\/129005\/revisions\/129007"}],"wp:featuredmedia":[{"embeddable":true,"href":"https:\/\/lasprimeras.com.do\/index.php\/wp-json\/wp\/v2\/media\/129006"}],"wp:attachment":[{"href":"https:\/\/lasprimeras.com.do\/index.php\/wp-json\/wp\/v2\/media?parent=129005"}],"wp:term":[{"taxonomy":"category","embeddable":true,"href":"https:\/\/lasprimeras.com.do\/index.php\/wp-json\/wp\/v2\/categories?post=129005"},{"taxonomy":"post_tag","embeddable":true,"href":"https:\/\/lasprimeras.com.do\/index.php\/wp-json\/wp\/v2\/tags?post=129005"}],"curies":[{"name":"wp","href":"https:\/\/api.w.org\/{rel}","templated":true}]}}