{"id":129008,"date":"2026-04-29T01:48:00","date_gmt":"2026-04-29T05:48:00","guid":{"rendered":"https:\/\/lasprimeras.com.do\/?p=129008"},"modified":"2026-04-28T22:50:44","modified_gmt":"2026-04-29T02:50:44","slug":"nyc-multas-a-residentes-que-no-usen-contenedores-de-basura-desde-el-1-de-junio","status":"publish","type":"post","link":"https:\/\/lasprimeras.com.do\/index.php\/2026\/04\/29\/nyc-multas-a-residentes-que-no-usen-contenedores-de-basura-desde-el-1-de-junio\/","title":{"rendered":"NYC: multas a residentes que no usen contenedores de basura desde el 1 de junio"},"content":{"rendered":"\n<p>Por Ram\u00f3n Mercedes<\/p>\n\n\n\n<p>NUEVA YORK.- A partir del pr\u00f3ximo 1 de junio, las propiedades con hasta nueve unidades residenciales y los negocios de esta ciudad, muchos de ellos propiedad de dominicanos, est\u00e1n obligados a depositar la basura en contenedores oficiales con tapa. Quienes no comiencen a usarlos recibir\u00e1n multas.<\/p>\n\n\n\n<p>Los propietarios y administradores de edificios de viviendas unifamiliares y bifamiliares tambi\u00e9n deben adquirir dichos contenedores.<\/p>\n\n\n\n<p>Seg\u00fan el Departamento de Saneamiento de NYC (DSNY), m\u00e1s de un mill\u00f3n de neoyorquinos los han solicitado desde su introducci\u00f3n en 2024.<\/p>\n\n\n\n<p>No tenerlos para la fecha indicada puede conllevar las siguientes multas: US$50 por la primera infracci\u00f3n, US$100 por la segunda infracci\u00f3n, y US$200 por la tercera infracci\u00f3n y las subsiguientes.<\/p>\n\n\n\n<p>El DSNY ofrece cinco tama\u00f1os diferentes en color gris, con otras opciones disponibles en tiendas seleccionadas: contenedores de 45, 35, 25, 21 y 13 galones.<\/p>\n\n\n\n<p>Pueden adquirirse en El Bronx: Calle Exterior 600; 1806 E Gun Hill Rd.; y en el 2560 Bulevar Bruckner. En Brooklyn: en el 230 de la Avenida Nostrand; 550 Avenida Hamilton; 5700 Avenida U; 579 Gateway Dr.; y 2970 de la Avenida Cropsey.<\/p>\n\n\n\n<p>En Queens: en el 73-01 Avenida 25; el 131-35 Avenida Avery; 124-03 Avenida 31; 75-09 Bulevar Woodhaven; 92-30 Calle 168; 13220 Merrick Blvd.; 50-10 Bulevar Norte; 59-15 Avenida Maurice; y 11220 Rockaway Blvd.<\/p>\n\n\n\n<p>En Manhattan: en el 410 East de la Calle 61; y 40 West de la Calle 23. En Staten Island: en el 2750 Veterans Rd. Oeste; 2501 Avenida Bosque; y en la Calle Targee 545.<\/p>\n","protected":false},"excerpt":{"rendered":"<p>Por Ram\u00f3n Mercedes NUEVA YORK.- A partir del pr\u00f3ximo 1 de junio, las propiedades con hasta nueve unidades residenciales y los negocios de esta ciudad, muchos de ellos propiedad de&hellip;<\/p>\n","protected":false},"author":10,"featured_media":129009,"comment_status":"open","ping_status":"open","sticky":false,"template":"","format":"standard","meta":{"content-type":"","jetpack_post_was_ever_published":false,"_jetpack_newsletter_access":"","_jetpack_dont_email_post_to_subs":false,"_jetpack_newsletter_tier_id":0,"_jetpack_memberships_contains_paywalled_content":false,"_jetpack_memberships_contains_paid_content":false,"footnotes":""},"categories":[25580],"tags":[2063,3045,8457,18242,316,2436],"class_list":["post-129008","post","type-post","status-publish","format-standard","has-post-thumbnail","hentry","category-la-voz-de-la-diaspora","tag-1-de-junio","tag-basura","tag-contenedores","tag-multas","tag-nyc","tag-residentes"],"jetpack_featured_media_url":"https:\/\/lasprimeras.com.do\/wp-content\/uploads\/2026\/04\/Multas-en-NYC-a-residentes-si-no-comienzan-a-usar-contenedores-de-basura-desde-el-1-de-junio.jpg","jetpack-related-posts":[{"id":97937,"url":"https:\/\/lasprimeras.com.do\/index.php\/2025\/04\/29\/campana-en-nyc-contra-las-infracciones-en-carriles-buses-conductores-dominicanos-en-ascuas\/","url_meta":{"origin":129008,"position":0},"title":"Campa\u00f1a en NYC contra las infracciones en carriles buses; conductores dominicanos en ascuas","author":"Nelson Feliz","date":"29 de abril de 2025","format":false,"excerpt":"Por Ram\u00f3n Mercedes NUEVA YORK.- La Autoridad Metropolitana del Transporte (MTA) inici\u00f3 en esta semana en esta ciudad una campa\u00f1a ampliada contra las infracciones en los carriles de buses en los cinco condados. Se inici\u00f3 con un periodo de advertencia por correo de 60 d\u00edas antes de recibir multas para\u2026","rel":"","context":"En \u00abINTERNACIONALES\u00bb","block_context":{"text":"INTERNACIONALES","link":"https:\/\/lasprimeras.com.do\/index.php\/category\/sin-categoria\/internacionales\/"},"img":{"alt_text":"Campa\u00f1a en NYC contra las infracciones en carriles buses; conductores dominicanos en ascuas","src":"https:\/\/i0.wp.com\/lasprimeras.com.do\/wp-content\/uploads\/2025\/04\/WhatsApp-Image-2025-04-29-at-5.43.40-AM.jpeg?resize=350%2C200&ssl=1","width":350,"height":200,"srcset":"https:\/\/i0.wp.com\/lasprimeras.com.do\/wp-content\/uploads\/2025\/04\/WhatsApp-Image-2025-04-29-at-5.43.40-AM.jpeg?resize=350%2C200&ssl=1 1x, https:\/\/i0.wp.com\/lasprimeras.com.do\/wp-content\/uploads\/2025\/04\/WhatsApp-Image-2025-04-29-at-5.43.40-AM.jpeg?resize=525%2C300&ssl=1 1.5x, https:\/\/i0.wp.com\/lasprimeras.com.do\/wp-content\/uploads\/2025\/04\/WhatsApp-Image-2025-04-29-at-5.43.40-AM.jpeg?resize=700%2C400&ssl=1 2x"},"classes":[]},{"id":125434,"url":"https:\/\/lasprimeras.com.do\/index.php\/2026\/03\/23\/no-mas-multas-a-ciclistas-en-nyc-por-infracciones-de-trafico-menores-dominicanos-conducen-miles\/","url_meta":{"origin":129008,"position":1},"title":"No m\u00e1s multas a ciclistas en NYC por infracciones de tr\u00e1fico menores; dominicanos conducen miles","author":"Nelson Feliz","date":"23 de marzo de 2026","format":false,"excerpt":"Por Ram\u00f3n Mercedes NUEVA YORK.- El Departamento de Polic\u00eda de esta ciudad (NYPD) dejar\u00e1 de emitir citaciones penales, a partir del pr\u00f3ximo d\u00eda 27, a los usuarios de bicicletas el\u00e9ctricas y ciclistas por infracciones de tr\u00e1fico de bajo nivel. Miles de dominicanos en los cinco condados conducen de estos aparatos.\u2026","rel":"","context":"En \u00abINTERNACIONALES\u00bb","block_context":{"text":"INTERNACIONALES","link":"https:\/\/lasprimeras.com.do\/index.php\/category\/sin-categoria\/internacionales\/"},"img":{"alt_text":"","src":"https:\/\/i0.wp.com\/lasprimeras.com.do\/wp-content\/uploads\/2026\/03\/IMG-20260323-WA0106.jpg?resize=350%2C200&ssl=1","width":350,"height":200,"srcset":"https:\/\/i0.wp.com\/lasprimeras.com.do\/wp-content\/uploads\/2026\/03\/IMG-20260323-WA0106.jpg?resize=350%2C200&ssl=1 1x, https:\/\/i0.wp.com\/lasprimeras.com.do\/wp-content\/uploads\/2026\/03\/IMG-20260323-WA0106.jpg?resize=525%2C300&ssl=1 1.5x, https:\/\/i0.wp.com\/lasprimeras.com.do\/wp-content\/uploads\/2026\/03\/IMG-20260323-WA0106.jpg?resize=700%2C400&ssl=1 2x"},"classes":[]},{"id":115623,"url":"https:\/\/lasprimeras.com.do\/index.php\/2025\/11\/24\/pagaran-hasta-us2000-rd124-mil-a-quienes-denuncien-tirar-basura-ilegal-en-calles-de-nyc\/","url_meta":{"origin":129008,"position":2},"title":"Pagar\u00e1n hasta US$2,000 (RD$124 mil) a quienes denuncien tirar basura ilegal en calles de NYC","author":"Nelson Feliz","date":"24 de noviembre de 2025","format":false,"excerpt":"Por Ram\u00f3n Mercedes NUEVA YORK.- El Departamento de Saneamiento de esta Ciudad (DSNY) recuerda a los neoyorquinos que pueden recibir una recompensa de hasta $2,000 d\u00f3lares (equivalente a RD$124 mil) por ayudar a capturar a las personas que depositan vertido (desecho procedentes de cualquier proceso industrial) ilegal en las calles,\u2026","rel":"","context":"En \u00abLA VOZ DE LA DIASPORA\u00bb","block_context":{"text":"LA VOZ DE LA DIASPORA","link":"https:\/\/lasprimeras.com.do\/index.php\/category\/la-voz-de-la-diaspora\/"},"img":{"alt_text":"En NYC pagar\u00e1n hasta US$2,000 (RD$124 mil) a quienes denuncien tirar basura ilegal en calles","src":"https:\/\/i0.wp.com\/lasprimeras.com.do\/wp-content\/uploads\/2025\/11\/WhatsApp-Image-2025-11-24-at-5.46.50-AM-3.jpeg?resize=350%2C200&ssl=1","width":350,"height":200,"srcset":"https:\/\/i0.wp.com\/lasprimeras.com.do\/wp-content\/uploads\/2025\/11\/WhatsApp-Image-2025-11-24-at-5.46.50-AM-3.jpeg?resize=350%2C200&ssl=1 1x, https:\/\/i0.wp.com\/lasprimeras.com.do\/wp-content\/uploads\/2025\/11\/WhatsApp-Image-2025-11-24-at-5.46.50-AM-3.jpeg?resize=525%2C300&ssl=1 1.5x"},"classes":[]},{"id":107593,"url":"https:\/\/lasprimeras.com.do\/index.php\/2025\/08\/28\/alcalde-adams-impulsa-triple-limpieza-en-nyc-carreteras-mas-limpias-mayor-uso-contenedores-y-menos-ratas\/","url_meta":{"origin":129008,"position":3},"title":"Alcalde Adams impulsa \u00abTriple Limpieza\u00bb en NYC; carreteras m\u00e1s limpias, mayor uso contenedores y menos ratas","author":"Nelson Feliz","date":"28 de agosto de 2025","format":false,"excerpt":"Por Ram\u00f3n Mercedes NUEVA YORK.- El alcalde de esta ciudad, que est\u00e1 teniendo un repunte pol\u00edtico en sus aspiraciones a reelegirse en la posici\u00f3n, afirm\u00f3 que NYC antes era conocida como \u00abcalles peligrosas\u00bb, ahora ser\u00e1 como \u00abcalles limpias\u00bb. \u00abSomos la ciudad grande m\u00e1s segura de Estados Unidos y estamos trabajando\u2026","rel":"","context":"En \u00abINTERNACIONALES\u00bb","block_context":{"text":"INTERNACIONALES","link":"https:\/\/lasprimeras.com.do\/index.php\/category\/sin-categoria\/internacionales\/"},"img":{"alt_text":"","src":"https:\/\/i0.wp.com\/lasprimeras.com.do\/wp-content\/uploads\/2025\/08\/Alcalde-Adams.jpg?resize=350%2C200&ssl=1","width":350,"height":200,"srcset":"https:\/\/i0.wp.com\/lasprimeras.com.do\/wp-content\/uploads\/2025\/08\/Alcalde-Adams.jpg?resize=350%2C200&ssl=1 1x, https:\/\/i0.wp.com\/lasprimeras.com.do\/wp-content\/uploads\/2025\/08\/Alcalde-Adams.jpg?resize=525%2C300&ssl=1 1.5x, https:\/\/i0.wp.com\/lasprimeras.com.do\/wp-content\/uploads\/2025\/08\/Alcalde-Adams.jpg?resize=700%2C400&ssl=1 2x, https:\/\/i0.wp.com\/lasprimeras.com.do\/wp-content\/uploads\/2025\/08\/Alcalde-Adams.jpg?resize=1050%2C600&ssl=1 3x"},"classes":[]},{"id":121516,"url":"https:\/\/lasprimeras.com.do\/index.php\/2026\/02\/06\/multan-a-miles-en-nyc-por-no-quitar-nieve-figuran-dominicanos-alerta-de-nueva-tormenta\/","url_meta":{"origin":129008,"position":4},"title":"Multan a miles en NYC por no quitar nieve; figuran dominicanos; alerta de nueva tormenta","author":"Nelson Feliz","date":"6 de febrero de 2026","format":false,"excerpt":"Por Ram\u00f3n Mercedes NUEVA YORK.-Cerca de 2,800 propietarios de viviendas y eastablecimientos comerciales han sido multados por el Departamento de Saneamiento en esta ciudad por no quitar la nieve frente a sus hogares y negocios, despues de la reciente tormenta invernal. Entre los multados figuran decenas de dominicanos con propiedades\u2026","rel":"","context":"En \u00abINTERNACIONALES\u00bb","block_context":{"text":"INTERNACIONALES","link":"https:\/\/lasprimeras.com.do\/index.php\/category\/sin-categoria\/internacionales\/"},"img":{"alt_text":"M\u00e1s de 1.5 millones de dominicanos afectados por tormenta de nieve EUA_ declaran emergencia en NY y NJ","src":"https:\/\/i0.wp.com\/lasprimeras.com.do\/wp-content\/uploads\/2025\/12\/Mas-de-1.5-millones-de-dominicanos-afectados-por-tormenta-de-nieve-EUA_-declaran-emergencia-en-NY-y-NJ.jpg?resize=350%2C200&ssl=1","width":350,"height":200,"srcset":"https:\/\/i0.wp.com\/lasprimeras.com.do\/wp-content\/uploads\/2025\/12\/Mas-de-1.5-millones-de-dominicanos-afectados-por-tormenta-de-nieve-EUA_-declaran-emergencia-en-NY-y-NJ.jpg?resize=350%2C200&ssl=1 1x, https:\/\/i0.wp.com\/lasprimeras.com.do\/wp-content\/uploads\/2025\/12\/Mas-de-1.5-millones-de-dominicanos-afectados-por-tormenta-de-nieve-EUA_-declaran-emergencia-en-NY-y-NJ.jpg?resize=525%2C300&ssl=1 1.5x, https:\/\/i0.wp.com\/lasprimeras.com.do\/wp-content\/uploads\/2025\/12\/Mas-de-1.5-millones-de-dominicanos-afectados-por-tormenta-de-nieve-EUA_-declaran-emergencia-en-NY-y-NJ.jpg?resize=700%2C400&ssl=1 2x"},"classes":[]},{"id":99260,"url":"https:\/\/lasprimeras.com.do\/index.php\/2025\/05\/19\/en-ny-instalaran-camaras-velocidad-en-puentes-y-tuneles\/","url_meta":{"origin":129008,"position":5},"title":"En NY instalar\u00e1n c\u00e1maras velocidad en puentes y t\u00faneles","author":"Nelson Feliz","date":"19 de mayo de 2025","format":false,"excerpt":"Miles choferes dominicanos cruzan a diario los mismos. Por Ram\u00f3n Mercedes NUEVA YORK.- La Autoridad Metropolitana del Transporte (MTA) se dispone instalar c\u00e1maras de velocidad en zonas de construcci\u00f3n en los siete puentes y dos t\u00faneles para intensificar la lucha contra los conductores que conducen a exceso de velocidad. Los\u2026","rel":"","context":"En \u00abECONOM\u00cdA\u00bb","block_context":{"text":"ECONOM\u00cdA","link":"https:\/\/lasprimeras.com.do\/index.php\/category\/economia\/"},"img":{"alt_text":"En NY instalar\u00e1n c\u00e1maras velocidad en puentes y t\u00faneles; miles choferes dominicanos cruzan a diario los mismos","src":"https:\/\/i0.wp.com\/lasprimeras.com.do\/wp-content\/uploads\/2025\/05\/WhatsApp-Image-2025-05-19-at-6.34.23-AM.jpeg?resize=350%2C200&ssl=1","width":350,"height":200,"srcset":"https:\/\/i0.wp.com\/lasprimeras.com.do\/wp-content\/uploads\/2025\/05\/WhatsApp-Image-2025-05-19-at-6.34.23-AM.jpeg?resize=350%2C200&ssl=1 1x, https:\/\/i0.wp.com\/lasprimeras.com.do\/wp-content\/uploads\/2025\/05\/WhatsApp-Image-2025-05-19-at-6.34.23-AM.jpeg?resize=525%2C300&ssl=1 1.5x, https:\/\/i0.wp.com\/lasprimeras.com.do\/wp-content\/uploads\/2025\/05\/WhatsApp-Image-2025-05-19-at-6.34.23-AM.jpeg?resize=700%2C400&ssl=1 2x"},"classes":[]}],"jetpack_sharing_enabled":true,"_links":{"self":[{"href":"https:\/\/lasprimeras.com.do\/index.php\/wp-json\/wp\/v2\/posts\/129008","targetHints":{"allow":["GET"]}}],"collection":[{"href":"https:\/\/lasprimeras.com.do\/index.php\/wp-json\/wp\/v2\/posts"}],"about":[{"href":"https:\/\/lasprimeras.com.do\/index.php\/wp-json\/wp\/v2\/types\/post"}],"author":[{"embeddable":true,"href":"https:\/\/lasprimeras.com.do\/index.php\/wp-json\/wp\/v2\/users\/10"}],"replies":[{"embeddable":true,"href":"https:\/\/lasprimeras.com.do\/index.php\/wp-json\/wp\/v2\/comments?post=129008"}],"version-history":[{"count":1,"href":"https:\/\/lasprimeras.com.do\/index.php\/wp-json\/wp\/v2\/posts\/129008\/revisions"}],"predecessor-version":[{"id":129010,"href":"https:\/\/lasprimeras.com.do\/index.php\/wp-json\/wp\/v2\/posts\/129008\/revisions\/129010"}],"wp:featuredmedia":[{"embeddable":true,"href":"https:\/\/lasprimeras.com.do\/index.php\/wp-json\/wp\/v2\/media\/129009"}],"wp:attachment":[{"href":"https:\/\/lasprimeras.com.do\/index.php\/wp-json\/wp\/v2\/media?parent=129008"}],"wp:term":[{"taxonomy":"category","embeddable":true,"href":"https:\/\/lasprimeras.com.do\/index.php\/wp-json\/wp\/v2\/categories?post=129008"},{"taxonomy":"post_tag","embeddable":true,"href":"https:\/\/lasprimeras.com.do\/index.php\/wp-json\/wp\/v2\/tags?post=129008"}],"curies":[{"name":"wp","href":"https:\/\/api.w.org\/{rel}","templated":true}]}}