{"id":129011,"date":"2026-04-28T22:53:57","date_gmt":"2026-04-29T02:53:57","guid":{"rendered":"https:\/\/lasprimeras.com.do\/?p=129011"},"modified":"2026-04-28T22:53:58","modified_gmt":"2026-04-29T02:53:58","slug":"economia-de-dominicanos-en-nyc-afectada-por-alza-en-costo-de-vida","status":"publish","type":"post","link":"https:\/\/lasprimeras.com.do\/index.php\/2026\/04\/28\/economia-de-dominicanos-en-nyc-afectada-por-alza-en-costo-de-vida\/","title":{"rendered":"Econom\u00eda de dominicanos en NYC afectada por alza en costo de vida"},"content":{"rendered":"\n<p>Por Ram\u00f3n Mercedes<\/p>\n\n\n\n<p>NUEVA YORK.- La econom\u00eda de cientos de miles de dominicanos residentes en esta ciudad se ve afectada por las alzas en los m\u00faltiples requerimientos del diario vivir.<\/p>\n\n\n\n<p>Entre ellos, aumentos en los seguros vehiculares, el transporte, los alimentos de primera necesidad, la renta y la vertiginosa alza de los precios de la gasolina, lo cual ejerce una presi\u00f3n cada vez mayor sobre sus presupuestos familiares.<\/p>\n\n\n\n<p>Igualmente, se ven afectados por la crisis de alimentos para tres millones de neoyorquinos, en el Programa de Asistencia Nutricional Suplementaria (SNAP), o cupones de alimentos, debido a la suspensi\u00f3n del financiamiento federal desde el pasado 1 de noviembre.<\/p>\n\n\n\n<p>El Congreso elimin\u00f3 una regla de la Oficina para la Protecci\u00f3n Financiera del Consumidor (CFPB) que habr\u00eda limitado las comisiones por sobregiro a 5 d\u00f3lares.<\/p>\n\n\n\n<p>Los bancos mantienen comisiones de sobregiro de hasta 34 d\u00f3lares por transacci\u00f3n, y la tarifa mensual de mantenimiento promedia 13.95 d\u00f3lares al mes en bancos peque\u00f1os y 16.35 en bancos grandes, seg\u00fan MoneyRates.<\/p>\n\n\n\n<p>Asimismo, T-Mobile aument\u00f3 su tarifa de recuperaci\u00f3n regulatoria en 50 centavos por l\u00ednea a partir del 21 de enero de 2026. AT&amp;T subi\u00f3 los planes ilimitados retirados entre 10 y 20 d\u00f3lares al mes a partir de abril de 2026.<\/p>\n\n\n\n<p>En internet, el 73% de los estadounidenses reporta incrementos en su factura durante este a\u00f1o. Netflix subi\u00f3 todos sus planes el 26 de marzo.<\/p>\n\n\n\n<p>El seguro de auto tiene un costo promedio de 3,374 d\u00f3lares anuales, y los seguros de hogar en zonas de riesgo clim\u00e1tico pueden subir m\u00e1s del 20% en 2026, seg\u00fan Inszone Insurance Services.<\/p>\n\n\n\n<p>El costo mensual para mantener el mismo nivel de vida en 2020 aument\u00f3 de 5,100 a 6,400 d\u00f3lares al cierre de 2025. Es decir, hay una diferencia de 1,300 d\u00f3lares extra cada mes, seg\u00fan estimaciones del Departamento de Trabajo, recopiladas por el Centro para el Progreso Americano.<\/p>\n\n\n\n<p>Esto no se debe a un gasto mayor, sino a seguir cubriendo lo esencial: alquiler, comida, salud y transporte.<\/p>\n","protected":false},"excerpt":{"rendered":"<p>Por Ram\u00f3n Mercedes NUEVA YORK.- La econom\u00eda de cientos de miles de dominicanos residentes en esta ciudad se ve afectada por las alzas en los m\u00faltiples requerimientos del diario vivir.&hellip;<\/p>\n","protected":false},"author":10,"featured_media":128897,"comment_status":"open","ping_status":"open","sticky":false,"template":"","format":"standard","meta":{"content-type":"","jetpack_post_was_ever_published":false,"_jetpack_newsletter_access":"","_jetpack_dont_email_post_to_subs":false,"_jetpack_newsletter_tier_id":0,"_jetpack_memberships_contains_paywalled_content":false,"_jetpack_memberships_contains_paid_content":false,"footnotes":""},"categories":[39],"tags":[6429,1400,32788,487,514,316],"class_list":["post-129011","post","type-post","status-publish","format-standard","has-post-thumbnail","hentry","category-economia","tag-afectada","tag-alza","tag-diario-vivir","tag-dominicanos","tag-economia-2","tag-nyc"],"jetpack_featured_media_url":"https:\/\/lasprimeras.com.do\/wp-content\/uploads\/2026\/04\/Dominicanos-figuran-entre-63-de-latinos-EE.-UU.-que-califican-su-situacion-financiera-como-regular-o-mala.jpg","jetpack-related-posts":[{"id":95172,"url":"https:\/\/lasprimeras.com.do\/index.php\/2025\/03\/10\/pld-denuncia-alza-de-los-productos-que-componen-la-canasta-basica\/","url_meta":{"origin":129011,"position":0},"title":"PLD denuncia alza de los productos que componen la canasta b\u00e1sica","author":"Nelson Feliz","date":"10 de marzo de 2025","format":false,"excerpt":"El Partido de la Liberaci\u00f3n Dominicana (PLD) se hace eco este d\u00eda de la preocupaci\u00f3n ciudadana por el alza de los precios de los art\u00edculos que componen la canasta b\u00e1sica, que mortifica los hogares dominicanos y que afectan la seguridad alimentaria. Bajo el t\u00edtulo:\u201d Alimentos siguen alza y el bolsillo\u2026","rel":"","context":"En \u00abECONOM\u00cdA\u00bb","block_context":{"text":"ECONOM\u00cdA","link":"https:\/\/lasprimeras.com.do\/index.php\/category\/economia\/"},"img":{"alt_text":"","src":"https:\/\/i0.wp.com\/lasprimeras.com.do\/wp-content\/uploads\/2025\/03\/pld-alzas.jpeg?resize=350%2C200&ssl=1","width":350,"height":200,"srcset":"https:\/\/i0.wp.com\/lasprimeras.com.do\/wp-content\/uploads\/2025\/03\/pld-alzas.jpeg?resize=350%2C200&ssl=1 1x, https:\/\/i0.wp.com\/lasprimeras.com.do\/wp-content\/uploads\/2025\/03\/pld-alzas.jpeg?resize=525%2C300&ssl=1 1.5x, https:\/\/i0.wp.com\/lasprimeras.com.do\/wp-content\/uploads\/2025\/03\/pld-alzas.jpeg?resize=700%2C400&ssl=1 2x, https:\/\/i0.wp.com\/lasprimeras.com.do\/wp-content\/uploads\/2025\/03\/pld-alzas.jpeg?resize=1050%2C600&ssl=1 3x, https:\/\/i0.wp.com\/lasprimeras.com.do\/wp-content\/uploads\/2025\/03\/pld-alzas.jpeg?resize=1400%2C800&ssl=1 4x"},"classes":[]},{"id":66114,"url":"https:\/\/lasprimeras.com.do\/index.php\/2023\/11\/03\/comerciantes-alertan-sobre-alza-precios-del-arroz-piden-medidas\/","url_meta":{"origin":129011,"position":1},"title":"Comerciantes alertan sobre alza precios del arroz; piden medidas","author":"BIMARY DE JES\u00daS Matos","date":"3 de noviembre de 2023","format":false,"excerpt":"SANTO DOMINGO.- El segundo vicepresidente del Consejo Nacional del Comercio en Provisiones (CNCP), Tom\u00e1s Marcano, llam\u00f3 al Gobierno a adoptar medidas para frenar el incremento del precio de este rubro. \u201cCada vez que tenemos que abastecernos con la factor\u00eda de arroz vemos que el producto sube. Aumenta 100, 150 y\u2026","rel":"","context":"En \u00abECONOM\u00cdA\u00bb","block_context":{"text":"ECONOM\u00cdA","link":"https:\/\/lasprimeras.com.do\/index.php\/category\/economia\/"},"img":{"alt_text":"","src":"https:\/\/i0.wp.com\/lasprimeras.com.do\/wp-content\/uploads\/2023\/11\/WhatsApp-Image-2023-11-02-at-7.42.09-PM-3.jpeg?resize=350%2C200&ssl=1","width":350,"height":200,"srcset":"https:\/\/i0.wp.com\/lasprimeras.com.do\/wp-content\/uploads\/2023\/11\/WhatsApp-Image-2023-11-02-at-7.42.09-PM-3.jpeg?resize=350%2C200&ssl=1 1x, https:\/\/i0.wp.com\/lasprimeras.com.do\/wp-content\/uploads\/2023\/11\/WhatsApp-Image-2023-11-02-at-7.42.09-PM-3.jpeg?resize=525%2C300&ssl=1 1.5x, https:\/\/i0.wp.com\/lasprimeras.com.do\/wp-content\/uploads\/2023\/11\/WhatsApp-Image-2023-11-02-at-7.42.09-PM-3.jpeg?resize=700%2C400&ssl=1 2x"},"classes":[]},{"id":74441,"url":"https:\/\/lasprimeras.com.do\/index.php\/2024\/01\/23\/cncp-llama-a-detener-alza-del-dolar\/","url_meta":{"origin":129011,"position":2},"title":"CNCP llama a detener alza del d\u00f3lar","author":"BIMARY DE JES\u00daS Matos","date":"23 de enero de 2024","format":false,"excerpt":"Martin Restituyo Santo Domingo, Rep\u00fablica Dominicana - El Consejo Nacional del Comercio en Provisiones (CNCP) hace un llamado de atenci\u00f3n al gobierno central ante el alza que ha experimentado el d\u00f3lar en las \u00faltimas semanas. Seg\u00fan el CNCP, la tasa de cambio del d\u00f3lar se ha cotizado pr\u00f3ximo a los\u2026","rel":"","context":"En \u00abECONOM\u00cdA\u00bb","block_context":{"text":"ECONOM\u00cdA","link":"https:\/\/lasprimeras.com.do\/index.php\/category\/economia\/"},"img":{"alt_text":"","src":"https:\/\/i0.wp.com\/lasprimeras.com.do\/wp-content\/uploads\/2024\/01\/WhatsApp-Image-2024-01-23-at-11.32.55-AM.jpeg?resize=350%2C200&ssl=1","width":350,"height":200,"srcset":"https:\/\/i0.wp.com\/lasprimeras.com.do\/wp-content\/uploads\/2024\/01\/WhatsApp-Image-2024-01-23-at-11.32.55-AM.jpeg?resize=350%2C200&ssl=1 1x, https:\/\/i0.wp.com\/lasprimeras.com.do\/wp-content\/uploads\/2024\/01\/WhatsApp-Image-2024-01-23-at-11.32.55-AM.jpeg?resize=525%2C300&ssl=1 1.5x, https:\/\/i0.wp.com\/lasprimeras.com.do\/wp-content\/uploads\/2024\/01\/WhatsApp-Image-2024-01-23-at-11.32.55-AM.jpeg?resize=700%2C400&ssl=1 2x, https:\/\/i0.wp.com\/lasprimeras.com.do\/wp-content\/uploads\/2024\/01\/WhatsApp-Image-2024-01-23-at-11.32.55-AM.jpeg?resize=1050%2C600&ssl=1 3x, https:\/\/i0.wp.com\/lasprimeras.com.do\/wp-content\/uploads\/2024\/01\/WhatsApp-Image-2024-01-23-at-11.32.55-AM.jpeg?resize=1400%2C800&ssl=1 4x"},"classes":[]},{"id":124682,"url":"https:\/\/lasprimeras.com.do\/index.php\/2026\/03\/15\/daniel-toribio-alza-del-crudo-amenaza-la-estabilidad-economica\/","url_meta":{"origin":129011,"position":3},"title":"Daniel Toribio: Alza del crudo amenaza la estabilidad econ\u00f3mica","author":"Nelson Feliz","date":"15 de marzo de 2026","format":false,"excerpt":"Economista se\u00f1ala que el impacto del crudo no se limita al precio de la gasolina, sino que encarece transporte, fletes internacionales y la cadena de suministro en toda la econom\u00eda. El exministro de Hacienda y miembro de la Direcci\u00f3n Pol\u00edtica del partido Fuerza del Pueblo (FP), Daniel Toribio, advirti\u00f3 que\u2026","rel":"","context":"En \u00abPOLITICA\u00bb","block_context":{"text":"POLITICA","link":"https:\/\/lasprimeras.com.do\/index.php\/category\/politica\/"},"img":{"alt_text":"Daniel Toribio","src":"https:\/\/i0.wp.com\/lasprimeras.com.do\/wp-content\/uploads\/2026\/03\/Daniel-Toribio-1.jpg?resize=350%2C200&ssl=1","width":350,"height":200,"srcset":"https:\/\/i0.wp.com\/lasprimeras.com.do\/wp-content\/uploads\/2026\/03\/Daniel-Toribio-1.jpg?resize=350%2C200&ssl=1 1x, https:\/\/i0.wp.com\/lasprimeras.com.do\/wp-content\/uploads\/2026\/03\/Daniel-Toribio-1.jpg?resize=525%2C300&ssl=1 1.5x, https:\/\/i0.wp.com\/lasprimeras.com.do\/wp-content\/uploads\/2026\/03\/Daniel-Toribio-1.jpg?resize=700%2C400&ssl=1 2x, https:\/\/i0.wp.com\/lasprimeras.com.do\/wp-content\/uploads\/2026\/03\/Daniel-Toribio-1.jpg?resize=1050%2C600&ssl=1 3x"},"classes":[]},{"id":69101,"url":"https:\/\/lasprimeras.com.do\/index.php\/2023\/11\/29\/covedomi-solicita-garantiza-productos-a-precios-asequibles\/","url_meta":{"origin":129011,"position":4},"title":"Covedomi solicita garantiza productos a precios asequibles","author":"Nelson Feliz","date":"29 de noviembre de 2023","format":false,"excerpt":"El Consejo de Vendedores Dominicanos (Covedomi) llam\u00f3 a las autoridades a garantizar un ambiente de estabilidad para que los productos lleguen a un precio asequible a los consumidores. Ysmael de Jes\u00fas Rodr\u00edguez, presidente de Covedomi, manifest\u00f3 que se est\u00e1 registrando una tendencia al alza en el d\u00f3lar, por lo que\u2026","rel":"","context":"En \u00abECONOM\u00cdA\u00bb","block_context":{"text":"ECONOM\u00cdA","link":"https:\/\/lasprimeras.com.do\/index.php\/category\/economia\/"},"img":{"alt_text":"Covedomi","src":"https:\/\/i0.wp.com\/lasprimeras.com.do\/wp-content\/uploads\/2023\/11\/Covedomi-1.jpg?resize=350%2C200&ssl=1","width":350,"height":200,"srcset":"https:\/\/i0.wp.com\/lasprimeras.com.do\/wp-content\/uploads\/2023\/11\/Covedomi-1.jpg?resize=350%2C200&ssl=1 1x, https:\/\/i0.wp.com\/lasprimeras.com.do\/wp-content\/uploads\/2023\/11\/Covedomi-1.jpg?resize=525%2C300&ssl=1 1.5x, https:\/\/i0.wp.com\/lasprimeras.com.do\/wp-content\/uploads\/2023\/11\/Covedomi-1.jpg?resize=700%2C400&ssl=1 2x"},"classes":[]},{"id":123774,"url":"https:\/\/lasprimeras.com.do\/index.php\/2026\/03\/05\/gustavo-sanchez-el-gobierno-justificara-altos-precios-de-los-alimentos-por-alza-del-petroleo\/","url_meta":{"origin":129011,"position":5},"title":"Gustavo S\u00e1nchez: El gobierno justificar\u00e1 altos precios de los alimentos por alza del petr\u00f3leo","author":"Nelson Feliz","date":"5 de marzo de 2026","format":false,"excerpt":"El vocero de la bancada del Partido de la Liberaci\u00f3n Dominicana (PLD) en la C\u00e1mara de Diputados Gustavo S\u00e1nchez, asegura que la situaci\u00f3n internacional generada por el conflicto en medio oriente, ser\u00e1 tomada como justificaci\u00f3n para incrementar los precios de los combustibles y justificar el alza de los alimentos. S\u00e1nchez\u2026","rel":"","context":"En \u00abPOLITICA\u00bb","block_context":{"text":"POLITICA","link":"https:\/\/lasprimeras.com.do\/index.php\/category\/politica\/"},"img":{"alt_text":"","src":"https:\/\/i0.wp.com\/lasprimeras.com.do\/wp-content\/uploads\/2025\/07\/Gustavo-Sanchez.jpg?resize=350%2C200&ssl=1","width":350,"height":200,"srcset":"https:\/\/i0.wp.com\/lasprimeras.com.do\/wp-content\/uploads\/2025\/07\/Gustavo-Sanchez.jpg?resize=350%2C200&ssl=1 1x, https:\/\/i0.wp.com\/lasprimeras.com.do\/wp-content\/uploads\/2025\/07\/Gustavo-Sanchez.jpg?resize=525%2C300&ssl=1 1.5x, https:\/\/i0.wp.com\/lasprimeras.com.do\/wp-content\/uploads\/2025\/07\/Gustavo-Sanchez.jpg?resize=700%2C400&ssl=1 2x"},"classes":[]}],"jetpack_sharing_enabled":true,"_links":{"self":[{"href":"https:\/\/lasprimeras.com.do\/index.php\/wp-json\/wp\/v2\/posts\/129011","targetHints":{"allow":["GET"]}}],"collection":[{"href":"https:\/\/lasprimeras.com.do\/index.php\/wp-json\/wp\/v2\/posts"}],"about":[{"href":"https:\/\/lasprimeras.com.do\/index.php\/wp-json\/wp\/v2\/types\/post"}],"author":[{"embeddable":true,"href":"https:\/\/lasprimeras.com.do\/index.php\/wp-json\/wp\/v2\/users\/10"}],"replies":[{"embeddable":true,"href":"https:\/\/lasprimeras.com.do\/index.php\/wp-json\/wp\/v2\/comments?post=129011"}],"version-history":[{"count":1,"href":"https:\/\/lasprimeras.com.do\/index.php\/wp-json\/wp\/v2\/posts\/129011\/revisions"}],"predecessor-version":[{"id":129012,"href":"https:\/\/lasprimeras.com.do\/index.php\/wp-json\/wp\/v2\/posts\/129011\/revisions\/129012"}],"wp:featuredmedia":[{"embeddable":true,"href":"https:\/\/lasprimeras.com.do\/index.php\/wp-json\/wp\/v2\/media\/128897"}],"wp:attachment":[{"href":"https:\/\/lasprimeras.com.do\/index.php\/wp-json\/wp\/v2\/media?parent=129011"}],"wp:term":[{"taxonomy":"category","embeddable":true,"href":"https:\/\/lasprimeras.com.do\/index.php\/wp-json\/wp\/v2\/categories?post=129011"},{"taxonomy":"post_tag","embeddable":true,"href":"https:\/\/lasprimeras.com.do\/index.php\/wp-json\/wp\/v2\/tags?post=129011"}],"curies":[{"name":"wp","href":"https:\/\/api.w.org\/{rel}","templated":true}]}}