{"id":129013,"date":"2026-04-29T01:55:00","date_gmt":"2026-04-29T05:55:00","guid":{"rendered":"https:\/\/lasprimeras.com.do\/?p=129013"},"modified":"2026-04-28T22:58:28","modified_gmt":"2026-04-29T02:58:28","slug":"fda-retira-chocolates-del-mercado-en-ny-y-otros-estados-con-dominicanos","status":"publish","type":"post","link":"https:\/\/lasprimeras.com.do\/index.php\/2026\/04\/29\/fda-retira-chocolates-del-mercado-en-ny-y-otros-estados-con-dominicanos\/","title":{"rendered":"FDA retira chocolates del mercado en NY y otros estados con dominicanos"},"content":{"rendered":"\n<p>Por Ram\u00f3n Mercedes<\/p>\n\n\n\n<p>NUEVA YORK.- La Administraci\u00f3n de Alimentos y Medicamentos de Estados Unidos (FDA) ha retirado del mercado ciertas cajas de bombones surtidos de French Broad Chocolates PBC en m\u00e1s de 40 estados, donde residen m\u00e1s de dos millones de dominicanos.<\/p>\n\n\n\n<p>El retiro se debe a la presencia de nueces no declaradas, lo que podr\u00eda afectar a personas sensibles o al\u00e9rgicas a este ingrediente.<\/p>\n\n\n\n<p>El problema surgi\u00f3 debido a un error en el etiquetado de las &#8220;notas de cata&#8221; que acompa\u00f1an el chocolate, ya que los bombones de tarta de melocot\u00f3n se etiquetaron err\u00f3neamente como dulce de nuez, y viceversa.<\/p>\n\n\n\n<p>Esto significa que un consumidor que conf\u00ede en la informaci\u00f3n impresa podr\u00eda ingerir, por error, un bomb\u00f3n que contiene nueces, advierte la FDA.<\/p>\n\n\n\n<p>Los productos afectados son las cajas de 6, 12 y 24 unidades de la colecci\u00f3n, con los c\u00f3digos de lote 260414 y 260417. Fueron envasados y vendidos entre el 14 y el 20 de abril de este a\u00f1o en las tiendas French Broad Chocolates, ubicadas en Asheville, Carolina del Norte, y tambi\u00e9n se vendieron en l\u00ednea a trav\u00e9s de frenchbroadchocolates.com.<\/p>\n\n\n\n<p>Entre los estados afectados se encuentran Nueva York, Nueva Jersey, Pensilvania, Connecticut, Maryland, Distrito de Columbia, Delaware, Virginia, Ohio, Carolina del Norte y del Sur, Georgia, Washington, Massachusetts, Illinois, Florida.<\/p>\n\n\n\n<p>Adem\u00e1s, en Arkansas, Arizona, California, Colorado, Alabama, Haw\u00e1i, Iowa, Indiana, Kentucky, Luisiana, Michigan, Minnesota, Misuri, Misisipi, Nebraska, Nuevo Hampshire, Oklahoma, Oreg\u00f3n, Dakota del Sur, Tennessee, Texas, Utah, Vermont y Wisconsin, regiones donde viven m\u00e1s de dos millones de dominicanos.<\/p>\n\n\n\n<p>Si tienen preguntas, los consumidores pueden contactar al servicio de atenci\u00f3n al cliente escribiendo a support@frenchbroadchocolates.com o llamando al 828-252-4181, durante el horario comercial habitual.<\/p>\n","protected":false},"excerpt":{"rendered":"<p>Por Ram\u00f3n Mercedes NUEVA YORK.- La Administraci\u00f3n de Alimentos y Medicamentos de Estados Unidos (FDA) ha retirado del mercado ciertas cajas de bombones surtidos de French Broad Chocolates PBC en&hellip;<\/p>\n","protected":false},"author":10,"featured_media":129014,"comment_status":"open","ping_status":"open","sticky":false,"template":"","format":"standard","meta":{"content-type":"","jetpack_post_was_ever_published":false,"_jetpack_newsletter_access":"","_jetpack_dont_email_post_to_subs":false,"_jetpack_newsletter_tier_id":0,"_jetpack_memberships_contains_paywalled_content":false,"_jetpack_memberships_contains_paid_content":false,"footnotes":""},"categories":[25580],"tags":[11600,32789,1238,737,1639,1595,1417,12263],"class_list":["post-129013","post","type-post","status-publish","format-standard","has-post-thumbnail","hentry","category-la-voz-de-la-diaspora","tag-alta","tag-chocolates","tag-estados","tag-fda","tag-mercado","tag-ny","tag-poblacion","tag-vendidos"],"jetpack_featured_media_url":"https:\/\/lasprimeras.com.do\/wp-content\/uploads\/2026\/04\/FDA-retira-del-mercado-chocolates-vendidos-en-NY-y-otros-estados-con-alta-poblacion-dominicana.jpg","jetpack-related-posts":[{"id":122298,"url":"https:\/\/lasprimeras.com.do\/index.php\/2026\/02\/16\/mantequilla-de-mani-consumida-altamente-por-dominicanos-es-retirada-del-mercado-ny-por-fda\/","url_meta":{"origin":129013,"position":0},"title":"Mantequilla de man\u00ed consumida altamente por dominicanos es retirada del mercado NY por FDA","author":"Nelson Feliz","date":"16 de febrero de 2026","format":false,"excerpt":"Por Ram\u00f3n Mercedes NUEVA YORK.-La Administraci\u00f3n de Alimentos y Medicamentos de Estados Unidos (FDA) retira del mercado miles de cajas de mantequilla de man\u00ed, vendida en Nueva York, Nueva Jersey, y otros Estados. El art\u00edculo se expende en supermercados, bodegas y se sirve en restarantes, ubicados en los cinco condados;\u2026","rel":"","context":"En \u00abINTERNACIONALES\u00bb","block_context":{"text":"INTERNACIONALES","link":"https:\/\/lasprimeras.com.do\/index.php\/category\/sin-categoria\/internacionales\/"},"img":{"alt_text":"","src":"https:\/\/i0.wp.com\/lasprimeras.com.do\/wp-content\/uploads\/2026\/02\/Mantequilla-de-mani-consumida-altamente-por-dominicanos-es-retirada-del-mercado-NY-por-FDA.jpg?resize=350%2C200&ssl=1","width":350,"height":200,"srcset":"https:\/\/i0.wp.com\/lasprimeras.com.do\/wp-content\/uploads\/2026\/02\/Mantequilla-de-mani-consumida-altamente-por-dominicanos-es-retirada-del-mercado-NY-por-FDA.jpg?resize=350%2C200&ssl=1 1x, https:\/\/i0.wp.com\/lasprimeras.com.do\/wp-content\/uploads\/2026\/02\/Mantequilla-de-mani-consumida-altamente-por-dominicanos-es-retirada-del-mercado-NY-por-FDA.jpg?resize=525%2C300&ssl=1 1.5x"},"classes":[]},{"id":84719,"url":"https:\/\/lasprimeras.com.do\/index.php\/2024\/06\/14\/el-acceso-a-la-pildora-abortiva-no-ha-cambiado-tras-la-decision-de-la-corte-suprema\/","url_meta":{"origin":129013,"position":1},"title":"El acceso a la p\u00edldora abortiva no ha cambiado tras la decisi\u00f3n de la Corte Suprema","author":"Nelson Feliz","date":"14 de junio de 2024","format":false,"excerpt":"POR MATEO PERRONE WASHINGTON (AP) \u2014 El acceso a la p\u00edldora abortiva mifepristona no cambiar\u00e1 despu\u00e9s de que la Corte Suprema de Estados Unidos rechaz\u00f3 un\u00e1nimemente el jueves un esfuerzo de grupos antiaborto para reducir su disponibilidad, una victoria para los partidarios del derecho al aborto y millones de mujeres\u2026","rel":"","context":"En \u00abSin categor\u00eda\u00bb","block_context":{"text":"Sin categor\u00eda","link":"https:\/\/lasprimeras.com.do\/index.php\/category\/sin-categoria\/"},"img":{"alt_text":"","src":"https:\/\/i0.wp.com\/lasprimeras.com.do\/wp-content\/uploads\/2024\/06\/acceso-a-la-pildora-abortiva.jpg?resize=350%2C200&ssl=1","width":350,"height":200,"srcset":"https:\/\/i0.wp.com\/lasprimeras.com.do\/wp-content\/uploads\/2024\/06\/acceso-a-la-pildora-abortiva.jpg?resize=350%2C200&ssl=1 1x, https:\/\/i0.wp.com\/lasprimeras.com.do\/wp-content\/uploads\/2024\/06\/acceso-a-la-pildora-abortiva.jpg?resize=525%2C300&ssl=1 1.5x, https:\/\/i0.wp.com\/lasprimeras.com.do\/wp-content\/uploads\/2024\/06\/acceso-a-la-pildora-abortiva.jpg?resize=700%2C400&ssl=1 2x"},"classes":[]},{"id":121030,"url":"https:\/\/lasprimeras.com.do\/index.php\/2026\/01\/30\/retiran-del-mercado-ny-pepinillos-tras-informes-habia-vidrio-en-frascos-dominicanos-los-consumen\/","url_meta":{"origin":129013,"position":2},"title":"Retiran del mercado NY pepinillos tras informes hab\u00eda vidrio en frascos; dominicanos los consumen","author":"Nelson Feliz","date":"30 de enero de 2026","format":false,"excerpt":"Por Ram\u00f3n Mercedes NUEVA YORK.- La Administraci\u00f3n de Alimentos y Medicamentos (FDA) en Estados Unidos retir\u00f3 miles de cajas de pepinillos del mercado de Nueva York y Maine tras informes de que hab\u00eda vidrio dentro de los frascos. El producto ers vendido en los supermercados y bodegas en los cinco\u2026","rel":"","context":"En \u00abINTERNACIONALES\u00bb","block_context":{"text":"INTERNACIONALES","link":"https:\/\/lasprimeras.com.do\/index.php\/category\/sin-categoria\/internacionales\/"},"img":{"alt_text":"","src":"https:\/\/i0.wp.com\/lasprimeras.com.do\/wp-content\/uploads\/2026\/01\/IMG-20260130-WA0020.jpg?resize=350%2C200&ssl=1","width":350,"height":200,"srcset":"https:\/\/i0.wp.com\/lasprimeras.com.do\/wp-content\/uploads\/2026\/01\/IMG-20260130-WA0020.jpg?resize=350%2C200&ssl=1 1x, https:\/\/i0.wp.com\/lasprimeras.com.do\/wp-content\/uploads\/2026\/01\/IMG-20260130-WA0020.jpg?resize=525%2C300&ssl=1 1.5x"},"classes":[]},{"id":54426,"url":"https:\/\/lasprimeras.com.do\/index.php\/2023\/07\/10\/retiran-galletas-de-chocolate-porque-contenian-burundanga\/","url_meta":{"origin":129013,"position":3},"title":"Retiran galletas de chocolate porque conten\u00edan burundanga","author":"Nelson Feliz","date":"10 de julio de 2023","format":false,"excerpt":"Las galletas con pepitas de chocolate sin gluten de la marca Gerbl\u00e9 han sido retiradas de puntos de distribuci\u00f3n en toda Espa\u00f1a por estar contaminadas con burundanga y el medicamento atropina tambi\u00e9n fueron distribuidas en Andorra y Francia, pa\u00eds este \u00faltimo del que procede el lote afectado. Seg\u00fan recoge la\u2026","rel":"","context":"En \u00abSin categor\u00eda\u00bb","block_context":{"text":"Sin categor\u00eda","link":"https:\/\/lasprimeras.com.do\/index.php\/category\/sin-categoria\/"},"img":{"alt_text":"Galletas","src":"https:\/\/i0.wp.com\/lasprimeras.com.do\/wp-content\/uploads\/2023\/07\/Galletas-1024x768-1.jpg?resize=350%2C200&ssl=1","width":350,"height":200,"srcset":"https:\/\/i0.wp.com\/lasprimeras.com.do\/wp-content\/uploads\/2023\/07\/Galletas-1024x768-1.jpg?resize=350%2C200&ssl=1 1x, https:\/\/i0.wp.com\/lasprimeras.com.do\/wp-content\/uploads\/2023\/07\/Galletas-1024x768-1.jpg?resize=525%2C300&ssl=1 1.5x, https:\/\/i0.wp.com\/lasprimeras.com.do\/wp-content\/uploads\/2023\/07\/Galletas-1024x768-1.jpg?resize=700%2C400&ssl=1 2x"},"classes":[]},{"id":71039,"url":"https:\/\/lasprimeras.com.do\/index.php\/2023\/12\/16\/fda-deja-iniciado-iv-campeonato-gubernamental-de-ajedrez-2023\/","url_meta":{"origin":129013,"position":4},"title":"FDA deja iniciado IV Campeonato Gubernamental de Ajedrez 2023","author":"Nelson Feliz","date":"16 de diciembre de 2023","format":false,"excerpt":"La Federaci\u00f3n Dominicana de Ajedrez (FDA), dej\u00f3 iniciado este s\u00e1bado el IV Campeonato Gubernamental de Ajedrez 2023, evento en el que participan m\u00e1s de 20 instituciones p\u00fablicas. El presidente de la FDA, Pedro Dom\u00ednguez Brito, expres\u00f3 su satisfacci\u00f3n a la celebraci\u00f3n de este gran torneo p\u00fablico de ajedrez. Dom\u00ednguez Brito,\u2026","rel":"","context":"En \u00abDEPORTES\u00bb","block_context":{"text":"DEPORTES","link":"https:\/\/lasprimeras.com.do\/index.php\/category\/deportes\/"},"img":{"alt_text":"Campeonato Gubernamental de Ajedrez","src":"https:\/\/i0.wp.com\/lasprimeras.com.do\/wp-content\/uploads\/2023\/12\/Campeonato-Gubernamental-de-Ajedrez.jpg?resize=350%2C200&ssl=1","width":350,"height":200,"srcset":"https:\/\/i0.wp.com\/lasprimeras.com.do\/wp-content\/uploads\/2023\/12\/Campeonato-Gubernamental-de-Ajedrez.jpg?resize=350%2C200&ssl=1 1x, https:\/\/i0.wp.com\/lasprimeras.com.do\/wp-content\/uploads\/2023\/12\/Campeonato-Gubernamental-de-Ajedrez.jpg?resize=525%2C300&ssl=1 1.5x, https:\/\/i0.wp.com\/lasprimeras.com.do\/wp-content\/uploads\/2023\/12\/Campeonato-Gubernamental-de-Ajedrez.jpg?resize=700%2C400&ssl=1 2x"},"classes":[]},{"id":57748,"url":"https:\/\/lasprimeras.com.do\/index.php\/2023\/08\/15\/embajadora-sonia-guzman-califico-como-positiva-decision-de-restringir-comercio-de-cigarros-premium\/","url_meta":{"origin":129013,"position":5},"title":"Embajadora Sonia Guzm\u00e1n calific\u00f3 como positiva decisi\u00f3n de restringir comercio de cigarros premium","author":"Nelson Feliz","date":"15 de agosto de 2023","format":false,"excerpt":"Dicha medida iba a afectar a la industria del tabaco en RD cuyas exportaciones a los EEUU alcanzan los 1,000 millones d\u00f3lares anuales, seg\u00fan cifras oficiales. La embajadora dominicana en los Estados Unidos, Sonia Guzm\u00e1n, respald\u00f3 la decisi\u00f3n de la Corte del Distrito de Columbia de los EEUU de negar\u2026","rel":"","context":"En \u00abECONOM\u00cdA\u00bb","block_context":{"text":"ECONOM\u00cdA","link":"https:\/\/lasprimeras.com.do\/index.php\/category\/economia\/"},"img":{"alt_text":"Sonia Guzm\u00e1n","src":"https:\/\/i0.wp.com\/lasprimeras.com.do\/wp-content\/uploads\/2023\/08\/Sonia-Guzman.jpg?resize=350%2C200&ssl=1","width":350,"height":200,"srcset":"https:\/\/i0.wp.com\/lasprimeras.com.do\/wp-content\/uploads\/2023\/08\/Sonia-Guzman.jpg?resize=350%2C200&ssl=1 1x, https:\/\/i0.wp.com\/lasprimeras.com.do\/wp-content\/uploads\/2023\/08\/Sonia-Guzman.jpg?resize=525%2C300&ssl=1 1.5x, https:\/\/i0.wp.com\/lasprimeras.com.do\/wp-content\/uploads\/2023\/08\/Sonia-Guzman.jpg?resize=700%2C400&ssl=1 2x"},"classes":[]}],"jetpack_sharing_enabled":true,"_links":{"self":[{"href":"https:\/\/lasprimeras.com.do\/index.php\/wp-json\/wp\/v2\/posts\/129013","targetHints":{"allow":["GET"]}}],"collection":[{"href":"https:\/\/lasprimeras.com.do\/index.php\/wp-json\/wp\/v2\/posts"}],"about":[{"href":"https:\/\/lasprimeras.com.do\/index.php\/wp-json\/wp\/v2\/types\/post"}],"author":[{"embeddable":true,"href":"https:\/\/lasprimeras.com.do\/index.php\/wp-json\/wp\/v2\/users\/10"}],"replies":[{"embeddable":true,"href":"https:\/\/lasprimeras.com.do\/index.php\/wp-json\/wp\/v2\/comments?post=129013"}],"version-history":[{"count":1,"href":"https:\/\/lasprimeras.com.do\/index.php\/wp-json\/wp\/v2\/posts\/129013\/revisions"}],"predecessor-version":[{"id":129015,"href":"https:\/\/lasprimeras.com.do\/index.php\/wp-json\/wp\/v2\/posts\/129013\/revisions\/129015"}],"wp:featuredmedia":[{"embeddable":true,"href":"https:\/\/lasprimeras.com.do\/index.php\/wp-json\/wp\/v2\/media\/129014"}],"wp:attachment":[{"href":"https:\/\/lasprimeras.com.do\/index.php\/wp-json\/wp\/v2\/media?parent=129013"}],"wp:term":[{"taxonomy":"category","embeddable":true,"href":"https:\/\/lasprimeras.com.do\/index.php\/wp-json\/wp\/v2\/categories?post=129013"},{"taxonomy":"post_tag","embeddable":true,"href":"https:\/\/lasprimeras.com.do\/index.php\/wp-json\/wp\/v2\/tags?post=129013"}],"curies":[{"name":"wp","href":"https:\/\/api.w.org\/{rel}","templated":true}]}}