{"id":129021,"date":"2026-04-28T23:09:36","date_gmt":"2026-04-29T03:09:36","guid":{"rendered":"https:\/\/lasprimeras.com.do\/?p=129021"},"modified":"2026-04-28T23:09:37","modified_gmt":"2026-04-29T03:09:37","slug":"cuba-la-islita-que-no-se-rinde","status":"publish","type":"post","link":"https:\/\/lasprimeras.com.do\/index.php\/2026\/04\/28\/cuba-la-islita-que-no-se-rinde\/","title":{"rendered":"Cuba: la islita que no se rinde"},"content":{"rendered":"\n<p>Por Felipe Lora Longo<\/p>\n\n\n\n<p>Mientras el mundo ten\u00eda los ojos pegados a las pantallas viendo misiles cruzar el cielo de Oriente Medio, mientras Washington justificaba una guerra ilegal y sin provocaci\u00f3n contra Ir\u00e1n bajo el pretexto de una seguridad regional que nunca ha existido para los pueblos de esa regi\u00f3n, tres realidades inc\u00f3modas desaparec\u00edan del debate p\u00fablico global: el genocidio en Gaza, el secuestro ilegal del presidente constitucional de Venezuela Nicol\u00e1s Maduro, y el cruel, sistem\u00e1tico e ilegal embargo que el imperialismo norteamericano mantiene sobre Cuba desde hace m\u00e1s de seis d\u00e9cadas.<\/p>\n\n\n\n<p>No es coincidencia. Es m\u00e9todo.<\/p>\n\n\n\n<p>El espect\u00e1culo b\u00e9lico es tambi\u00e9n, y quiz\u00e1s principalmente, una cortina de humo. Cada vez que el Imperio necesita ocultar un crimen, fabrica un esc\u00e1ndalo mayor. Y cuando no alcanza con la guerra, tiene a su disposici\u00f3n la maquinaria medi\u00e1tica m\u00e1s poderosa de la historia humana para hacer desaparecer lo que no conviene ver.<\/p>\n\n\n\n<p>Pero Cuba sigue ah\u00ed.<\/p>\n\n\n\n<p>Los n\u00fameros del asedio<\/p>\n\n\n\n<p>El 22 de abril de 2026, el ministro cubano de Energ\u00eda y Minas, Vicente de la O Levy, compareci\u00f3 en televisi\u00f3n nacional y ofreci\u00f3 una radiograf\u00eda descarnada de la realidad energ\u00e9tica de su pa\u00eds.<\/p>\n\n\n\n<p>No escondi\u00f3 nada. Dijo lo que pocos funcionarios en el mundo tienen el valor de decir p\u00fablicamente: Cuba necesita ocho barcos mensuales de combustible para sostener su econom\u00eda y su generaci\u00f3n el\u00e9ctrica. Desde el 8 de diciembre de 2025 hasta finales de abril de 2026 recibi\u00f3 uno..<\/p>\n\n\n\n<p>Eso significa casi cinco meses con los tanques vac\u00edos. Significa apagones de hasta 20 horas diarias en provincias como Holgu\u00edn, Granma y Santiago de Cuba. Significa un d\u00e9ficit m\u00e1ximo de generaci\u00f3n de 1,945 megavatios registrado el 1 de abril, frente a una demanda de 3,050 MW.<\/p>\n\n\n\n<p>Significa una isla operando al 50% de sus posibilidades reales, no por incompetencia ni por decisi\u00f3n propia, sino porque el Imperio decidi\u00f3 que as\u00ed deb\u00eda ser.<\/p>\n\n\n\n<p>\u00bfC\u00f3mo lleg\u00f3 Cuba a ese punto? El 3 de diciembre de 2025, fuerzas navales estadounidenses incautaron en aguas del Caribe el petrolero Skipper, que transportaba aproximadamente un mill\u00f3n de barriles con destino parcial a Cuba.<\/p>\n\n\n\n<p>Ese fue el primer eslab\u00f3n visible de una cadena de asfixia que incluy\u00f3 sanciones a navieras, presiones sobre productores de petr\u00f3leo y amenazas a pa\u00edses terceros que se atrevieran a comerciar con la isla. El bloqueo no es solo una ley en los libros. Es una operaci\u00f3n activa, cotidiana, global.<\/p>\n\n\n\n<p>El bloqueo es un crimen que tiene nombre y apellido<\/p>\n\n\n\n<p>La Asamblea General de las Naciones Unidas ha votado a\u00f1o tras a\u00f1o, con mayor\u00edas que rondan los 185 pa\u00edses, exigiendo el fin del embargo. No importa.<\/p>\n\n\n\n<p>Washington no tiene que obedecer a nadie. Relator\u00edas especiales de organismos internacionales han documentado c\u00f3mo este bloqueo afecta el acceso de la poblaci\u00f3n cubana a alimentos, medicamentos, tecnolog\u00eda y energ\u00eda, configurando, en derecho internacional, lo que, sin eufemismos, se denominar\u00eda una forma de guerra econ\u00f3mica contra una poblaci\u00f3n civil. Hay quienes, con s\u00f3lido fundamento jur\u00eddico y moral, lo llaman genocidio.<\/p>\n\n\n\n<p>El propio ministro cubano ofreci\u00f3 ejemplos concretos del alcance brutal de este asedio: Cuba no pudo acceder a un software industrial est\u00e1ndar para calibrar y arrancar una unidad de la termoel\u00e9ctrica Carlos Manuel de C\u00e9spedes.<\/p>\n\n\n\n<p>Especialistas extranjeros que ya se encontraban en territorio cubano realizando trabajos t\u00e9cnicos recibieron una llamada telef\u00f3nica y abandonaron el pa\u00eds de inmediato, una vez que sus empleadores fueron adquiridos por capital estadounidense. Son, dijo el ministro, &#8220;cientos y cientos de ejemplos&#8221;.<\/p>\n\n\n\n<p>Lo que no se puede comprar con d\u00f3lares: la dignidad<\/p>\n\n\n\n<p>Y aqu\u00ed es donde la historia de Cuba deja de ser solo una tragedia y se convierte en una lecci\u00f3n.<\/p>\n\n\n\n<p>Frente a ese muro, Cuba no se paraliz\u00f3. En 2025, con los tanques casi vac\u00edos y los apagones multiplic\u00e1ndose, el pa\u00eds ejecut\u00f3 un programa de recuperaci\u00f3n del Sistema Electroenerg\u00e9tico Nacional que elev\u00f3 la generaci\u00f3n distribuida de 350 a m\u00e1s de 1,000 megavatios disponibles.<br>Aument\u00f3 la participaci\u00f3n de energ\u00edas renovables del 3% al 10% de su matriz el\u00e9ctrica en un solo a\u00f1o. Fren\u00f3 la ca\u00edda sostenida de su producci\u00f3n petrolera nacional.<\/p>\n\n\n\n<p>Incorpor\u00f3 unidades t\u00e9rmicas estrat\u00e9gicas. Desarroll\u00f3 alternativas tecnol\u00f3gicas nacionales, con participaci\u00f3n de la industria militar y cient\u00edficos cubanos, para sustituir los programas y equipos que el bloqueo les niega.<\/p>\n\n\n\n<p>Cuando no pudieron comprar el software para arrancar una termoel\u00e9ctrica, lo fabricaron.<\/p>\n\n\n\n<p>Eso no es improvisaci\u00f3n. Es soberan\u00eda tecnol\u00f3gica. Es lo que se construye cuando no tienes otra opci\u00f3n que confiar en tu propio pueblo.<\/p>\n\n\n\n<p>La hoja de ruta energ\u00e9tica cubana apunta a alcanzar el 24% de renovables en 2030, el 40% en 2035 \u2014umbral que eliminar\u00eda la dependencia de importaciones de combustible\u2014 y la soberan\u00eda energ\u00e9tica total con el 100% renovable en 2050.<\/p>\n\n\n\n<p>Mientras potencias con recursos infinitamente superiores debaten si es posible o conveniente hacer esa transici\u00f3n, Cuba la est\u00e1 trazando desde la pobreza inducida, desde el asedio, desde la falta de financiamiento internacional y a pesar de los m\u00e1s de 60 a\u00f1os del criminal y genocida embargo.<\/p>\n\n\n\n<p>Un espejo para el Caribe<\/p>\n\n\n\n<p>Nosotros, los dominicanos, tenemos razones propias para leer con detenimiento la experiencia cubana.<\/p>\n\n\n\n<p>La Rep\u00fablica Dominicana importa m\u00e1s del 90% de su energ\u00eda. Cada vez que los precios del petr\u00f3leo se disparan \u2014como ocurre hoy, en parte como consecuencia directa del conflicto en el Golfo P\u00e9rsico\u2014 nuestra factura el\u00e9ctrica se infla, nuestros subsidios al combustible sangran el presupuesto, y los sectores populares pagan el precio.<\/p>\n\n\n\n<p>No tenemos bloqueo. Tenemos algo diferente: una dependencia estructural que nos hace igualmente vulnerables, pero sin el hero\u00edsmo que nace de la adversidad forzada.<\/p>\n\n\n\n<p>Cuba, con bloqueo, con sanciones, con la flota de tanqueros inmovilizada, con los especialistas extranjeros huyendo, con los bancos cerr\u00e1ndole las puertas, est\u00e1 construyendo su soberan\u00eda energ\u00e9tica.<\/p>\n\n\n\n<p>Nosotros, con acceso a todos los mercados, con financiamiento disponible, con litoral solar de primer nivel, seguimos atados a los vaivenes del precio del barril y a las decisiones de corporaciones energ\u00e9ticas que no tienen ning\u00fan compromiso con nuestro pueblo.<\/p>\n\n\n\n<p>La pregunta no es ret\u00f3rica: \u00bfqu\u00e9 nos lo impide?<\/p>\n\n\n\n<p>La islita que no se rinde<\/p>\n\n\n\n<p>Hay una imagen que me persiste: La Habana iluminada durante cuatro d\u00edas seguidos, a finales de abril de 2026, gracias a un solo cargamento de crudo ruso que lleg\u00f3 despu\u00e9s de casi cinco meses de oscuridad casi total.<\/p>\n\n\n\n<p>La Embajada rusa en Cuba public\u00f3 fotos de la ciudad encendida con evidente orgullo. Y el ministro cubano, con la honestidad que escasea en los funcionarios de cualquier sistema pol\u00edtico, dijo en televisi\u00f3n nacional: &#8220;No es mucho tiempo, Randy, no es mucho tiempo&#8221;.<\/p>\n\n\n\n<p>Esa frase lo dice todo. No hay ilusiones. No hay promesas vac\u00edas. Hay un pueblo que sabe exactamente cu\u00e1l es su situaci\u00f3n, que conoce la magnitud del asedio que enfrenta, y que sigue de pie.<\/p>\n\n\n\n<p>Mientras la guerra contra Ir\u00e1n consum\u00eda los titulares del mundo, mientras Gaza segu\u00eda siendo bombardeada y Venezuela resist\u00eda el robo de su presidente, Cuba negociaba el pr\u00f3ximo barco, reparaba sus termoel\u00e9ctricas con piezas fabricadas en sus propios talleres, instalaba paneles solares en todas las policl\u00ednicas y para 171 ni\u00f1os electro-dependientes y, a\u00fan m\u00e1s importante, se preparaba para seguir existiendo.<\/p>\n\n\n\n<p>A eso, en el Caribe, lo llamamos resistencia.<\/p>\n\n\n\n<p>Y merece que, al menos, no dejemos que a Cuba la desaparezcan de las pantallas de nuestros celulares.<\/p>\n","protected":false},"excerpt":{"rendered":"<p>Por Felipe Lora Longo Mientras el mundo ten\u00eda los ojos pegados a las pantallas viendo misiles cruzar el cielo de Oriente Medio, mientras Washington justificaba una guerra ilegal y sin&hellip;<\/p>\n","protected":false},"author":10,"featured_media":119020,"comment_status":"open","ping_status":"open","sticky":false,"template":"","format":"standard","meta":{"content-type":"","jetpack_post_was_ever_published":false,"_jetpack_newsletter_access":"","_jetpack_dont_email_post_to_subs":false,"_jetpack_newsletter_tier_id":0,"_jetpack_memberships_contains_paywalled_content":false,"_jetpack_memberships_contains_paid_content":false,"footnotes":""},"categories":[95],"tags":[32793],"class_list":["post-129021","post","type-post","status-publish","format-standard","has-post-thumbnail","hentry","category-opinion","tag-cuba-la-islita-que-no-se-rinde"],"jetpack_featured_media_url":"https:\/\/lasprimeras.com.do\/wp-content\/uploads\/2026\/01\/Cuba-rinde-tributo-a-oficiales-muertos-en-ataque-a-Venezuela.jpg","jetpack-related-posts":[{"id":49208,"url":"https:\/\/lasprimeras.com.do\/index.php\/2023\/05\/09\/prm-se-refiere-a-controversia-del-borrador-presentado-por-la-jce\/","url_meta":{"origin":129021,"position":0},"title":"PRM se refiere a controversia del borrador presentado por la JCE","author":"prenxa100","date":"9 de mayo de 2023","format":false,"excerpt":"SANTO DOMINGO.-.El presidente de la C\u00e1mara de Diputados, Alfredo Pacheco, y la alcaldesa del Distrito Nacional, Carolina Mej\u00eda, se refirieron a la controversia que han impulsado partidos de la oposici\u00f3n en torno al borrador de resoluci\u00f3n de la Junta Central Electoral (JCE) que establece la manera en que se podr\u00e1n\u2026","rel":"","context":"En \u00abSin categor\u00eda\u00bb","block_context":{"text":"Sin categor\u00eda","link":"https:\/\/lasprimeras.com.do\/index.php\/category\/sin-categoria\/"},"img":{"alt_text":"","src":"","width":0,"height":0},"classes":[]},{"id":113663,"url":"https:\/\/lasprimeras.com.do\/index.php\/2025\/11\/05\/eeuu-propone-que-onu-autorice-una-fuerza-de-estabilizacion-en-gaza-por-2-anos\/","url_meta":{"origin":129021,"position":1},"title":"EEUU propone que ONU autorice una fuerza de estabilizaci\u00f3n en Gaza por 2 a\u00f1os","author":"Nelson Feliz","date":"5 de noviembre de 2025","format":false,"excerpt":"POR SAM MEDNICK, MATTHEW LEE and FARNOUSH AMIRI NACIONES UNIDAS (AP) \u2014 Estados Unidos ha distribuido un borrador para una resoluci\u00f3n del Consejo de Seguridad de la ONU que proporcionar\u00eda un mandato para una fuerza internacional de estabilizaci\u00f3n en Gaza durante al menos dos a\u00f1os, marcando el siguiente paso en\u2026","rel":"","context":"En \u00abINTERNACIONALES\u00bb","block_context":{"text":"INTERNACIONALES","link":"https:\/\/lasprimeras.com.do\/index.php\/category\/sin-categoria\/internacionales\/"},"img":{"alt_text":"","src":"https:\/\/i0.wp.com\/lasprimeras.com.do\/wp-content\/uploads\/2025\/11\/Palestinos-inspeccionan-los-escombros.jpg?resize=350%2C200&ssl=1","width":350,"height":200,"srcset":"https:\/\/i0.wp.com\/lasprimeras.com.do\/wp-content\/uploads\/2025\/11\/Palestinos-inspeccionan-los-escombros.jpg?resize=350%2C200&ssl=1 1x, https:\/\/i0.wp.com\/lasprimeras.com.do\/wp-content\/uploads\/2025\/11\/Palestinos-inspeccionan-los-escombros.jpg?resize=525%2C300&ssl=1 1.5x, https:\/\/i0.wp.com\/lasprimeras.com.do\/wp-content\/uploads\/2025\/11\/Palestinos-inspeccionan-los-escombros.jpg?resize=700%2C400&ssl=1 2x"},"classes":[]},{"id":49023,"url":"https:\/\/lasprimeras.com.do\/index.php\/2023\/05\/07\/dirigente-de-la-fp-cuestiona-borrador-de-la-resolucion-de-la-jce-dice-favorece-oficialismo\/","url_meta":{"origin":129021,"position":2},"title":"Dirigente de la FP cuestiona \u201cBorrador de la Resoluci\u00f3n de la JCE\u201d, dice favorece oficialismo","author":"prenxa100","date":"7 de mayo de 2023","format":false,"excerpt":"Santo Domingo .- El miembro de la Direcci\u00f3n Central de la Fuerza del Pueblo (FP), Pedro Jim\u00e9nez cuestion\u00f3 hoy al pleno de la Junta Central Electoral de favorecer al gobierno, con el borrador de la resoluci\u00f3n sobre el porcentaje de las reservas de las candidaturas dispuesto por la Ley 33-18,\u2026","rel":"","context":"En \u00abPORTADA\u00bb","block_context":{"text":"PORTADA","link":"https:\/\/lasprimeras.com.do\/index.php\/category\/portada\/"},"img":{"alt_text":"","src":"","width":0,"height":0},"classes":[]},{"id":49201,"url":"https:\/\/lasprimeras.com.do\/index.php\/2023\/05\/09\/pld-reitera-rechazo-al-borrador-de-resolucion-de-la-jce-sobre-reservas-de-candidatura\/","url_meta":{"origin":129021,"position":3},"title":"PLD reitera rechazo al borrador de resoluci\u00f3n de la JCE sobre reservas de candidatura","author":"prenxa100","date":"9 de mayo de 2023","format":false,"excerpt":"CP del PLD ratifica comisi\u00f3n para abordar el tema relativo a las reservas de candidaturas. Danilo Medina, Charles Mariotti, Abel Mart\u00ednez y Francisco Javier Garc\u00eda, la integran. SANTO DOMINGO.-.El Comit\u00e9 Pol\u00edtico del Partido de la Liberaci\u00f3n Dominicana (PLD) en la reuni\u00f3n ordinaria de este d\u00eda ratific\u00f3 la conformaci\u00f3n de una\u2026","rel":"","context":"En \u00abPORTADA\u00bb","block_context":{"text":"PORTADA","link":"https:\/\/lasprimeras.com.do\/index.php\/category\/portada\/"},"img":{"alt_text":"","src":"","width":0,"height":0},"classes":[]},{"id":48723,"url":"https:\/\/lasprimeras.com.do\/index.php\/2023\/05\/03\/pleno-socializa-borrador-de-resolucion-de-reservas-de-candidaturas\/","url_meta":{"origin":129021,"position":4},"title":"Pleno socializa borrador de resoluci\u00f3n de reservas de candidaturas","author":"prenxa100","date":"3 de mayo de 2023","format":false,"excerpt":"Organizaciones pol\u00edticas tienen hasta el 8 de mayo para presentar observaciones. Santo Domingo.- El Pleno de la Junta Central Electoral (JCE) elabor\u00f3 el borrador de resoluci\u00f3n sobre la aplicaci\u00f3n del porcentaje de las reservas de las candidaturas que establece la Ley No. 33-18 de partidos, agrupaciones y movimientos pol\u00edticos para\u2026","rel":"","context":"En \u00abNACIONALES\u00bb","block_context":{"text":"NACIONALES","link":"https:\/\/lasprimeras.com.do\/index.php\/category\/nacionales\/"},"img":{"alt_text":"","src":"","width":0,"height":0},"classes":[]},{"id":49204,"url":"https:\/\/lasprimeras.com.do\/index.php\/2023\/05\/09\/charles-mariotti-la-reserva-de-candidaturas-es-general\/","url_meta":{"origin":129021,"position":5},"title":"Charles Mariotti: La reserva de candidaturas es general","author":"prenxa100","date":"9 de mayo de 2023","format":false,"excerpt":"Charles Mariotti informa que el PLD present\u00f3 sus observaciones al borrador de resoluci\u00f3n de la JCE sobre la aplicaci\u00f3n del porcentaje en las reservas de candidaturas. SANTO DOMINGO.-.El Partido de la Liberaci\u00f3n Dominicana (PLD) present\u00f3 las observaciones al borrador de resoluci\u00f3n sobre la aplicaci\u00f3n del porcentaje de las reservas de\u2026","rel":"","context":"En \u00abSin categor\u00eda\u00bb","block_context":{"text":"Sin categor\u00eda","link":"https:\/\/lasprimeras.com.do\/index.php\/category\/sin-categoria\/"},"img":{"alt_text":"","src":"","width":0,"height":0},"classes":[]}],"jetpack_sharing_enabled":true,"_links":{"self":[{"href":"https:\/\/lasprimeras.com.do\/index.php\/wp-json\/wp\/v2\/posts\/129021","targetHints":{"allow":["GET"]}}],"collection":[{"href":"https:\/\/lasprimeras.com.do\/index.php\/wp-json\/wp\/v2\/posts"}],"about":[{"href":"https:\/\/lasprimeras.com.do\/index.php\/wp-json\/wp\/v2\/types\/post"}],"author":[{"embeddable":true,"href":"https:\/\/lasprimeras.com.do\/index.php\/wp-json\/wp\/v2\/users\/10"}],"replies":[{"embeddable":true,"href":"https:\/\/lasprimeras.com.do\/index.php\/wp-json\/wp\/v2\/comments?post=129021"}],"version-history":[{"count":1,"href":"https:\/\/lasprimeras.com.do\/index.php\/wp-json\/wp\/v2\/posts\/129021\/revisions"}],"predecessor-version":[{"id":129022,"href":"https:\/\/lasprimeras.com.do\/index.php\/wp-json\/wp\/v2\/posts\/129021\/revisions\/129022"}],"wp:featuredmedia":[{"embeddable":true,"href":"https:\/\/lasprimeras.com.do\/index.php\/wp-json\/wp\/v2\/media\/119020"}],"wp:attachment":[{"href":"https:\/\/lasprimeras.com.do\/index.php\/wp-json\/wp\/v2\/media?parent=129021"}],"wp:term":[{"taxonomy":"category","embeddable":true,"href":"https:\/\/lasprimeras.com.do\/index.php\/wp-json\/wp\/v2\/categories?post=129021"},{"taxonomy":"post_tag","embeddable":true,"href":"https:\/\/lasprimeras.com.do\/index.php\/wp-json\/wp\/v2\/tags?post=129021"}],"curies":[{"name":"wp","href":"https:\/\/api.w.org\/{rel}","templated":true}]}}