{"id":129023,"date":"2026-04-28T23:15:18","date_gmt":"2026-04-29T03:15:18","guid":{"rendered":"https:\/\/lasprimeras.com.do\/?p=129023"},"modified":"2026-04-28T23:15:19","modified_gmt":"2026-04-29T03:15:19","slug":"alcaldia-de-miami-dade-y-consulado-dominicano-reconocen-a-giannina-azar","status":"publish","type":"post","link":"https:\/\/lasprimeras.com.do\/index.php\/2026\/04\/28\/alcaldia-de-miami-dade-y-consulado-dominicano-reconocen-a-giannina-azar\/","title":{"rendered":"Alcald\u00eda de Miami-Dade y Consulado Dominicano reconocen a Giannina Azar"},"content":{"rendered":"\n<p><strong>Ambas instituciones honran sus 45 a\u00f1os de carrera y el impacto internacional de la moda dominicana<\/strong><\/p>\n\n\n\n<p>La reconocida dise\u00f1adora dominicana Giannina Azar fue declarada \u201cVisitante Distinguida\u201d por el Condado de Miami-Dade, en el estado de Florida, durante un acto en el que tambi\u00e9n present\u00f3 una pasarela ben\u00e9fica en apoyo a una organizaci\u00f3n sin fines de lucro.<\/p>\n\n\n\n<p>El reconocimiento fue entregado en el Consulado General de la Rep\u00fablica Dominicana en Miami, instituci\u00f3n que adem\u00e1s proclam\u00f3 el \u201cD\u00eda de Giannina Azar\u201d, distinci\u00f3n que resalta su exitosa trayectoria y sus aportes a la industria de la moda latinoamericana.<\/p>\n\n\n\n<p>El c\u00f3nsul general interino, Gilberto Minaya, expres\u00f3 su orgullo al encabezar el acto en la sede consular, donde destac\u00f3 el impacto internacional de la dise\u00f1adora y su rol como embajadora del talento dominicano.<\/p>\n\n\n\n<p>\u201cNos enorgullece recibir a Giannina Azar en nuestra sede. Este reconocimiento reafirma la proyecci\u00f3n global de nuestra dise\u00f1adora\u201d, manifest\u00f3 Minaya, acompa\u00f1ado de la vicec\u00f3nsul Claudia S\u00e1nchez.<\/p>\n\n\n\n<p>El diplom\u00e1tico tambi\u00e9n agradeci\u00f3 a Latin Business Network y RoseMaryNews, as\u00ed como a sus representantes Ysabel Borden y Rose Mary Santana, por canalizar este reconocimiento otorgado por el Condado de Miami-Dade, encabezado por su alcaldesa Daniela Levine Cava.<\/p>\n\n\n\n<p>Por su parte, Rose Mary Santana, en representaci\u00f3n de las entidades organizadoras, agradeci\u00f3 al Consulado por su hospitalidad y resalt\u00f3 la labor filantr\u00f3pica de la dise\u00f1adora, as\u00ed como su influencia en escenarios internacionales. De igual forma, Ysabel Borden valor\u00f3 el respaldo de la Alcald\u00eda de Miami-Dade por la declaratoria oficial.<\/p>\n\n\n\n<p><strong>Al tomar la palabra, Giannina Azar agradeci\u00f3 la distinci\u00f3n y expres\u00f3: <\/strong>\u201cEs un honor recibir este reconocimiento en la sede de mi pa\u00eds en Miami. Gracias a todas las entidades que lo hicieron posible y a la Alcald\u00eda de Miami-Dade, donde durante a\u00f1os he trabajado en favor del crecimiento de la industria de la moda, con un firme compromiso filantr\u00f3pico. Este es un d\u00eda inolvidable que llevar\u00e9 siempre en mi coraz\u00f3n\u201d.<\/p>\n\n\n\n<p>La dise\u00f1adora tambi\u00e9n resalt\u00f3 la labor del Consulado, en la persona del licenciado Minaya y su equipo, as\u00ed como de RoseMaryNews, Latin Business Network, Ysabel Borden, Rose Mary Santana, Hugo Ch\u00e1vez y dem\u00e1s presentes que hicieron posible el encuentro.<\/p>\n\n\n\n<p>El evento cont\u00f3 con la presencia de destacadas personalidades, entre ellas Sheila Minaya, Diego Minaya, Martha Sang y ejecutivos del Hotel Dua Miami, Autograph Collection, como Omar Qui\u00f1onez, Devaught Linton y Melani Fillion, quienes compartieron un brindis ofrecido por el hotel.<\/p>\n","protected":false},"excerpt":{"rendered":"<p>Ambas instituciones honran sus 45 a\u00f1os de carrera y el impacto internacional de la moda dominicana La reconocida dise\u00f1adora dominicana Giannina Azar fue declarada \u201cVisitante Distinguida\u201d por el Condado de&hellip;<\/p>\n","protected":false},"author":10,"featured_media":129024,"comment_status":"open","ping_status":"open","sticky":false,"template":"","format":"standard","meta":{"content-type":"","jetpack_post_was_ever_published":false,"_jetpack_newsletter_access":"","_jetpack_dont_email_post_to_subs":false,"_jetpack_newsletter_tier_id":0,"_jetpack_memberships_contains_paywalled_content":false,"_jetpack_memberships_contains_paid_content":false,"footnotes":""},"categories":[16289],"tags":[32794,4120,32795,1152,2948],"class_list":["post-129023","post","type-post","status-publish","format-standard","has-post-thumbnail","hentry","category-internacionales","tag-alcaldia-de-miami-dade","tag-consulado-dominicano","tag-giannina-azar","tag-miami","tag-trayectoria"],"jetpack_featured_media_url":"https:\/\/lasprimeras.com.do\/wp-content\/uploads\/2026\/04\/Ysabel-Borden-Giannina-Azar-Gilberto-Minaya-Claudia-Sanchez-y-Rose-Mary-Santana.jpg","jetpack-related-posts":[{"id":122736,"url":"https:\/\/lasprimeras.com.do\/index.php\/2026\/02\/20\/georgina-duluc-triunfa-en-la-alfombra-magenta-de-premio-lo-nuestro\/","url_meta":{"origin":129023,"position":0},"title":"Georgina Duluc triunfa en la alfombra magenta de Premio Lo Nuestro","author":"Nelson Feliz","date":"20 de febrero de 2026","format":false,"excerpt":"Miami, Florida. \u2014 La comunicadora y actriz dominicana Georgina Duluc brill\u00f3 con luz propia en la alfombra magenta de Premio Lo Nuestro, deslumbrando con un dise\u00f1o exclusivo de la reconocida dise\u00f1adora internacional Giannina Azar. Su aparici\u00f3n marc\u00f3 uno de los momentos m\u00e1s comentados de la noche, consolidando su elegancia, seguridad\u2026","rel":"","context":"En \u00abENTRETENIMIENTO\u00bb","block_context":{"text":"ENTRETENIMIENTO","link":"https:\/\/lasprimeras.com.do\/index.php\/category\/entretenimiento\/"},"img":{"alt_text":"","src":"https:\/\/i0.wp.com\/lasprimeras.com.do\/wp-content\/uploads\/2026\/02\/georgina-duluc-0.png?resize=350%2C200&ssl=1","width":350,"height":200,"srcset":"https:\/\/i0.wp.com\/lasprimeras.com.do\/wp-content\/uploads\/2026\/02\/georgina-duluc-0.png?resize=350%2C200&ssl=1 1x, https:\/\/i0.wp.com\/lasprimeras.com.do\/wp-content\/uploads\/2026\/02\/georgina-duluc-0.png?resize=525%2C300&ssl=1 1.5x"},"classes":[]},{"id":111665,"url":"https:\/\/lasprimeras.com.do\/index.php\/2025\/10\/12\/adcs-y-su-presidenta-actual-reconoce-la-trayectoria-de-fotografos-camarografos-y-disenadores\/","url_meta":{"origin":129023,"position":1},"title":"ADCS y su presidenta actual reconoce la trayectoria de fot\u00f3grafos, camar\u00f3grafos y dise\u00f1adores","author":"Nelson Feliz","date":"12 de octubre de 2025","format":false,"excerpt":"Los fot\u00f3grafos reconocidos fueron Julio C\u00e9sar Pe\u00f1a, \u00c1ngel Vargas, Iris Lizardo y Joselito Miguel Pe\u00f1a. Tambi\u00e9n se rindi\u00f3 homenaje a Pedro Vargas y Wladimir Lendof como figuras clave en la producci\u00f3n de eventos sociales, y a los dise\u00f1adores Leonel Lirio y Giannina Azar. En una emotiva ceremonia, la Asociaci\u00f3n Dominicana\u2026","rel":"","context":"En \u00abENTRETENIMIENTO\u00bb","block_context":{"text":"ENTRETENIMIENTO","link":"https:\/\/lasprimeras.com.do\/index.php\/category\/entretenimiento\/"},"img":{"alt_text":"","src":"https:\/\/i0.wp.com\/lasprimeras.com.do\/wp-content\/uploads\/2025\/10\/ACDS.jpg?resize=350%2C200&ssl=1","width":350,"height":200,"srcset":"https:\/\/i0.wp.com\/lasprimeras.com.do\/wp-content\/uploads\/2025\/10\/ACDS.jpg?resize=350%2C200&ssl=1 1x, https:\/\/i0.wp.com\/lasprimeras.com.do\/wp-content\/uploads\/2025\/10\/ACDS.jpg?resize=525%2C300&ssl=1 1.5x, https:\/\/i0.wp.com\/lasprimeras.com.do\/wp-content\/uploads\/2025\/10\/ACDS.jpg?resize=700%2C400&ssl=1 2x"},"classes":[]},{"id":124557,"url":"https:\/\/lasprimeras.com.do\/index.php\/2026\/03\/13\/moda-dominicana-brillara-en-a-la-carta-fashion-show-2026\/","url_meta":{"origin":129023,"position":2},"title":"Moda dominicana brillar\u00e1 en a la Carta Fashion Show 2026","author":"Nelson Feliz","date":"13 de marzo de 2026","format":false,"excerpt":"Empresaria dominicana Pen\u00e9lope Ventura impulsa la moda dominicana en Florida; Merky D\u00edaz presentar\u00e1 colecci\u00f3n y anuncian expansi\u00f3n de A La Carta Fashion Show a Punta Cana Orlando, Florida. \u2013\u00a0La moda dominicana contin\u00faa ganando protagonismo en escenarios internacionales gracias a iniciativas lideradas por talento del pa\u00eds. La empresaria y fashionista dominicana\u2026","rel":"","context":"En \u00abENTRETENIMIENTO\u00bb","block_context":{"text":"ENTRETENIMIENTO","link":"https:\/\/lasprimeras.com.do\/index.php\/category\/entretenimiento\/"},"img":{"alt_text":"","src":"https:\/\/i0.wp.com\/lasprimeras.com.do\/wp-content\/uploads\/2026\/03\/Foto-2.jpg?resize=350%2C200&ssl=1","width":350,"height":200,"srcset":"https:\/\/i0.wp.com\/lasprimeras.com.do\/wp-content\/uploads\/2026\/03\/Foto-2.jpg?resize=350%2C200&ssl=1 1x, https:\/\/i0.wp.com\/lasprimeras.com.do\/wp-content\/uploads\/2026\/03\/Foto-2.jpg?resize=525%2C300&ssl=1 1.5x, https:\/\/i0.wp.com\/lasprimeras.com.do\/wp-content\/uploads\/2026\/03\/Foto-2.jpg?resize=700%2C400&ssl=1 2x"},"classes":[]},{"id":49477,"url":"https:\/\/lasprimeras.com.do\/index.php\/2023\/05\/11\/consulado-rd-miami-destaca-apego-raices-y-exitosa-carrera-productor-artista-maffio\/","url_meta":{"origin":129023,"position":3},"title":"Consulado RD Miami destaca apego ra\u00edces y exitosa carrera productor-artista Maffio","author":"prenxa100","date":"11 de mayo de 2023","format":false,"excerpt":"Por Rose Mary Santana Miami, Florida. \u2013 La exitosa carrera del prominente productor y artista dominicano, nacido en Las Ca\u00f1itas, conocido como Maffio, fue reconocida por el Consulado General de la Rep\u00fablica Dominicana, donde se resalta esta figura cumbre de la producci\u00f3n musical de toda Am\u00e9rica Latina, por su apego\u2026","rel":"","context":"En \u00abENTRETENIMIENTO\u00bb","block_context":{"text":"ENTRETENIMIENTO","link":"https:\/\/lasprimeras.com.do\/index.php\/category\/entretenimiento\/"},"img":{"alt_text":"","src":"https:\/\/i0.wp.com\/atento.com.do\/wp-content\/uploads\/2023\/05\/TRES.jpg?resize=350%2C200&ssl=1","width":350,"height":200,"srcset":"https:\/\/i0.wp.com\/atento.com.do\/wp-content\/uploads\/2023\/05\/TRES.jpg?resize=350%2C200&ssl=1 1x, https:\/\/i0.wp.com\/atento.com.do\/wp-content\/uploads\/2023\/05\/TRES.jpg?resize=525%2C300&ssl=1 1.5x, https:\/\/i0.wp.com\/atento.com.do\/wp-content\/uploads\/2023\/05\/TRES.jpg?resize=700%2C400&ssl=1 2x"},"classes":[]},{"id":60648,"url":"https:\/\/lasprimeras.com.do\/index.php\/2023\/09\/17\/rd-es-el-tercer-pais-del-mundo-con-mayor-trafico-de-pasajeros-en-el-aeropuerto-internacional-de-miami\/","url_meta":{"origin":129023,"position":4},"title":"RD es el tercer pa\u00eds del mundo con mayor tr\u00e1fico de pasajeros en el Aeropuerto Internacional de Miami","author":"Nelson Feliz","date":"17 de septiembre de 2023","format":false,"excerpt":"C\u00f3nsul dominicana en Miami resalta importancia de que el pa\u00eds pertenezca al programa Global Entry y destaca expectativas con la apertura de Banreservas en esa ciudad. Miami.- La Rep\u00fablica Dominicana es el tercer pa\u00eds del mundo con mayor tr\u00e1fico de pasajero en el aeropuerto internacional de Miami y el quinto\u2026","rel":"","context":"En \u00abPORTADA\u00bb","block_context":{"text":"PORTADA","link":"https:\/\/lasprimeras.com.do\/index.php\/category\/portada\/"},"img":{"alt_text":"Geanilda V\u00e1squez","src":"https:\/\/i0.wp.com\/lasprimeras.com.do\/wp-content\/uploads\/2023\/09\/Geanilda-Vasquez.jpg?resize=350%2C200&ssl=1","width":350,"height":200,"srcset":"https:\/\/i0.wp.com\/lasprimeras.com.do\/wp-content\/uploads\/2023\/09\/Geanilda-Vasquez.jpg?resize=350%2C200&ssl=1 1x, https:\/\/i0.wp.com\/lasprimeras.com.do\/wp-content\/uploads\/2023\/09\/Geanilda-Vasquez.jpg?resize=525%2C300&ssl=1 1.5x, https:\/\/i0.wp.com\/lasprimeras.com.do\/wp-content\/uploads\/2023\/09\/Geanilda-Vasquez.jpg?resize=700%2C400&ssl=1 2x"},"classes":[]},{"id":78011,"url":"https:\/\/lasprimeras.com.do\/index.php\/2024\/02\/27\/consulado-miami-recibe-proclama-anual-semana-herencia-dominico-americana-2\/","url_meta":{"origin":129023,"position":5},"title":"Consulado Miami recibe proclama anual \u201cSemana Herencia Dominico-Americana\u201d","author":"Nelson Feliz","date":"27 de febrero de 2024","format":false,"excerpt":"Por Rose Mary Santana Miami, Florida. \u2013 El Consulado General de la Rep\u00fablica Dominicana aqu\u00ed, recibi\u00f3 la esperada gran Proclama por parte de la Alcald\u00eda de Miami, de la \u201cSemana de la Herencia Dominico Americana\u201d que ser\u00e1 celebrada anualmente desde el 22 al 28 de febrero en el marco de\u2026","rel":"","context":"En \u00abSin categor\u00eda\u00bb","block_context":{"text":"Sin categor\u00eda","link":"https:\/\/lasprimeras.com.do\/index.php\/category\/sin-categoria\/"},"img":{"alt_text":"Alcald\u00eda de Miami","src":"https:\/\/i0.wp.com\/lasprimeras.com.do\/wp-content\/uploads\/2024\/02\/Alcaldia-de-Miami-1.jpg?resize=350%2C200&ssl=1","width":350,"height":200,"srcset":"https:\/\/i0.wp.com\/lasprimeras.com.do\/wp-content\/uploads\/2024\/02\/Alcaldia-de-Miami-1.jpg?resize=350%2C200&ssl=1 1x, https:\/\/i0.wp.com\/lasprimeras.com.do\/wp-content\/uploads\/2024\/02\/Alcaldia-de-Miami-1.jpg?resize=525%2C300&ssl=1 1.5x, https:\/\/i0.wp.com\/lasprimeras.com.do\/wp-content\/uploads\/2024\/02\/Alcaldia-de-Miami-1.jpg?resize=700%2C400&ssl=1 2x"},"classes":[]}],"jetpack_sharing_enabled":true,"_links":{"self":[{"href":"https:\/\/lasprimeras.com.do\/index.php\/wp-json\/wp\/v2\/posts\/129023","targetHints":{"allow":["GET"]}}],"collection":[{"href":"https:\/\/lasprimeras.com.do\/index.php\/wp-json\/wp\/v2\/posts"}],"about":[{"href":"https:\/\/lasprimeras.com.do\/index.php\/wp-json\/wp\/v2\/types\/post"}],"author":[{"embeddable":true,"href":"https:\/\/lasprimeras.com.do\/index.php\/wp-json\/wp\/v2\/users\/10"}],"replies":[{"embeddable":true,"href":"https:\/\/lasprimeras.com.do\/index.php\/wp-json\/wp\/v2\/comments?post=129023"}],"version-history":[{"count":1,"href":"https:\/\/lasprimeras.com.do\/index.php\/wp-json\/wp\/v2\/posts\/129023\/revisions"}],"predecessor-version":[{"id":129025,"href":"https:\/\/lasprimeras.com.do\/index.php\/wp-json\/wp\/v2\/posts\/129023\/revisions\/129025"}],"wp:featuredmedia":[{"embeddable":true,"href":"https:\/\/lasprimeras.com.do\/index.php\/wp-json\/wp\/v2\/media\/129024"}],"wp:attachment":[{"href":"https:\/\/lasprimeras.com.do\/index.php\/wp-json\/wp\/v2\/media?parent=129023"}],"wp:term":[{"taxonomy":"category","embeddable":true,"href":"https:\/\/lasprimeras.com.do\/index.php\/wp-json\/wp\/v2\/categories?post=129023"},{"taxonomy":"post_tag","embeddable":true,"href":"https:\/\/lasprimeras.com.do\/index.php\/wp-json\/wp\/v2\/tags?post=129023"}],"curies":[{"name":"wp","href":"https:\/\/api.w.org\/{rel}","templated":true}]}}