{"id":129026,"date":"2026-04-28T23:23:33","date_gmt":"2026-04-29T03:23:33","guid":{"rendered":"https:\/\/lasprimeras.com.do\/?p=129026"},"modified":"2026-04-28T23:23:35","modified_gmt":"2026-04-29T03:23:35","slug":"goldquest-ocho-anos-de-negocios-ponen-en-riesgo-agua-y-alimentacion-nacional","status":"publish","type":"post","link":"https:\/\/lasprimeras.com.do\/index.php\/2026\/04\/28\/goldquest-ocho-anos-de-negocios-ponen-en-riesgo-agua-y-alimentacion-nacional\/","title":{"rendered":"Goldquest: ocho a\u00f1os de negocios ponen en riesgo agua y alimentaci\u00f3n nacional"},"content":{"rendered":"\n<p><strong>El proyecto Romero de Goldquest Mining Corp. en San Juan plantea riesgos para el agua, la agricultura y la seguridad alimentaria de Rep\u00fablica Dominicana.<\/strong><\/p>\n\n\n\n<p>Por Melvinson Alm\u00e1nzar<\/p>\n\n\n\n<p>En San Juan de la Maguana no se discute \u00fanicamente un proyecto minero. Se discute, en t\u00e9rminos reales, el modelo de desarrollo de la Rep\u00fablica Dominicana: uno basado en la explotaci\u00f3n intensiva de recursos por tiempo limitado, o uno que preserve su capacidad productiva agr\u00edcola y su seguridad h\u00eddrica a largo plazo.<\/p>\n\n\n\n<p>El proyecto Romero de Goldquest Mining Corp. en San Juan de la Maguana contempla una mina subterr\u00e1nea con una vida \u00fatil estimada de 8 a\u00f1os, con una capacidad de procesamiento de aproximadamente 2,800 toneladas por d\u00eda y una producci\u00f3n promedio anual de 109,000 onzas equivalentes de oro.<\/p>\n\n\n\n<p>Seg\u00fan su estudio de prefactibilidad, el proyecto proyecta un valor presente neto (NPV) de US$203 millones y una tasa interna de retorno de 28%, con una inversi\u00f3n inicial cercana a US$158.6 millones. En t\u00e9rminos de reservas, se estiman alrededor de 7.03 millones de toneladas, que contienen unos 840,000 onzas de oro, 980,000 onzas de plata y 136 millones de libras de cobre.<\/p>\n\n\n\n<p>En el plano social y territorial, la propia empresa proyecta la generaci\u00f3n de m\u00e1s de 3,000 empleos directos e indirectos, mientras que el yacimiento se ubica en la Cordillera Central, dentro de una concesi\u00f3n de casi 3,997 hect\u00e1reas, en una zona clave para los recursos h\u00eddricos del pa\u00eds.<\/p>\n\n\n\n<p>Sin embargo, el proyecto tambi\u00e9n ha generado preocupaci\u00f3n porque se sit\u00faa entre 900 y 1,000 metros sobre el nivel del mar, en la cabecera de cuencas que alimentan r\u00edos y presas como Sabaneta, lo que implica riesgos potenciales sobre el agua que sostiene la agricultura y a miles de comunidades en la regi\u00f3n.<\/p>\n\n\n\n<p><strong>Una empresa peque\u00f1a para un riesgo grande<\/strong><\/p>\n\n\n\n<p>A diferencia de grandes multinacionales mineras con d\u00e9cadas de operaciones en m\u00faltiples continentes, Goldquest es una empresa de menor escala, con experiencia limitada en la explotaci\u00f3n de minas de alto impacto.<\/p>\n\n\n\n<p>Su principal activo es precisamente el proyecto en San Juan, lo que convierte esta iniciativa no en una expansi\u00f3n de operaciones consolidadas, sino en una apuesta central de su modelo de negocio.<\/p>\n\n\n\n<p>Esto introduce un elemento cr\u00edtico: cuando una empresa depende de un solo proyecto, la presi\u00f3n financiera para ejecutarlo puede superar las garant\u00edas ambientales y sociales.<\/p>\n\n\n\n<p><strong>El contraste brutal: 10 a\u00f1os vs siglos<\/strong><\/p>\n\n\n\n<p>San Juan no es cualquier territorio. Es una de las zonas agr\u00edcolas m\u00e1s importantes del pa\u00eds, conocida como el \u201cgranero del sur\u201d. All\u00ed se producen alimentos esenciales como arroz, ma\u00edz, habichuelas y otros rubros que inciden directamente en la dieta nacional.<\/p>\n\n\n\n<p>Seg\u00fan estimaciones de organizaciones sociales y ambientales, m\u00e1s de 800,000 personas dependen de los sistemas h\u00eddricos de la Cordillera Central. Esta dependencia no es menor: se trata de comunidades enteras cuya vida cotidiana, producci\u00f3n agr\u00edcola y acceso al agua potable est\u00e1n directamente vinculados a este ecosistema.<\/p>\n\n\n\n<p>Asimismo, la regi\u00f3n aporta una parte significativa de la producci\u00f3n nacional de leguminosas y cereales, consolid\u00e1ndose como un eje clave para la seguridad alimentaria del pa\u00eds. A esto se suma que la actividad agr\u00edcola genera miles de empleos directos e indirectos, sosteniendo la econom\u00eda local y evitando la migraci\u00f3n forzada hacia zonas urbanas.<\/p>\n\n\n\n<p>Frente a esa realidad, el proyecto Romero ofrece entre 8 y 10 a\u00f1os de extracci\u00f3n minera, con un impacto econ\u00f3mico concentrado y temporal. Se trata de una actividad intensiva que, por su propia naturaleza, tiene fecha de caducidad desde su inicio.<\/p>\n\n\n\n<p>A esto se agregan riesgos ambientales que pueden extenderse por d\u00e9cadas, incluso despu\u00e9s del cierre de la mina, afectando suelos, fuentes de agua y la capacidad productiva de la zona.<\/p>\n\n\n\n<p>No es un intercambio proporcional. Es, en esencia, cambiar sostenibilidad por rentabilidad inmediata.<\/p>\n\n\n\n<p><strong>El precedente inc\u00f3modo de Barrick Gold<\/strong><\/p>\n\n\n\n<p>Quienes defienden la miner\u00eda suelen argumentar que la tecnolog\u00eda moderna reduce los riesgos. Sin embargo, la experiencia dominicana con la mina Pueblo Viejo desmonta esa narrativa simplista.<\/p>\n\n\n\n<p>En sus primeros a\u00f1os de operaci\u00f3n, Barrick Gold enfrent\u00f3 conflictos sociales con comunidades, cuestionamientos sobre el uso y manejo del agua, denuncias sobre impactos ambientales y una presi\u00f3n p\u00fablica sostenida que termin\u00f3 llevando a la renegociaci\u00f3n del contrato con el Estado. Todo esto ocurri\u00f3, adem\u00e1s, bajo la gesti\u00f3n de una de las empresas m\u00e1s grandes y experimentadas del mundo en la industria minera.<\/p>\n\n\n\n<p>A este escenario se suma un dato que rara vez se menciona en el debate p\u00fablico: la miner\u00eda met\u00e1lica genera vol\u00famenes extraordinarios de desechos. Por cada kilo de oro extra\u00eddo, se pueden producir hasta 1,000 toneladas de residuos en determinados procesos, lo que evidencia la magnitud del impacto potencial sobre el entorno.<\/p>\n\n\n\n<p>La pregunta es inevitable: si una empresa con d\u00e9cadas de experiencia ha enfrentado este tipo de dificultades, \u00bfqu\u00e9 garant\u00edas reales puede ofrecer una compa\u00f1\u00eda mucho m\u00e1s peque\u00f1a?<\/p>\n\n\n\n<p><strong>Agua: el verdadero oro en disputa<\/strong><\/p>\n\n\n\n<p>El proyecto Romero se ubica en una zona estrat\u00e9gica de la Cordillera Central, donde nacen importantes cuencas hidrogr\u00e1ficas. Esta localizaci\u00f3n, lejos de ser un detalle t\u00e9cnico, es el n\u00facleo del debate, ya que coloca la actividad minera en el coraz\u00f3n mismo del sistema que abastece de agua a gran parte del sur del pa\u00eds.<\/p>\n\n\n\n<p>El riesgo no es abstracto ni hipot\u00e9tico. Implica la posible alteraci\u00f3n de acu\u00edferos subterr\u00e1neos, filtraciones de materiales derivados del proceso minero y efectos acumulativos en los sistemas de riego que sostienen la producci\u00f3n agr\u00edcola de la regi\u00f3n.<br>Estos impactos, aunque puedan parecer graduales, tienen la capacidad de transformar de manera irreversible el equilibrio h\u00eddrico.<\/p>\n\n\n\n<p>El agua no es solo un recurso ambiental; es la base de la producci\u00f3n agr\u00edcola. Sin agua, no hay alimentos. Y sin alimentos, no hay estabilidad social.<\/p>\n\n\n\n<p><strong>Una ecuaci\u00f3n econ\u00f3mica cuestionable<\/strong><\/p>\n\n\n\n<p>El argumento econ\u00f3mico a favor de la miner\u00eda suele centrarse en la inversi\u00f3n extranjera, la generaci\u00f3n de empleos y el aumento de las exportaciones. Sin embargo, ese an\u00e1lisis deja fuera variables cr\u00edticas que resultan determinantes al evaluar el impacto real de este tipo de proyectos en el pa\u00eds.<\/p>\n\n\n\n<p>La agricultura, por ejemplo, genera ingresos sostenidos en el tiempo, mantiene encadenamientos productivos locales y garantiza estabilidad econ\u00f3mica a largo plazo.<\/p>\n\n\n\n<p>En contraste, la miner\u00eda produce ingresos concentrados y finitos, atados a la vida \u00fatil del yacimiento, que en muchos casos no supera una d\u00e9cada.<\/p>\n\n\n\n<p>A esto se suma un elemento clave: los costos ambientales. Hist\u00f3ricamente, estos no son asumidos en su totalidad por las empresas, sino que terminan recayendo sobre el Estado y, en consecuencia, sobre la sociedad, especialmente cuando los impactos se manifiestan a\u00f1os despu\u00e9s del cierre de las operaciones.<\/p>\n\n\n\n<p>En t\u00e9rminos simples, la miner\u00eda extrae valor y se retira. La agricultura, en cambio, crea valor de manera continua y permanece como base de la econom\u00eda y la seguridad alimentaria.<\/p>\n\n\n\n<p><strong>El riesgo de repetir la historia<\/strong><\/p>\n\n\n\n<p>La Rep\u00fablica Dominicana ya ha vivido procesos donde la promesa de desarrollo r\u00e1pido ha dejado consecuencias complejas. La historia de la miner\u00eda en el pa\u00eds, y en toda Am\u00e9rica Latina, est\u00e1 llena de casos donde los beneficios proyectados no compensan los da\u00f1os generados.<\/p>\n\n\n\n<p>Permitir que una empresa con limitada experiencia internacional opere en una de las zonas m\u00e1s sensibles del pa\u00eds no es una decisi\u00f3n t\u00e9cnica. Es una decisi\u00f3n pol\u00edtica con consecuencias generacionales.<\/p>\n\n\n\n<p>El proyecto de Goldquest Mining Corp. no puede evaluarse \u00fanicamente por su potencial econ\u00f3mico inmediato. Debe analizarse en funci\u00f3n de lo que pone en juego: agua, alimentos y estabilidad territorial.<\/p>\n\n\n\n<p>Cambiar una econom\u00eda agr\u00edcola sostenible por un proyecto extractivo de menos de una d\u00e9cada no es desarrollo; es una apuesta de alto riesgo con beneficios de corto plazo y posibles costos permanentes.<\/p>\n\n\n\n<p>San Juan no necesita convertirse en un experimento minero. San Juan ya es, desde hace d\u00e9cadas, uno de los pilares de la seguridad alimentaria nacional.<\/p>\n","protected":false},"excerpt":{"rendered":"<p>El proyecto Romero de Goldquest Mining Corp. en San Juan plantea riesgos para el agua, la agricultura y la seguridad alimentaria de Rep\u00fablica Dominicana. Por Melvinson Alm\u00e1nzar En San Juan&hellip;<\/p>\n","protected":false},"author":10,"featured_media":129027,"comment_status":"open","ping_status":"open","sticky":false,"template":"","format":"standard","meta":{"content-type":"","jetpack_post_was_ever_published":false,"_jetpack_newsletter_access":"","_jetpack_dont_email_post_to_subs":false,"_jetpack_newsletter_tier_id":0,"_jetpack_memberships_contains_paywalled_content":false,"_jetpack_memberships_contains_paid_content":false,"footnotes":""},"categories":[95],"tags":[3788,32800,32797,32796,1613,32798,32799],"class_list":["post-129026","post","type-post","status-publish","format-standard","has-post-thumbnail","hentry","category-opinion","tag-aguas","tag-alimentacion-nacional","tag-empresa-novata","tag-minera-goldquest","tag-negocios","tag-ocho-anos","tag-pone-en-riesgo"],"jetpack_featured_media_url":"https:\/\/lasprimeras.com.do\/wp-content\/uploads\/2026\/04\/Melvinson-Almanzar.jpg","jetpack-related-posts":[{"id":128704,"url":"https:\/\/lasprimeras.com.do\/index.php\/2026\/04\/26\/gold-quest-anuncia-apertura-de-la-evaluacion-ambiental-estrategica-del-proyecto-romero\/","url_meta":{"origin":129026,"position":0},"title":"Gold Quest anuncia apertura de la \u201cEvaluaci\u00f3n Ambiental Estrat\u00e9gica\u201d del Proyecto Romero","author":"Nelson Feliz","date":"26 de abril de 2026","format":false,"excerpt":"El CEO de la empresa minera Gold Quest Mining, Luis Santana, manifest\u00f3 este domingo que la Evaluaci\u00f3n Ambiental Estrat\u00e9gica (EAE) se realizara con el acompa\u00f1amiento de los sectores ambientales, acad\u00e9micos y sociales de la zona, con la finalidad de que cualquier decisi\u00f3n se adopte de manera consensuada. Santana, subray\u00f3 que\u2026","rel":"","context":"En \u00abNACIONALES\u00bb","block_context":{"text":"NACIONALES","link":"https:\/\/lasprimeras.com.do\/index.php\/category\/nacionales\/"},"img":{"alt_text":"Luis Santana","src":"https:\/\/i0.wp.com\/lasprimeras.com.do\/wp-content\/uploads\/2026\/04\/Luis-Santana.jpg?resize=350%2C200&ssl=1","width":350,"height":200,"srcset":"https:\/\/i0.wp.com\/lasprimeras.com.do\/wp-content\/uploads\/2026\/04\/Luis-Santana.jpg?resize=350%2C200&ssl=1 1x, https:\/\/i0.wp.com\/lasprimeras.com.do\/wp-content\/uploads\/2026\/04\/Luis-Santana.jpg?resize=525%2C300&ssl=1 1.5x, https:\/\/i0.wp.com\/lasprimeras.com.do\/wp-content\/uploads\/2026\/04\/Luis-Santana.jpg?resize=700%2C400&ssl=1 2x"},"classes":[]},{"id":128701,"url":"https:\/\/lasprimeras.com.do\/index.php\/2026\/04\/25\/mauro-pina-valor-innegociable-de-los-recursos-naturales\/","url_meta":{"origin":129026,"position":1},"title":"Mauro Pi\u00f1a: Valor innegociable de los recursos naturales","author":"Nelson Feliz","date":"25 de abril de 2026","format":false,"excerpt":"Mauro Pi\u00f1a, Presidente del PLD en San Juan, reiter\u00f3 que esa organizaci\u00f3n ha sido consistente en defender un modelo de desarrollo basado en la sostenibilidad. El Partido de la Liberaci\u00f3n Dominicana (PLD) en San Juan reafirm\u00f3 su posici\u00f3n de defensa absoluta de los recursos naturales estrat\u00e9gicos, respeto irrestricto al marco\u2026","rel":"","context":"En \u00abPOLITICA\u00bb","block_context":{"text":"POLITICA","link":"https:\/\/lasprimeras.com.do\/index.php\/category\/politica\/"},"img":{"alt_text":"Mauro Pi\u00f1a","src":"https:\/\/i0.wp.com\/lasprimeras.com.do\/wp-content\/uploads\/2026\/04\/mauro-pina.jpg?resize=350%2C200&ssl=1","width":350,"height":200,"srcset":"https:\/\/i0.wp.com\/lasprimeras.com.do\/wp-content\/uploads\/2026\/04\/mauro-pina.jpg?resize=350%2C200&ssl=1 1x, https:\/\/i0.wp.com\/lasprimeras.com.do\/wp-content\/uploads\/2026\/04\/mauro-pina.jpg?resize=525%2C300&ssl=1 1.5x, https:\/\/i0.wp.com\/lasprimeras.com.do\/wp-content\/uploads\/2026\/04\/mauro-pina.jpg?resize=700%2C400&ssl=1 2x"},"classes":[]},{"id":128461,"url":"https:\/\/lasprimeras.com.do\/index.php\/2026\/04\/23\/bautista-inaugura-capilla-el-buen-pastor-en-las-maguanas-san-juan\/","url_meta":{"origin":129026,"position":2},"title":"Bautista inaugura capilla &#8220;El Buen Pastor&#8221; en Las Maguanas, San Juan","author":"Nelson Feliz","date":"23 de abril de 2026","format":false,"excerpt":"Obispo de la Di\u00f3cesis de San Juan de la Maguana, monse\u00f1or Tom\u00e1s Alejo Concepci\u00f3n, expres\u00f3 su agradecimiento al presidente Abinader y al ministro Andr\u00e9s Bautista por las obras desarrolladas y las que se encuentran en ejecuci\u00f3n en la provincia San Juan y toda la regi\u00f3n Sur, destacando iniciativas como el\u2026","rel":"","context":"En \u00abNACIONALES\u00bb","block_context":{"text":"NACIONALES","link":"https:\/\/lasprimeras.com.do\/index.php\/category\/nacionales\/"},"img":{"alt_text":"","src":"https:\/\/i0.wp.com\/lasprimeras.com.do\/wp-content\/uploads\/2026\/04\/andres.jpg?resize=350%2C200&ssl=1","width":350,"height":200,"srcset":"https:\/\/i0.wp.com\/lasprimeras.com.do\/wp-content\/uploads\/2026\/04\/andres.jpg?resize=350%2C200&ssl=1 1x, https:\/\/i0.wp.com\/lasprimeras.com.do\/wp-content\/uploads\/2026\/04\/andres.jpg?resize=525%2C300&ssl=1 1.5x, https:\/\/i0.wp.com\/lasprimeras.com.do\/wp-content\/uploads\/2026\/04\/andres.jpg?resize=700%2C400&ssl=1 2x, https:\/\/i0.wp.com\/lasprimeras.com.do\/wp-content\/uploads\/2026\/04\/andres.jpg?resize=1050%2C600&ssl=1 3x"},"classes":[]},{"id":118329,"url":"https:\/\/lasprimeras.com.do\/index.php\/2025\/12\/26\/ejercito-detiene-hombre-que-ocultaba-12-pacas-de-marihuana-en-san-juan-de-la-maguana\/","url_meta":{"origin":129026,"position":3},"title":"Ej\u00e9rcito detiene hombre que ocultaba 12 pacas de marihuana en San Juan de la Maguana","author":"Nelson Feliz","date":"26 de diciembre de 2025","format":false,"excerpt":"El detenido transportaba la sustancia, de un peso aproximado de m\u00e1s de 78 libras, en compartimentos secretos de una jeepeta cuando fue interceptado por soldados del ERD. Soldados del Ej\u00e9rcito de Rep\u00fablica Dominicana (ERD) de servicio en el Destacamento de Matayaya-San Juan de la Maguana, detuvieron a un ciudadano dominicano\u2026","rel":"","context":"En \u00abMILITARES\u00bb","block_context":{"text":"MILITARES","link":"https:\/\/lasprimeras.com.do\/index.php\/category\/militares\/"},"img":{"alt_text":"Ej\u00e9rcito de Rep\u00fablica Dominicana","src":"https:\/\/i0.wp.com\/lasprimeras.com.do\/wp-content\/uploads\/2025\/12\/erd-1-1.jpg?resize=350%2C200&ssl=1","width":350,"height":200,"srcset":"https:\/\/i0.wp.com\/lasprimeras.com.do\/wp-content\/uploads\/2025\/12\/erd-1-1.jpg?resize=350%2C200&ssl=1 1x, https:\/\/i0.wp.com\/lasprimeras.com.do\/wp-content\/uploads\/2025\/12\/erd-1-1.jpg?resize=525%2C300&ssl=1 1.5x, https:\/\/i0.wp.com\/lasprimeras.com.do\/wp-content\/uploads\/2025\/12\/erd-1-1.jpg?resize=700%2C400&ssl=1 2x"},"classes":[]},{"id":100585,"url":"https:\/\/lasprimeras.com.do\/index.php\/2025\/06\/09\/wander-franco-enfrenta-nueva-acusacion-en-san-juan-de-la-maguana\/","url_meta":{"origin":129026,"position":4},"title":"Wander Franco enfrenta nueva acusaci\u00f3n en San Juan de la Maguana","author":"Nelson Feliz","date":"9 de junio de 2025","format":false,"excerpt":"El Ministerio P\u00fablico inform\u00f3 este domingo que present\u00f3 formalmente una acusaci\u00f3n contra el pelotero de Grandes Ligas Wander Franco, en un juzgado de San Juan de la Maguana, suroeste del pa\u00eds, con relaci\u00f3n al caso de presunto porte ilegal de un arma de fuego, la cual le fue incautada el\u2026","rel":"","context":"En \u00abJUSTICIA\u00bb","block_context":{"text":"JUSTICIA","link":"https:\/\/lasprimeras.com.do\/index.php\/category\/justicia\/"},"img":{"alt_text":"","src":"https:\/\/i0.wp.com\/lasprimeras.com.do\/wp-content\/uploads\/2025\/06\/Wander-Franco.jpg?resize=350%2C200&ssl=1","width":350,"height":200,"srcset":"https:\/\/i0.wp.com\/lasprimeras.com.do\/wp-content\/uploads\/2025\/06\/Wander-Franco.jpg?resize=350%2C200&ssl=1 1x, https:\/\/i0.wp.com\/lasprimeras.com.do\/wp-content\/uploads\/2025\/06\/Wander-Franco.jpg?resize=525%2C300&ssl=1 1.5x, https:\/\/i0.wp.com\/lasprimeras.com.do\/wp-content\/uploads\/2025\/06\/Wander-Franco.jpg?resize=700%2C400&ssl=1 2x"},"classes":[]},{"id":124166,"url":"https:\/\/lasprimeras.com.do\/index.php\/2026\/03\/09\/ejercito-ocupa-250-000-unidades-de-cigarrillos-en-un-vehiculo-en-san-juan-de-la-maguana\/","url_meta":{"origin":129026,"position":5},"title":"Ej\u00e9rcito ocupa 250.000 unidades de cigarrillos en un veh\u00edculo en San Juan de la Maguana","author":"Nelson Feliz","date":"9 de marzo de 2026","format":false,"excerpt":"_El conductor del veh\u00edculo huy\u00f3 al percibir la presencia militar._ El Ej\u00e9rcito de Rep\u00fablica Dominicana, incaut\u00f3 250,000 unidades de cigarrillos marca Capital, los cuales eran trasladados en un veh\u00edculo por un individuo a\u00fan no identificado, en la provincia de San Juan de la Maguana, en el distrito municipal Las Charcas\u2026","rel":"","context":"En \u00abMILITARES\u00bb","block_context":{"text":"MILITARES","link":"https:\/\/lasprimeras.com.do\/index.php\/category\/militares\/"},"img":{"alt_text":"","src":"https:\/\/i0.wp.com\/lasprimeras.com.do\/wp-content\/uploads\/2026\/03\/IMG-20260309-WA0341.jpg?resize=350%2C200&ssl=1","width":350,"height":200,"srcset":"https:\/\/i0.wp.com\/lasprimeras.com.do\/wp-content\/uploads\/2026\/03\/IMG-20260309-WA0341.jpg?resize=350%2C200&ssl=1 1x, https:\/\/i0.wp.com\/lasprimeras.com.do\/wp-content\/uploads\/2026\/03\/IMG-20260309-WA0341.jpg?resize=525%2C300&ssl=1 1.5x, https:\/\/i0.wp.com\/lasprimeras.com.do\/wp-content\/uploads\/2026\/03\/IMG-20260309-WA0341.jpg?resize=700%2C400&ssl=1 2x, https:\/\/i0.wp.com\/lasprimeras.com.do\/wp-content\/uploads\/2026\/03\/IMG-20260309-WA0341.jpg?resize=1050%2C600&ssl=1 3x, https:\/\/i0.wp.com\/lasprimeras.com.do\/wp-content\/uploads\/2026\/03\/IMG-20260309-WA0341.jpg?resize=1400%2C800&ssl=1 4x"},"classes":[]}],"jetpack_sharing_enabled":true,"_links":{"self":[{"href":"https:\/\/lasprimeras.com.do\/index.php\/wp-json\/wp\/v2\/posts\/129026","targetHints":{"allow":["GET"]}}],"collection":[{"href":"https:\/\/lasprimeras.com.do\/index.php\/wp-json\/wp\/v2\/posts"}],"about":[{"href":"https:\/\/lasprimeras.com.do\/index.php\/wp-json\/wp\/v2\/types\/post"}],"author":[{"embeddable":true,"href":"https:\/\/lasprimeras.com.do\/index.php\/wp-json\/wp\/v2\/users\/10"}],"replies":[{"embeddable":true,"href":"https:\/\/lasprimeras.com.do\/index.php\/wp-json\/wp\/v2\/comments?post=129026"}],"version-history":[{"count":1,"href":"https:\/\/lasprimeras.com.do\/index.php\/wp-json\/wp\/v2\/posts\/129026\/revisions"}],"predecessor-version":[{"id":129028,"href":"https:\/\/lasprimeras.com.do\/index.php\/wp-json\/wp\/v2\/posts\/129026\/revisions\/129028"}],"wp:featuredmedia":[{"embeddable":true,"href":"https:\/\/lasprimeras.com.do\/index.php\/wp-json\/wp\/v2\/media\/129027"}],"wp:attachment":[{"href":"https:\/\/lasprimeras.com.do\/index.php\/wp-json\/wp\/v2\/media?parent=129026"}],"wp:term":[{"taxonomy":"category","embeddable":true,"href":"https:\/\/lasprimeras.com.do\/index.php\/wp-json\/wp\/v2\/categories?post=129026"},{"taxonomy":"post_tag","embeddable":true,"href":"https:\/\/lasprimeras.com.do\/index.php\/wp-json\/wp\/v2\/tags?post=129026"}],"curies":[{"name":"wp","href":"https:\/\/api.w.org\/{rel}","templated":true}]}}