{"id":129029,"date":"2026-04-28T23:29:29","date_gmt":"2026-04-29T03:29:29","guid":{"rendered":"https:\/\/lasprimeras.com.do\/?p=129029"},"modified":"2026-04-28T23:29:31","modified_gmt":"2026-04-29T03:29:31","slug":"gobierno-prm-debe-reformar-economia-para-evitar-impacto-de-crisis-global","status":"publish","type":"post","link":"https:\/\/lasprimeras.com.do\/index.php\/2026\/04\/28\/gobierno-prm-debe-reformar-economia-para-evitar-impacto-de-crisis-global\/","title":{"rendered":"Gobierno PRM debe reformar econom\u00eda para evitar impacto de crisis global"},"content":{"rendered":"\n<p><strong>Melanio Paredes considera imprescindible iniciar un proceso de reestructuraci\u00f3n econ\u00f3mica que fortalezca la capacidad productiva del pa\u00eds<\/strong><\/p>\n\n\n\n<p>El miembro del Comit\u00e9 Pol\u00edtico del Partido de la Liberaci\u00f3n Dominicana (PLD), Melanio Paredes, advirti\u00f3 sobre la fragilidad del modelo econ\u00f3mico dominicano y exhortando al gobierno impulsar acciones para su reestructuraci\u00f3n y evitar el colapso de sectores productivos y los efectos de reducciones en las remesas.<\/p>\n\n\n\n<p>Paredes tambi\u00e9n expres\u00f3 preocupaci\u00f3n por la vulnerabilidad del sector de zonas francas ante cambios en la pol\u00edtica comercial internacional, advirtiendo que su estabilidad no est\u00e1 garantizada.<\/p>\n\n\n\n<p>Durante su participaci\u00f3n en el programa El Sol de la Tarde, el ex ministro de Industria y Comercio se\u00f1al\u00f3 que este sector ya ha mostrado se\u00f1ales de fragilidad frente a medidas arancelarias.<\/p>\n\n\n\n<p>Record\u00f3 que el esquema de zonas francas se tambale\u00f3 con la aplicaci\u00f3n de un 10 % de aranceles, por lo que, si se aplicaran tarifas m\u00e1s elevadas, como un 40 %, el impacto ser\u00eda devastador.<\/p>\n\n\n\n<p>El dirigente pelede\u00edsta vincul\u00f3 esta situaci\u00f3n con la dependencia estructural de la econom\u00eda dominicana en factores externos. En ese contexto, cuestion\u00f3 el reciente crecimiento econ\u00f3mico de 5.1 % reportado por el Banco Central, indicando que est\u00e1 sustentado en sectores como turismo, remesas, miner\u00eda y zonas francas, todos altamente expuestos a din\u00e1micas internacionales.<\/p>\n\n\n\n<p>Paredes advirti\u00f3 que el turismo, uno de los principales motores de la econom\u00eda dominicana, puede verse afectado por crisis globales, como conflictos b\u00e9licos o restricciones al transporte a\u00e9reo.<\/p>\n\n\n\n<p>Se\u00f1al\u00f3 que la pandemia ya demostr\u00f3 lo vulnerable que es este sector, por lo que no se puede asumir que su crecimiento ser\u00e1 permanente.<\/p>\n\n\n\n<p>Asimismo, alert\u00f3 sobre posibles reducciones en las remesas debido a presiones econ\u00f3micas en Estados Unidos, incluyendo inflaci\u00f3n y dificultades en el acceso a la vivienda, lo que podr\u00eda limitar la capacidad de la di\u00e1spora para enviar recursos al pa\u00eds.<\/p>\n\n\n\n<p>\u201cEstamos dependiendo de variables que no controlamos. Cuarenta a\u00f1os despu\u00e9s, seguimos atados a motores externos. Por eso es imprescindible iniciar un proceso de reestructuraci\u00f3n econ\u00f3mica que fortalezca nuestra capacidad productiva interna\u201d, enfatiz\u00f3.<\/p>\n\n\n\n<p>Finalmente, destac\u00f3 el potencial estrat\u00e9gico del pa\u00eds por su ubicaci\u00f3n geogr\u00e1fica en el centro de Am\u00e9rica, se\u00f1alando que esa ventaja debe ser aprovechada para construir un modelo econ\u00f3mico m\u00e1s resiliente y sostenible.<\/p>\n","protected":false},"excerpt":{"rendered":"<p>Melanio Paredes considera imprescindible iniciar un proceso de reestructuraci\u00f3n econ\u00f3mica que fortalezca la capacidad productiva del pa\u00eds El miembro del Comit\u00e9 Pol\u00edtico del Partido de la Liberaci\u00f3n Dominicana (PLD), Melanio&hellip;<\/p>\n","protected":false},"author":10,"featured_media":71574,"comment_status":"open","ping_status":"open","sticky":false,"template":"","format":"standard","meta":{"content-type":"","jetpack_post_was_ever_published":false,"_jetpack_newsletter_access":"","_jetpack_dont_email_post_to_subs":false,"_jetpack_newsletter_tier_id":0,"_jetpack_memberships_contains_paywalled_content":false,"_jetpack_memberships_contains_paid_content":false,"footnotes":""},"categories":[16559],"tags":[31959,514,32801,171,31,14922],"class_list":["post-129029","post","type-post","status-publish","format-standard","has-post-thumbnail","hentry","category-politica","tag-crisis-global","tag-economia-2","tag-evitar-impacto","tag-gobierno","tag-prm","tag-reformar"],"jetpack_featured_media_url":"https:\/\/lasprimeras.com.do\/wp-content\/uploads\/2023\/12\/Melanio-Paredes.jpeg","jetpack-related-posts":[{"id":115127,"url":"https:\/\/lasprimeras.com.do\/index.php\/2025\/11\/19\/melanio-paredes-rd-paso-de-ser-lider-en-crecimiento-economico-a-ocupar-el-ultimo-lugar\/","url_meta":{"origin":129029,"position":0},"title":"Melanio Paredes: \u201cRD pas\u00f3 de ser l\u00edder en crecimiento econ\u00f3mico a ocupar el \u00faltimo lugar\u201d","author":"Nelson Feliz","date":"19 de noviembre de 2025","format":false,"excerpt":"La Rep\u00fablica Dominicana pas\u00f3 de ser l\u00edder en crecimiento econ\u00f3mico durante todas las gestiones del Partido de la Liberaci\u00f3n Dominicana, a ocupar en esta ocasi\u00f3n los \u00faltimos lugares en la gesti\u00f3n del PRM. La referencia fue hecha por Melanio Paredes, miembro del Comit\u00e9 Pol\u00edtico del PLD, rechazando el alegato del\u2026","rel":"","context":"En \u00abPOLITICA\u00bb","block_context":{"text":"POLITICA","link":"https:\/\/lasprimeras.com.do\/index.php\/category\/politica\/"},"img":{"alt_text":"Melanio Paredes","src":"https:\/\/i0.wp.com\/lasprimeras.com.do\/wp-content\/uploads\/2025\/11\/Melanio-Paredes.jpg?resize=350%2C200&ssl=1","width":350,"height":200,"srcset":"https:\/\/i0.wp.com\/lasprimeras.com.do\/wp-content\/uploads\/2025\/11\/Melanio-Paredes.jpg?resize=350%2C200&ssl=1 1x, https:\/\/i0.wp.com\/lasprimeras.com.do\/wp-content\/uploads\/2025\/11\/Melanio-Paredes.jpg?resize=525%2C300&ssl=1 1.5x, https:\/\/i0.wp.com\/lasprimeras.com.do\/wp-content\/uploads\/2025\/11\/Melanio-Paredes.jpg?resize=700%2C400&ssl=1 2x"},"classes":[]},{"id":71573,"url":"https:\/\/lasprimeras.com.do\/index.php\/2023\/12\/20\/melanio-paredes-ano-2023-economicamente-y-politicamente-malo-por-parte-del-gobierno\/","url_meta":{"origin":129029,"position":1},"title":"Melanio Paredes: \u201cA\u00f1o 2023 econ\u00f3micamente y pol\u00edticamente malo por parte del gobierno\u201d","author":"Nelson Feliz","date":"20 de diciembre de 2023","format":false,"excerpt":"El miembro del Comit\u00e9 Pol\u00edtico del Partido de la Liberaci\u00f3n Dominicana, Melanio Paredes, calific\u00f3 el 2023 como un a\u00f1o econ\u00f3micamente malo, socialmente calamitoso y pol\u00edticamente err\u00e1tico por parte del gobierno. La calificaci\u00f3n fue hecha por Paredes en su participaci\u00f3n en el programa Matinal 5 en donde hizo un balance a\u2026","rel":"","context":"En \u00abPORTADA\u00bb","block_context":{"text":"PORTADA","link":"https:\/\/lasprimeras.com.do\/index.php\/category\/portada\/"},"img":{"alt_text":"Melanio Paredes","src":"https:\/\/i0.wp.com\/lasprimeras.com.do\/wp-content\/uploads\/2023\/12\/Melanio-Paredes.jpeg?resize=350%2C200&ssl=1","width":350,"height":200,"srcset":"https:\/\/i0.wp.com\/lasprimeras.com.do\/wp-content\/uploads\/2023\/12\/Melanio-Paredes.jpeg?resize=350%2C200&ssl=1 1x, https:\/\/i0.wp.com\/lasprimeras.com.do\/wp-content\/uploads\/2023\/12\/Melanio-Paredes.jpeg?resize=525%2C300&ssl=1 1.5x"},"classes":[]},{"id":54591,"url":"https:\/\/lasprimeras.com.do\/index.php\/2023\/07\/12\/melanio-paredes-acuso-al-prm-de-caza-oposicion\/","url_meta":{"origin":129029,"position":2},"title":"Melanio Paredes acus\u00f3 al PRM de caza oposici\u00f3n","author":"Nelson Feliz","date":"12 de julio de 2023","format":false,"excerpt":"El miembro del Comit\u00e9 Pol\u00edtico del Partido de la Liberaci\u00f3n Dominicana, Melanio Paredes, declar\u00f3 que el gobierno del PRM, est\u00e1 a la caza los dirigentes de la oposici\u00f3n. El dirigente pelede\u00edsta, manifest\u00f3 que la persecuci\u00f3n desatada por el oficialismo contra el PLD, puso a esa organizaci\u00f3n en una posici\u00f3n de\u2026","rel":"","context":"En \u00abPORTADA\u00bb","block_context":{"text":"PORTADA","link":"https:\/\/lasprimeras.com.do\/index.php\/category\/portada\/"},"img":{"alt_text":"Melanio Paredes","src":"https:\/\/i0.wp.com\/lasprimeras.com.do\/wp-content\/uploads\/2023\/07\/Melanio-Paredes-10.jpeg?resize=350%2C200&ssl=1","width":350,"height":200,"srcset":"https:\/\/i0.wp.com\/lasprimeras.com.do\/wp-content\/uploads\/2023\/07\/Melanio-Paredes-10.jpeg?resize=350%2C200&ssl=1 1x, https:\/\/i0.wp.com\/lasprimeras.com.do\/wp-content\/uploads\/2023\/07\/Melanio-Paredes-10.jpeg?resize=525%2C300&ssl=1 1.5x, https:\/\/i0.wp.com\/lasprimeras.com.do\/wp-content\/uploads\/2023\/07\/Melanio-Paredes-10.jpeg?resize=700%2C400&ssl=1 2x"},"classes":[]},{"id":67470,"url":"https:\/\/lasprimeras.com.do\/index.php\/2023\/11\/15\/melanio-paredes-es-anuncio-que-solo-procura-tumbar-temas\/","url_meta":{"origin":129029,"position":3},"title":"Melanio Paredes: Es anuncio que solo procura tumbar temas","author":"Nelson Feliz","date":"15 de noviembre de 2023","format":false,"excerpt":"Es populista el anuncio del presidente Luis Abinader de que se renegociar\u00e1 el contrato de concesi\u00f3n con AERODOM, advierte Melanio Paredes. El miembro del Comit\u00e9 Pol\u00edtico del Partido de la Liberaci\u00f3n Dominicana (PLD), Melanio Paredes, consider\u00f3 como populista el anuncio que hizo el presidente Luis Abinader de la renegociaci\u00f3n del\u2026","rel":"","context":"En \u00abPORTADA\u00bb","block_context":{"text":"PORTADA","link":"https:\/\/lasprimeras.com.do\/index.php\/category\/portada\/"},"img":{"alt_text":"Melanio Paredes","src":"https:\/\/i0.wp.com\/lasprimeras.com.do\/wp-content\/uploads\/2023\/11\/Melanio-Paredes.jpeg?resize=350%2C200&ssl=1","width":350,"height":200,"srcset":"https:\/\/i0.wp.com\/lasprimeras.com.do\/wp-content\/uploads\/2023\/11\/Melanio-Paredes.jpeg?resize=350%2C200&ssl=1 1x, https:\/\/i0.wp.com\/lasprimeras.com.do\/wp-content\/uploads\/2023\/11\/Melanio-Paredes.jpeg?resize=525%2C300&ssl=1 1.5x, https:\/\/i0.wp.com\/lasprimeras.com.do\/wp-content\/uploads\/2023\/11\/Melanio-Paredes.jpeg?resize=700%2C400&ssl=1 2x"},"classes":[]},{"id":48789,"url":"https:\/\/lasprimeras.com.do\/index.php\/2023\/05\/03\/melanio-paredes-cambio-de-uniformes-escolares-es-un-invento\/","url_meta":{"origin":129029,"position":4},"title":"Melanio Paredes: Cambio de uniformes escolares es un invento","author":"prenxa100","date":"3 de mayo de 2023","format":false,"excerpt":"Acusa al Gobierno de imponer propaganda del PRM en las escasas obras que ha inaugurado. Santo Domingo.-. El miembro del Comit\u00e9 Pol\u00edtico del Partido de la Liberaci\u00f3n Dominicana, Melanio Paredes, acus\u00f3 al gobierno del presidente Luis Abinader de querer imponer propaganda pol\u00edtica en las obras que realiza el oficialista. Paredes\u2026","rel":"","context":"En \u00abSin categor\u00eda\u00bb","block_context":{"text":"Sin categor\u00eda","link":"https:\/\/lasprimeras.com.do\/index.php\/category\/sin-categoria\/"},"img":{"alt_text":"","src":"","width":0,"height":0},"classes":[]},{"id":123410,"url":"https:\/\/lasprimeras.com.do\/index.php\/2026\/02\/28\/melanio-paredes-no-es-cierto-el-aumento-de-la-cobertura-escolar\/","url_meta":{"origin":129029,"position":5},"title":"Melanio Paredes: No es cierto el aumento de la cobertura escolar","author":"Nelson Feliz","date":"28 de febrero de 2026","format":false,"excerpt":"Un discurso distante de la realidad que vivi\u00f3 el pueblo dominicano durante el a\u00f1o 2025, argumenta Melanio Paredes. El miembro del Comit\u00e9 Pol\u00edtico del Partido de la Liberaci\u00f3n Dominicana (PLD) Melanio Paredes, afirm\u00f3 que el discurso de rendici\u00f3n de cuentas del presidente Luis Abinader dista mucho de la realidad que\u2026","rel":"","context":"En \u00abPOLITICA\u00bb","block_context":{"text":"POLITICA","link":"https:\/\/lasprimeras.com.do\/index.php\/category\/politica\/"},"img":{"alt_text":"","src":"https:\/\/i0.wp.com\/lasprimeras.com.do\/wp-content\/uploads\/2024\/06\/Melanio-Paredes-14.jpeg?resize=350%2C200&ssl=1","width":350,"height":200,"srcset":"https:\/\/i0.wp.com\/lasprimeras.com.do\/wp-content\/uploads\/2024\/06\/Melanio-Paredes-14.jpeg?resize=350%2C200&ssl=1 1x, https:\/\/i0.wp.com\/lasprimeras.com.do\/wp-content\/uploads\/2024\/06\/Melanio-Paredes-14.jpeg?resize=525%2C300&ssl=1 1.5x"},"classes":[]}],"jetpack_sharing_enabled":true,"_links":{"self":[{"href":"https:\/\/lasprimeras.com.do\/index.php\/wp-json\/wp\/v2\/posts\/129029","targetHints":{"allow":["GET"]}}],"collection":[{"href":"https:\/\/lasprimeras.com.do\/index.php\/wp-json\/wp\/v2\/posts"}],"about":[{"href":"https:\/\/lasprimeras.com.do\/index.php\/wp-json\/wp\/v2\/types\/post"}],"author":[{"embeddable":true,"href":"https:\/\/lasprimeras.com.do\/index.php\/wp-json\/wp\/v2\/users\/10"}],"replies":[{"embeddable":true,"href":"https:\/\/lasprimeras.com.do\/index.php\/wp-json\/wp\/v2\/comments?post=129029"}],"version-history":[{"count":1,"href":"https:\/\/lasprimeras.com.do\/index.php\/wp-json\/wp\/v2\/posts\/129029\/revisions"}],"predecessor-version":[{"id":129030,"href":"https:\/\/lasprimeras.com.do\/index.php\/wp-json\/wp\/v2\/posts\/129029\/revisions\/129030"}],"wp:featuredmedia":[{"embeddable":true,"href":"https:\/\/lasprimeras.com.do\/index.php\/wp-json\/wp\/v2\/media\/71574"}],"wp:attachment":[{"href":"https:\/\/lasprimeras.com.do\/index.php\/wp-json\/wp\/v2\/media?parent=129029"}],"wp:term":[{"taxonomy":"category","embeddable":true,"href":"https:\/\/lasprimeras.com.do\/index.php\/wp-json\/wp\/v2\/categories?post=129029"},{"taxonomy":"post_tag","embeddable":true,"href":"https:\/\/lasprimeras.com.do\/index.php\/wp-json\/wp\/v2\/tags?post=129029"}],"curies":[{"name":"wp","href":"https:\/\/api.w.org\/{rel}","templated":true}]}}