{"id":129031,"date":"2026-04-28T23:36:01","date_gmt":"2026-04-29T03:36:01","guid":{"rendered":"https:\/\/lasprimeras.com.do\/?p=129031"},"modified":"2026-04-28T23:36:03","modified_gmt":"2026-04-29T03:36:03","slug":"ege-haina-eleva-a-76-3-la-participacion-de-energia-renovable-y-gas-natural","status":"publish","type":"post","link":"https:\/\/lasprimeras.com.do\/index.php\/2026\/04\/28\/ege-haina-eleva-a-76-3-la-participacion-de-energia-renovable-y-gas-natural\/","title":{"rendered":"EGE Haina eleva a 76.3 % la participaci\u00f3n de energ\u00eda renovable y gas natural"},"content":{"rendered":"\n<p><strong>La compa\u00f1\u00eda accedi\u00f3 a financiamiento verde para nuevos proyectos y ampli\u00f3 su capacidad de generaci\u00f3n en fuentes limpias, consolidando su posici\u00f3n como el mayor productor de energ\u00eda renovable no convencional de las Antillas, seg\u00fan su Informe de Sostenibilidad 2025.<\/strong><\/p>\n\n\n\n<p>La Empresa Generadora de Electricidad Haina (EGE Haina) reafirma su posicionamiento como uno de los principales actores del sector el\u00e9ctrico dominicano y contin\u00faa transformando su matriz de generaci\u00f3n hacia fuentes m\u00e1s limpias y eficientes.<\/p>\n\n\n\n<p>De acuerdo con su Informe de Sostenibilidad 2025, en los \u00faltimos 15 a\u00f1os EGE Haina increment\u00f3 de forma progresiva la participaci\u00f3n de energ\u00edas renovables y gas natural en su portafolio.<\/p>\n\n\n\n<p>Como resultado, estas fuentes pasaron de representar el 4.2% de su capacidad instalada en 2011 a un 76.3% en 2025, una evoluci\u00f3n que fortalece la competitividad de la compa\u00f1\u00eda, contribuye a la descarbonizaci\u00f3n de la matriz el\u00e9ctrica nacional y reduce la dependencia de combustibles importados.<\/p>\n\n\n\n<p>En t\u00e9rminos operativos, EGE Haina alcanz\u00f3 una capacidad instalada de 1,319.6 MW, de los cuales el 39.1% corresponde a parques renovables y el 37.2 % a centrales que funcionan con gas natural, reforzando su capacidad de ofrecer energ\u00eda confiable y con menores emisiones.<\/p>\n\n\n\n<p>Durante 2025, la empresa gener\u00f3 3,689.9 GWh de energ\u00eda neta, de los cuales el 70% provino de fuentes renovables y de gas natural. Con ello supli\u00f3 el 12.6 % de la demanda del Sistema El\u00e9ctrico Nacional Interconectado (SENI) y el 25 % de la energ\u00eda utilizada por los Usuarios No Regulados.<\/p>\n\n\n\n<p>Asimismo, la compa\u00f1\u00eda avanz\u00f3 en el desarrollo de proyectos estrat\u00e9gicos como Esperanza Renovable, el primer parque h\u00edbrido, e\u00f3lico-solar, a gran escala del pa\u00eds, con una capacidad de 200 MW.<\/p>\n\n\n\n<p>En paralelo, complet\u00f3 el ciclo combinado de la central SIBA Energy, incrementando su capacidad en 75 MW, para contribuir a la eficiencia del sistema el\u00e9ctrico.<\/p>\n\n\n\n<p>Desempe\u00f1o financiero y acceso a capital<\/p>\n\n\n\n<p>En el plano financiero, la empresa report\u00f3 un EBITDA de USD 158 millones, un crecimiento de 5% respecto al a\u00f1o anterior, respaldado por una posici\u00f3n de liquidez de USD 76.8 millones que evidencia su estabilidad operativa y su capacidad de cumplimiento.<\/p>\n\n\n\n<p>Uno de los hitos del per\u00edodo fue el acceso a financiamiento sostenible, con la firma de su primera deuda bancaria verde por USD 100 millones con Scotiabank y Bladex, destinada a impulsar nuevos proyectos renovables.<\/p>\n\n\n\n<p>Este movimiento refleja la creciente confianza del mercado en la solidez financiera y la estrategia de sostenibilidad de la empresa, que mantuvo calificaciones de riesgo internacionales de Ba3 (Moody\u2019s) y BB- (Fitch), ambas con perspectiva estable.<\/p>\n\n\n\n<p>\u201cEstos resultados muestran el avance sostenido de EGE Haina en la transformaci\u00f3n de su matriz energ\u00e9tica y nuestra consolidaci\u00f3n como el mayor productor de energ\u00eda renovable no convencional de las Antillas. A lo largo de 26 a\u00f1os, hemos contribuido de manera consistente al desarrollo del sistema el\u00e9ctrico nacional, sobre la base de una operaci\u00f3n eficiente, segura y comprometida con la sostenibilidad\u201d, precis\u00f3 Jos\u00e9 A. Rodr\u00edguez Silvestre, gerente general de EGE Haina.<\/p>\n\n\n\n<p>Desempe\u00f1o social y ambiental<\/p>\n\n\n\n<p>El informe tambi\u00e9n recoge indicadores de gesti\u00f3n del talento, como un \u00edndice de clima organizacional de 95.1 % y una rotaci\u00f3n voluntaria de 2.7 %, niveles que reflejan estabilidad laboral y alto grado de compromiso interno.<\/p>\n\n\n\n<p>Este desempe\u00f1o se complementa con un marcado compromiso social. La empresa desarroll\u00f3 iniciativas comunitarias que beneficiaron directamente a m\u00e1s de 103 mil personas e indirectamente a unos 2.3 millones, con el objetivo de mejorar el bienestar, la calidad de vida y la resiliencia de las comunidades ubicadas en las zonas de influencia de sus operaciones.<\/p>\n\n\n\n<p>En el \u00e1mbito ambiental, la empresa report\u00f3 avances en eficiencia y reducci\u00f3n de emisiones, al disminuir su huella de carbono y evitar la emisi\u00f3n de 634,295 toneladas de CO\u2082 en 2025, un incremento de 13.3 % en la mitigaci\u00f3n respecto al a\u00f1o anterior.<\/p>\n\n\n\n<p>Este resultado estuvo asociado a una mayor participaci\u00f3n de generaci\u00f3n renovable y al avance en el registro del Programa de Actividades (PoA) vinculado a la emisi\u00f3n de cr\u00e9ditos de carbono en los parques solares Esperanza y Sajoma.<\/p>\n\n\n\n<p>El desempe\u00f1o de EGE Haina se produce en un contexto de creciente demanda energ\u00e9tica y transici\u00f3n global hacia econom\u00edas bajas en carbono, posicionando a la empresa como un actor clave en el sistema el\u00e9ctrico nacional, en la atracci\u00f3n de inversiones sostenibles y en el fortalecimiento de la competitividad econ\u00f3mica de la Rep\u00fablica Dominicana.<\/p>\n","protected":false},"excerpt":{"rendered":"<p>La compa\u00f1\u00eda accedi\u00f3 a financiamiento verde para nuevos proyectos y ampli\u00f3 su capacidad de generaci\u00f3n en fuentes limpias, consolidando su posici\u00f3n como el mayor productor de energ\u00eda renovable no convencional&hellip;<\/p>\n","protected":false},"author":10,"featured_media":129032,"comment_status":"open","ping_status":"open","sticky":false,"template":"","format":"standard","meta":{"content-type":"","jetpack_post_was_ever_published":false,"_jetpack_newsletter_access":"","_jetpack_dont_email_post_to_subs":false,"_jetpack_newsletter_tier_id":0,"_jetpack_memberships_contains_paywalled_content":false,"_jetpack_memberships_contains_paid_content":false,"footnotes":""},"categories":[39],"tags":[32802,21210,24826,1087,6912,23926,32803,2503],"class_list":["post-129031","post","type-post","status-publish","format-standard","has-post-thumbnail","hentry","category-economia","tag-76-3","tag-ege-haina-2","tag-eleva","tag-energetica","tag-energia-renovable","tag-gas-natural","tag-matriz","tag-participacion"],"jetpack_featured_media_url":"https:\/\/lasprimeras.com.do\/wp-content\/uploads\/2026\/04\/PARQUE-SOLAR-ESPERANZA.jpg","jetpack-related-posts":[{"id":103340,"url":"https:\/\/lasprimeras.com.do\/index.php\/2025\/07\/14\/ege-haina-obtiene-certificacion-bajo-las-normas-globales-de-auditoria-interna-2024-2\/","url_meta":{"origin":129031,"position":0},"title":"EGE Haina obtiene certificaci\u00f3n bajo las &#8220;Normas Globales de Auditor\u00eda Interna 2024&#8221;","author":"Nelson Feliz","date":"14 de julio de 2025","format":false,"excerpt":"La Empresa Generadora de Electricidad Haina (EGE Haina) fue certificada por su cumplimiento con las Normas Globales de Auditor\u00eda Interna 2024, emitidas por el Instituto Global de Auditores Internos reafirmando as\u00ed su compromiso con la transparencia, el control institucional y la mejora continua. Con esta certificaci\u00f3n, EGE Haina se convierte\u2026","rel":"","context":"En \u00abECONOM\u00cdA\u00bb","block_context":{"text":"ECONOM\u00cdA","link":"https:\/\/lasprimeras.com.do\/index.php\/category\/economia\/"},"img":{"alt_text":"","src":"https:\/\/i0.wp.com\/lasprimeras.com.do\/wp-content\/uploads\/2025\/07\/Jose-Nunez-gerente-auditoria-interna-EGE-Haina-Elsa-Pena-segunda-vicepresidente-EGE-Haina-MarioHenriquez-Vocal-IAIRD-1.jpg?resize=350%2C200&ssl=1","width":350,"height":200,"srcset":"https:\/\/i0.wp.com\/lasprimeras.com.do\/wp-content\/uploads\/2025\/07\/Jose-Nunez-gerente-auditoria-interna-EGE-Haina-Elsa-Pena-segunda-vicepresidente-EGE-Haina-MarioHenriquez-Vocal-IAIRD-1.jpg?resize=350%2C200&ssl=1 1x, https:\/\/i0.wp.com\/lasprimeras.com.do\/wp-content\/uploads\/2025\/07\/Jose-Nunez-gerente-auditoria-interna-EGE-Haina-Elsa-Pena-segunda-vicepresidente-EGE-Haina-MarioHenriquez-Vocal-IAIRD-1.jpg?resize=525%2C300&ssl=1 1.5x"},"classes":[]},{"id":103087,"url":"https:\/\/lasprimeras.com.do\/index.php\/2025\/07\/11\/ege-haina-obtiene-certificacion-bajo-las-normas-globales-de-auditoria-interna-2024\/","url_meta":{"origin":129031,"position":1},"title":"EGE Haina obtiene certificaci\u00f3n bajo las Normas Globales de Auditor\u00eda Interna 2024","author":"Nelson Feliz","date":"11 de julio de 2025","format":false,"excerpt":"La Empresa Generadora de Electricidad Haina (EGE Haina) fue certificada por su cumplimiento con las Normas Globales de Auditor\u00eda Interna 2024, emitidas por el Instituto Global de Auditores Internos (IIA, por sus siglas en ingl\u00e9s), reafirmando as\u00ed su compromiso con la transparencia, el control institucional y la mejora continua. Con\u2026","rel":"","context":"En \u00abECONOM\u00cdA\u00bb","block_context":{"text":"ECONOM\u00cdA","link":"https:\/\/lasprimeras.com.do\/index.php\/category\/economia\/"},"img":{"alt_text":"","src":"https:\/\/i0.wp.com\/lasprimeras.com.do\/wp-content\/uploads\/2025\/07\/Jose-Nunez-gerente-auditoria-interna-EGE-Haina-Elsa-Pena-segunda-vicepresidente-EGE-Haina-MarioHenriquez-Vocal-IAIRD.jpg?resize=350%2C200&ssl=1","width":350,"height":200,"srcset":"https:\/\/i0.wp.com\/lasprimeras.com.do\/wp-content\/uploads\/2025\/07\/Jose-Nunez-gerente-auditoria-interna-EGE-Haina-Elsa-Pena-segunda-vicepresidente-EGE-Haina-MarioHenriquez-Vocal-IAIRD.jpg?resize=350%2C200&ssl=1 1x, https:\/\/i0.wp.com\/lasprimeras.com.do\/wp-content\/uploads\/2025\/07\/Jose-Nunez-gerente-auditoria-interna-EGE-Haina-Elsa-Pena-segunda-vicepresidente-EGE-Haina-MarioHenriquez-Vocal-IAIRD.jpg?resize=525%2C300&ssl=1 1.5x, https:\/\/i0.wp.com\/lasprimeras.com.do\/wp-content\/uploads\/2025\/07\/Jose-Nunez-gerente-auditoria-interna-EGE-Haina-Elsa-Pena-segunda-vicepresidente-EGE-Haina-MarioHenriquez-Vocal-IAIRD.jpg?resize=700%2C400&ssl=1 2x"},"classes":[]},{"id":120188,"url":"https:\/\/lasprimeras.com.do\/index.php\/2026\/01\/21\/ege-haina-entrega-remozamiento-de-la-escuela-vocacional-de-las-ff-aa-y-de-la-pn-de-yaguate\/","url_meta":{"origin":129031,"position":2},"title":"EGE Haina entrega remozamiento de la Escuela Vocacional de las FF.AA. y de la PN de Yaguate","author":"Nelson Feliz","date":"21 de enero de 2026","format":false,"excerpt":"EGE Haina","rel":"","context":"En \u00abNACIONALES\u00bb","block_context":{"text":"NACIONALES","link":"https:\/\/lasprimeras.com.do\/index.php\/category\/nacionales\/"},"img":{"alt_text":"EGE Haina","src":"https:\/\/i0.wp.com\/lasprimeras.com.do\/wp-content\/uploads\/2026\/01\/EGE-Haina.jpg?resize=350%2C200&ssl=1","width":350,"height":200,"srcset":"https:\/\/i0.wp.com\/lasprimeras.com.do\/wp-content\/uploads\/2026\/01\/EGE-Haina.jpg?resize=350%2C200&ssl=1 1x, https:\/\/i0.wp.com\/lasprimeras.com.do\/wp-content\/uploads\/2026\/01\/EGE-Haina.jpg?resize=525%2C300&ssl=1 1.5x, https:\/\/i0.wp.com\/lasprimeras.com.do\/wp-content\/uploads\/2026\/01\/EGE-Haina.jpg?resize=700%2C400&ssl=1 2x"},"classes":[]},{"id":102429,"url":"https:\/\/lasprimeras.com.do\/index.php\/2025\/07\/04\/ege-haina-dona-equipo-de-llenado-de-aire-puro-a-los-bomberos-de-santiago\/","url_meta":{"origin":129031,"position":3},"title":"EGE Haina dona equipo de llenado de aire puro a los bomberos de Santiago","author":"Nelson Feliz","date":"4 de julio de 2025","format":false,"excerpt":"Esta donaci\u00f3n se realiz\u00f3 en memoria del se\u00f1or George Schwarzbartl, quien fuera miembro del Consejo de Administraci\u00f3n de EGE Haina y del Patronato de Bomberos de Santiago. Las donaciones de EGE Haina en apoyo a los cuerpos de bomberos y organismos de socorro del pa\u00eds superan los 53 millones de\u2026","rel":"","context":"En \u00abECONOM\u00cdA\u00bb","block_context":{"text":"ECONOM\u00cdA","link":"https:\/\/lasprimeras.com.do\/index.php\/category\/economia\/"},"img":{"alt_text":"","src":"https:\/\/i0.wp.com\/lasprimeras.com.do\/wp-content\/uploads\/2025\/07\/EGE-Haina.jpg?resize=350%2C200&ssl=1","width":350,"height":200,"srcset":"https:\/\/i0.wp.com\/lasprimeras.com.do\/wp-content\/uploads\/2025\/07\/EGE-Haina.jpg?resize=350%2C200&ssl=1 1x, https:\/\/i0.wp.com\/lasprimeras.com.do\/wp-content\/uploads\/2025\/07\/EGE-Haina.jpg?resize=525%2C300&ssl=1 1.5x, https:\/\/i0.wp.com\/lasprimeras.com.do\/wp-content\/uploads\/2025\/07\/EGE-Haina.jpg?resize=700%2C400&ssl=1 2x"},"classes":[]},{"id":86272,"url":"https:\/\/lasprimeras.com.do\/index.php\/2024\/07\/21\/cued-anuncia-interrupciones-en-pedernales-por-problemas-en-ege-haina\/","url_meta":{"origin":129031,"position":4},"title":"CUED anuncia interrupciones en Pedernales por problemas en EGE-Haina","author":"Nelson Feliz","date":"21 de julio de 2024","format":false,"excerpt":"Asegura que la nueva gesti\u00f3n de Edesur Dominicana est\u00e1 muy atenta a que no se repita esa situaci\u00f3n en el suministro. El Consejo Unificado de las Empresas Distribuidoras de Electricidad (CUED) comunic\u00f3 que las interrupciones en el servicio el\u00e9ctrico en Pedernales tienen su origen en problemas presentados en uno de\u2026","rel":"","context":"En \u00abNACIONALES\u00bb","block_context":{"text":"NACIONALES","link":"https:\/\/lasprimeras.com.do\/index.php\/category\/nacionales\/"},"img":{"alt_text":"","src":"https:\/\/i0.wp.com\/lasprimeras.com.do\/wp-content\/uploads\/2024\/07\/EDESUR.jpg?resize=350%2C200&ssl=1","width":350,"height":200,"srcset":"https:\/\/i0.wp.com\/lasprimeras.com.do\/wp-content\/uploads\/2024\/07\/EDESUR.jpg?resize=350%2C200&ssl=1 1x, https:\/\/i0.wp.com\/lasprimeras.com.do\/wp-content\/uploads\/2024\/07\/EDESUR.jpg?resize=525%2C300&ssl=1 1.5x"},"classes":[]},{"id":116749,"url":"https:\/\/lasprimeras.com.do\/index.php\/2025\/12\/03\/el-conep-y-pnud-reconocen-19-iniciativas-empresariales-en-la-quinta-edicion-del-catalogo-de-practicas-prometedoras\/","url_meta":{"origin":129031,"position":5},"title":"El CONEP y PNUD reconocen 19 iniciativas empresariales en la quinta edici\u00f3n del Cat\u00e1logo de Pr\u00e1cticas Prometedoras","author":"Nelson Feliz","date":"3 de diciembre de 2025","format":false,"excerpt":"El Consejo Nacional de la Empresa Privada (CONEP) y el Programa de las Naciones Unidas para el Desarrollo (PNUD) presentaron la quinta edici\u00f3n del Cat\u00e1logo de Pr\u00e1cticas Prometedoras, reconociendo 19 iniciativas empresariales que elevan el est\u00e1ndar nacional en sostenibilidad, innovaci\u00f3n y desarrollo humano. Durante el acto, el presidente del CONEP,\u2026","rel":"","context":"En \u00abECONOM\u00cdA\u00bb","block_context":{"text":"ECONOM\u00cdA","link":"https:\/\/lasprimeras.com.do\/index.php\/category\/economia\/"},"img":{"alt_text":"CONEP y PNUD","src":"https:\/\/i0.wp.com\/lasprimeras.com.do\/wp-content\/uploads\/2025\/12\/CONEP-y-PNUD.jpg?resize=350%2C200&ssl=1","width":350,"height":200,"srcset":"https:\/\/i0.wp.com\/lasprimeras.com.do\/wp-content\/uploads\/2025\/12\/CONEP-y-PNUD.jpg?resize=350%2C200&ssl=1 1x, https:\/\/i0.wp.com\/lasprimeras.com.do\/wp-content\/uploads\/2025\/12\/CONEP-y-PNUD.jpg?resize=525%2C300&ssl=1 1.5x, https:\/\/i0.wp.com\/lasprimeras.com.do\/wp-content\/uploads\/2025\/12\/CONEP-y-PNUD.jpg?resize=700%2C400&ssl=1 2x"},"classes":[]}],"jetpack_sharing_enabled":true,"_links":{"self":[{"href":"https:\/\/lasprimeras.com.do\/index.php\/wp-json\/wp\/v2\/posts\/129031","targetHints":{"allow":["GET"]}}],"collection":[{"href":"https:\/\/lasprimeras.com.do\/index.php\/wp-json\/wp\/v2\/posts"}],"about":[{"href":"https:\/\/lasprimeras.com.do\/index.php\/wp-json\/wp\/v2\/types\/post"}],"author":[{"embeddable":true,"href":"https:\/\/lasprimeras.com.do\/index.php\/wp-json\/wp\/v2\/users\/10"}],"replies":[{"embeddable":true,"href":"https:\/\/lasprimeras.com.do\/index.php\/wp-json\/wp\/v2\/comments?post=129031"}],"version-history":[{"count":1,"href":"https:\/\/lasprimeras.com.do\/index.php\/wp-json\/wp\/v2\/posts\/129031\/revisions"}],"predecessor-version":[{"id":129033,"href":"https:\/\/lasprimeras.com.do\/index.php\/wp-json\/wp\/v2\/posts\/129031\/revisions\/129033"}],"wp:featuredmedia":[{"embeddable":true,"href":"https:\/\/lasprimeras.com.do\/index.php\/wp-json\/wp\/v2\/media\/129032"}],"wp:attachment":[{"href":"https:\/\/lasprimeras.com.do\/index.php\/wp-json\/wp\/v2\/media?parent=129031"}],"wp:term":[{"taxonomy":"category","embeddable":true,"href":"https:\/\/lasprimeras.com.do\/index.php\/wp-json\/wp\/v2\/categories?post=129031"},{"taxonomy":"post_tag","embeddable":true,"href":"https:\/\/lasprimeras.com.do\/index.php\/wp-json\/wp\/v2\/tags?post=129031"}],"curies":[{"name":"wp","href":"https:\/\/api.w.org\/{rel}","templated":true}]}}