{"id":129034,"date":"2026-04-28T23:39:12","date_gmt":"2026-04-29T03:39:12","guid":{"rendered":"https:\/\/lasprimeras.com.do\/?p=129034"},"modified":"2026-04-28T23:39:14","modified_gmt":"2026-04-29T03:39:14","slug":"pld-califica-de-fantasia-y-retroceso-la-rendicion-de-cuentas-del-alcalde-de-sabaneta","status":"publish","type":"post","link":"https:\/\/lasprimeras.com.do\/index.php\/2026\/04\/28\/pld-califica-de-fantasia-y-retroceso-la-rendicion-de-cuentas-del-alcalde-de-sabaneta\/","title":{"rendered":"PLD califica de fantas\u00eda y retroceso la rendici\u00f3n de cuentas del alcalde de Sabaneta"},"content":{"rendered":"\n<p>La direcci\u00f3n municipal del Partido de la Liberaci\u00f3n Dominicana en Sabaneta, Santiago Rodr\u00edguez, considera como una burla a los mun\u00edcipes la rendici\u00f3n de cuentas presentada por el alcalde de ese municipio correspondiente al per\u00edodo 2025-2026 donde menciona obras inexistentes y cifras maquilladas.<\/p>\n\n\n\n<p>El presidente municipal del PLD, \u00c1ngel Cuello, calific\u00f3 como una fantas\u00eda la rendici\u00f3n de cuentas el pasado 24 de abril, D\u00eda Nacional de los Ayuntamientos, del alcalde perreme\u00edsta F\u00e9lix Mart\u00edn, ya que parece m\u00e1s un cuento cuando la realidad es que Sabaneta se encuentra en total abandono.<\/p>\n\n\n\n<p>Denuncia el PLD que el municipio carece de servicios b\u00e1sicos como la falta de recogida de basura, eliminaci\u00f3n de vertederos improvisados, arreglos de calles, construcci\u00f3n de caminos vecinales, falta de atenci\u00f3n a la iluminaci\u00f3n y ordenamiento del tr\u00e1nsito.<\/p>\n\n\n\n<p>Igualmente, se necesita educaci\u00f3n de g\u00e9nero, actividades deportivas y culturales, as\u00ed como apoyo al cuerpo de bomberos municipal, atenci\u00f3n y cuidado a los parques y al cementerio municipal.<\/p>\n\n\n\n<p>\u201cNosotros, esta Direcci\u00f3n Municipal, denuncia la violaci\u00f3n permanente a la Ley 176-07, el presupuesto participativo, el cual en la gesti\u00f3n ha sido secuestrado a la voluntad popular e ignorada las obras prioritarias de las comunidades, demandadas a trav\u00e9s del presupuesto participativo, desviando fondos y giros superfluos a n\u00f3minas abultadas\u201d, denunci\u00f3 la direcci\u00f3n municipal en rueda de prensa.<\/p>\n\n\n\n<p>Asimismo, que el portal de transparencia de la actual gesti\u00f3n municipal no refleja el uso real de los recursos extraordinarios recibidos, dejando en la sombra a los procesos de licitaci\u00f3n y adjudicaci\u00f3n de compras.<\/p>\n\n\n\n<p>\u201cEstamos ante una gesti\u00f3n de muchas sombras y pocas luces, mientras el alcalde habla de una Sabaneta moderna en sus redes sociales, las amas de casa y los trabajadores sufren el polvo, el desorden del tr\u00e1nsito y la falta de una mano amiga desde el ayuntamiento que pueda resolver los problemas de los comunitarios\u201d, manifest\u00f3 N\u00fa\u00f1ez.<\/p>\n\n\n\n<p>Finalmente, el PLD en el municipio cabecera de la provincia Santiago Rodr\u00edguez reitera su compromiso de manera vigilante y de actuar como un fiscalizador estricto de los recursos del pueblo, exigiendo que el presupuesto del a\u00f1o 2026 sea ejecutado con equidad y no bajo el clientelismo pol\u00edtico que caracteriza la presente administraci\u00f3n.<\/p>\n","protected":false},"excerpt":{"rendered":"<p>La direcci\u00f3n municipal del Partido de la Liberaci\u00f3n Dominicana en Sabaneta, Santiago Rodr\u00edguez, considera como una burla a los mun\u00edcipes la rendici\u00f3n de cuentas presentada por el alcalde de ese&hellip;<\/p>\n","protected":false},"author":10,"featured_media":129035,"comment_status":"open","ping_status":"open","sticky":false,"template":"","format":"standard","meta":{"content-type":"","jetpack_post_was_ever_published":false,"_jetpack_newsletter_access":"","_jetpack_dont_email_post_to_subs":false,"_jetpack_newsletter_tier_id":0,"_jetpack_memberships_contains_paywalled_content":false,"_jetpack_memberships_contains_paid_content":false,"footnotes":""},"categories":[16559],"tags":[32804,10396,269,2541,5972],"class_list":["post-129034","post","type-post","status-publish","format-standard","has-post-thumbnail","hentry","category-politica","tag-alcalde-de-sabaneta","tag-fantasia","tag-pld","tag-rendicion-de-cuentas","tag-retroceso"],"jetpack_featured_media_url":"https:\/\/lasprimeras.com.do\/wp-content\/uploads\/2026\/04\/Sabaneta-2.jpg","jetpack-related-posts":[{"id":97683,"url":"https:\/\/lasprimeras.com.do\/index.php\/2025\/04\/24\/regidor-de-moca-califica-discurso-de-rendicion-de-cuentas-como-un-caldo-con-mucha-agua\/","url_meta":{"origin":129034,"position":0},"title":"Regidor de Moca califica discurso de rendici\u00f3n de cuentas como \u201cun caldo con mucha agua\u201d","author":"Nelson Feliz","date":"24 de abril de 2025","format":false,"excerpt":"Por Nicol\u00e1s Grull\u00f3n El reciente discurso de rendici\u00f3n de cuentas del alcalde Guarocuya Cabral fue, en su opini\u00f3n, un ejercicio cargado de palabras bonitas, pero vac\u00edo de acciones concretas que realmente beneficien al pueblo mocano. Escuchamos nuevamente las mismas promesas de siempre \u2014como la supuesta modernizaci\u00f3n del mercado municipal o\u2026","rel":"","context":"En \u00abPOLITICA\u00bb","block_context":{"text":"POLITICA","link":"https:\/\/lasprimeras.com.do\/index.php\/category\/politica\/"},"img":{"alt_text":"","src":"https:\/\/i0.wp.com\/lasprimeras.com.do\/wp-content\/uploads\/2025\/04\/Guillermo-Ferreiras.jpg?resize=350%2C200&ssl=1","width":350,"height":200,"srcset":"https:\/\/i0.wp.com\/lasprimeras.com.do\/wp-content\/uploads\/2025\/04\/Guillermo-Ferreiras.jpg?resize=350%2C200&ssl=1 1x, https:\/\/i0.wp.com\/lasprimeras.com.do\/wp-content\/uploads\/2025\/04\/Guillermo-Ferreiras.jpg?resize=525%2C300&ssl=1 1.5x"},"classes":[]},{"id":96399,"url":"https:\/\/lasprimeras.com.do\/index.php\/2025\/03\/30\/senador-antonio-marte-presenta-sus-logros-y-desafios-en-las-memorias-legislativas\/","url_meta":{"origin":129034,"position":1},"title":"Senador Antonio Marte presenta sus logros y desaf\u00edos en las memorias legislativas","author":"Nelson Feliz","date":"30 de marzo de 2025","format":false,"excerpt":"Por Elvis Castro Hern\u00e1ndez El senador Antonio Marte present\u00f3 sus logros y desaf\u00edos en la rendici\u00f3n de cuentas correspondiente a los dos \u00faltimos a\u00f1os de gesti\u00f3n (2022-2024), en la que destac\u00f3 las iniciativas legislativas que ha sometido \u00a0y una amplia lista de obras sociales ejecutadas en beneficio de su provincia.\u00a0El\u2026","rel":"","context":"En \u00abPOLITICA\u00bb","block_context":{"text":"POLITICA","link":"https:\/\/lasprimeras.com.do\/index.php\/category\/politica\/"},"img":{"alt_text":"","src":"https:\/\/i0.wp.com\/lasprimeras.com.do\/wp-content\/uploads\/2025\/03\/antonio-marte-1.jpg?resize=350%2C200&ssl=1","width":350,"height":200,"srcset":"https:\/\/i0.wp.com\/lasprimeras.com.do\/wp-content\/uploads\/2025\/03\/antonio-marte-1.jpg?resize=350%2C200&ssl=1 1x, https:\/\/i0.wp.com\/lasprimeras.com.do\/wp-content\/uploads\/2025\/03\/antonio-marte-1.jpg?resize=525%2C300&ssl=1 1.5x, https:\/\/i0.wp.com\/lasprimeras.com.do\/wp-content\/uploads\/2025\/03\/antonio-marte-1.jpg?resize=700%2C400&ssl=1 2x"},"classes":[]},{"id":78052,"url":"https:\/\/lasprimeras.com.do\/index.php\/2024\/02\/27\/terrero-cuestiona-discurso-de-rendicion-de-cuentas-lo-califica-de-reeleccionista-y-llenos-de-falacias\/","url_meta":{"origin":129034,"position":2},"title":"Terrero cuestiona discurso de &#8220;Rendici\u00f3n de Cuentas&#8221; lo califica de reeleccionista y llenos de falacias","author":"Nelson Feliz","date":"27 de febrero de 2024","format":false,"excerpt":"El ex diputado y miembro del Comit\u00e9 Central del Partido de la Liberaci\u00f3n Dominicana (PLD), doctor V\u00edctor Manuel Terrero, calific\u00f3 hoy como una fabula electorera el discurso de Redici\u00f3n de Cuentas, pronunciado por el presidente Luis Abinader desde la Asamblea Nacional con motivo del 180 aniversario\u00a0de la Independencia Nacional. El\u2026","rel":"","context":"En \u00abPORTADA\u00bb","block_context":{"text":"PORTADA","link":"https:\/\/lasprimeras.com.do\/index.php\/category\/portada\/"},"img":{"alt_text":"V\u00edctor Terrero","src":"https:\/\/i0.wp.com\/lasprimeras.com.do\/wp-content\/uploads\/2023\/07\/Victor-Terrero.jpeg?resize=350%2C200&ssl=1","width":350,"height":200,"srcset":"https:\/\/i0.wp.com\/lasprimeras.com.do\/wp-content\/uploads\/2023\/07\/Victor-Terrero.jpeg?resize=350%2C200&ssl=1 1x, https:\/\/i0.wp.com\/lasprimeras.com.do\/wp-content\/uploads\/2023\/07\/Victor-Terrero.jpeg?resize=525%2C300&ssl=1 1.5x, https:\/\/i0.wp.com\/lasprimeras.com.do\/wp-content\/uploads\/2023\/07\/Victor-Terrero.jpeg?resize=700%2C400&ssl=1 2x"},"classes":[]},{"id":124627,"url":"https:\/\/lasprimeras.com.do\/index.php\/2026\/03\/15\/pld-avanza-en-su-nueva-linea-organizativa-y-electoral\/","url_meta":{"origin":129034,"position":3},"title":"PLD avanza en su nueva L\u00ednea Organizativa y Electoral","author":"Nelson Feliz","date":"15 de marzo de 2026","format":false,"excerpt":"El Partido de la Liberaci\u00f3n Dominicana (PLD) aprovech\u00f3 el fin de semana para formalizar el posicionamiento de decenas de Comit\u00e9s Intermedios en los recintos electorales, cumpliendo as\u00ed con el mandato de su l\u00ednea organizativa y electoral. La Comisi\u00f3n de Implementaci\u00f3n de la L\u00ednea Organizativa y Electoral recibi\u00f3 los reportes de\u2026","rel":"","context":"En \u00abPOLITICA\u00bb","block_context":{"text":"POLITICA","link":"https:\/\/lasprimeras.com.do\/index.php\/category\/politica\/"},"img":{"alt_text":"","src":"https:\/\/i0.wp.com\/lasprimeras.com.do\/wp-content\/uploads\/2026\/03\/Ocoa.jpg?resize=350%2C200&ssl=1","width":350,"height":200,"srcset":"https:\/\/i0.wp.com\/lasprimeras.com.do\/wp-content\/uploads\/2026\/03\/Ocoa.jpg?resize=350%2C200&ssl=1 1x, https:\/\/i0.wp.com\/lasprimeras.com.do\/wp-content\/uploads\/2026\/03\/Ocoa.jpg?resize=525%2C300&ssl=1 1.5x, https:\/\/i0.wp.com\/lasprimeras.com.do\/wp-content\/uploads\/2026\/03\/Ocoa.jpg?resize=700%2C400&ssl=1 2x"},"classes":[]},{"id":128658,"url":"https:\/\/lasprimeras.com.do\/index.php\/2026\/04\/25\/alcalde-dio-astacio-reafirma-transparencia-en-rendicion-de-cuentas\/","url_meta":{"origin":129034,"position":4},"title":"Alcalde D\u00edo Astacio reafirma transparencia en rendici\u00f3n de cuentas","author":"Nelson Feliz","date":"25 de abril de 2026","format":false,"excerpt":"El alcalde del municipio Santo Domingo Este, D\u00edo Astacio, present\u00f3 su segundo informe de rendici\u00f3n de cuentas (2025-2026), reafirmando que su gesti\u00f3n ha logrado transformar a Santo Domingo Este, en una ciudad modelo de orden y eficiencia. El ejecutivo municipal entreg\u00f3 un documento f\u00edsico completo de toda la informaci\u00f3n institucional\u2026","rel":"","context":"En \u00abECONOM\u00cdA\u00bb","block_context":{"text":"ECONOM\u00cdA","link":"https:\/\/lasprimeras.com.do\/index.php\/category\/economia\/"},"img":{"alt_text":"","src":"https:\/\/i0.wp.com\/lasprimeras.com.do\/wp-content\/uploads\/2026\/04\/Diablo-Astacio.jpg?resize=350%2C200&ssl=1","width":350,"height":200,"srcset":"https:\/\/i0.wp.com\/lasprimeras.com.do\/wp-content\/uploads\/2026\/04\/Diablo-Astacio.jpg?resize=350%2C200&ssl=1 1x, https:\/\/i0.wp.com\/lasprimeras.com.do\/wp-content\/uploads\/2026\/04\/Diablo-Astacio.jpg?resize=525%2C300&ssl=1 1.5x, https:\/\/i0.wp.com\/lasprimeras.com.do\/wp-content\/uploads\/2026\/04\/Diablo-Astacio.jpg?resize=700%2C400&ssl=1 2x"},"classes":[]},{"id":78272,"url":"https:\/\/lasprimeras.com.do\/index.php\/2024\/02\/29\/danilo-advierte-a-abinader-la-verdadera-rendicion-de-cuentas-esta-en-las-calles\/","url_meta":{"origin":129034,"position":5},"title":"Danilo advierte a Abinader: &#8220;La verdadera rendici\u00f3n de cuentas est\u00e1 en las calles&#8221;","author":"Nelson Feliz","date":"29 de febrero de 2024","format":false,"excerpt":"El expresidente dijo que el PLD recuperar\u00e1 al pa\u00eds escuchando a la gente y trabajando con el coraz\u00f3n. El expresidente de la Rep\u00fablica y presidente del opositor Partido de la Liberaci\u00f3n Dominicana (PLD), Danilo Medina, reaccion\u00f3 al discurso de rendici\u00f3n de cuentas que pronunci\u00f3 por el 180 aniversario de la\u2026","rel":"","context":"En \u00abPORTADA\u00bb","block_context":{"text":"PORTADA","link":"https:\/\/lasprimeras.com.do\/index.php\/category\/portada\/"},"img":{"alt_text":"Danilo Medina","src":"https:\/\/i0.wp.com\/lasprimeras.com.do\/wp-content\/uploads\/2024\/02\/Danilo-Medina.jpg?resize=350%2C200&ssl=1","width":350,"height":200,"srcset":"https:\/\/i0.wp.com\/lasprimeras.com.do\/wp-content\/uploads\/2024\/02\/Danilo-Medina.jpg?resize=350%2C200&ssl=1 1x, https:\/\/i0.wp.com\/lasprimeras.com.do\/wp-content\/uploads\/2024\/02\/Danilo-Medina.jpg?resize=525%2C300&ssl=1 1.5x, https:\/\/i0.wp.com\/lasprimeras.com.do\/wp-content\/uploads\/2024\/02\/Danilo-Medina.jpg?resize=700%2C400&ssl=1 2x"},"classes":[]}],"jetpack_sharing_enabled":true,"_links":{"self":[{"href":"https:\/\/lasprimeras.com.do\/index.php\/wp-json\/wp\/v2\/posts\/129034","targetHints":{"allow":["GET"]}}],"collection":[{"href":"https:\/\/lasprimeras.com.do\/index.php\/wp-json\/wp\/v2\/posts"}],"about":[{"href":"https:\/\/lasprimeras.com.do\/index.php\/wp-json\/wp\/v2\/types\/post"}],"author":[{"embeddable":true,"href":"https:\/\/lasprimeras.com.do\/index.php\/wp-json\/wp\/v2\/users\/10"}],"replies":[{"embeddable":true,"href":"https:\/\/lasprimeras.com.do\/index.php\/wp-json\/wp\/v2\/comments?post=129034"}],"version-history":[{"count":1,"href":"https:\/\/lasprimeras.com.do\/index.php\/wp-json\/wp\/v2\/posts\/129034\/revisions"}],"predecessor-version":[{"id":129036,"href":"https:\/\/lasprimeras.com.do\/index.php\/wp-json\/wp\/v2\/posts\/129034\/revisions\/129036"}],"wp:featuredmedia":[{"embeddable":true,"href":"https:\/\/lasprimeras.com.do\/index.php\/wp-json\/wp\/v2\/media\/129035"}],"wp:attachment":[{"href":"https:\/\/lasprimeras.com.do\/index.php\/wp-json\/wp\/v2\/media?parent=129034"}],"wp:term":[{"taxonomy":"category","embeddable":true,"href":"https:\/\/lasprimeras.com.do\/index.php\/wp-json\/wp\/v2\/categories?post=129034"},{"taxonomy":"post_tag","embeddable":true,"href":"https:\/\/lasprimeras.com.do\/index.php\/wp-json\/wp\/v2\/tags?post=129034"}],"curies":[{"name":"wp","href":"https:\/\/api.w.org\/{rel}","templated":true}]}}