{"id":129037,"date":"2026-04-28T23:50:30","date_gmt":"2026-04-29T03:50:30","guid":{"rendered":"https:\/\/lasprimeras.com.do\/?p=129037"},"modified":"2026-04-28T23:50:32","modified_gmt":"2026-04-29T03:50:32","slug":"el-enfrentamiento-entre-venezuela-y-guyana-por-el-broche-que-usa-delcy-rodriguez","status":"publish","type":"post","link":"https:\/\/lasprimeras.com.do\/index.php\/2026\/04\/28\/el-enfrentamiento-entre-venezuela-y-guyana-por-el-broche-que-usa-delcy-rodriguez\/","title":{"rendered":"El enfrentamiento entre Venezuela y Guyana por el broche que usa Delcy Rodr\u00edguez"},"content":{"rendered":"\n<p>La prenda representa el mapa de Venezuela con Esequibo, una regi\u00f3n que disputan ambos pa\u00edses<\/p>\n\n\n\n<p>Caracas, EFE &#8211; El Gobierno de Venezuela critic\u00f3 este martes al mandatario de Guyana, Irfaan Ali, por quejarse de un broche usado por la presidenta encargada Delcy Rodr\u00edguez, en el que se representa dentro del territorio venezolano al Esequibo, una regi\u00f3n que disputan ambos pa\u00edses, rica en minerales y yacimientos.<\/p>\n\n\n\n<p>&#8220;El presidente de Guyana anda con un esc\u00e1ndalo porque yo uso siempre el pin con el mapa de Venezuela, con el \u00fanico mapa que he conocido en mi vida -y que incluye la regi\u00f3n en disputa-&#8220;, dijo la propia mandataria encargada durante un acto en el estado Carabobo (norte), con motivo a la peregrinaci\u00f3n nacional que convoc\u00f3 por 13 d\u00edas para pedir el cese de las sanciones contra Venezuela.<\/p>\n\n\n\n<p>Rodr\u00edguez record\u00f3 que el pr\u00f3ximo 4 de mayo la Corte Internacional de Justicia (CIJ) iniciar\u00e1 las audiencias por la disputa del territorio y confirm\u00f3 que su Gobierno estar\u00e1 all\u00ed para exigir &#8220;respeto&#8221;.<\/p>\n\n\n\n<p>Ahora les molesta hasta c\u00f3mo uno se viste&#8221;<br>Delcy Rodr\u00edguez<br>Presidenta interina de Venezuela<br>\u201c<br>M\u00e1s temprano, el canciller de Venezuela, Yv\u00e1n Gil, tambi\u00e9n critic\u00f3 en X la postura de Guyana con respecto al broche de Rodr\u00edguez.<\/p>\n\n\n\n<p>&#8220;La prenda que hoy le obsesiona no es m\u00e1s que la expresi\u00f3n de una verdad hist\u00f3rica&#8221;, dijo Gil sobre el Esequibo, la regi\u00f3n de unos 160, 000 kil\u00f3metros cuadrados que Venezuela considera parte de su territorio, aunque es administrada por Guyana, que tambi\u00e9n asegura que es suya.<\/p>\n\n\n\n<p>Queja en Caricom<\/p>\n\n\n\n<p>Este martes, Ali se quej\u00f3 formalmente ante la Comunidad del Caribe (Caricom) y pidi\u00f3 el respeto a su soberan\u00eda, tras el esc\u00e1ndalo desatado por el broche usado por Rodr\u00edguez en sus visitas este mes a Barbados y Granada.<\/p>\n\n\n\n<p>En una carta dirigida al presidente de turno de Caricom, el primer ministro de San Crist\u00f3bal y Nieves, Terrence Drew, el mandatario guyan\u00e9s lament\u00f3 que los recientes encuentros bilaterales entre Venezuela y otros Estados miembros de la organizaci\u00f3n caribe\u00f1a &#8220;hayan estado acompa\u00f1ados por la ostentaci\u00f3n de s\u00edmbolos que reafirman la reivindicaci\u00f3n venezolana sobre el territorio de Guyana&#8221;.<\/p>\n\n\n\n<p>Ali insisti\u00f3 en que el broche &#8220;no es meramente una cuesti\u00f3n de simbolismo&#8221;, sino que se trata de &#8220;una afirmaci\u00f3n calculada y provocadora de una reclamaci\u00f3n que Guyana ha rechazado de forma consistente y legal&#8221;.<\/p>\n\n\n\n<p>Sobre esto, Gil afirm\u00f3 que Ali pretende &#8220;evadir su responsabilidad&#8221; alegando una &#8220;ofensa simb\u00f3lica&#8221;, lo que a su juicio es &#8220;una maniobra err\u00e1tica que no cambia la realidad&#8221; de que &#8220;Venezuela es una sola, y su historia y soberan\u00eda territorial no se borra ni con cartas, ni con poses, ni con shows improvisados&#8221;.<\/p>\n\n\n\n<p>Las diferencias por los l\u00edmites fronterizos en torno al Esequibo comenzaron con el Laudo Arbitral de Par\u00eds de 1899 que dio la soberan\u00eda del territorio a la entonces Guyana Brit\u00e1nica.<\/p>\n\n\n\n<p>D\u00e9cadas despu\u00e9s, Venezuela declar\u00f3 nulo este fallo y firm\u00f3 con Reino Unido el Acuerdo de Ginebra, que Caracas considera como la \u00fanica v\u00eda para &#8220;alcanzar una soluci\u00f3n mutuamente aceptable&#8221; sobre el Esequibo.<\/p>\n\n\n\n<p>Guyana present\u00f3 el caso ante la CIJ en 2018, buscando la confirmaci\u00f3n de la validez legal del Laudo Arbitral de 1899, que establece la frontera entre ambos pa\u00edses y que fue declarado nulo por Venezuela en 1962.<\/p>\n\n\n\n<p>Si bien Guyana sostiene que el proceso judicial es la \u00fanica v\u00eda leg\u00edtima para resolver la controversia, Venezuela ha cuestionado hist\u00f3ricamente la autoridad del tribunal.<\/p>\n","protected":false},"excerpt":{"rendered":"<p>La prenda representa el mapa de Venezuela con Esequibo, una regi\u00f3n que disputan ambos pa\u00edses Caracas, EFE &#8211; El Gobierno de Venezuela critic\u00f3 este martes al mandatario de Guyana, Irfaan&hellip;<\/p>\n","protected":false},"author":10,"featured_media":129038,"comment_status":"open","ping_status":"open","sticky":false,"template":"","format":"standard","meta":{"content-type":"","jetpack_post_was_ever_published":false,"_jetpack_newsletter_access":"","_jetpack_dont_email_post_to_subs":false,"_jetpack_newsletter_tier_id":0,"_jetpack_memberships_contains_paywalled_content":false,"_jetpack_memberships_contains_paid_content":false,"footnotes":""},"categories":[16289],"tags":[32805,15347,2995,2744,4670,420],"class_list":["post-129037","post","type-post","status-publish","format-standard","has-post-thumbnail","hentry","category-internacionales","tag-broche","tag-delcy-rodriguez","tag-enfrentamiento","tag-guyana","tag-usa","tag-venezuela"],"jetpack_featured_media_url":"https:\/\/lasprimeras.com.do\/wp-content\/uploads\/2026\/04\/delcy.jpg","jetpack-related-posts":[{"id":69919,"url":"https:\/\/lasprimeras.com.do\/index.php\/2023\/12\/06\/venezuela-acusa-a-guyana-de-dar-luz-verde-a-presencia-tropas-eu\/","url_meta":{"origin":129037,"position":0},"title":"Venezuela acusa a Guyana de dar \u00abluz verde\u00bb a presencia tropas EU","author":"BIMARY DE JES\u00daS Matos","date":"6 de diciembre de 2023","format":false,"excerpt":"CARACAS \u2013 El Gobierno de Venezuela ha acusado al presidente de Guyana, Irfaan Ali, de dar \u00abluz verde\u00bb y \u00abde manera irresponsable\u00bb a la presencia de tropas de Estados Unidos en el territorio del Esequibo, cuya soberan\u00eda reivindican los dos pa\u00edses vecinos, inmersos en las \u00faltimas semanas en una constante\u2026","rel":"","context":"En \u00abSin categor\u00eda\u00bb","block_context":{"text":"Sin categor\u00eda","link":"https:\/\/lasprimeras.com.do\/index.php\/category\/sin-categoria\/"},"img":{"alt_text":"","src":"https:\/\/i0.wp.com\/lasprimeras.com.do\/wp-content\/uploads\/2023\/12\/Diseno-sin-titulo-1-5.jpg?resize=350%2C200&ssl=1","width":350,"height":200,"srcset":"https:\/\/i0.wp.com\/lasprimeras.com.do\/wp-content\/uploads\/2023\/12\/Diseno-sin-titulo-1-5.jpg?resize=350%2C200&ssl=1 1x, https:\/\/i0.wp.com\/lasprimeras.com.do\/wp-content\/uploads\/2023\/12\/Diseno-sin-titulo-1-5.jpg?resize=525%2C300&ssl=1 1.5x"},"classes":[]},{"id":70788,"url":"https:\/\/lasprimeras.com.do\/index.php\/2023\/12\/14\/observadores-onu-iran-a-reunion-presidentes-venezuela-y-guyana\/","url_meta":{"origin":129037,"position":1},"title":"Observadores ONU ir\u00e1n a reuni\u00f3n presidentes Venezuela y Guyana","author":"BIMARY DE JES\u00daS Matos","date":"14 de diciembre de 2023","format":false,"excerpt":"CARACAS.- El secretario general de la Organizaci\u00f3n de Naciones Unidas, Antonio Guterres, \u201cacoge con agrado\u201d la reuni\u00f3n que este jueves sostendr\u00e1n los presidentes de Venezuela y Guyana para abordar las tensiones vinculadas con el territorio del Esequibo, dijo el mi\u00e9rcoles su portavoz, Stephane Dujarric. Los presidentes de Venezuela, Nicol\u00e1s Maduro,\u2026","rel":"","context":"En \u00abSin categor\u00eda\u00bb","block_context":{"text":"Sin categor\u00eda","link":"https:\/\/lasprimeras.com.do\/index.php\/category\/sin-categoria\/"},"img":{"alt_text":"","src":"https:\/\/i0.wp.com\/lasprimeras.com.do\/wp-content\/uploads\/2023\/12\/Paliza-juramenta-al-diputado-por-Independencia-y-al-alcalde-de-Duverge-abandonan-el-PLD-1-5.jpg?resize=350%2C200&ssl=1","width":350,"height":200,"srcset":"https:\/\/i0.wp.com\/lasprimeras.com.do\/wp-content\/uploads\/2023\/12\/Paliza-juramenta-al-diputado-por-Independencia-y-al-alcalde-de-Duverge-abandonan-el-PLD-1-5.jpg?resize=350%2C200&ssl=1 1x, https:\/\/i0.wp.com\/lasprimeras.com.do\/wp-content\/uploads\/2023\/12\/Paliza-juramenta-al-diputado-por-Independencia-y-al-alcalde-de-Duverge-abandonan-el-PLD-1-5.jpg?resize=525%2C300&ssl=1 1.5x"},"classes":[]},{"id":128030,"url":"https:\/\/lasprimeras.com.do\/index.php\/2026\/04\/19\/el-chavismo-se-prepara-para-comenzar-una-gran-peregrinacion-de-trece-dias-contra-las-sanciones\/","url_meta":{"origin":129037,"position":2},"title":"El chavismo se prepara para comenzar una \u00abgran peregrinaci\u00f3n\u00bb de trece d\u00edas contra las sanciones","author":"Nelson Feliz","date":"19 de abril de 2026","format":false,"excerpt":"Caracas (EFE).- El chavismo y otros sectores de Venezuela se preparan para comenzar el domingo una peregrinaci\u00f3n nacional de trece d\u00edas convocada por la presidenta encargada, Delcy Rodr\u00edguez, para exigir el levantamiento total de las sanciones, flexibilizadas en estos \u00faltimos meses de acercamientos con Estados Unidos, tras la captura de\u2026","rel":"","context":"En \u00abINTERNACIONALES\u00bb","block_context":{"text":"INTERNACIONALES","link":"https:\/\/lasprimeras.com.do\/index.php\/category\/sin-categoria\/internacionales\/"},"img":{"alt_text":"Delcy Rodr\u00edguez","src":"https:\/\/i0.wp.com\/lasprimeras.com.do\/wp-content\/uploads\/2026\/04\/Delcy-Rodriguez-1.jpg?resize=350%2C200&ssl=1","width":350,"height":200,"srcset":"https:\/\/i0.wp.com\/lasprimeras.com.do\/wp-content\/uploads\/2026\/04\/Delcy-Rodriguez-1.jpg?resize=350%2C200&ssl=1 1x, https:\/\/i0.wp.com\/lasprimeras.com.do\/wp-content\/uploads\/2026\/04\/Delcy-Rodriguez-1.jpg?resize=525%2C300&ssl=1 1.5x, https:\/\/i0.wp.com\/lasprimeras.com.do\/wp-content\/uploads\/2026\/04\/Delcy-Rodriguez-1.jpg?resize=700%2C400&ssl=1 2x"},"classes":[]},{"id":88959,"url":"https:\/\/lasprimeras.com.do\/index.php\/2024\/09\/11\/el-gobierno-de-venezuela-reitera-que-republica-dominicana-adeuda-350-millones-de-dolares\/","url_meta":{"origin":129037,"position":3},"title":"El Gobierno de Venezuela reitera que Rep\u00fablica Dominicana adeuda 350 millones de d\u00f3lares","author":"Nelson Feliz","date":"11 de septiembre de 2024","format":false,"excerpt":"Caracas, (EFE).- La vicepresidenta ejecutiva de Venezuela, Delcy Rodr\u00edguez, reiter\u00f3 este mi\u00e9rcoles que Rep\u00fablica Dominicana adeuda 350 millones de d\u00f3lares por compra de petr\u00f3leo, al tiempo que le exigi\u00f3 al presidente de la naci\u00f3n caribe\u00f1a, Luis Abinader, que pague \"sin dilaci\u00f3n alguna\". \"No voy a perder una sola coma en\u2026","rel":"","context":"En \u00abECONOM\u00cdA\u00bb","block_context":{"text":"ECONOM\u00cdA","link":"https:\/\/lasprimeras.com.do\/index.php\/category\/economia\/"},"img":{"alt_text":"Delcy Rodr\u00edguez","src":"https:\/\/i0.wp.com\/lasprimeras.com.do\/wp-content\/uploads\/2024\/09\/Delcy-Rodriguez.jpg?resize=350%2C200&ssl=1","width":350,"height":200,"srcset":"https:\/\/i0.wp.com\/lasprimeras.com.do\/wp-content\/uploads\/2024\/09\/Delcy-Rodriguez.jpg?resize=350%2C200&ssl=1 1x, https:\/\/i0.wp.com\/lasprimeras.com.do\/wp-content\/uploads\/2024\/09\/Delcy-Rodriguez.jpg?resize=525%2C300&ssl=1 1.5x, https:\/\/i0.wp.com\/lasprimeras.com.do\/wp-content\/uploads\/2024\/09\/Delcy-Rodriguez.jpg?resize=700%2C400&ssl=1 2x"},"classes":[]},{"id":118986,"url":"https:\/\/lasprimeras.com.do\/index.php\/2026\/01\/05\/delcy-rodriguez-jura-como-presidenta-encargada-de-venezuela-tras-destitucion-de-maduro\/","url_meta":{"origin":129037,"position":4},"title":"Delcy Rodr\u00edguez jura como presidenta encargada de Venezuela tras destituci\u00f3n de Maduro","author":"Nelson Feliz","date":"5 de enero de 2026","format":false,"excerpt":"Delcy Rodr\u00edguez","rel":"","context":"En \u00abINTERNACIONALES\u00bb","block_context":{"text":"INTERNACIONALES","link":"https:\/\/lasprimeras.com.do\/index.php\/category\/sin-categoria\/internacionales\/"},"img":{"alt_text":"Delcy Rodr\u00edguez","src":"https:\/\/i0.wp.com\/lasprimeras.com.do\/wp-content\/uploads\/2026\/01\/Delcy-Rodriguez-2.jpg?resize=350%2C200&ssl=1","width":350,"height":200,"srcset":"https:\/\/i0.wp.com\/lasprimeras.com.do\/wp-content\/uploads\/2026\/01\/Delcy-Rodriguez-2.jpg?resize=350%2C200&ssl=1 1x, https:\/\/i0.wp.com\/lasprimeras.com.do\/wp-content\/uploads\/2026\/01\/Delcy-Rodriguez-2.jpg?resize=525%2C300&ssl=1 1.5x, https:\/\/i0.wp.com\/lasprimeras.com.do\/wp-content\/uploads\/2026\/01\/Delcy-Rodriguez-2.jpg?resize=700%2C400&ssl=1 2x"},"classes":[]},{"id":118861,"url":"https:\/\/lasprimeras.com.do\/index.php\/2026\/01\/04\/tribunal-supremo-ordena-que-vicepresidenta-delcy-rodriguez-asuma-presidencia-interina-de-venezuela\/","url_meta":{"origin":129037,"position":5},"title":"Tribunal Supremo ordena que vicepresidenta Delcy Rodr\u00edguez asuma presidencia interina de Venezuela","author":"Nelson Feliz","date":"4 de enero de 2026","format":false,"excerpt":"Delcy Rodr\u00edguez","rel":"","context":"En \u00abINTERNACIONALES\u00bb","block_context":{"text":"INTERNACIONALES","link":"https:\/\/lasprimeras.com.do\/index.php\/category\/sin-categoria\/internacionales\/"},"img":{"alt_text":"Delcy Rodr\u00edguez","src":"https:\/\/i0.wp.com\/lasprimeras.com.do\/wp-content\/uploads\/2026\/01\/Delcy-Rodriguez-1.jpg?resize=350%2C200&ssl=1","width":350,"height":200,"srcset":"https:\/\/i0.wp.com\/lasprimeras.com.do\/wp-content\/uploads\/2026\/01\/Delcy-Rodriguez-1.jpg?resize=350%2C200&ssl=1 1x, https:\/\/i0.wp.com\/lasprimeras.com.do\/wp-content\/uploads\/2026\/01\/Delcy-Rodriguez-1.jpg?resize=525%2C300&ssl=1 1.5x, https:\/\/i0.wp.com\/lasprimeras.com.do\/wp-content\/uploads\/2026\/01\/Delcy-Rodriguez-1.jpg?resize=700%2C400&ssl=1 2x"},"classes":[]}],"jetpack_sharing_enabled":true,"_links":{"self":[{"href":"https:\/\/lasprimeras.com.do\/index.php\/wp-json\/wp\/v2\/posts\/129037","targetHints":{"allow":["GET"]}}],"collection":[{"href":"https:\/\/lasprimeras.com.do\/index.php\/wp-json\/wp\/v2\/posts"}],"about":[{"href":"https:\/\/lasprimeras.com.do\/index.php\/wp-json\/wp\/v2\/types\/post"}],"author":[{"embeddable":true,"href":"https:\/\/lasprimeras.com.do\/index.php\/wp-json\/wp\/v2\/users\/10"}],"replies":[{"embeddable":true,"href":"https:\/\/lasprimeras.com.do\/index.php\/wp-json\/wp\/v2\/comments?post=129037"}],"version-history":[{"count":1,"href":"https:\/\/lasprimeras.com.do\/index.php\/wp-json\/wp\/v2\/posts\/129037\/revisions"}],"predecessor-version":[{"id":129039,"href":"https:\/\/lasprimeras.com.do\/index.php\/wp-json\/wp\/v2\/posts\/129037\/revisions\/129039"}],"wp:featuredmedia":[{"embeddable":true,"href":"https:\/\/lasprimeras.com.do\/index.php\/wp-json\/wp\/v2\/media\/129038"}],"wp:attachment":[{"href":"https:\/\/lasprimeras.com.do\/index.php\/wp-json\/wp\/v2\/media?parent=129037"}],"wp:term":[{"taxonomy":"category","embeddable":true,"href":"https:\/\/lasprimeras.com.do\/index.php\/wp-json\/wp\/v2\/categories?post=129037"},{"taxonomy":"post_tag","embeddable":true,"href":"https:\/\/lasprimeras.com.do\/index.php\/wp-json\/wp\/v2\/tags?post=129037"}],"curies":[{"name":"wp","href":"https:\/\/api.w.org\/{rel}","templated":true}]}}