{"id":129040,"date":"2026-04-28T23:54:17","date_gmt":"2026-04-29T03:54:17","guid":{"rendered":"https:\/\/lasprimeras.com.do\/?p=129040"},"modified":"2026-04-28T23:54:33","modified_gmt":"2026-04-29T03:54:33","slug":"lee-ballester-alerta-sobre-mafias-que-facilitan-reingreso-de-haitianos-deportados","status":"publish","type":"post","link":"https:\/\/lasprimeras.com.do\/index.php\/2026\/04\/28\/lee-ballester-alerta-sobre-mafias-que-facilitan-reingreso-de-haitianos-deportados\/","title":{"rendered":"Lee Ballester alerta sobre mafias que facilitan reingreso de haitianos deportados"},"content":{"rendered":"\n<p><strong>La Direcci\u00f3n General de Migraci\u00f3n inform\u00f3 que a trav\u00e9s de las operaciones de interdicci\u00f3n han logrado un promedio diario de 1,000 personas detenidas<\/strong><\/p>\n\n\n\n<p>El titular de la Direcci\u00f3n General de Migraci\u00f3n (DGM), Luis Rafael Lee Ballester, afirm\u00f3 este martes que la instituci\u00f3n enfrenta a diario mafias que se lucran facilitando el reingreso de haitianos que han sido deportados a su pa\u00eds.<\/p>\n\n\n\n<p>A trav\u00e9s de un comunicado de prensa, el vicealmirante indic\u00f3 que se trata de un tema recurrente con el que lidian todas las instituciones involucradas en las labores migratorias.<\/p>\n\n\n\n<p>En ese sentido, se\u00f1al\u00f3 que uno de los principales objetivos de la actual gesti\u00f3n es &#8220;transformar la conducta de quienes tienen a su cargo la vigilancia del territorio nacional&#8221;, para centrarse en servir a los mejores intereses nacionales.<\/p>\n\n\n\n<p>Ballester explic\u00f3 que, mediante las operaciones en conjunto que realizan con el Ministerio de Defensa, el Ej\u00e9rcito, el Cuerpo Especializado de Seguridad Fronteriza Terrestre y la Polic\u00eda Nacional, han logrando un promedio diario de unas 1,000 personas detenidas en operativos de interdicci\u00f3n a nivel nacional.<\/p>\n\n\n\n<p>De acuerdo con los datos ofrecidos, estas acciones tambi\u00e9n han permitido alcanzar m\u00e1s del 75 % de la meta planteada por el Consejo Nacional de Seguridad, que establece unas 10 mil deportaciones semanales.<\/p>\n\n\n\n<p>Nuevos operativos<\/p>\n\n\n\n<p>La Direcci\u00f3n General de Migraci\u00f3n destac\u00f3 que este lunes 27 de abril fueron registradas 1,072 personas detenidas y 806 deportadas. Las intervenciones se realizaron en puntos estrat\u00e9gicos, incluyendo Santo Domingo, San Crist\u00f3bal y Monte Plata, donde fueron interceptadas 123 individuos, as\u00ed como en La Vega, Duarte y Nagua, con 102 detenidos.<\/p>\n\n\n\n<p>Asimismo, detall\u00f3 que durante el fin de semana, entre el viernes 24 y el domingo 26 de abril, detuvieron a 2,889 extranjeros en condici\u00f3n migratoria irregular y deportaron a 2,506.<\/p>\n\n\n\n<p>El viernes 24 se reportaron 1,094 detenciones y 807 deportaciones; el s\u00e1bado 25, 1,096 detenidos y 840 deportados; y el domingo 26, 699 detenidos y 859 deportados.<\/p>\n\n\n\n<p>De acuerdo con la instituci\u00f3n, las deportaciones se realizaron siguiendo los protocolos establecidos a trav\u00e9s de los puntos de control fronterizo en Dajab\u00f3n, El\u00edas Pi\u00f1a, Jiman\u00ed y Pedernales.<\/p>\n\n\n\n<p>La entidad afirm\u00f3 que desde el 1 de octubre de 2024, cuando inici\u00f3 la gesti\u00f3n de Lee Ballester, han reconducido a su pa\u00eds de origen a 596,407 extranjeros indocumentados. En el primer trimestre de 2026 se registran 122,228, mientras que en lo que va de abril la cifra asciende a 22,978.<\/p>\n","protected":false},"excerpt":{"rendered":"<p>La Direcci\u00f3n General de Migraci\u00f3n inform\u00f3 que a trav\u00e9s de las operaciones de interdicci\u00f3n han logrado un promedio diario de 1,000 personas detenidas El titular de la Direcci\u00f3n General de&hellip;<\/p>\n","protected":false},"author":10,"featured_media":109897,"comment_status":"open","ping_status":"open","sticky":false,"template":"","format":"standard","meta":{"content-type":"","jetpack_post_was_ever_published":false,"_jetpack_newsletter_access":"","_jetpack_dont_email_post_to_subs":false,"_jetpack_newsletter_tier_id":0,"_jetpack_memberships_contains_paywalled_content":false,"_jetpack_memberships_contains_paid_content":false,"footnotes":""},"categories":[35],"tags":[484,247,32806,263,18999,13144,930,32807],"class_list":["post-129040","post","type-post","status-publish","format-standard","has-post-thumbnail","hentry","category-nacionales","tag-alerta","tag-director","tag-facilitan","tag-haitianos","tag-lee-ballester","tag-mafias","tag-migracion","tag-reingreso"],"jetpack_featured_media_url":"https:\/\/lasprimeras.com.do\/wp-content\/uploads\/2025\/09\/LEE-BALLESTER.jpg","jetpack-related-posts":[{"id":89637,"url":"https:\/\/lasprimeras.com.do\/index.php\/2024\/09\/29\/fenattransc-saluda-la-designacion-del-general-lee-ballester-en-migracion\/","url_meta":{"origin":129040,"position":0},"title":"FENATTRANSC saluda la designaci\u00f3n del General Lee Ballester en Migraci\u00f3n","author":"Nelson Feliz","date":"29 de septiembre de 2024","format":false,"excerpt":"El representante de la Federaci\u00f3n Nacional de Trabajadores del Transporte Social Cristianos (FENATTRANSC), Mario D\u00edaz expres\u00f3 su respaldo a la reciente designaci\u00f3n del General Luis Rafael Lee Ballester como nuevo Director General de Migraci\u00f3n. Extendi\u00f3 un llamado a realizar operativos conjuntos con el Instituto Nacional de Tr\u00e1nsito y Transporte Terrestre\u2026","rel":"","context":"En \u00abNACIONALES\u00bb","block_context":{"text":"NACIONALES","link":"https:\/\/lasprimeras.com.do\/index.php\/category\/nacionales\/"},"img":{"alt_text":"Mario Diaz","src":"https:\/\/i0.wp.com\/lasprimeras.com.do\/wp-content\/uploads\/2024\/09\/Mario-Diaz.jpg?resize=350%2C200&ssl=1","width":350,"height":200,"srcset":"https:\/\/i0.wp.com\/lasprimeras.com.do\/wp-content\/uploads\/2024\/09\/Mario-Diaz.jpg?resize=350%2C200&ssl=1 1x, https:\/\/i0.wp.com\/lasprimeras.com.do\/wp-content\/uploads\/2024\/09\/Mario-Diaz.jpg?resize=525%2C300&ssl=1 1.5x"},"classes":[]},{"id":89628,"url":"https:\/\/lasprimeras.com.do\/index.php\/2024\/09\/29\/abinader-destituye-a-venancio-alcantara-de-la-direccion-general-de-migracion\/","url_meta":{"origin":129040,"position":1},"title":"Abinader destituye a Venancio Alc\u00e1ntara de la Direcci\u00f3n General de Migraci\u00f3n","author":"Nelson Feliz","date":"29 de septiembre de 2024","format":false,"excerpt":"En su lugar se design\u00f3 al vicealmirante Luis Rafael Lee Ballester (ARD). El presidente Luis Abinader firm\u00f3 este domingo el decreto 560-24 con el que destituy\u00f3 a Venancio Alc\u00e1ntara Valdez, de la Direcci\u00f3n General de Migraci\u00f3n y nombr\u00f3 al vicealmirante Luis Rafael Lee Ballester, de la Armada. Lee Ballester es\u2026","rel":"","context":"En \u00abNACIONALES\u00bb","block_context":{"text":"NACIONALES","link":"https:\/\/lasprimeras.com.do\/index.php\/category\/nacionales\/"},"img":{"alt_text":"Venancio Alc\u00e1ntara Valdez y Luis Rafael Lee Ballester","src":"https:\/\/i0.wp.com\/lasprimeras.com.do\/wp-content\/uploads\/2024\/09\/Venancio-Alcantara-Valdez-y-Luis-Rafael-Lee-Ballester.jpg?resize=350%2C200&ssl=1","width":350,"height":200,"srcset":"https:\/\/i0.wp.com\/lasprimeras.com.do\/wp-content\/uploads\/2024\/09\/Venancio-Alcantara-Valdez-y-Luis-Rafael-Lee-Ballester.jpg?resize=350%2C200&ssl=1 1x, https:\/\/i0.wp.com\/lasprimeras.com.do\/wp-content\/uploads\/2024\/09\/Venancio-Alcantara-Valdez-y-Luis-Rafael-Lee-Ballester.jpg?resize=525%2C300&ssl=1 1.5x, https:\/\/i0.wp.com\/lasprimeras.com.do\/wp-content\/uploads\/2024\/09\/Venancio-Alcantara-Valdez-y-Luis-Rafael-Lee-Ballester.jpg?resize=700%2C400&ssl=1 2x"},"classes":[]},{"id":100262,"url":"https:\/\/lasprimeras.com.do\/index.php\/2025\/06\/04\/luis-el-gallo-felicita-a-migracion-por-deportar-a-cientos-de-miles-de-haitianos\/","url_meta":{"origin":129040,"position":2},"title":"Luis \u201cEl Gallo\u201d felicita a Migraci\u00f3n por deportar a cientos de miles de haitianos","author":"Nelson Feliz","date":"4 de junio de 2025","format":false,"excerpt":"El presidente de la Uni\u00f3n Dem\u00f3crata Cristiana \u2013UDC-, Luis Acosta Moreta, Luis \u201cEl Gallo\u201d, dio hoy su respaldo a la Direcci\u00f3n General de Migraci\u00f3n, por el excelente trabajo que realiza con la deportaci\u00f3n de indocumentados. Destac\u00f3 que el vicealmirante Luis Rafael Lee Ballester ejecuta una gran labor al frente de\u2026","rel":"","context":"En \u00abPOLITICA\u00bb","block_context":{"text":"POLITICA","link":"https:\/\/lasprimeras.com.do\/index.php\/category\/politica\/"},"img":{"alt_text":"Luis Acosta Moreta","src":"https:\/\/i0.wp.com\/lasprimeras.com.do\/wp-content\/uploads\/2025\/06\/Luis-Acosta-Moreta.jpg?resize=350%2C200&ssl=1","width":350,"height":200,"srcset":"https:\/\/i0.wp.com\/lasprimeras.com.do\/wp-content\/uploads\/2025\/06\/Luis-Acosta-Moreta.jpg?resize=350%2C200&ssl=1 1x, https:\/\/i0.wp.com\/lasprimeras.com.do\/wp-content\/uploads\/2025\/06\/Luis-Acosta-Moreta.jpg?resize=525%2C300&ssl=1 1.5x, https:\/\/i0.wp.com\/lasprimeras.com.do\/wp-content\/uploads\/2025\/06\/Luis-Acosta-Moreta.jpg?resize=700%2C400&ssl=1 2x"},"classes":[]},{"id":91755,"url":"https:\/\/lasprimeras.com.do\/index.php\/2024\/12\/01\/dgm-y-jce-coordinan-medidas-para-facilitar-el-control-migratorio-en-los-aeropuertos\/","url_meta":{"origin":129040,"position":3},"title":"DGM y JCE coordinan medidas para facilitar el control migratorio en los aeropuertos","author":"Nelson Feliz","date":"1 de diciembre de 2024","format":false,"excerpt":"El director general de Migraci\u00f3n y el presidente de la Junta Central Electoral se reunieron para coordinar medidas que permitan optimizar los procedimientos de control migratorio, y facilitar la salida de pasajeros dominicanos por los aeropuertos. El titular de la DGM, vicealmirante Luis Rafael Lee Ballester y el magistrado Rom\u00e1n\u2026","rel":"","context":"En \u00abNACIONALES\u00bb","block_context":{"text":"NACIONALES","link":"https:\/\/lasprimeras.com.do\/index.php\/category\/nacionales\/"},"img":{"alt_text":"El vicealmirante Luis Rafael Lee Ballester, titular de la DGM, y el magistrado Rom\u00e1n Andr\u00e9s J\u00e1quez Liranzo","src":"https:\/\/i0.wp.com\/lasprimeras.com.do\/wp-content\/uploads\/2024\/12\/WhatsApp-Image-2024-12-01-at-12.53.43-PM.jpeg?resize=350%2C200&ssl=1","width":350,"height":200,"srcset":"https:\/\/i0.wp.com\/lasprimeras.com.do\/wp-content\/uploads\/2024\/12\/WhatsApp-Image-2024-12-01-at-12.53.43-PM.jpeg?resize=350%2C200&ssl=1 1x, https:\/\/i0.wp.com\/lasprimeras.com.do\/wp-content\/uploads\/2024\/12\/WhatsApp-Image-2024-12-01-at-12.53.43-PM.jpeg?resize=525%2C300&ssl=1 1.5x, https:\/\/i0.wp.com\/lasprimeras.com.do\/wp-content\/uploads\/2024\/12\/WhatsApp-Image-2024-12-01-at-12.53.43-PM.jpeg?resize=700%2C400&ssl=1 2x"},"classes":[]},{"id":107396,"url":"https:\/\/lasprimeras.com.do\/index.php\/2025\/08\/26\/director-general-de-migracion-supervisa-zonas-friusa-matamosquitos-y-otras-areas-en-costa-este\/","url_meta":{"origin":129040,"position":4},"title":"Director General de Migraci\u00f3n supervisa zonas Friusa, Matamosquitos y otras \u00e1reas en costa este","author":"Nelson Feliz","date":"26 de agosto de 2025","format":false,"excerpt":"El vicealmirante Lee Ballester recorri\u00f3 comunidades y sostuvo encuentros con mandos militares y policiales en el este. El director general de Migraci\u00f3n, vicealmirante Luis Rafael Lee Ballester, ARD, realiz\u00f3 un recorrido de supervisi\u00f3n a\u00e9reo y terrestre en distintos puntos del Este del pa\u00eds, con el objetivo de evaluar y reforzar\u2026","rel":"","context":"En \u00abMILITARES\u00bb","block_context":{"text":"MILITARES","link":"https:\/\/lasprimeras.com.do\/index.php\/category\/militares\/"},"img":{"alt_text":"","src":"https:\/\/i0.wp.com\/lasprimeras.com.do\/wp-content\/uploads\/2025\/08\/migra.jpg?resize=350%2C200&ssl=1","width":350,"height":200,"srcset":"https:\/\/i0.wp.com\/lasprimeras.com.do\/wp-content\/uploads\/2025\/08\/migra.jpg?resize=350%2C200&ssl=1 1x, https:\/\/i0.wp.com\/lasprimeras.com.do\/wp-content\/uploads\/2025\/08\/migra.jpg?resize=525%2C300&ssl=1 1.5x, https:\/\/i0.wp.com\/lasprimeras.com.do\/wp-content\/uploads\/2025\/08\/migra.jpg?resize=700%2C400&ssl=1 2x"},"classes":[]},{"id":90225,"url":"https:\/\/lasprimeras.com.do\/index.php\/2024\/10\/15\/ceed-garantizara-suministro-de-desayuno-comida-y-cena-en-centros-de-interdiccion-migratoria\/","url_meta":{"origin":129040,"position":5},"title":"CEED garantizar\u00e1 suministro de desayuno, comida y cena en Centros de Interdicci\u00f3n Migratoria","author":"Nelson Feliz","date":"15 de octubre de 2024","format":false,"excerpt":"\u00a0El anuncio se dio a conocer en una reuni\u00f3n que sostuvieran el director general de Comedores Econ\u00f3micos del Estado (CEED), Edgar Augusto F\u00e9liz M\u00e9ndez y\u00a0 el director general de Migraci\u00f3n, vicealmirante Luis Rafael Lee Ballester. Eldirector deComedores Econ\u00f3micos del Estado Dominicano (CEED), Edgar Augusto F\u00e9liz M\u00e9ndez, anunci\u00f3 que a trav\u00e9s\u2026","rel":"","context":"En \u00abNACIONALES\u00bb","block_context":{"text":"NACIONALES","link":"https:\/\/lasprimeras.com.do\/index.php\/category\/nacionales\/"},"img":{"alt_text":"Edgar Augusto F\u00e9liz M\u00e9ndez","src":"https:\/\/i0.wp.com\/lasprimeras.com.do\/wp-content\/uploads\/2024\/10\/Edgar-Augusto-Feliz-Mendez.jpg?resize=350%2C200&ssl=1","width":350,"height":200,"srcset":"https:\/\/i0.wp.com\/lasprimeras.com.do\/wp-content\/uploads\/2024\/10\/Edgar-Augusto-Feliz-Mendez.jpg?resize=350%2C200&ssl=1 1x, https:\/\/i0.wp.com\/lasprimeras.com.do\/wp-content\/uploads\/2024\/10\/Edgar-Augusto-Feliz-Mendez.jpg?resize=525%2C300&ssl=1 1.5x, https:\/\/i0.wp.com\/lasprimeras.com.do\/wp-content\/uploads\/2024\/10\/Edgar-Augusto-Feliz-Mendez.jpg?resize=700%2C400&ssl=1 2x"},"classes":[]}],"jetpack_sharing_enabled":true,"_links":{"self":[{"href":"https:\/\/lasprimeras.com.do\/index.php\/wp-json\/wp\/v2\/posts\/129040","targetHints":{"allow":["GET"]}}],"collection":[{"href":"https:\/\/lasprimeras.com.do\/index.php\/wp-json\/wp\/v2\/posts"}],"about":[{"href":"https:\/\/lasprimeras.com.do\/index.php\/wp-json\/wp\/v2\/types\/post"}],"author":[{"embeddable":true,"href":"https:\/\/lasprimeras.com.do\/index.php\/wp-json\/wp\/v2\/users\/10"}],"replies":[{"embeddable":true,"href":"https:\/\/lasprimeras.com.do\/index.php\/wp-json\/wp\/v2\/comments?post=129040"}],"version-history":[{"count":2,"href":"https:\/\/lasprimeras.com.do\/index.php\/wp-json\/wp\/v2\/posts\/129040\/revisions"}],"predecessor-version":[{"id":129042,"href":"https:\/\/lasprimeras.com.do\/index.php\/wp-json\/wp\/v2\/posts\/129040\/revisions\/129042"}],"wp:featuredmedia":[{"embeddable":true,"href":"https:\/\/lasprimeras.com.do\/index.php\/wp-json\/wp\/v2\/media\/109897"}],"wp:attachment":[{"href":"https:\/\/lasprimeras.com.do\/index.php\/wp-json\/wp\/v2\/media?parent=129040"}],"wp:term":[{"taxonomy":"category","embeddable":true,"href":"https:\/\/lasprimeras.com.do\/index.php\/wp-json\/wp\/v2\/categories?post=129040"},{"taxonomy":"post_tag","embeddable":true,"href":"https:\/\/lasprimeras.com.do\/index.php\/wp-json\/wp\/v2\/tags?post=129040"}],"curies":[{"name":"wp","href":"https:\/\/api.w.org\/{rel}","templated":true}]}}