{"id":129043,"date":"2026-04-29T07:34:12","date_gmt":"2026-04-29T11:34:12","guid":{"rendered":"https:\/\/lasprimeras.com.do\/?p=129043"},"modified":"2026-04-29T07:34:14","modified_gmt":"2026-04-29T11:34:14","slug":"vaguada-continuara-generando-fuertes-aguaceros-y-tronadas-esta-tarde","status":"publish","type":"post","link":"https:\/\/lasprimeras.com.do\/index.php\/2026\/04\/29\/vaguada-continuara-generando-fuertes-aguaceros-y-tronadas-esta-tarde\/","title":{"rendered":"Vaguada continuar\u00e1 generando fuertes aguaceros y tronadas est\u00e1 tarde"},"content":{"rendered":"\n<p>ALERTAS Y AVISOS METEOROL\u00d3GICOS ANTE RIESGO DE INUNDACIONES&nbsp;<\/p>\n\n\n\n<p>En primeras horas del d\u00eda, se observan algunos nublados generando aguaceros dispersos sobre El Seibo y Hato Mayor, esper\u00e1ndose que disminuyan en las pr\u00f3ximas horas.<\/p>\n\n\n\n<p>Sin embargo, en horas de la tarde los efectos de la vaguada volver\u00e1n a favorecer nublados importantes, acompa\u00f1ados de fuertes aguaceros, posibles granizadas, tormentas el\u00e9ctricas y r\u00e1fagas de viento hasta bien entrada la noche, en las provincias: La Romana, San Pedro de Macor\u00eds, Hato Mayor, San Crist\u00f3bal, San Jos\u00e9 de Ocoa, La Vega, Monse\u00f1or Nouel, Santiago, Puerto Plata, Espaillat, Santiago Rodr\u00edguez, San Juan, Azua, El\u00edas Pi\u00f1a, Dajab\u00f3n, Independencia, Baoruco y El Gran Santo Domingo.<\/p>\n\n\n\n<p>El&nbsp;jueves, las condiciones del tiempo continuar\u00e1n determinadas por los efectos de la vaguada sobre el pa\u00eds.<\/p>\n\n\n\n<p>En las horas matutinas, habr\u00e1 un cielo con nubes dispersas y chubascos aislados hacia localidades en el este y noreste del pa\u00eds.<\/p>\n\n\n\n<p>En la tarde, se presentar\u00e1n nublados que descargar\u00e1n fuertes aguaceros, posibles granizadas, tormentas el\u00e9ctricas y r\u00e1fagas de viento hasta entrada la noche, en especial sobre las provincias: La Altagracia, La Romana, San Pedro de Macor\u00eds, Hato Mayor, San Crist\u00f3bal, San Jos\u00e9 de Ocoa, Peravia, La Vega, Monse\u00f1or Nouel, Santiago, Espaillat, Santiago Rodr\u00edguez, San Juan, Azua, El\u00edas Pi\u00f1a, Pedernales, Independencia, Baoruco y El Gran Santo Domingo.<\/p>\n\n\n\n<p>El Centro Nacional de Pron\u00f3sticos del&nbsp;INDOMET,&nbsp;modifica&nbsp;los niveles de&nbsp;ALERTAS&nbsp;y&nbsp;AVISOS&nbsp;meteorol\u00f3gicos, ante el riesgo de inundaciones urbanas, crecidas de r\u00edos, arroyos y ca\u00f1adas, as\u00ed como, posibles deslizamientos de tierra.&nbsp;<\/p>\n\n\n\n<p>Distrito Nacional:&nbsp;nublado en la tarde con aguaceros, tormentas el\u00e9ctricas y r\u00e1fagas de viento.<\/p>\n\n\n\n<p>Santo Domingo Norte:&nbsp;nublado en la tarde con aguaceros, tormentas el\u00e9ctricas y r\u00e1fagas de viento.<\/p>\n\n\n\n<p>Santo Domingo Este:&nbsp;nublado en la tarde con aguaceros, tormentas el\u00e9ctricas y r\u00e1fagas de viento.<\/p>\n\n\n\n<p>Santo Domingo Oeste:&nbsp;nublado en la tarde con aguaceros, tormentas el\u00e9ctricas y r\u00e1fagas de viento.<\/p>\n\n\n\n<p>Temperaturas&nbsp;m\u00ednimas entre 22 \u00b0C y 23 \u00b0C, y m\u00e1ximas entre 29 \u00b0C y 31 \u00b0C.<\/p>\n\n\n\n<p>&nbsp;El&nbsp;viernes, la vaguada estar\u00e1 debilit\u00e1ndose mientras disminuye gradualmente el contenido de humedad en nuestra masa de aire, en tal sentido, se espera una reducci\u00f3n de las precipitaciones, en relaci\u00f3n a d\u00edas anteriores y solo ocurrir\u00e1n incrementos nubosos vespertinos acompa\u00f1ados de aguaceros dispersos y tronadas en poblados del noreste, sureste, cordillera Central y Valle del Cibao.<\/p>\n\n\n\n<p>&nbsp;Distrito Nacional:&nbsp;incrementos nubosos en la tarde con aguaceros aislados y posibles tronadas.<\/p>\n\n\n\n<p>Santo Domingo:&nbsp;incrementos nubosos en la tarde con aguaceros dispersos y tronadas aisladas.&nbsp;<\/p>\n","protected":false},"excerpt":{"rendered":"<p>ALERTAS Y AVISOS METEOROL\u00d3GICOS ANTE RIESGO DE INUNDACIONES&nbsp; En primeras horas del d\u00eda, se observan algunos nublados generando aguaceros dispersos sobre El Seibo y Hato Mayor, esper\u00e1ndose que disminuyan en&hellip;<\/p>\n","protected":false},"author":10,"featured_media":118949,"comment_status":"open","ping_status":"open","sticky":false,"template":"","format":"standard","meta":{"content-type":"","jetpack_post_was_ever_published":false,"_jetpack_newsletter_access":"","_jetpack_dont_email_post_to_subs":false,"_jetpack_newsletter_tier_id":0,"_jetpack_memberships_contains_paywalled_content":false,"_jetpack_memberships_contains_paid_content":false,"footnotes":""},"categories":[23530,25],"tags":[4192,13553,4891,1518],"class_list":["post-129043","post","type-post","status-publish","format-standard","has-post-thumbnail","hentry","category-clima","category-portada","tag-clima","tag-indomet","tag-tronadas","tag-vaguada"],"jetpack_featured_media_url":"https:\/\/lasprimeras.com.do\/wp-content\/uploads\/2026\/01\/vagauada.jpg","jetpack-related-posts":[{"id":123608,"url":"https:\/\/lasprimeras.com.do\/index.php\/2026\/03\/03\/indomet-informa-que-continuan-los-aguaceros-dispersos-y-aisladas-tronadas-por-una-vaguada\/","url_meta":{"origin":129043,"position":0},"title":"Indomet informa que contin\u00faan los aguaceros dispersos y aisladas tronadas por una vaguada","author":"Nelson Feliz","date":"3 de marzo de 2026","format":false,"excerpt":"El Instituto Dominicano de Meteorogia inform\u00f3 que hoy, el flujo de viento del este y la presencia de una vaguada en los niveles medios y altos de la troposfera estar\u00e1n generando nublados desde horas matutinas hasta entrada la noche, acompa\u00f1ados de aguaceros dispersos, tronadas aisladas y ocasionales r\u00e1fagas de viento,\u2026","rel":"","context":"En \u00abCLIMA\u00bb","block_context":{"text":"CLIMA","link":"https:\/\/lasprimeras.com.do\/index.php\/category\/clima\/"},"img":{"alt_text":"","src":"https:\/\/i0.wp.com\/lasprimeras.com.do\/wp-content\/uploads\/2025\/07\/LLUVIAS-2.jpg?resize=350%2C200&ssl=1","width":350,"height":200,"srcset":"https:\/\/i0.wp.com\/lasprimeras.com.do\/wp-content\/uploads\/2025\/07\/LLUVIAS-2.jpg?resize=350%2C200&ssl=1 1x, https:\/\/i0.wp.com\/lasprimeras.com.do\/wp-content\/uploads\/2025\/07\/LLUVIAS-2.jpg?resize=525%2C300&ssl=1 1.5x, https:\/\/i0.wp.com\/lasprimeras.com.do\/wp-content\/uploads\/2025\/07\/LLUVIAS-2.jpg?resize=700%2C400&ssl=1 2x"},"classes":[]},{"id":101090,"url":"https:\/\/lasprimeras.com.do\/index.php\/2025\/06\/16\/indomet-informa-lluvias-continuaran-durante-la-tarde\/","url_meta":{"origin":129043,"position":1},"title":"INDOMET informa lluvias continuaran durante la tarde","author":"Nelson Feliz","date":"16 de junio de 2025","format":false,"excerpt":"El Instituto Dominicano De Meteorolog\u00eda(INDOMET)inform\u00f3 que desde las primeras horas de la ma\u00f1ana se estar\u00e1n presentando concentraciones nubosas generadoras de chubascos o aguaceros locales con aisladas tronadas y posibles r\u00e1fagas de viento. Las provincias que se veran afectadas son; Saman\u00e1, La Altagracia, Hato Mayor, El Seibo, San Crist\u00f3bal, Santo Domingo,\u2026","rel":"","context":"En \u00abNACIONALES\u00bb","block_context":{"text":"NACIONALES","link":"https:\/\/lasprimeras.com.do\/index.php\/category\/nacionales\/"},"img":{"alt_text":"","src":"https:\/\/i0.wp.com\/lasprimeras.com.do\/wp-content\/uploads\/2025\/06\/Lluvias.jpg?resize=350%2C200&ssl=1","width":350,"height":200},"classes":[]},{"id":124106,"url":"https:\/\/lasprimeras.com.do\/index.php\/2026\/03\/08\/aguaceros-tormentas-electricas-y-rafagas-de-viento-disminuiran-durante-la-noche\/","url_meta":{"origin":129043,"position":2},"title":"Aguaceros, tormentas el\u00e9ctricas y r\u00e1fagas de viento disminuir\u00e1n durante la noche","author":"Nelson Feliz","date":"8 de marzo de 2026","format":false,"excerpt":"Vigentes niveles de alertas meteorol\u00f3gicas y recomendaciones mar\u00edtimas. El Instituto Nacional de Meteorolog\u00eda (INDOMET) inform\u00f3 este domingo vaguada en varios niveles de la troposfera y viento moderado del este generar\u00e1n lluvias con tormentas el\u00e9ctricas y r\u00e1fagas de viento hasta las primeras horas de la noche. En cuanto al pron\u00f3stico del\u2026","rel":"","context":"En \u00abCLIMA\u00bb","block_context":{"text":"CLIMA","link":"https:\/\/lasprimeras.com.do\/index.php\/category\/clima\/"},"img":{"alt_text":"","src":"https:\/\/i0.wp.com\/lasprimeras.com.do\/wp-content\/uploads\/2023\/10\/WhatsApp-Image-2023-10-04-at-5.20.12-PM-2.webp?resize=350%2C200&ssl=1","width":350,"height":200,"srcset":"https:\/\/i0.wp.com\/lasprimeras.com.do\/wp-content\/uploads\/2023\/10\/WhatsApp-Image-2023-10-04-at-5.20.12-PM-2.webp?resize=350%2C200&ssl=1 1x, https:\/\/i0.wp.com\/lasprimeras.com.do\/wp-content\/uploads\/2023\/10\/WhatsApp-Image-2023-10-04-at-5.20.12-PM-2.webp?resize=525%2C300&ssl=1 1.5x, https:\/\/i0.wp.com\/lasprimeras.com.do\/wp-content\/uploads\/2023\/10\/WhatsApp-Image-2023-10-04-at-5.20.12-PM-2.webp?resize=700%2C400&ssl=1 2x, https:\/\/i0.wp.com\/lasprimeras.com.do\/wp-content\/uploads\/2023\/10\/WhatsApp-Image-2023-10-04-at-5.20.12-PM-2.webp?resize=1050%2C600&ssl=1 3x"},"classes":[]},{"id":120370,"url":"https:\/\/lasprimeras.com.do\/index.php\/2026\/01\/23\/las-temperaturas-seguiran-favorables-pese-a-la-incidencia-de-una-vaguada\/","url_meta":{"origin":129043,"position":3},"title":"Las temperaturas seguir\u00e1n favorables, pese a la incidencia de una vaguada","author":"Nelson Feliz","date":"23 de enero de 2026","format":false,"excerpt":"Las condiciones meteorol\u00f3gicas del pa\u00eds seguir\u00e1n favorables, para que desde tempranas horas y durante el transcurso del d\u00eda se presenten chubascos dispersos, especialmente en poblados de La Altagracia, El Seibo, Hato Mayor, Saman\u00e1, Mar\u00eda Trinidad S\u00e1nchez, Puerto Plata, Espaillat y Duarte, entre otras localidades cercanas a la costa norte, producto\u2026","rel":"","context":"En \u00abCLIMA\u00bb","block_context":{"text":"CLIMA","link":"https:\/\/lasprimeras.com.do\/index.php\/category\/clima\/"},"img":{"alt_text":"","src":"","width":0,"height":0},"classes":[]},{"id":126822,"url":"https:\/\/lasprimeras.com.do\/index.php\/2026\/04\/06\/vaguada-continuara-generando-fuertes-aguaceros-esta-tarde-sobre-el-pais\/","url_meta":{"origin":129043,"position":4},"title":"Vaguada continuar\u00e1 generando fuertes aguaceros esta tarde sobre el pa\u00eds","author":"Nelson Feliz","date":"6 de abril de 2026","format":false,"excerpt":"Durante las horas matutinas, esperamos un cielo con nubes dispersas en gran parte del territorio nacional e incrementos nubosos aislados que dar\u00e1n lugar a chubascos pasajeros y d\u00e9biles en poblados de la costa Sur del pa\u00eds. En horas de la tarde, los efectos de la vaguada que aun afecta las\u2026","rel":"","context":"En \u00abCLIMA\u00bb","block_context":{"text":"CLIMA","link":"https:\/\/lasprimeras.com.do\/index.php\/category\/clima\/"},"img":{"alt_text":"","src":"https:\/\/i0.wp.com\/lasprimeras.com.do\/wp-content\/uploads\/2023\/10\/WhatsApp-Image-2023-10-04-at-5.20.12-PM-2.webp?resize=350%2C200&ssl=1","width":350,"height":200,"srcset":"https:\/\/i0.wp.com\/lasprimeras.com.do\/wp-content\/uploads\/2023\/10\/WhatsApp-Image-2023-10-04-at-5.20.12-PM-2.webp?resize=350%2C200&ssl=1 1x, https:\/\/i0.wp.com\/lasprimeras.com.do\/wp-content\/uploads\/2023\/10\/WhatsApp-Image-2023-10-04-at-5.20.12-PM-2.webp?resize=525%2C300&ssl=1 1.5x, https:\/\/i0.wp.com\/lasprimeras.com.do\/wp-content\/uploads\/2023\/10\/WhatsApp-Image-2023-10-04-at-5.20.12-PM-2.webp?resize=700%2C400&ssl=1 2x, https:\/\/i0.wp.com\/lasprimeras.com.do\/wp-content\/uploads\/2023\/10\/WhatsApp-Image-2023-10-04-at-5.20.12-PM-2.webp?resize=1050%2C600&ssl=1 3x"},"classes":[]},{"id":118948,"url":"https:\/\/lasprimeras.com.do\/index.php\/2026\/01\/05\/indomet-vigila-una-vaguada-que-se-ubica-al-noroeste-de-las-bahamas\/","url_meta":{"origin":129043,"position":5},"title":"INDOMET vigila una vaguada, que se ubica al noroeste de las Bahamas","author":"Nelson Feliz","date":"5 de enero de 2026","format":false,"excerpt":"Alertas ante posibles inundaciones. El Instituto Dominicano de Meteorolog\u00eda ((INDOMET)) vigila una vaguada que se ubica sobre la porci\u00f3n noroeste del pa\u00eds, mientras el sistema frontal se encuentra sobre las Bahamas. El INDOMET informa que estos fen\u00f3menos generan desde tempranas horas del d\u00eda nublados con aguaceros, tormentas el\u00e9ctricas y r\u00e1fagas\u2026","rel":"","context":"En \u00abCLIMA\u00bb","block_context":{"text":"CLIMA","link":"https:\/\/lasprimeras.com.do\/index.php\/category\/clima\/"},"img":{"alt_text":"INDOMET vigila una vaguada","src":"https:\/\/i0.wp.com\/lasprimeras.com.do\/wp-content\/uploads\/2026\/01\/vagauada.jpg?resize=350%2C200&ssl=1","width":350,"height":200,"srcset":"https:\/\/i0.wp.com\/lasprimeras.com.do\/wp-content\/uploads\/2026\/01\/vagauada.jpg?resize=350%2C200&ssl=1 1x, https:\/\/i0.wp.com\/lasprimeras.com.do\/wp-content\/uploads\/2026\/01\/vagauada.jpg?resize=525%2C300&ssl=1 1.5x, https:\/\/i0.wp.com\/lasprimeras.com.do\/wp-content\/uploads\/2026\/01\/vagauada.jpg?resize=700%2C400&ssl=1 2x"},"classes":[]}],"jetpack_sharing_enabled":true,"_links":{"self":[{"href":"https:\/\/lasprimeras.com.do\/index.php\/wp-json\/wp\/v2\/posts\/129043","targetHints":{"allow":["GET"]}}],"collection":[{"href":"https:\/\/lasprimeras.com.do\/index.php\/wp-json\/wp\/v2\/posts"}],"about":[{"href":"https:\/\/lasprimeras.com.do\/index.php\/wp-json\/wp\/v2\/types\/post"}],"author":[{"embeddable":true,"href":"https:\/\/lasprimeras.com.do\/index.php\/wp-json\/wp\/v2\/users\/10"}],"replies":[{"embeddable":true,"href":"https:\/\/lasprimeras.com.do\/index.php\/wp-json\/wp\/v2\/comments?post=129043"}],"version-history":[{"count":1,"href":"https:\/\/lasprimeras.com.do\/index.php\/wp-json\/wp\/v2\/posts\/129043\/revisions"}],"predecessor-version":[{"id":129044,"href":"https:\/\/lasprimeras.com.do\/index.php\/wp-json\/wp\/v2\/posts\/129043\/revisions\/129044"}],"wp:featuredmedia":[{"embeddable":true,"href":"https:\/\/lasprimeras.com.do\/index.php\/wp-json\/wp\/v2\/media\/118949"}],"wp:attachment":[{"href":"https:\/\/lasprimeras.com.do\/index.php\/wp-json\/wp\/v2\/media?parent=129043"}],"wp:term":[{"taxonomy":"category","embeddable":true,"href":"https:\/\/lasprimeras.com.do\/index.php\/wp-json\/wp\/v2\/categories?post=129043"},{"taxonomy":"post_tag","embeddable":true,"href":"https:\/\/lasprimeras.com.do\/index.php\/wp-json\/wp\/v2\/tags?post=129043"}],"curies":[{"name":"wp","href":"https:\/\/api.w.org\/{rel}","templated":true}]}}