{"id":129046,"date":"2026-04-29T07:53:22","date_gmt":"2026-04-29T11:53:22","guid":{"rendered":"https:\/\/lasprimeras.com.do\/?p=129046"},"modified":"2026-04-29T07:53:25","modified_gmt":"2026-04-29T11:53:25","slug":"inabie-interviene-sabana-perdida-con-jornada-de-salud-en-beneficio-de-mas-de-1000-estudiantes","status":"publish","type":"post","link":"https:\/\/lasprimeras.com.do\/index.php\/2026\/04\/29\/inabie-interviene-sabana-perdida-con-jornada-de-salud-en-beneficio-de-mas-de-1000-estudiantes\/","title":{"rendered":"INABIE interviene Sabana Perdida con jornada de salud en beneficio de m\u00e1s de 1,000 estudiantes"},"content":{"rendered":"\n<p><br>El director de la entidad destac\u00f3 que tienen planificado brindar este a\u00f1o servicios m\u00e9dicos a m\u00e1s de medio mill\u00f3n de preuniversitarios.<\/p>\n\n\n\n<p>El Instituto Nacional de Bienestar Estudiantil&nbsp;<strong>(INABIE)<\/strong>&nbsp;lleva a cabo una&nbsp;<strong>jornada de salud integral<\/strong>&nbsp;en&nbsp;<strong>Sabana Perdida<\/strong>, para beneficiar a&nbsp;<strong>m\u00e1s de 1,000 estudiantes<\/strong>&nbsp;de distintos centros educativos, como parte de sus esfuerzos por fortalecer el&nbsp;<strong>bienestar<\/strong>&nbsp;de esta poblaci\u00f3n.<\/p>\n\n\n\n<p>La iniciativa impacta a alumnos de la&nbsp;<strong>Escuela Primaria Mara\u00f1\u00f3n I<\/strong>, as\u00ed como de los centros educativos&nbsp;<strong>Cardenal Sancha (Fe y Alegr\u00eda), Mar\u00eda Teresa Mirabal (Fe y Esperanza) y el Centro Cristiano de Educaci\u00f3n para Sordos<\/strong>, quienes reciben atenciones en diversas \u00e1reas de la salud.<\/p>\n\n\n\n<p>Durante un recorrido por la jornada, el director ejecutivo del INABIE,&nbsp;<strong>Adolfo P\u00e9rez<\/strong>, reafirm\u00f3 el compromiso de la instituci\u00f3n de&nbsp;<strong>acercar servicios m\u00e9dicos esenciales a las comunidades educativas.<\/strong><\/p>\n\n\n\n<p><em>\u201cCon esta jornada seguimos garantizando atenci\u00f3n oportuna y de calidad para los estudiantes. Para este 2026, tenemos programadas m\u00e1s de 10 jornadas integrales a nivel nacional. Ya hemos realizado cuatro y proyectamos beneficiar a m\u00e1s de medio mill\u00f3n de alumnos del sistema educativo p\u00fablico\u201d,<\/em>&nbsp;expres\u00f3.<\/p>\n\n\n\n<p>El INABIE destac\u00f3 que estas jornadas est\u00e1n enfocadas en&nbsp;<strong>la prevenci\u00f3n, el diagn\u00f3stico temprano y la atenci\u00f3n oportuna<\/strong>, con el objetivo de reducir las barreras de acceso a servicios m\u00e9dicos y contribuir con el desarrollo integral de los estudiantes.<\/p>\n\n\n\n<p><strong>Servicios ofrecidos<\/strong><\/p>\n\n\n\n<p>En el \u00e1rea de&nbsp;<strong>salud bucal<\/strong>, el equipo m\u00e9dico del INABIE realiza procedimientos como restauraciones dentales, extracciones, profilaxis, aplicaci\u00f3n de fl\u00faor y evaluaciones especializadas.<\/p>\n\n\n\n<p>En&nbsp;<strong>salud visual<\/strong>, los estudiantes son evaluados mediante oftalmoscopia, autorefracci\u00f3n, pruebas de lentes y tonometr\u00eda.<\/p>\n\n\n\n<p>Aquellos que requieren correcci\u00f3n visual reciben la&nbsp;<strong>prescripci\u00f3n<\/strong>&nbsp;y, posteriormente, los&nbsp;<strong>lentes<\/strong>&nbsp;fabricados por la instituci\u00f3n.<\/p>\n\n\n\n<p>Asimismo, en&nbsp;<strong>medicina auditiva<\/strong>&nbsp;realizan audiometr\u00edas y adaptaci\u00f3n de auxiliares auditivos, los cuales son entregados de manera inmediata a quienes los necesiten.<\/p>\n\n\n\n<p>En el componente de&nbsp;<strong>salud preventiva y nutricional<\/strong>, efect\u00faan chequeos generales y suministran medicamentos para afecciones comunes en edad escolar.<\/p>\n\n\n\n<p><strong>Valoraci\u00f3n de la comunidad<\/strong><\/p>\n\n\n\n<p><strong>Padres y tutores<\/strong>&nbsp;destacaron el&nbsp;<strong>impacto positivo<\/strong>&nbsp;de la jornada.&nbsp;<strong>Flogenly Sajuin<\/strong>, madre de un estudiante beneficiado, resalt\u00f3 la&nbsp;<strong>importancia del apoyo recibido<\/strong>.<\/p>\n\n\n\n<p><em>\u201cMi hijo tiene problemas de la vista y gracias a esta ayuda podr\u00e1 aprender mejor. No siempre contamos con los recursos para consultas m\u00e9dicas, por lo que esto representa una gran oportunidad para su desarrollo\u201d,<\/em>&nbsp;manifest\u00f3.<\/p>\n\n\n\n<p>De igual forma, la directora del centro educativo,&nbsp;<strong>Santa Reyes<\/strong>, calific\u00f3 la jornada como un&nbsp;<strong>respaldo significativo<\/strong>&nbsp;para la comunidad escolar.<\/p>\n\n\n\n<p><em>\u201cEsta iniciativa permite que los estudiantes reciban atenciones de salud sin interrumpir su proceso educativo, adem\u00e1s de representar un alivio para muchas familias\u201d<\/em>, se\u00f1al\u00f3.<\/p>\n\n\n\n<p>Durante el recorrido, el director ejecutivo del INABIE estuvo acompa\u00f1ado por el director de Salud y Nutrici\u00f3n de la instituci\u00f3n,&nbsp;<strong>Luis Lizardo<\/strong>; la directora de la Regional 10 de Educaci\u00f3n,&nbsp;<strong>Dominga Mosquea<\/strong>; la directora del Distrito Educativo 10-02,&nbsp;<strong>Lucibel Silva<\/strong>; los subdirectores de Promese\/CAL,&nbsp;<strong>Andrea Dif\u00f3 y Carlos Padilla<\/strong>, as\u00ed como la regidora&nbsp;<strong>Adalgisa N\u00fa\u00f1ez<\/strong>.<\/p>\n\n\n\n<p>Con este tipo de acciones, el INABIE reafirma su compromiso de garantizar mejores condiciones de salud para los estudiantes, contribuyendo con su&nbsp;<strong>aprendizaje y desarrollo integral.<\/strong><br><\/p>\n","protected":false},"excerpt":{"rendered":"<p>El director de la entidad destac\u00f3 que tienen planificado brindar este a\u00f1o servicios m\u00e9dicos a m\u00e1s de medio mill\u00f3n de preuniversitarios. El Instituto Nacional de Bienestar Estudiantil&nbsp;(INABIE)&nbsp;lleva a cabo una&nbsp;jornada&hellip;<\/p>\n","protected":false},"author":10,"featured_media":129047,"comment_status":"open","ping_status":"open","sticky":false,"template":"","format":"standard","meta":{"content-type":"","jetpack_post_was_ever_published":false,"_jetpack_newsletter_access":"","_jetpack_dont_email_post_to_subs":false,"_jetpack_newsletter_tier_id":0,"_jetpack_memberships_contains_paywalled_content":false,"_jetpack_memberships_contains_paid_content":false,"footnotes":""},"categories":[16558],"tags":[9338],"class_list":["post-129046","post","type-post","status-publish","format-standard","has-post-thumbnail","hentry","category-salud","tag-inabie"],"jetpack_featured_media_url":"https:\/\/lasprimeras.com.do\/wp-content\/uploads\/2026\/04\/El-INABIE-interviene-Sabana-Perd.jpg","jetpack-related-posts":[{"id":113663,"url":"https:\/\/lasprimeras.com.do\/index.php\/2025\/11\/05\/eeuu-propone-que-onu-autorice-una-fuerza-de-estabilizacion-en-gaza-por-2-anos\/","url_meta":{"origin":129046,"position":0},"title":"EEUU propone que ONU autorice una fuerza de estabilizaci\u00f3n en Gaza por 2 a\u00f1os","author":"Nelson Feliz","date":"5 de noviembre de 2025","format":false,"excerpt":"POR SAM MEDNICK, MATTHEW LEE and FARNOUSH AMIRI NACIONES UNIDAS (AP) \u2014 Estados Unidos ha distribuido un borrador para una resoluci\u00f3n del Consejo de Seguridad de la ONU que proporcionar\u00eda un mandato para una fuerza internacional de estabilizaci\u00f3n en Gaza durante al menos dos a\u00f1os, marcando el siguiente paso en\u2026","rel":"","context":"En \u00abINTERNACIONALES\u00bb","block_context":{"text":"INTERNACIONALES","link":"https:\/\/lasprimeras.com.do\/index.php\/category\/sin-categoria\/internacionales\/"},"img":{"alt_text":"","src":"https:\/\/i0.wp.com\/lasprimeras.com.do\/wp-content\/uploads\/2025\/11\/Palestinos-inspeccionan-los-escombros.jpg?resize=350%2C200&ssl=1","width":350,"height":200,"srcset":"https:\/\/i0.wp.com\/lasprimeras.com.do\/wp-content\/uploads\/2025\/11\/Palestinos-inspeccionan-los-escombros.jpg?resize=350%2C200&ssl=1 1x, https:\/\/i0.wp.com\/lasprimeras.com.do\/wp-content\/uploads\/2025\/11\/Palestinos-inspeccionan-los-escombros.jpg?resize=525%2C300&ssl=1 1.5x, https:\/\/i0.wp.com\/lasprimeras.com.do\/wp-content\/uploads\/2025\/11\/Palestinos-inspeccionan-los-escombros.jpg?resize=700%2C400&ssl=1 2x"},"classes":[]},{"id":49208,"url":"https:\/\/lasprimeras.com.do\/index.php\/2023\/05\/09\/prm-se-refiere-a-controversia-del-borrador-presentado-por-la-jce\/","url_meta":{"origin":129046,"position":1},"title":"PRM se refiere a controversia del borrador presentado por la JCE","author":"prenxa100","date":"9 de mayo de 2023","format":false,"excerpt":"SANTO DOMINGO.-.El presidente de la C\u00e1mara de Diputados, Alfredo Pacheco, y la alcaldesa del Distrito Nacional, Carolina Mej\u00eda, se refirieron a la controversia que han impulsado partidos de la oposici\u00f3n en torno al borrador de resoluci\u00f3n de la Junta Central Electoral (JCE) que establece la manera en que se podr\u00e1n\u2026","rel":"","context":"En \u00abSin categor\u00eda\u00bb","block_context":{"text":"Sin categor\u00eda","link":"https:\/\/lasprimeras.com.do\/index.php\/category\/sin-categoria\/"},"img":{"alt_text":"","src":"","width":0,"height":0},"classes":[]},{"id":49023,"url":"https:\/\/lasprimeras.com.do\/index.php\/2023\/05\/07\/dirigente-de-la-fp-cuestiona-borrador-de-la-resolucion-de-la-jce-dice-favorece-oficialismo\/","url_meta":{"origin":129046,"position":2},"title":"Dirigente de la FP cuestiona \u201cBorrador de la Resoluci\u00f3n de la JCE\u201d, dice favorece oficialismo","author":"prenxa100","date":"7 de mayo de 2023","format":false,"excerpt":"Santo Domingo .- El miembro de la Direcci\u00f3n Central de la Fuerza del Pueblo (FP), Pedro Jim\u00e9nez cuestion\u00f3 hoy al pleno de la Junta Central Electoral de favorecer al gobierno, con el borrador de la resoluci\u00f3n sobre el porcentaje de las reservas de las candidaturas dispuesto por la Ley 33-18,\u2026","rel":"","context":"En \u00abPORTADA\u00bb","block_context":{"text":"PORTADA","link":"https:\/\/lasprimeras.com.do\/index.php\/category\/portada\/"},"img":{"alt_text":"","src":"","width":0,"height":0},"classes":[]},{"id":49201,"url":"https:\/\/lasprimeras.com.do\/index.php\/2023\/05\/09\/pld-reitera-rechazo-al-borrador-de-resolucion-de-la-jce-sobre-reservas-de-candidatura\/","url_meta":{"origin":129046,"position":3},"title":"PLD reitera rechazo al borrador de resoluci\u00f3n de la JCE sobre reservas de candidatura","author":"prenxa100","date":"9 de mayo de 2023","format":false,"excerpt":"CP del PLD ratifica comisi\u00f3n para abordar el tema relativo a las reservas de candidaturas. Danilo Medina, Charles Mariotti, Abel Mart\u00ednez y Francisco Javier Garc\u00eda, la integran. SANTO DOMINGO.-.El Comit\u00e9 Pol\u00edtico del Partido de la Liberaci\u00f3n Dominicana (PLD) en la reuni\u00f3n ordinaria de este d\u00eda ratific\u00f3 la conformaci\u00f3n de una\u2026","rel":"","context":"En \u00abPORTADA\u00bb","block_context":{"text":"PORTADA","link":"https:\/\/lasprimeras.com.do\/index.php\/category\/portada\/"},"img":{"alt_text":"","src":"","width":0,"height":0},"classes":[]},{"id":48723,"url":"https:\/\/lasprimeras.com.do\/index.php\/2023\/05\/03\/pleno-socializa-borrador-de-resolucion-de-reservas-de-candidaturas\/","url_meta":{"origin":129046,"position":4},"title":"Pleno socializa borrador de resoluci\u00f3n de reservas de candidaturas","author":"prenxa100","date":"3 de mayo de 2023","format":false,"excerpt":"Organizaciones pol\u00edticas tienen hasta el 8 de mayo para presentar observaciones. Santo Domingo.- El Pleno de la Junta Central Electoral (JCE) elabor\u00f3 el borrador de resoluci\u00f3n sobre la aplicaci\u00f3n del porcentaje de las reservas de las candidaturas que establece la Ley No. 33-18 de partidos, agrupaciones y movimientos pol\u00edticos para\u2026","rel":"","context":"En \u00abNACIONALES\u00bb","block_context":{"text":"NACIONALES","link":"https:\/\/lasprimeras.com.do\/index.php\/category\/nacionales\/"},"img":{"alt_text":"","src":"","width":0,"height":0},"classes":[]},{"id":115335,"url":"https:\/\/lasprimeras.com.do\/index.php\/2025\/11\/21\/plan-de-trump-para-terminar-la-guerra-en-ucrania-cederia-territorio-a-rusia\/","url_meta":{"origin":129046,"position":5},"title":"Plan de Trump para terminar la guerra en Ucrania ceder\u00eda territorio a Rusia","author":"Nelson Feliz","date":"21 de noviembre de 2025","format":false,"excerpt":"POR ILLIA NOVIKOV, AAMER MADHANIand CHRIS MEGERIAN WASHINGTON (AP) \u2014 El plan del presidente estadounidense Donald Trump para poner fin a la guerra en Ucrania ceder\u00eda territorio a Rusia y limitar\u00eda el tama\u00f1o del ej\u00e9rcito de Kiev, seg\u00fan un borrador de la propuesta obtenido el jueves por The Associated Press.\u2026","rel":"","context":"En \u00abINTERNACIONALES\u00bb","block_context":{"text":"INTERNACIONALES","link":"https:\/\/lasprimeras.com.do\/index.php\/category\/sin-categoria\/internacionales\/"},"img":{"alt_text":"","src":"https:\/\/i0.wp.com\/lasprimeras.com.do\/wp-content\/uploads\/2025\/11\/coche-bomba.jpg?resize=350%2C200&ssl=1","width":350,"height":200,"srcset":"https:\/\/i0.wp.com\/lasprimeras.com.do\/wp-content\/uploads\/2025\/11\/coche-bomba.jpg?resize=350%2C200&ssl=1 1x, https:\/\/i0.wp.com\/lasprimeras.com.do\/wp-content\/uploads\/2025\/11\/coche-bomba.jpg?resize=525%2C300&ssl=1 1.5x, https:\/\/i0.wp.com\/lasprimeras.com.do\/wp-content\/uploads\/2025\/11\/coche-bomba.jpg?resize=700%2C400&ssl=1 2x"},"classes":[]}],"jetpack_sharing_enabled":true,"_links":{"self":[{"href":"https:\/\/lasprimeras.com.do\/index.php\/wp-json\/wp\/v2\/posts\/129046","targetHints":{"allow":["GET"]}}],"collection":[{"href":"https:\/\/lasprimeras.com.do\/index.php\/wp-json\/wp\/v2\/posts"}],"about":[{"href":"https:\/\/lasprimeras.com.do\/index.php\/wp-json\/wp\/v2\/types\/post"}],"author":[{"embeddable":true,"href":"https:\/\/lasprimeras.com.do\/index.php\/wp-json\/wp\/v2\/users\/10"}],"replies":[{"embeddable":true,"href":"https:\/\/lasprimeras.com.do\/index.php\/wp-json\/wp\/v2\/comments?post=129046"}],"version-history":[{"count":1,"href":"https:\/\/lasprimeras.com.do\/index.php\/wp-json\/wp\/v2\/posts\/129046\/revisions"}],"predecessor-version":[{"id":129048,"href":"https:\/\/lasprimeras.com.do\/index.php\/wp-json\/wp\/v2\/posts\/129046\/revisions\/129048"}],"wp:featuredmedia":[{"embeddable":true,"href":"https:\/\/lasprimeras.com.do\/index.php\/wp-json\/wp\/v2\/media\/129047"}],"wp:attachment":[{"href":"https:\/\/lasprimeras.com.do\/index.php\/wp-json\/wp\/v2\/media?parent=129046"}],"wp:term":[{"taxonomy":"category","embeddable":true,"href":"https:\/\/lasprimeras.com.do\/index.php\/wp-json\/wp\/v2\/categories?post=129046"},{"taxonomy":"post_tag","embeddable":true,"href":"https:\/\/lasprimeras.com.do\/index.php\/wp-json\/wp\/v2\/tags?post=129046"}],"curies":[{"name":"wp","href":"https:\/\/api.w.org\/{rel}","templated":true}]}}