{"id":129049,"date":"2026-04-29T08:03:28","date_gmt":"2026-04-29T12:03:28","guid":{"rendered":"https:\/\/lasprimeras.com.do\/?p=129049"},"modified":"2026-04-29T08:03:32","modified_gmt":"2026-04-29T12:03:32","slug":"sns-refuerza-supervision-para-elevar-la-calidad-en-hospitales-publicos","status":"publish","type":"post","link":"https:\/\/lasprimeras.com.do\/index.php\/2026\/04\/29\/sns-refuerza-supervision-para-elevar-la-calidad-en-hospitales-publicos\/","title":{"rendered":"SNS refuerza supervisi\u00f3n para elevar la calidad en hospitales p\u00fablicos"},"content":{"rendered":"\n<p><br>Visita sorpresa de Julio C\u00e9sar Landr\u00f3n impulsa mejoras continuas en la atenci\u00f3n del Mario Tolentino Dipp.<\/p>\n\n\n\n<p>El director ejecutivo del Servicio Nacional de Salud (SNS), doctor&nbsp;<strong>Julio C\u00e9sar Landr\u00f3n<\/strong>, realiz\u00f3 una&nbsp;<strong>visita no coordinada<\/strong>&nbsp;al&nbsp;<strong>Hospital General y de Especialidades Dr. Mario Tolentino Dipp<\/strong>, donde supervis\u00f3 de primera mano el funcionamiento de&nbsp;<strong>los servicios y las condiciones<\/strong>&nbsp;en que son atendidos los usuarios.<\/p>\n\n\n\n<p>Durante el recorrido del titular del SNS, se integr\u00f3 el doctor&nbsp;<strong>Miguel \u00c1ngel Guzm\u00e1n Ferm\u00edn<\/strong>, director del centro, con quien observ\u00f3 la&nbsp;<strong>operatividad de los servicios y la din\u00e1mica de atenci\u00f3n.<\/strong><\/p>\n\n\n\n<p>La supervisi\u00f3n incluy\u00f3 las \u00e1reas de Emergencia, Consulta, Internamiento, Cirug\u00eda, Unidad de Cuidados Intensivos (UCI), Salud Mental, Laboratorio, as\u00ed como los servicios de im\u00e1genes diagn\u00f3sticas, lo que permiti\u00f3 constatar el&nbsp;<strong>flujo de pacientes<\/strong>, la disponibilidad de&nbsp;<strong>recursos<\/strong>&nbsp;y la capacidad de&nbsp;<strong>respuesta<\/strong>&nbsp;del personal de salud ante la demanda de servicios.<\/p>\n\n\n\n<p>Como parte de su enfoque en la&nbsp;<strong>mejora permanente<\/strong>&nbsp;de la&nbsp;<strong>calidad de la atenci\u00f3n en la Red P\u00fablica<\/strong>, el director ejecutivo del Servicio Nacional de Salud (SNS), doctor&nbsp;<strong>Julio C\u00e9sar Landr\u00f3n<\/strong>, realiz\u00f3 una&nbsp;<strong>visita no coordinada<\/strong>&nbsp;al&nbsp;<strong>Hospital General y de Especialidades Dr. Mario Tolentino Dipp<\/strong>, donde supervis\u00f3 de primera mano el funcionamiento de&nbsp;<strong>los servicios y las condiciones<\/strong>&nbsp;en que son atendidos los usuarios.<\/p>\n\n\n\n<p>Durante el recorrido del titular del SNS, se integr\u00f3 el doctor&nbsp;<strong>Miguel \u00c1ngel Guzm\u00e1n Ferm\u00edn<\/strong>, director del centro, con quien observ\u00f3 la&nbsp;<strong>operatividad de los servicios y la din\u00e1mica de atenci\u00f3n.<\/strong><\/p>\n\n\n\n<p>La supervisi\u00f3n incluy\u00f3 las \u00e1reas de Emergencia, Consulta, Internamiento, Cirug\u00eda, Unidad de Cuidados Intensivos (UCI), Salud Mental, Laboratorio, as\u00ed como los servicios de im\u00e1genes diagn\u00f3sticas, lo que permiti\u00f3 constatar el&nbsp;<strong>flujo de pacientes<\/strong>, la disponibilidad de&nbsp;<strong>recursos<\/strong>&nbsp;y la capacidad de&nbsp;<strong>respuesta<\/strong>&nbsp;del personal de salud ante la demanda de servicios.<br><\/p>\n","protected":false},"excerpt":{"rendered":"<p>Visita sorpresa de Julio C\u00e9sar Landr\u00f3n impulsa mejoras continuas en la atenci\u00f3n del Mario Tolentino Dipp. El director ejecutivo del Servicio Nacional de Salud (SNS), doctor&nbsp;Julio C\u00e9sar Landr\u00f3n, realiz\u00f3 una&nbsp;visita&hellip;<\/p>\n","protected":false},"author":10,"featured_media":129050,"comment_status":"open","ping_status":"open","sticky":false,"template":"","format":"standard","meta":{"content-type":"","jetpack_post_was_ever_published":false,"_jetpack_newsletter_access":"","_jetpack_dont_email_post_to_subs":false,"_jetpack_newsletter_tier_id":0,"_jetpack_memberships_contains_paywalled_content":false,"_jetpack_memberships_contains_paid_content":false,"footnotes":""},"categories":[16558],"tags":[2756],"class_list":["post-129049","post","type-post","status-publish","format-standard","has-post-thumbnail","hentry","category-salud","tag-sns"],"jetpack_featured_media_url":"https:\/\/lasprimeras.com.do\/wp-content\/uploads\/2026\/04\/1000340625.jpg","jetpack-related-posts":[{"id":119201,"url":"https:\/\/lasprimeras.com.do\/index.php\/2026\/01\/08\/presidente-abinader-designa-a-julio-landron-como-director-del-servicio-nacional-de-salud\/","url_meta":{"origin":129049,"position":0},"title":"Presidente Abinader designa a Julio Landr\u00f3n como director del Servicio Nacional de Salud","author":"Nelson Feliz","date":"8 de enero de 2026","format":false,"excerpt":"Julio C\u00e9sar Landr\u00f3n","rel":"","context":"En \u00abSin categor\u00eda\u00bb","block_context":{"text":"Sin categor\u00eda","link":"https:\/\/lasprimeras.com.do\/index.php\/category\/sin-categoria\/"},"img":{"alt_text":"Julio C\u00e9sar Landr\u00f3n","src":"https:\/\/i0.wp.com\/lasprimeras.com.do\/wp-content\/uploads\/2026\/01\/Julio-Cesar-Landron.jpg?resize=350%2C200&ssl=1","width":350,"height":200,"srcset":"https:\/\/i0.wp.com\/lasprimeras.com.do\/wp-content\/uploads\/2026\/01\/Julio-Cesar-Landron.jpg?resize=350%2C200&ssl=1 1x, https:\/\/i0.wp.com\/lasprimeras.com.do\/wp-content\/uploads\/2026\/01\/Julio-Cesar-Landron.jpg?resize=525%2C300&ssl=1 1.5x, https:\/\/i0.wp.com\/lasprimeras.com.do\/wp-content\/uploads\/2026\/01\/Julio-Cesar-Landron.jpg?resize=700%2C400&ssl=1 2x"},"classes":[]},{"id":93639,"url":"https:\/\/lasprimeras.com.do\/index.php\/2025\/02\/15\/hospital-mario-tolentino-dipp-realiza-exitosa-jornada-de-cardiologia\/","url_meta":{"origin":129049,"position":1},"title":"Hospital Mario Tolentino Dipp realiza exitosa jornada de cardiolog\u00eda","author":"Nelson Feliz","date":"15 de febrero de 2025","format":false,"excerpt":"El Hospital General de Especialidades Dr. Mario Tolentino Dipp llev\u00f3 a cabo su primera jornada de cardiolog\u00eda, beneficiando a m\u00e1s de 100 pacientes con la realizaci\u00f3n de im\u00e1genes m\u00e9dicas y pruebas de laboratorio. Este operativo tuvo como principal objetivo reducir la lista de espera de personas que requer\u00edan atenci\u00f3n cardiol\u00f3gica,\u2026","rel":"","context":"En \u00abSALUD\u00bb","block_context":{"text":"SALUD","link":"https:\/\/lasprimeras.com.do\/index.php\/category\/salud\/"},"img":{"alt_text":"Hospital Mario Tolentino Dipp","src":"https:\/\/i0.wp.com\/lasprimeras.com.do\/wp-content\/uploads\/2025\/02\/Hospital-Mario-Tolentino-Dipp.jpg?resize=350%2C200&ssl=1","width":350,"height":200,"srcset":"https:\/\/i0.wp.com\/lasprimeras.com.do\/wp-content\/uploads\/2025\/02\/Hospital-Mario-Tolentino-Dipp.jpg?resize=350%2C200&ssl=1 1x, https:\/\/i0.wp.com\/lasprimeras.com.do\/wp-content\/uploads\/2025\/02\/Hospital-Mario-Tolentino-Dipp.jpg?resize=525%2C300&ssl=1 1.5x, https:\/\/i0.wp.com\/lasprimeras.com.do\/wp-content\/uploads\/2025\/02\/Hospital-Mario-Tolentino-Dipp.jpg?resize=700%2C400&ssl=1 2x"},"classes":[]},{"id":87256,"url":"https:\/\/lasprimeras.com.do\/index.php\/2024\/08\/09\/autoridades-y-personal-medico-del-hospital-mario-tolentino-dipp-se-reunieron-entre-cmd\/","url_meta":{"origin":129049,"position":2},"title":"Autoridades y Personal M\u00e9dico del Hospital Mario Tolentino Dipp se reunier\u00f3n entre CMD","author":"Nelson Feliz","date":"9 de agosto de 2024","format":false,"excerpt":"La presidenta de la filial de Santo Domingo del Colegio M\u00e9dico Dominicano, doctora Griselda Quezada, realiz\u00f3 un encuentro con las autoridades del sector salud, donde se abordaron temas cr\u00edticos referentes a la situaci\u00f3n interna del Hospital Mario Tolentino Dipp. Quezada, solicit\u00f3 la intervenci\u00f3n del centro de salud, con el objetivo\u2026","rel":"","context":"En \u00abSin categor\u00eda\u00bb","block_context":{"text":"Sin categor\u00eda","link":"https:\/\/lasprimeras.com.do\/index.php\/category\/sin-categoria\/"},"img":{"alt_text":"","src":"https:\/\/i0.wp.com\/lasprimeras.com.do\/wp-content\/uploads\/2024\/08\/CMD.jpg?resize=350%2C200&ssl=1","width":350,"height":200,"srcset":"https:\/\/i0.wp.com\/lasprimeras.com.do\/wp-content\/uploads\/2024\/08\/CMD.jpg?resize=350%2C200&ssl=1 1x, https:\/\/i0.wp.com\/lasprimeras.com.do\/wp-content\/uploads\/2024\/08\/CMD.jpg?resize=525%2C300&ssl=1 1.5x"},"classes":[]},{"id":119239,"url":"https:\/\/lasprimeras.com.do\/index.php\/2026\/01\/08\/decreto-6-26-presidente-designa-a-julio-landron-como-director-del-servicio-nacional-de-salud\/","url_meta":{"origin":129049,"position":3},"title":"Decreto 6-26: Presidente designa a Julio Landr\u00f3n como director del Servicio Nacional de Salud","author":"Nelson Feliz","date":"8 de enero de 2026","format":false,"excerpt":"Julio Landr\u00f3n","rel":"","context":"En \u00abNACIONALES\u00bb","block_context":{"text":"NACIONALES","link":"https:\/\/lasprimeras.com.do\/index.php\/category\/nacionales\/"},"img":{"alt_text":"Julio Landr\u00f3n","src":"https:\/\/i0.wp.com\/lasprimeras.com.do\/wp-content\/uploads\/2026\/01\/Julio-Landron-1.jpg?resize=350%2C200&ssl=1","width":350,"height":200,"srcset":"https:\/\/i0.wp.com\/lasprimeras.com.do\/wp-content\/uploads\/2026\/01\/Julio-Landron-1.jpg?resize=350%2C200&ssl=1 1x, https:\/\/i0.wp.com\/lasprimeras.com.do\/wp-content\/uploads\/2026\/01\/Julio-Landron-1.jpg?resize=525%2C300&ssl=1 1.5x, https:\/\/i0.wp.com\/lasprimeras.com.do\/wp-content\/uploads\/2026\/01\/Julio-Landron-1.jpg?resize=700%2C400&ssl=1 2x"},"classes":[]},{"id":126113,"url":"https:\/\/lasprimeras.com.do\/index.php\/2026\/03\/29\/hospital-ney-arias-lora-inaugura%c2%a8unidad-de-psicotrauma%c2%a8para-atencion-integral-de-pacientes\/","url_meta":{"origin":129049,"position":4},"title":"Hospital Ney Arias Lora inaugura\u00a8Unidad de Psicotrauma\u00a8para atenci\u00f3n integral de pacientes","author":"Nelson Feliz","date":"29 de marzo de 2026","format":false,"excerpt":"Titular del SNS destaca importancia de dicha unidad. La Direcci\u00f3n del Hospital Universitario Docente Traumatol\u00f3gico Dr. Ney Arias Lora inaugur\u00f3 la Unidad de Psicotrauma, un espacio dise\u00f1ado para atender a pacientes con traumas f\u00edsicos y psicol\u00f3gicos de manera integral, fortaleciendo la atenci\u00f3n en salud mental en Santo Domingo Norte y\u2026","rel":"","context":"En \u00abSALUD\u00bb","block_context":{"text":"SALUD","link":"https:\/\/lasprimeras.com.do\/index.php\/category\/salud\/"},"img":{"alt_text":"","src":"https:\/\/i0.wp.com\/lasprimeras.com.do\/wp-content\/uploads\/2026\/03\/ney-arias-doctor-landron.jpg?resize=350%2C200&ssl=1","width":350,"height":200,"srcset":"https:\/\/i0.wp.com\/lasprimeras.com.do\/wp-content\/uploads\/2026\/03\/ney-arias-doctor-landron.jpg?resize=350%2C200&ssl=1 1x, https:\/\/i0.wp.com\/lasprimeras.com.do\/wp-content\/uploads\/2026\/03\/ney-arias-doctor-landron.jpg?resize=525%2C300&ssl=1 1.5x, https:\/\/i0.wp.com\/lasprimeras.com.do\/wp-content\/uploads\/2026\/03\/ney-arias-doctor-landron.jpg?resize=700%2C400&ssl=1 2x"},"classes":[]},{"id":114613,"url":"https:\/\/lasprimeras.com.do\/index.php\/2025\/08\/15\/gobierno-pone-en-operacion-helipuerto-en-ciudad-sanitaria-dra-evangelina-rodriguez-perozo\/","url_meta":{"origin":129049,"position":5},"title":"Gobierno pone en operaci\u00f3n helipuerto en Ciudad Sanitaria Dra. Evangelina Rodr\u00edguez Perozo","author":"Nelson Feliz","date":"15 de agosto de 2025","format":false,"excerpt":"El director del Servicio Nacional de Salud (SNS), doctor Mario Lama, particip\u00f3 este viernes en la puesta en operaci\u00f3n del nuevo helipuerto construido en la Ciudad Sanitaria Dra. Evangelina Rodr\u00edguez Perozo, infraestructura que fortalecer\u00e1 significativamente la capacidad de respuesta en situaciones de emergencias m\u00e9dicas. Durante el acto, encabezado por el\u2026","rel":"","context":"En \u00abNACIONALES\u00bb","block_context":{"text":"NACIONALES","link":"https:\/\/lasprimeras.com.do\/index.php\/category\/nacionales\/"},"img":{"alt_text":"","src":"https:\/\/i0.wp.com\/lasprimeras.com.do\/wp-content\/uploads\/2025\/11\/operacion-helipuerto.jpg?resize=350%2C200&ssl=1","width":350,"height":200,"srcset":"https:\/\/i0.wp.com\/lasprimeras.com.do\/wp-content\/uploads\/2025\/11\/operacion-helipuerto.jpg?resize=350%2C200&ssl=1 1x, https:\/\/i0.wp.com\/lasprimeras.com.do\/wp-content\/uploads\/2025\/11\/operacion-helipuerto.jpg?resize=525%2C300&ssl=1 1.5x, https:\/\/i0.wp.com\/lasprimeras.com.do\/wp-content\/uploads\/2025\/11\/operacion-helipuerto.jpg?resize=700%2C400&ssl=1 2x"},"classes":[]}],"jetpack_sharing_enabled":true,"_links":{"self":[{"href":"https:\/\/lasprimeras.com.do\/index.php\/wp-json\/wp\/v2\/posts\/129049","targetHints":{"allow":["GET"]}}],"collection":[{"href":"https:\/\/lasprimeras.com.do\/index.php\/wp-json\/wp\/v2\/posts"}],"about":[{"href":"https:\/\/lasprimeras.com.do\/index.php\/wp-json\/wp\/v2\/types\/post"}],"author":[{"embeddable":true,"href":"https:\/\/lasprimeras.com.do\/index.php\/wp-json\/wp\/v2\/users\/10"}],"replies":[{"embeddable":true,"href":"https:\/\/lasprimeras.com.do\/index.php\/wp-json\/wp\/v2\/comments?post=129049"}],"version-history":[{"count":1,"href":"https:\/\/lasprimeras.com.do\/index.php\/wp-json\/wp\/v2\/posts\/129049\/revisions"}],"predecessor-version":[{"id":129051,"href":"https:\/\/lasprimeras.com.do\/index.php\/wp-json\/wp\/v2\/posts\/129049\/revisions\/129051"}],"wp:featuredmedia":[{"embeddable":true,"href":"https:\/\/lasprimeras.com.do\/index.php\/wp-json\/wp\/v2\/media\/129050"}],"wp:attachment":[{"href":"https:\/\/lasprimeras.com.do\/index.php\/wp-json\/wp\/v2\/media?parent=129049"}],"wp:term":[{"taxonomy":"category","embeddable":true,"href":"https:\/\/lasprimeras.com.do\/index.php\/wp-json\/wp\/v2\/categories?post=129049"},{"taxonomy":"post_tag","embeddable":true,"href":"https:\/\/lasprimeras.com.do\/index.php\/wp-json\/wp\/v2\/tags?post=129049"}],"curies":[{"name":"wp","href":"https:\/\/api.w.org\/{rel}","templated":true}]}}