{"id":129052,"date":"2026-04-29T08:20:15","date_gmt":"2026-04-29T12:20:15","guid":{"rendered":"https:\/\/lasprimeras.com.do\/?p=129052"},"modified":"2026-04-29T08:20:18","modified_gmt":"2026-04-29T12:20:18","slug":"ministro-kelvin-cruz-inicia-reconstruccion-de-dos-multiusos-en-hermanas-mirabal","status":"publish","type":"post","link":"https:\/\/lasprimeras.com.do\/index.php\/2026\/04\/29\/ministro-kelvin-cruz-inicia-reconstruccion-de-dos-multiusos-en-hermanas-mirabal\/","title":{"rendered":"Ministro Kelvin Cruz inicia reconstrucci\u00f3n de dos multiusos en Hermanas Mirabal"},"content":{"rendered":"\n<p>Inform\u00f3 aprobaci\u00f3n por el presidente Luis Abinader del polideportivo William Gilbert, de Tenares; inversi\u00f3n total sobrepasar\u00e1 los 60 millones de pesos<\/p>\n\n\n\n<p>Con una inversi\u00f3n de 43 millones de pesos, el ministro de Deportes, Kelvin Cruz, encabez\u00f3 el inicio de los trabajos de reconstrucci\u00f3n de dos instalaciones deportivas en igual n\u00famero de municipios de la provincia Hermanas Mirabal.<\/p>\n\n\n\n<p>Las obras deportivas que ser\u00e1n sometidas a una intensa reconstrucci\u00f3n, reparaci\u00f3n y remozamiento son los polideportivos de los municipios de Salcedo y Tenares.<\/p>\n\n\n\n<p>En la instalaci\u00f3n del municipio cabecera, Salcedo, el Gobierno invertir\u00e1 exactamente RD$22,776,917.08, mientras que en Tenares, en el polideportivo Manuel Osiris Hidalgo, se ejecutar\u00e1 una inversi\u00f3n de RD$20,801,886.15.<\/p>\n\n\n\n<p>Con estas obras se da seguimiento al programa de construcci\u00f3n y reconstrucci\u00f3n de instalaciones deportivas (multiusos techados) que desarrolla el Gobierno dominicano, encabezado por el presidente Luis Abinader, junto al ministro Cruz, en toda la geograf\u00eda nacional.<\/p>\n\n\n\n<p>&#8220;El deporte es el arma secreta para transformar sociedades y comunidades, y este lunes Tenares y Salcedo sentir\u00e1n el apoyo del Gobierno que encabeza el presidente Luis Abinader y su pol\u00edtica de remozamiento de instalaciones deportivas con estas dos obras\u201d, afirm\u00f3 el ministro Cruz.<\/p>\n\n\n\n<p>Agreg\u00f3 que \u201crescataremos el deporte en esta hermosa provincia y marcaremos un hito, ya que hoy le vengo anunciar que el presidente Abinader autoriz\u00f3 el inicio de proceso de licitaci\u00f3n para la reconstrucci\u00f3n del multiuso William Gilbert, de Tenares, por lo que ser\u00e1n dos instalaciones que intervendremos en este municipio en Hermanas Mirabal\u201d, sostuvo Cruz.<\/p>\n\n\n\n<p>Indic\u00f3 que la inversi\u00f3n total en la provincia Hermanas Mirabal sobrepasar\u00e1 los 60 millones de pesos en obras deportivas al agregarle el polideportivo William Gilbert.<\/p>\n\n\n\n<p>Adem\u00e1s del ministro Cruz habl\u00f3 la senadora provincial Mar\u00eda Mercedes Ortiz (Mecho) y la gobernadora Lissette Nicasio de Adames.<\/p>\n\n\n\n<p>Entre las personalidades presentes estuvieron tambien el padre Rafael Delgado Suriel (padre Chelo), el diputado Felix Hiciano, el dirigente pol\u00edtico Luis Ren\u00e9 Canaan, y Gabriel Garc\u00eda N\u00fa\u00f1ez, de la Uni\u00f3n Deportiva de Tenares, entre otros dirigentes deportivos y comunitarios.<\/p>\n\n\n\n<p>La senadora Ortiz dijo que \u201cnuestra provincia tendr\u00e1 desde este momento un progreso deportivo de gran magnitud con estas obras deportivas que ser\u00e1n reconstruidas y remozadas, gracias al presidente Luis Abinader y al ministro Kelvin Cruz\u201d.<\/p>\n\n\n\n<p>En Salcedo, cuyo polideportivo est\u00e1 ubicado en el complejo deportivo, se intervendr\u00e1 un \u00e1rea aproximada de 1,305 metros cuadrados.<\/p>\n\n\n\n<p>Los trabajos iniciar\u00e1n de inmediato en la zona de juego, gradas, palcos, ba\u00f1os, vestidores de atletas y \u00e1reas exteriores.<\/p>\n\n\n\n<p>Tambi\u00e9n se realizar\u00e1n trabajos preliminares, suministro y colocaci\u00f3n de aluzinc calibre 26, reparaci\u00f3n y mantenimiento del palco preferencial, de gradas, servicios y camerinos, as\u00ed como la reparaci\u00f3n de ba\u00f1os, sal\u00f3n de reuniones y ba\u00f1os p\u00fablicos.<\/p>\n\n\n\n<p>Adem\u00e1s, se ejecutar\u00e1 el vaciado de aceras frontales y laterales, la rampa de acceso principal y pintura general.<\/p>\n\n\n\n<p>Asimismo, se contempla el suministro y colocaci\u00f3n de tabloncillo de madera maple certificado por FIBA en el \u00e1rea de juego, dos soportes de tableros profesionales con sus respectivos tableros, pizarra digital, relojes de 24 segundos, parales, cajuelas y mallas de voleibol, as\u00ed como la instalaci\u00f3n el\u00e9ctrica general.<\/p>\n\n\n\n<p>En Tenares, con un \u00e1rea aproximada de 1,500 metros cuadrados, se intervendr\u00e1n la zona de juego, gradas, ba\u00f1os, vestidores de atletas y \u00e1reas exteriores.<\/p>\n\n\n\n<p>Tambi\u00e9n se ejecutar\u00e1n trabajos preliminares, suministro y colocaci\u00f3n de aluzinc calibre 26, pintura de mantenimiento en la estructura met\u00e1lica, construcci\u00f3n de cierre de fachadas del multiuso y sustituci\u00f3n de correas met\u00e1licas da\u00f1adas en el techo.<\/p>\n\n\n\n<p>Igualmente, se realizar\u00e1 la reconstrucci\u00f3n de pisos de hormig\u00f3n, gradas, ba\u00f1os p\u00fablicos, vestidores, duchas y pintura general.<\/p>\n\n\n\n<p>Adem\u00e1s, se contempla el suministro y colocaci\u00f3n de superficie sint\u00e9tica suspendida para dos \u00e1reas de juego, cuatro soportes de tableros profesionales con sus tableros, pizarra digital, parales, cajuelas y mallas de voleibol, as\u00ed como la instalaci\u00f3n el\u00e9ctrica general.<\/p>\n","protected":false},"excerpt":{"rendered":"<p>Inform\u00f3 aprobaci\u00f3n por el presidente Luis Abinader del polideportivo William Gilbert, de Tenares; inversi\u00f3n total sobrepasar\u00e1 los 60 millones de pesos Con una inversi\u00f3n de 43 millones de pesos, el&hellip;<\/p>\n","protected":false},"author":10,"featured_media":129054,"comment_status":"open","ping_status":"open","sticky":false,"template":"","format":"standard","meta":{"content-type":"","jetpack_post_was_ever_published":false,"_jetpack_newsletter_access":"","_jetpack_dont_email_post_to_subs":false,"_jetpack_newsletter_tier_id":0,"_jetpack_memberships_contains_paywalled_content":false,"_jetpack_memberships_contains_paid_content":false,"footnotes":""},"categories":[630],"tags":[3292,1874,27125],"class_list":["post-129052","post","type-post","status-publish","format-standard","has-post-thumbnail","hentry","category-deportes","tag-hermanas-mirabal","tag-kelvin-cruz","tag-multiusos"],"jetpack_featured_media_url":"https:\/\/lasprimeras.com.do\/wp-content\/uploads\/2026\/04\/IMG-20260429-WA0062.jpg","jetpack-related-posts":[{"id":121695,"url":"https:\/\/lasprimeras.com.do\/index.php\/2026\/02\/08\/abinader-entrega-dos-modernos-polideportivos-techados-en-puerto-plata\/","url_meta":{"origin":129052,"position":0},"title":"Abinader entrega dos modernos polideportivos techados en Puerto Plata","author":"Nelson Feliz","date":"8 de febrero de 2026","format":false,"excerpt":"Ministro de Deportes afirma que la inversi\u00f3n del mandatario representa una revoluci\u00f3n deportiva en la Novia del Atl\u00e1ntico y refleja su compromiso con la juventud. El presidente Luis Abinader inaugur\u00f3 este domingo dos polideportivos techados en Puerto Plata, con una inversi\u00f3n superior a RD$76 millones, como parte de las acciones\u2026","rel":"","context":"En \u00abDEPORTES\u00bb","block_context":{"text":"DEPORTES","link":"https:\/\/lasprimeras.com.do\/index.php\/category\/deportes\/"},"img":{"alt_text":"","src":"https:\/\/i0.wp.com\/lasprimeras.com.do\/wp-content\/uploads\/2026\/02\/poli-1.jpg?resize=350%2C200&ssl=1","width":350,"height":200,"srcset":"https:\/\/i0.wp.com\/lasprimeras.com.do\/wp-content\/uploads\/2026\/02\/poli-1.jpg?resize=350%2C200&ssl=1 1x, https:\/\/i0.wp.com\/lasprimeras.com.do\/wp-content\/uploads\/2026\/02\/poli-1.jpg?resize=525%2C300&ssl=1 1.5x, https:\/\/i0.wp.com\/lasprimeras.com.do\/wp-content\/uploads\/2026\/02\/poli-1.jpg?resize=700%2C400&ssl=1 2x"},"classes":[]},{"id":120758,"url":"https:\/\/lasprimeras.com.do\/index.php\/2026\/01\/27\/abinader-juramenta-comision-de-veeduria-para-supervisar-obras-deportivas\/","url_meta":{"origin":129052,"position":1},"title":"Abinader juramenta comisi\u00f3n de veedur\u00eda para supervisar obras deportivas","author":"Nelson Feliz","date":"27 de enero de 2026","format":false,"excerpt":"Kekvin Cruz dijo que esta comisi\u00f3n responde a una instrucci\u00f3n directa del presidente Abinader, quien dispuso que los RD$2,000 millones recuperados de la corrupci\u00f3n fueran invertidos en infraestructuras deportivas El presidente Luis Abinader, jurament\u00f3 este lunes la comisi\u00f3n de veedur\u00eda que tendr\u00e1 a su cargo supervisar las obras de infraestructura\u2026","rel":"","context":"En \u00abDEPORTES\u00bb","block_context":{"text":"DEPORTES","link":"https:\/\/lasprimeras.com.do\/index.php\/category\/deportes\/"},"img":{"alt_text":"","src":"https:\/\/i0.wp.com\/lasprimeras.com.do\/wp-content\/uploads\/2026\/01\/Luis-Abinader-2-1.jpg?resize=350%2C200&ssl=1","width":350,"height":200,"srcset":"https:\/\/i0.wp.com\/lasprimeras.com.do\/wp-content\/uploads\/2026\/01\/Luis-Abinader-2-1.jpg?resize=350%2C200&ssl=1 1x, https:\/\/i0.wp.com\/lasprimeras.com.do\/wp-content\/uploads\/2026\/01\/Luis-Abinader-2-1.jpg?resize=525%2C300&ssl=1 1.5x, https:\/\/i0.wp.com\/lasprimeras.com.do\/wp-content\/uploads\/2026\/01\/Luis-Abinader-2-1.jpg?resize=700%2C400&ssl=1 2x"},"classes":[]},{"id":125479,"url":"https:\/\/lasprimeras.com.do\/index.php\/2026\/03\/23\/ministro-kelvin-cruz-clasura-con-exito-los-rescatados-juegos-de-la-mujer-2026\/","url_meta":{"origin":129052,"position":2},"title":"Ministro Kelvin Cruz clasura con \u00e9xito los rescatados Juegos de la Mujer 2026","author":"Nelson Feliz","date":"23 de marzo de 2026","format":false,"excerpt":"Zona Metropolitana conquista primer lugar con 52 medallas La Zona Metropolitana conquist\u00f3 los V Juegos Deportivos de la Mujer 2026, que fueron clausurados este domingo por el ministro de Deportes, Kelvin Cruz, en un solemne acto celebrado en el polideportivo de la Ciudad Juan Bosch, en este municipio. La representaci\u00f3n\u2026","rel":"","context":"En \u00abDEPORTES\u00bb","block_context":{"text":"DEPORTES","link":"https:\/\/lasprimeras.com.do\/index.php\/category\/deportes\/"},"img":{"alt_text":"Kelvin Cruz","src":"https:\/\/i0.wp.com\/lasprimeras.com.do\/wp-content\/uploads\/2024\/07\/Kelvin-Cruz.jpg?resize=350%2C200&ssl=1","width":350,"height":200,"srcset":"https:\/\/i0.wp.com\/lasprimeras.com.do\/wp-content\/uploads\/2024\/07\/Kelvin-Cruz.jpg?resize=350%2C200&ssl=1 1x, https:\/\/i0.wp.com\/lasprimeras.com.do\/wp-content\/uploads\/2024\/07\/Kelvin-Cruz.jpg?resize=525%2C300&ssl=1 1.5x, https:\/\/i0.wp.com\/lasprimeras.com.do\/wp-content\/uploads\/2024\/07\/Kelvin-Cruz.jpg?resize=700%2C400&ssl=1 2x"},"classes":[]},{"id":114419,"url":"https:\/\/lasprimeras.com.do\/index.php\/2025\/11\/13\/ministro-kelvin-cruz-inicia-construccion-de-11-techados-multiusos-en-sde\/","url_meta":{"origin":129052,"position":3},"title":"Ministro Kelvin Cruz inicia construcci\u00f3n de 11 techados multiusos en SDE","author":"Nelson Feliz","date":"13 de noviembre de 2025","format":false,"excerpt":"El ministro de Deportes, Kelvin Cruz, inici\u00f3 este mi\u00e9rcoles los trabajos para la construcci\u00f3n y remozamiento de techados en 11 clubes del municipio Santo Domingo Este, con una inversi\u00f3n total superior a los 300 millones de pesos. La masiva mejora de la infraestructura deportiva del municipio m\u00e1s poblado del pa\u00eds\u2026","rel":"","context":"En \u00abDEPORTES\u00bb","block_context":{"text":"DEPORTES","link":"https:\/\/lasprimeras.com.do\/index.php\/category\/deportes\/"},"img":{"alt_text":"","src":"https:\/\/i0.wp.com\/lasprimeras.com.do\/wp-content\/uploads\/2025\/11\/Kelvin-Cruz-1.jpg?resize=350%2C200&ssl=1","width":350,"height":200,"srcset":"https:\/\/i0.wp.com\/lasprimeras.com.do\/wp-content\/uploads\/2025\/11\/Kelvin-Cruz-1.jpg?resize=350%2C200&ssl=1 1x, https:\/\/i0.wp.com\/lasprimeras.com.do\/wp-content\/uploads\/2025\/11\/Kelvin-Cruz-1.jpg?resize=525%2C300&ssl=1 1.5x, https:\/\/i0.wp.com\/lasprimeras.com.do\/wp-content\/uploads\/2025\/11\/Kelvin-Cruz-1.jpg?resize=700%2C400&ssl=1 2x"},"classes":[]},{"id":114545,"url":"https:\/\/lasprimeras.com.do\/index.php\/2025\/11\/15\/abinader-entrega-nuevo-polideportivo-isabelita-prof-virgilio-frias\/","url_meta":{"origin":129052,"position":4},"title":"Abinader entrega nuevo Polideportivo Isabelita, Prof. Virgilio Fr\u00edas","author":"Nelson Feliz","date":"15 de noviembre de 2025","format":false,"excerpt":"Tambi\u00e9n inaugura Estaci\u00f3n Policial Los Mina Viejo, donde el director de la Polic\u00eda, dice que esta obra es una muestra del compromiso del presidente Abinader con la sociedad Dominicana de transformar la uniformada y dignificar la carrera policial. El presidente Luis Abinader entreg\u00f3 este s\u00e1bado el nuevo Polideportivo Isabelita, Prof.\u2026","rel":"","context":"En \u00abECONOM\u00cdA\u00bb","block_context":{"text":"ECONOM\u00cdA","link":"https:\/\/lasprimeras.com.do\/index.php\/category\/economia\/"},"img":{"alt_text":"","src":"https:\/\/i0.wp.com\/lasprimeras.com.do\/wp-content\/uploads\/2025\/11\/abinader-poli.jpg?resize=350%2C200&ssl=1","width":350,"height":200,"srcset":"https:\/\/i0.wp.com\/lasprimeras.com.do\/wp-content\/uploads\/2025\/11\/abinader-poli.jpg?resize=350%2C200&ssl=1 1x, https:\/\/i0.wp.com\/lasprimeras.com.do\/wp-content\/uploads\/2025\/11\/abinader-poli.jpg?resize=525%2C300&ssl=1 1.5x, https:\/\/i0.wp.com\/lasprimeras.com.do\/wp-content\/uploads\/2025\/11\/abinader-poli.jpg?resize=700%2C400&ssl=1 2x"},"classes":[]},{"id":123276,"url":"https:\/\/lasprimeras.com.do\/index.php\/2026\/02\/27\/abinader-presenta-inversion-historica-y-mayor-descentralizacion-de-obras-publicas-en-la-rendicion-de-cuentas\/","url_meta":{"origin":129052,"position":5},"title":"Abinader presenta inversi\u00f3n hist\u00f3rica y mayor descentralizaci\u00f3n de obras p\u00fablicas en la Rendici\u00f3n de Cuentas","author":"Nelson Feliz","date":"27 de febrero de 2026","format":false,"excerpt":"Con RD$47,290 millones ejecutados en 2025 y m\u00e1s de mil obras en todo el territorio, Gobierno impulsa la transformaci\u00f3n estructural del pa\u00eds, llevando inversi\u00f3n r\u00e9cord a cada provincia y convirtiendo a Pedernales en el mayor polo de desarrollo fuera de Santo Domingo. El presidente Luis Abinader afirm\u00f3 que la Rep\u00fablica\u2026","rel":"","context":"En \u00abECONOM\u00cdA\u00bb","block_context":{"text":"ECONOM\u00cdA","link":"https:\/\/lasprimeras.com.do\/index.php\/category\/economia\/"},"img":{"alt_text":"Rendici\u00f3n de Cuentas","src":"https:\/\/i0.wp.com\/lasprimeras.com.do\/wp-content\/uploads\/2026\/02\/Rendicion-de-Cuentas.jpg?resize=350%2C200&ssl=1","width":350,"height":200,"srcset":"https:\/\/i0.wp.com\/lasprimeras.com.do\/wp-content\/uploads\/2026\/02\/Rendicion-de-Cuentas.jpg?resize=350%2C200&ssl=1 1x, https:\/\/i0.wp.com\/lasprimeras.com.do\/wp-content\/uploads\/2026\/02\/Rendicion-de-Cuentas.jpg?resize=525%2C300&ssl=1 1.5x, https:\/\/i0.wp.com\/lasprimeras.com.do\/wp-content\/uploads\/2026\/02\/Rendicion-de-Cuentas.jpg?resize=700%2C400&ssl=1 2x"},"classes":[]}],"jetpack_sharing_enabled":true,"_links":{"self":[{"href":"https:\/\/lasprimeras.com.do\/index.php\/wp-json\/wp\/v2\/posts\/129052","targetHints":{"allow":["GET"]}}],"collection":[{"href":"https:\/\/lasprimeras.com.do\/index.php\/wp-json\/wp\/v2\/posts"}],"about":[{"href":"https:\/\/lasprimeras.com.do\/index.php\/wp-json\/wp\/v2\/types\/post"}],"author":[{"embeddable":true,"href":"https:\/\/lasprimeras.com.do\/index.php\/wp-json\/wp\/v2\/users\/10"}],"replies":[{"embeddable":true,"href":"https:\/\/lasprimeras.com.do\/index.php\/wp-json\/wp\/v2\/comments?post=129052"}],"version-history":[{"count":1,"href":"https:\/\/lasprimeras.com.do\/index.php\/wp-json\/wp\/v2\/posts\/129052\/revisions"}],"predecessor-version":[{"id":129055,"href":"https:\/\/lasprimeras.com.do\/index.php\/wp-json\/wp\/v2\/posts\/129052\/revisions\/129055"}],"wp:featuredmedia":[{"embeddable":true,"href":"https:\/\/lasprimeras.com.do\/index.php\/wp-json\/wp\/v2\/media\/129054"}],"wp:attachment":[{"href":"https:\/\/lasprimeras.com.do\/index.php\/wp-json\/wp\/v2\/media?parent=129052"}],"wp:term":[{"taxonomy":"category","embeddable":true,"href":"https:\/\/lasprimeras.com.do\/index.php\/wp-json\/wp\/v2\/categories?post=129052"},{"taxonomy":"post_tag","embeddable":true,"href":"https:\/\/lasprimeras.com.do\/index.php\/wp-json\/wp\/v2\/tags?post=129052"}],"curies":[{"name":"wp","href":"https:\/\/api.w.org\/{rel}","templated":true}]}}