{"id":129060,"date":"2026-04-29T08:46:28","date_gmt":"2026-04-29T12:46:28","guid":{"rendered":"https:\/\/lasprimeras.com.do\/?p=129060"},"modified":"2026-04-29T08:46:31","modified_gmt":"2026-04-29T12:46:31","slug":"direccion-general-de-la-pn-ordena-investigacion-sobre-actuacion-policial","status":"publish","type":"post","link":"https:\/\/lasprimeras.com.do\/index.php\/2026\/04\/29\/direccion-general-de-la-pn-ordena-investigacion-sobre-actuacion-policial\/","title":{"rendered":"Direcci\u00f3n General de la PN ordena investigaci\u00f3n sobre actuaci\u00f3n policial"},"content":{"rendered":"\n<p>La Direcci\u00f3n General de la Polic\u00eda Nacional dispuso que los organismos de control interno profundicen las investigaciones en torno a un incidente en el que un agente de la instituci\u00f3n fue captado en un fragmento de video casero accionando su arma de reglamento contra un pr\u00f3fugo de la justicia de nacionalidad haitiana, en circunstancias en que su vida no se encontraba en peligro.<\/p>\n\n\n\n<p>El agente policial, cuyo nombre se mantiene bajo reserva para no entorpecer el proceso investigativo, formaba parte de una patrulla que daba seguimiento a varias \u00f3rdenes de arresto contra el ciudadano haitiano Jefferson Voicy Lamy, alias \u201cJenson\u201d y\/o \u201cYeison\u201d.<\/p>\n\n\n\n<p>De acuerdo con el informe preliminar, los agentes hicieron contacto con el hoy occiso en el sector Las Cinco Casitas, de la comunidad Hato Nuevo de Manoguayabo, municipio Santo Domingo Oeste, donde se produjo un incidente violento que no qued\u00f3 captado en c\u00e1mara y que actualmente se encuentra bajo investigaci\u00f3n.<\/p>\n\n\n\n<p>El extranjero result\u00f3 herido durante el hecho y posteriormente falleci\u00f3.<\/p>\n\n\n\n<p>En la escena fueron ocupados un arma de fuego y seis casquillos calibre 9 mil\u00edmetros, los cuales forman parte del proceso de levantamiento y an\u00e1lisis correspondiente.<\/p>\n\n\n\n<p><em>Antecedentes y \u00f3rdenes de arresto<\/em><\/p>\n\n\n\n<p>Contra Jefferson Voicy Lamy pesaban cuatro \u00f3rdenes de arresto por distintos hechos delictivos:<\/p>\n\n\n\n<p>Orden No. 2024-TAUT-03808, en perjuicio de Carlos Manuel Felipe Mart\u00ednez, de fecha 12-10-2024.<\/p>\n\n\n\n<p>Orden No. 2025-TAUT-00191, en perjuicio de Daniel N\u00fa\u00f1ez Beltre y Agust\u00edn Ram\u00edrez Nina, de fecha 13-01-2025.<\/p>\n\n\n\n<p>Orden No. 2025-TAUT-00179, en perjuicio de Newman Charles Wilson Rodr\u00edguez, de fecha 08-01-2025.<\/p>\n\n\n\n<p>Orden No. 2025-TAUT-09408, en perjuicio de Jorge Luis S\u00e1nchez Puello, de fecha 20-01-2025.<\/p>\n\n\n\n<p>El reporte preliminar indica que, al notar la presencia policial, el individuo habr\u00eda emprendido a tiros contra la patrulla con un arma de fuego de ca\u00f1\u00f3n corto, la cual portaba sin documentaci\u00f3n, vi\u00e9ndose los agentes en la necesidad de repeler la agresi\u00f3n.<\/p>\n\n\n\n<p><em>Compromiso institucional<\/em><\/p>\n\n\n\n<p>La Polic\u00eda Nacional reitera de manera categ\u00f3rica que no tolerar\u00e1 actuaciones policiales al margen de la ley ni de los protocolos establecidos, y que cualquier conducta indebida ser\u00e1 investigada y sancionada con firmeza, sin importar el rango o funci\u00f3n del agente involucrado.<\/p>\n\n\n\n<p>Asimismo, asegur\u00f3 que los resultados de la investigaci\u00f3n ser\u00e1n dados a conocer oportunamente, conforme avancen los procesos correspondientes.<\/p>\n","protected":false},"excerpt":{"rendered":"<p>La Direcci\u00f3n General de la Polic\u00eda Nacional dispuso que los organismos de control interno profundicen las investigaciones en torno a un incidente en el que un agente de la instituci\u00f3n&hellip;<\/p>\n","protected":false},"author":10,"featured_media":129061,"comment_status":"open","ping_status":"open","sticky":false,"template":"","format":"standard","meta":{"content-type":"","jetpack_post_was_ever_published":false,"_jetpack_newsletter_access":"","_jetpack_dont_email_post_to_subs":false,"_jetpack_newsletter_tier_id":0,"_jetpack_memberships_contains_paywalled_content":false,"_jetpack_memberships_contains_paid_content":false,"footnotes":""},"categories":[3057],"tags":[477],"class_list":["post-129060","post","type-post","status-publish","format-standard","has-post-thumbnail","hentry","category-militares","tag-pn"],"jetpack_featured_media_url":"https:\/\/lasprimeras.com.do\/wp-content\/uploads\/2026\/04\/IMG-20260428-WA0797.jpg","jetpack-related-posts":[{"id":70380,"url":"https:\/\/lasprimeras.com.do\/index.php\/2023\/12\/11\/pn-ordena-investigar-incidente-ocurrido-con-dos-hombres-que-agredieron-medico-en-bonao\/","url_meta":{"origin":129060,"position":0},"title":"PN ordena investigar incidente ocurrido con dos hombres que agredieron m\u00e9dico en Bonao","author":"Nelson Feliz","date":"11 de diciembre de 2023","format":false,"excerpt":"Por Roberto P\u00e9rez La Direcci\u00f3n General de la Polic\u00eda Nacional dispuso una exhaustiva investigaci\u00f3n con relaci\u00f3n a un incidente ocurrido entre agentes policiales y dos hombres se\u00f1alados como los que agredieron a un m\u00e9dico que labora dentro del Hospital Dr. Pedro Emilio de Marchena, ubicado en el municipio de Bonao,\u2026","rel":"","context":"En \u00abMILITARES\u00bb","block_context":{"text":"MILITARES","link":"https:\/\/lasprimeras.com.do\/index.php\/category\/militares\/"},"img":{"alt_text":"","src":"https:\/\/i0.wp.com\/lasprimeras.com.do\/wp-content\/uploads\/2023\/12\/image.png?resize=350%2C200&ssl=1","width":350,"height":200},"classes":[]},{"id":77744,"url":"https:\/\/lasprimeras.com.do\/index.php\/2024\/02\/24\/policia-mata-presunto-delincuente-en-guachupita\/","url_meta":{"origin":129060,"position":1},"title":"Polic\u00eda mata presunto delincuente en Guachupita","author":"Nelson Feliz","date":"24 de febrero de 2024","format":false,"excerpt":"PN investiga hecho en que hombre resulta muerto en medio de fuego cruzado entre agentes policiales y presunto delincuente. La Direcci\u00f3n General de la Polic\u00eda Nacional investigaci\u00f3n las circunstancias en que un hombre perdi\u00f3 la vida, tras sufrir herida de bala en medio de un fuego cruzado entre agentes policiales\u2026","rel":"","context":"En \u00abMILITARES\u00bb","block_context":{"text":"MILITARES","link":"https:\/\/lasprimeras.com.do\/index.php\/category\/militares\/"},"img":{"alt_text":"Patrulla PN","src":"https:\/\/i0.wp.com\/lasprimeras.com.do\/wp-content\/uploads\/2024\/02\/Patrulla-PN.jpg?resize=350%2C200&ssl=1","width":350,"height":200,"srcset":"https:\/\/i0.wp.com\/lasprimeras.com.do\/wp-content\/uploads\/2024\/02\/Patrulla-PN.jpg?resize=350%2C200&ssl=1 1x, https:\/\/i0.wp.com\/lasprimeras.com.do\/wp-content\/uploads\/2024\/02\/Patrulla-PN.jpg?resize=525%2C300&ssl=1 1.5x, https:\/\/i0.wp.com\/lasprimeras.com.do\/wp-content\/uploads\/2024\/02\/Patrulla-PN.jpg?resize=700%2C400&ssl=1 2x"},"classes":[]},{"id":102716,"url":"https:\/\/lasprimeras.com.do\/index.php\/2025\/07\/07\/pn-despliega-2436-nuevos-agentes-para-pasantias-en-las-direcciones-regionales\/","url_meta":{"origin":129060,"position":2},"title":"PN despliega 2,436 nuevos agentes para pasant\u00edas en las direcciones regionales","author":"Nelson Feliz","date":"7 de julio de 2025","format":false,"excerpt":"La Polic\u00eda Nacional, en su firme compromiso con el fortalecimiento de la seguridad ciudadana, distribuy\u00f3 este lunes un total de 2,436 j\u00f3venes aspirantes a rasos policiales que iniciar\u00e1n su etapa de pasant\u00eda guiada en las 19 direcciones regionales del pa\u00eds. Estos nuevos miembros de la instituci\u00f3n pasar\u00e1n un tiempo asignados\u2026","rel":"","context":"En \u00abMILITARES\u00bb","block_context":{"text":"MILITARES","link":"https:\/\/lasprimeras.com.do\/index.php\/category\/militares\/"},"img":{"alt_text":"","src":"https:\/\/i0.wp.com\/lasprimeras.com.do\/wp-content\/uploads\/2025\/07\/PN.jpg?resize=350%2C200&ssl=1","width":350,"height":200,"srcset":"https:\/\/i0.wp.com\/lasprimeras.com.do\/wp-content\/uploads\/2025\/07\/PN.jpg?resize=350%2C200&ssl=1 1x, https:\/\/i0.wp.com\/lasprimeras.com.do\/wp-content\/uploads\/2025\/07\/PN.jpg?resize=525%2C300&ssl=1 1.5x, https:\/\/i0.wp.com\/lasprimeras.com.do\/wp-content\/uploads\/2025\/07\/PN.jpg?resize=700%2C400&ssl=1 2x"},"classes":[]},{"id":96997,"url":"https:\/\/lasprimeras.com.do\/index.php\/2025\/04\/13\/suspenden-agentes-de-la-pn-tras-fuga-de-detenido-en-jarabacoa\/","url_meta":{"origin":129060,"position":3},"title":"Suspenden agentes de la PN tras fuga de detenido en Jarabacoa","author":"Nelson Feliz","date":"13 de abril de 2025","format":false,"excerpt":"La Polic\u00eda Nacional suspendi\u00f3 de todo el personal que estuvo de servicio entre la medianoche del viernes 11 y la 5:00 de la madrugada de este s\u00e1bado 12 de abril en el Departamento Operativo I del municipio Jarabacoa, provincia La Vega, tras la fuga de un hombre que hab\u00eda sido\u2026","rel":"","context":"En \u00abMILITARES\u00bb","block_context":{"text":"MILITARES","link":"https:\/\/lasprimeras.com.do\/index.php\/category\/militares\/"},"img":{"alt_text":"","src":"https:\/\/i0.wp.com\/lasprimeras.com.do\/wp-content\/uploads\/2024\/11\/POLICIAS.jpg?resize=350%2C200&ssl=1","width":350,"height":200,"srcset":"https:\/\/i0.wp.com\/lasprimeras.com.do\/wp-content\/uploads\/2024\/11\/POLICIAS.jpg?resize=350%2C200&ssl=1 1x, https:\/\/i0.wp.com\/lasprimeras.com.do\/wp-content\/uploads\/2024\/11\/POLICIAS.jpg?resize=525%2C300&ssl=1 1.5x, https:\/\/i0.wp.com\/lasprimeras.com.do\/wp-content\/uploads\/2024\/11\/POLICIAS.jpg?resize=700%2C400&ssl=1 2x"},"classes":[]},{"id":78133,"url":"https:\/\/lasprimeras.com.do\/index.php\/2024\/02\/28\/director-general-pn-felicita-a-sus-agentes-por-su-loable-desempeno-en-el-desfile-y-por-los-ascensos\/","url_meta":{"origin":129060,"position":4},"title":"Director general PN felicita a sus agentes por su loable desempe\u00f1o en el desfile y por los ascensos","author":"BIMARY DE JES\u00daS Matos","date":"28 de febrero de 2024","format":false,"excerpt":"Martin Restituyo Santo Domingo.-El director general de la Polic\u00eda Nacional, mayor general Ram\u00f3n Antonio Guzm\u00e1n Peralta, junto a la plana mayor de la instituci\u00f3n del orden, felicit\u00f3 a los 7,800 agentes ascendidos por el presidente Luis Abinader, y por el \u00e9xito obtenido en el desarrollo del tradicional desfile Militar y\u2026","rel":"","context":"En \u00abNACIONALES\u00bb","block_context":{"text":"NACIONALES","link":"https:\/\/lasprimeras.com.do\/index.php\/category\/nacionales\/"},"img":{"alt_text":"","src":"https:\/\/i0.wp.com\/lasprimeras.com.do\/wp-content\/uploads\/2024\/02\/IMG-20240228-WA0062.jpg?resize=350%2C200&ssl=1","width":350,"height":200,"srcset":"https:\/\/i0.wp.com\/lasprimeras.com.do\/wp-content\/uploads\/2024\/02\/IMG-20240228-WA0062.jpg?resize=350%2C200&ssl=1 1x, https:\/\/i0.wp.com\/lasprimeras.com.do\/wp-content\/uploads\/2024\/02\/IMG-20240228-WA0062.jpg?resize=525%2C300&ssl=1 1.5x, https:\/\/i0.wp.com\/lasprimeras.com.do\/wp-content\/uploads\/2024\/02\/IMG-20240228-WA0062.jpg?resize=700%2C400&ssl=1 2x, https:\/\/i0.wp.com\/lasprimeras.com.do\/wp-content\/uploads\/2024\/02\/IMG-20240228-WA0062.jpg?resize=1050%2C600&ssl=1 3x"},"classes":[]},{"id":82937,"url":"https:\/\/lasprimeras.com.do\/index.php\/2024\/05\/09\/direccion-general-pn-pone-a-disposicion-codigo-qr-para-que-agentes-conozcan-su-lugar-de-servicio-durante-elecciones\/","url_meta":{"origin":129060,"position":5},"title":"Direcci\u00f3n General PN pone a disposici\u00f3n c\u00f3digo QR para que agentes conozcan su lugar de servicio durante elecciones","author":"BIMARY DE JES\u00daS Matos","date":"9 de mayo de 2024","format":false,"excerpt":"RD.-La Direcci\u00f3n General de la Polic\u00eda Nacional, a trav\u00e9s de su Direcci\u00f3n Central de Recursos Humanos, ha implementado una innovadora herramienta para facilitar la labor de los agentes de la instituci\u00f3n durante los pr\u00f3ximos comicios presidenciales y congresuales. Se trata de un c\u00f3digo QR que cada agente podr\u00e1 escanear para\u2026","rel":"","context":"En \u00abPORTADA\u00bb","block_context":{"text":"PORTADA","link":"https:\/\/lasprimeras.com.do\/index.php\/category\/portada\/"},"img":{"alt_text":"","src":"https:\/\/i0.wp.com\/lasprimeras.com.do\/wp-content\/uploads\/2024\/05\/IMG-20240509-WA0034.jpg?resize=350%2C200&ssl=1","width":350,"height":200,"srcset":"https:\/\/i0.wp.com\/lasprimeras.com.do\/wp-content\/uploads\/2024\/05\/IMG-20240509-WA0034.jpg?resize=350%2C200&ssl=1 1x, https:\/\/i0.wp.com\/lasprimeras.com.do\/wp-content\/uploads\/2024\/05\/IMG-20240509-WA0034.jpg?resize=525%2C300&ssl=1 1.5x, https:\/\/i0.wp.com\/lasprimeras.com.do\/wp-content\/uploads\/2024\/05\/IMG-20240509-WA0034.jpg?resize=700%2C400&ssl=1 2x"},"classes":[]}],"jetpack_sharing_enabled":true,"_links":{"self":[{"href":"https:\/\/lasprimeras.com.do\/index.php\/wp-json\/wp\/v2\/posts\/129060","targetHints":{"allow":["GET"]}}],"collection":[{"href":"https:\/\/lasprimeras.com.do\/index.php\/wp-json\/wp\/v2\/posts"}],"about":[{"href":"https:\/\/lasprimeras.com.do\/index.php\/wp-json\/wp\/v2\/types\/post"}],"author":[{"embeddable":true,"href":"https:\/\/lasprimeras.com.do\/index.php\/wp-json\/wp\/v2\/users\/10"}],"replies":[{"embeddable":true,"href":"https:\/\/lasprimeras.com.do\/index.php\/wp-json\/wp\/v2\/comments?post=129060"}],"version-history":[{"count":1,"href":"https:\/\/lasprimeras.com.do\/index.php\/wp-json\/wp\/v2\/posts\/129060\/revisions"}],"predecessor-version":[{"id":129062,"href":"https:\/\/lasprimeras.com.do\/index.php\/wp-json\/wp\/v2\/posts\/129060\/revisions\/129062"}],"wp:featuredmedia":[{"embeddable":true,"href":"https:\/\/lasprimeras.com.do\/index.php\/wp-json\/wp\/v2\/media\/129061"}],"wp:attachment":[{"href":"https:\/\/lasprimeras.com.do\/index.php\/wp-json\/wp\/v2\/media?parent=129060"}],"wp:term":[{"taxonomy":"category","embeddable":true,"href":"https:\/\/lasprimeras.com.do\/index.php\/wp-json\/wp\/v2\/categories?post=129060"},{"taxonomy":"post_tag","embeddable":true,"href":"https:\/\/lasprimeras.com.do\/index.php\/wp-json\/wp\/v2\/tags?post=129060"}],"curies":[{"name":"wp","href":"https:\/\/api.w.org\/{rel}","templated":true}]}}